{"id":8138,"date":"2026-04-21T10:04:53","date_gmt":"2026-04-21T10:04:53","guid":{"rendered":"https:\/\/cronicahd.ro\/?p=8138"},"modified":"2026-04-21T10:04:53","modified_gmt":"2026-04-21T10:04:53","slug":"sofer-fara-permis-retinut-de-politistii-din-hunedoara-dupa-un-control-in-trafic","status":"publish","type":"post","link":"https:\/\/cronicahd.ro\/?p=8138","title":{"rendered":"\u0218ofer f\u0103r\u0103 permis, re\u021binut de poli\u021bi\u0219tii din Hunedoara dup\u0103 un control \u00een trafic"},"content":{"rendered":"<p>Un t\u00e2n\u0103r de 26 de ani din municipiul Hunedoara a fost re\u021binut de poli\u021bi\u0219ti, dup\u0103 ce a fost depistat conduc\u00e2nd un autoturism f\u0103r\u0103 a de\u021bine permis de conducere, de\u0219i avea antecedente pentru aceea\u0219i infrac\u021biune.<\/p>\n<p>Incidentul a avut loc \u00een seara zilei de 20 aprilie, \u00een jurul orei 20:31, c\u00e2nd o patrul\u0103 de ordine public\u0103 din cadrul Poli\u021biei Municipiului Hunedoara a oprit pentru control un autoturism care circula pe bulevardul Traian.<\/p>\n<p>\u00cen urma verific\u0103rilor efectuate \u00een bazele de date, oamenii legii au constatat c\u0103 t\u00e2n\u0103rul nu posed\u0103 permis de conducere pentru nicio categorie de vehicule. Mai mult, acesta figura deja cu antecedente penale, fiind anterior condamnat pentru conducere f\u0103r\u0103 permis, cu am\u00e2narea execut\u0103rii pedepsei.<\/p>\n<p>Pe numele b\u0103rbatului a fost \u00eentocmit un nou dosar penal, iar \u00een baza probatoriului administrat, poli\u021bi\u0219tii au dispus re\u021binerea sa pentru 24 de ore.<\/p>\n<p>Acesta urmeaz\u0103 s\u0103 fie prezentat unit\u0103\u021bii de parchet competente, cu propuneri legale.<\/p>\n<p>&nbsp;<\/p>\n","protected":false},"excerpt":{"rendered":"<p>Un t\u00e2n\u0103r de 26 de ani din municipiul Hunedoara a fost re\u021binut de poli\u021bi\u0219ti, dup\u0103&#8230;<\/p>\n","protected":false},"author":1,"featured_media":8139,"comment_status":"closed","ping_status":"closed","sticky":false,"template":"","format":"standard","meta":{"footnotes":""},"categories":[1,15],"tags":[],"class_list":["post-8138","post","type-post","status-publish","format-standard","has-post-thumbnail","hentry","category-actual","category-eveniment"],"yoast_head":"<!-- This site is optimized with the Yoast SEO plugin v25.3.1 - https:\/\/yoast.com\/wordpress\/plugins\/seo\/ -->\n<title>\u0218ofer f\u0103r\u0103 permis, re\u021binut de poli\u021bi\u0219tii din Hunedoara dup\u0103 un control \u00een trafic -<\/title>\n<meta name=\"robots\" content=\"index, follow, max-snippet:-1, max-image-preview:large, max-video-preview:-1\" \/>\n<link rel=\"canonical\" href=\"https:\/\/cronicahd.ro\/?p=8138\" \/>\n<meta property=\"og:locale\" content=\"ro_RO\" \/>\n<meta property=\"og:type\" content=\"article\" \/>\n<meta property=\"og:title\" content=\"\u0218ofer f\u0103r\u0103 permis, re\u021binut de poli\u021bi\u0219tii din Hunedoara dup\u0103 un control \u00een trafic -\" \/>\n<meta property=\"og:description\" content=\"Un t\u00e2n\u0103r de 26 de ani din municipiul Hunedoara a fost re\u021binut de poli\u021bi\u0219ti, dup\u0103...\" \/>\n<meta property=\"og:url\" content=\"https:\/\/cronicahd.ro\/?p=8138\" \/>\n<meta property=\"article:published_time\" content=\"2026-04-21T10:04:53+00:00\" \/>\n<meta property=\"og:image\" content=\"https:\/\/cronicahd.ro\/wp-content\/uploads\/2026\/04\/IMG_6703.jpeg\" \/>\n\t<meta property=\"og:image:width\" content=\"1125\" \/>\n\t<meta property=\"og:image:height\" content=\"1615\" \/>\n\t<meta property=\"og:image:type\" content=\"image\/jpeg\" \/>\n<meta name=\"author\" content=\"admin\" \/>\n<meta name=\"twitter:card\" content=\"summary_large_image\" \/>\n<meta name=\"twitter:label1\" content=\"Scris de\" \/>\n\t<meta name=\"twitter:data1\" content=\"admin\" \/>\n\t<meta name=\"twitter:label2\" content=\"Timp estimat pentru citire\" \/>\n\t<meta name=\"twitter:data2\" content=\"2 minute\" \/>\n<script type=\"application\/ld+json\" class=\"yoast-schema-graph\">{\"@context\":\"https:\/\/schema.org\",\"@graph\":[{\"@type\":\"WebPage\",\"@id\":\"https:\/\/cronicahd.ro\/?p=8138\",\"url\":\"https:\/\/cronicahd.ro\/?p=8138\",\"name\":\"\u0218ofer f\u0103r\u0103 permis, re\u021binut de poli\u021bi\u0219tii din Hunedoara dup\u0103 un control \u00een trafic -\",\"isPartOf\":{\"@id\":\"https:\/\/cronicahd.ro\/#website\"},\"primaryImageOfPage\":{\"@id\":\"https:\/\/cronicahd.ro\/?p=8138#primaryimage\"},\"image\":{\"@id\":\"https:\/\/cronicahd.ro\/?p=8138#primaryimage\"},\"thumbnailUrl\":\"https:\/\/cronicahd.ro\/wp-content\/uploads\/2026\/04\/IMG_6703.jpeg\",\"datePublished\":\"2026-04-21T10:04:53+00:00\",\"author\":{\"@id\":\"https:\/\/cronicahd.ro\/#\/schema\/person\/d1a1277a8cd166610328e17aaf58bf46\"},\"breadcrumb\":{\"@id\":\"https:\/\/cronicahd.ro\/?p=8138#breadcrumb\"},\"inLanguage\":\"ro-RO\",\"potentialAction\":[{\"@type\":\"ReadAction\",\"target\":[\"https:\/\/cronicahd.ro\/?p=8138\"]}]},{\"@type\":\"ImageObject\",\"inLanguage\":\"ro-RO\",\"@id\":\"https:\/\/cronicahd.ro\/?p=8138#primaryimage\",\"url\":\"https:\/\/cronicahd.ro\/wp-content\/uploads\/2026\/04\/IMG_6703.jpeg\",\"contentUrl\":\"https:\/\/cronicahd.ro\/wp-content\/uploads\/2026\/04\/IMG_6703.jpeg\",\"width\":1125,\"height\":1615,\"caption\":\"Screenshot\"},{\"@type\":\"BreadcrumbList\",\"@id\":\"https:\/\/cronicahd.ro\/?p=8138#breadcrumb\",\"itemListElement\":[{\"@type\":\"ListItem\",\"position\":1,\"name\":\"Prima pagin\u0103\",\"item\":\"https:\/\/cronicahd.ro\/\"},{\"@type\":\"ListItem\",\"position\":2,\"name\":\"\u0218ofer f\u0103r\u0103 permis, re\u021binut de poli\u021bi\u0219tii din Hunedoara dup\u0103 un control \u00een trafic\"}]},{\"@type\":\"WebSite\",\"@id\":\"https:\/\/cronicahd.ro\/#website\",\"url\":\"https:\/\/cronicahd.ro\/\",\"name\":\"\",\"description\":\"\",\"potentialAction\":[{\"@type\":\"SearchAction\",\"target\":{\"@type\":\"EntryPoint\",\"urlTemplate\":\"https:\/\/cronicahd.ro\/?s={search_term_string}\"},\"query-input\":{\"@type\":\"PropertyValueSpecification\",\"valueRequired\":true,\"valueName\":\"search_term_string\"}}],\"inLanguage\":\"ro-RO\"},{\"@type\":\"Person\",\"@id\":\"https:\/\/cronicahd.ro\/#\/schema\/person\/d1a1277a8cd166610328e17aaf58bf46\",\"name\":\"admin\",\"image\":{\"@type\":\"ImageObject\",\"inLanguage\":\"ro-RO\",\"@id\":\"https:\/\/cronicahd.ro\/#\/schema\/person\/image\/\",\"url\":\"https:\/\/secure.gravatar.com\/avatar\/24700337280d10898c2e0d19d44a05316bff9fccc941ecc5570ffe41668203f7?s=96&d=mm&r=g\",\"contentUrl\":\"https:\/\/secure.gravatar.com\/avatar\/24700337280d10898c2e0d19d44a05316bff9fccc941ecc5570ffe41668203f7?s=96&d=mm&r=g\",\"caption\":\"admin\"},\"sameAs\":[\"https:\/\/cronicavj.ro\"],\"url\":\"https:\/\/cronicahd.ro\/?author=1\"}]}<\/script>\n<!-- \/ Yoast SEO plugin. -->","yoast_head_json":{"title":"\u0218ofer f\u0103r\u0103 permis, re\u021binut de poli\u021bi\u0219tii din Hunedoara dup\u0103 un control \u00een trafic -","robots":{"index":"index","follow":"follow","max-snippet":"max-snippet:-1","max-image-preview":"max-image-preview:large","max-video-preview":"max-video-preview:-1"},"canonical":"https:\/\/cronicahd.ro\/?p=8138","og_locale":"ro_RO","og_type":"article","og_title":"\u0218ofer f\u0103r\u0103 permis, re\u021binut de poli\u021bi\u0219tii din Hunedoara dup\u0103 un control \u00een trafic -","og_description":"Un t\u00e2n\u0103r de 26 de ani din municipiul Hunedoara a fost re\u021binut de poli\u021bi\u0219ti, dup\u0103...","og_url":"https:\/\/cronicahd.ro\/?p=8138","article_published_time":"2026-04-21T10:04:53+00:00","og_image":[{"width":1125,"height":1615,"url":"https:\/\/cronicahd.ro\/wp-content\/uploads\/2026\/04\/IMG_6703.jpeg","type":"image\/jpeg"}],"author":"admin","twitter_card":"summary_large_image","twitter_misc":{"Scris de":"admin","Timp estimat pentru citire":"2 minute"},"schema":{"@context":"https:\/\/schema.org","@graph":[{"@type":"WebPage","@id":"https:\/\/cronicahd.ro\/?p=8138","url":"https:\/\/cronicahd.ro\/?p=8138","name":"\u0218ofer f\u0103r\u0103 permis, re\u021binut de poli\u021bi\u0219tii din Hunedoara dup\u0103 un control \u00een trafic -","isPartOf":{"@id":"https:\/\/cronicahd.ro\/#website"},"primaryImageOfPage":{"@id":"https:\/\/cronicahd.ro\/?p=8138#primaryimage"},"image":{"@id":"https:\/\/cronicahd.ro\/?p=8138#primaryimage"},"thumbnailUrl":"https:\/\/cronicahd.ro\/wp-content\/uploads\/2026\/04\/IMG_6703.jpeg","datePublished":"2026-04-21T10:04:53+00:00","author":{"@id":"https:\/\/cronicahd.ro\/#\/schema\/person\/d1a1277a8cd166610328e17aaf58bf46"},"breadcrumb":{"@id":"https:\/\/cronicahd.ro\/?p=8138#breadcrumb"},"inLanguage":"ro-RO","potentialAction":[{"@type":"ReadAction","target":["https:\/\/cronicahd.ro\/?p=8138"]}]},{"@type":"ImageObject","inLanguage":"ro-RO","@id":"https:\/\/cronicahd.ro\/?p=8138#primaryimage","url":"https:\/\/cronicahd.ro\/wp-content\/uploads\/2026\/04\/IMG_6703.jpeg","contentUrl":"https:\/\/cronicahd.ro\/wp-content\/uploads\/2026\/04\/IMG_6703.jpeg","width":1125,"height":1615,"caption":"Screenshot"},{"@type":"BreadcrumbList","@id":"https:\/\/cronicahd.ro\/?p=8138#breadcrumb","itemListElement":[{"@type":"ListItem","position":1,"name":"Prima pagin\u0103","item":"https:\/\/cronicahd.ro\/"},{"@type":"ListItem","position":2,"name":"\u0218ofer f\u0103r\u0103 permis, re\u021binut de poli\u021bi\u0219tii din Hunedoara dup\u0103 un control \u00een trafic"}]},{"@type":"WebSite","@id":"https:\/\/cronicahd.ro\/#website","url":"https:\/\/cronicahd.ro\/","name":"","description":"","potentialAction":[{"@type":"SearchAction","target":{"@type":"EntryPoint","urlTemplate":"https:\/\/cronicahd.ro\/?s={search_term_string}"},"query-input":{"@type":"PropertyValueSpecification","valueRequired":true,"valueName":"search_term_string"}}],"inLanguage":"ro-RO"},{"@type":"Person","@id":"https:\/\/cronicahd.ro\/#\/schema\/person\/d1a1277a8cd166610328e17aaf58bf46","name":"admin","image":{"@type":"ImageObject","inLanguage":"ro-RO","@id":"https:\/\/cronicahd.ro\/#\/schema\/person\/image\/","url":"https:\/\/secure.gravatar.com\/avatar\/24700337280d10898c2e0d19d44a05316bff9fccc941ecc5570ffe41668203f7?s=96&d=mm&r=g","contentUrl":"https:\/\/secure.gravatar.com\/avatar\/24700337280d10898c2e0d19d44a05316bff9fccc941ecc5570ffe41668203f7?s=96&d=mm&r=g","caption":"admin"},"sameAs":["https:\/\/cronicavj.ro"],"url":"https:\/\/cronicahd.ro\/?author=1"}]}},"_links":{"self":[{"href":"https:\/\/cronicahd.ro\/index.php?rest_route=\/wp\/v2\/posts\/8138","targetHints":{"allow":["GET"]}}],"collection":[{"href":"https:\/\/cronicahd.ro\/index.php?rest_route=\/wp\/v2\/posts"}],"about":[{"href":"https:\/\/cronicahd.ro\/index.php?rest_route=\/wp\/v2\/types\/post"}],"author":[{"embeddable":true,"href":"https:\/\/cronicahd.ro\/index.php?rest_route=\/wp\/v2\/users\/1"}],"replies":[{"embeddable":true,"href":"https:\/\/cronicahd.ro\/index.php?rest_route=%2Fwp%2Fv2%2Fcomments&post=8138"}],"version-history":[{"count":1,"href":"https:\/\/cronicahd.ro\/index.php?rest_route=\/wp\/v2\/posts\/8138\/revisions"}],"predecessor-version":[{"id":8140,"href":"https:\/\/cronicahd.ro\/index.php?rest_route=\/wp\/v2\/posts\/8138\/revisions\/8140"}],"wp:featuredmedia":[{"embeddable":true,"href":"https:\/\/cronicahd.ro\/index.php?rest_route=\/wp\/v2\/media\/8139"}],"wp:attachment":[{"href":"https:\/\/cronicahd.ro\/index.php?rest_route=%2Fwp%2Fv2%2Fmedia&parent=8138"}],"wp:term":[{"taxonomy":"category","embeddable":true,"href":"https:\/\/cronicahd.ro\/index.php?rest_route=%2Fwp%2Fv2%2Fcategories&post=8138"},{"taxonomy":"post_tag","embeddable":true,"href":"https:\/\/cronicahd.ro\/index.php?rest_route=%2Fwp%2Fv2%2Ftags&post=8138"}],"curies":[{"name":"wp","href":"https:\/\/api.w.org\/{rel}","templated":true}]}}