{"id":8132,"date":"2026-04-21T08:51:52","date_gmt":"2026-04-21T08:51:52","guid":{"rendered":"https:\/\/cronicahd.ro\/?p=8132"},"modified":"2026-04-21T08:51:52","modified_gmt":"2026-04-21T08:51:52","slug":"inca-o-strada-devine-cu-sens-unic-la-petrosani","status":"publish","type":"post","link":"https:\/\/cronicahd.ro\/?p=8132","title":{"rendered":"\u00cenc\u0103 o strad\u0103 devine cu sens unic la Petro\u0219ani"},"content":{"rendered":"<p class=\"s3\"><span class=\"s2\"><span class=\"bumpedFont15\">Proiectul de mobilitate urban\u0103 a <\/span><\/span><span class=\"s2\"><span class=\"bumpedFont15\">impus o nou\u0103 gestionare a traficului \u0219i \u00een municipiul Petro\u0219ani, iar constructorul spune c\u0103 o alt\u0103 strad\u0103 din Cartierul Aeroport va fi cu sens unic. \u00cen plus, trotuarele sunt reabilitate \u0219i pistele de biciclete vor fi pe strad\u0103. Vorbim despre strada 1 <\/span><\/span><span class=\"s2\"><span class=\"bumpedFont15\">Iunie<\/span><\/span><span class=\"s2\"><span class=\"bumpedFont15\">, o strad\u0103 pe care acum se toarn\u0103 un nou strat de asfalt.<\/span><\/span><\/p>\n<p><img loading=\"lazy\" decoding=\"async\" class=\"alignnone size-full wp-image-8134\" src=\"https:\/\/cronicahd.ro\/wp-content\/uploads\/2026\/04\/att.-8BkofE-SEd-Pp4CJZa_NGNnBhKdNOP5PgTe7t6VBvo.jpeg\" alt=\"\" width=\"2048\" height=\"1536\" srcset=\"https:\/\/cronicahd.ro\/wp-content\/uploads\/2026\/04\/att.-8BkofE-SEd-Pp4CJZa_NGNnBhKdNOP5PgTe7t6VBvo.jpeg 2048w, https:\/\/cronicahd.ro\/wp-content\/uploads\/2026\/04\/att.-8BkofE-SEd-Pp4CJZa_NGNnBhKdNOP5PgTe7t6VBvo-300x225.jpeg 300w, https:\/\/cronicahd.ro\/wp-content\/uploads\/2026\/04\/att.-8BkofE-SEd-Pp4CJZa_NGNnBhKdNOP5PgTe7t6VBvo-1024x768.jpeg 1024w, https:\/\/cronicahd.ro\/wp-content\/uploads\/2026\/04\/att.-8BkofE-SEd-Pp4CJZa_NGNnBhKdNOP5PgTe7t6VBvo-768x576.jpeg 768w, https:\/\/cronicahd.ro\/wp-content\/uploads\/2026\/04\/att.-8BkofE-SEd-Pp4CJZa_NGNnBhKdNOP5PgTe7t6VBvo-1536x1152.jpeg 1536w\" sizes=\"auto, (max-width: 2048px) 100vw, 2048px\" \/><\/p>\n<p class=\"s3\"><span class=\"s2\"><span class=\"bumpedFont15\"> \u201eEste parte din proiectul de mobilitate, cel cu pista de biciclete \u0219i cele dou\u0103 pasarele. Ast\u0103zi, se toarn\u0103 asfalt pe strada 1 Iunie. Va urma \u0219i strada Carpa\u021bi dup\u0103 care, de s\u0103pt\u0103m\u00e2na viitoare vom asfalta trotuarele din Cartierul Aeroport\u201d, a precizat Tiberiu Iacob <\/span><\/span><span class=\"s2\"><span class=\"bumpedFont15\">Ridzi<\/span><\/span><span class=\"s2\"><span class=\"bumpedFont15\">, primarul municipiului Petro\u0219ani.<\/span><\/span><\/p>\n<p><img loading=\"lazy\" decoding=\"async\" class=\"alignnone size-full wp-image-8136\" src=\"https:\/\/cronicahd.ro\/wp-content\/uploads\/2026\/04\/att.pzdU1i7U5Em_30uJw_Nyt0Ta5YBWvPXTfjmaz0FDVfU.jpeg\" alt=\"\" width=\"2048\" height=\"1536\" srcset=\"https:\/\/cronicahd.ro\/wp-content\/uploads\/2026\/04\/att.pzdU1i7U5Em_30uJw_Nyt0Ta5YBWvPXTfjmaz0FDVfU.jpeg 2048w, https:\/\/cronicahd.ro\/wp-content\/uploads\/2026\/04\/att.pzdU1i7U5Em_30uJw_Nyt0Ta5YBWvPXTfjmaz0FDVfU-300x225.jpeg 300w, https:\/\/cronicahd.ro\/wp-content\/uploads\/2026\/04\/att.pzdU1i7U5Em_30uJw_Nyt0Ta5YBWvPXTfjmaz0FDVfU-1024x768.jpeg 1024w, https:\/\/cronicahd.ro\/wp-content\/uploads\/2026\/04\/att.pzdU1i7U5Em_30uJw_Nyt0Ta5YBWvPXTfjmaz0FDVfU-768x576.jpeg 768w, https:\/\/cronicahd.ro\/wp-content\/uploads\/2026\/04\/att.pzdU1i7U5Em_30uJw_Nyt0Ta5YBWvPXTfjmaz0FDVfU-1536x1152.jpeg 1536w\" sizes=\"auto, (max-width: 2048px) 100vw, 2048px\" \/><\/p>\n<p class=\"s3\"><span class=\"s2\"><span class=\"bumpedFont15\">Pistele de biciclete vor fi finalizate \u00een propor\u021bie de 70-80% p\u00e2n\u0103 spre finalul acestui an, mai spune primarul din Petro\u0219ani.<\/span><\/span><\/p>\n<p class=\"s3\"><span class=\"s2\">\u00a0<\/span><\/p>\n<p class=\"s3\"><span class=\"s2\"><span class=\"bumpedFont15\">Diana Mitrache<\/span><\/span><\/p>\n","protected":false},"excerpt":{"rendered":"<p>Proiectul de mobilitate urban\u0103 a impus o nou\u0103 gestionare a traficului \u0219i \u00een municipiul Petro\u0219ani,&#8230;<\/p>\n","protected":false},"author":1,"featured_media":8135,"comment_status":"closed","ping_status":"closed","sticky":false,"template":"","format":"standard","meta":{"footnotes":""},"categories":[1,6],"tags":[],"class_list":["post-8132","post","type-post","status-publish","format-standard","has-post-thumbnail","hentry","category-actual","category-administratie"],"yoast_head":"<!-- This site is optimized with the Yoast SEO plugin v25.3.1 - https:\/\/yoast.com\/wordpress\/plugins\/seo\/ -->\n<title>\u00cenc\u0103 o strad\u0103 devine cu sens unic la Petro\u0219ani -<\/title>\n<meta name=\"robots\" content=\"index, follow, max-snippet:-1, max-image-preview:large, max-video-preview:-1\" \/>\n<link rel=\"canonical\" href=\"https:\/\/cronicahd.ro\/?p=8132\" \/>\n<meta property=\"og:locale\" content=\"ro_RO\" \/>\n<meta property=\"og:type\" content=\"article\" \/>\n<meta property=\"og:title\" content=\"\u00cenc\u0103 o strad\u0103 devine cu sens unic la Petro\u0219ani -\" \/>\n<meta property=\"og:description\" content=\"Proiectul de mobilitate urban\u0103 a impus o nou\u0103 gestionare a traficului \u0219i \u00een municipiul Petro\u0219ani,...\" \/>\n<meta property=\"og:url\" content=\"https:\/\/cronicahd.ro\/?p=8132\" \/>\n<meta property=\"article:published_time\" content=\"2026-04-21T08:51:52+00:00\" \/>\n<meta property=\"og:image\" content=\"https:\/\/cronicahd.ro\/wp-content\/uploads\/2026\/04\/att.RGAUX3UMFWsJ36Q05pr6ttvlFxYYd9Px-C_epXFQ5zU.jpeg\" \/>\n\t<meta property=\"og:image:width\" content=\"2048\" \/>\n\t<meta property=\"og:image:height\" content=\"1536\" \/>\n\t<meta property=\"og:image:type\" content=\"image\/jpeg\" \/>\n<meta name=\"author\" content=\"admin\" \/>\n<meta name=\"twitter:card\" content=\"summary_large_image\" \/>\n<meta name=\"twitter:label1\" content=\"Scris de\" \/>\n\t<meta name=\"twitter:data1\" content=\"admin\" \/>\n\t<meta name=\"twitter:label2\" content=\"Timp estimat pentru citire\" \/>\n\t<meta name=\"twitter:data2\" content=\"2 minute\" \/>\n<script type=\"application\/ld+json\" class=\"yoast-schema-graph\">{\"@context\":\"https:\/\/schema.org\",\"@graph\":[{\"@type\":\"WebPage\",\"@id\":\"https:\/\/cronicahd.ro\/?p=8132\",\"url\":\"https:\/\/cronicahd.ro\/?p=8132\",\"name\":\"\u00cenc\u0103 o strad\u0103 devine cu sens unic la Petro\u0219ani -\",\"isPartOf\":{\"@id\":\"https:\/\/cronicahd.ro\/#website\"},\"primaryImageOfPage\":{\"@id\":\"https:\/\/cronicahd.ro\/?p=8132#primaryimage\"},\"image\":{\"@id\":\"https:\/\/cronicahd.ro\/?p=8132#primaryimage\"},\"thumbnailUrl\":\"https:\/\/cronicahd.ro\/wp-content\/uploads\/2026\/04\/att.RGAUX3UMFWsJ36Q05pr6ttvlFxYYd9Px-C_epXFQ5zU.jpeg\",\"datePublished\":\"2026-04-21T08:51:52+00:00\",\"author\":{\"@id\":\"https:\/\/cronicahd.ro\/#\/schema\/person\/d1a1277a8cd166610328e17aaf58bf46\"},\"breadcrumb\":{\"@id\":\"https:\/\/cronicahd.ro\/?p=8132#breadcrumb\"},\"inLanguage\":\"ro-RO\",\"potentialAction\":[{\"@type\":\"ReadAction\",\"target\":[\"https:\/\/cronicahd.ro\/?p=8132\"]}]},{\"@type\":\"ImageObject\",\"inLanguage\":\"ro-RO\",\"@id\":\"https:\/\/cronicahd.ro\/?p=8132#primaryimage\",\"url\":\"https:\/\/cronicahd.ro\/wp-content\/uploads\/2026\/04\/att.RGAUX3UMFWsJ36Q05pr6ttvlFxYYd9Px-C_epXFQ5zU.jpeg\",\"contentUrl\":\"https:\/\/cronicahd.ro\/wp-content\/uploads\/2026\/04\/att.RGAUX3UMFWsJ36Q05pr6ttvlFxYYd9Px-C_epXFQ5zU.jpeg\",\"width\":2048,\"height\":1536},{\"@type\":\"BreadcrumbList\",\"@id\":\"https:\/\/cronicahd.ro\/?p=8132#breadcrumb\",\"itemListElement\":[{\"@type\":\"ListItem\",\"position\":1,\"name\":\"Prima pagin\u0103\",\"item\":\"https:\/\/cronicahd.ro\/\"},{\"@type\":\"ListItem\",\"position\":2,\"name\":\"\u00cenc\u0103 o strad\u0103 devine cu sens unic la Petro\u0219ani\"}]},{\"@type\":\"WebSite\",\"@id\":\"https:\/\/cronicahd.ro\/#website\",\"url\":\"https:\/\/cronicahd.ro\/\",\"name\":\"\",\"description\":\"\",\"potentialAction\":[{\"@type\":\"SearchAction\",\"target\":{\"@type\":\"EntryPoint\",\"urlTemplate\":\"https:\/\/cronicahd.ro\/?s={search_term_string}\"},\"query-input\":{\"@type\":\"PropertyValueSpecification\",\"valueRequired\":true,\"valueName\":\"search_term_string\"}}],\"inLanguage\":\"ro-RO\"},{\"@type\":\"Person\",\"@id\":\"https:\/\/cronicahd.ro\/#\/schema\/person\/d1a1277a8cd166610328e17aaf58bf46\",\"name\":\"admin\",\"image\":{\"@type\":\"ImageObject\",\"inLanguage\":\"ro-RO\",\"@id\":\"https:\/\/cronicahd.ro\/#\/schema\/person\/image\/\",\"url\":\"https:\/\/secure.gravatar.com\/avatar\/24700337280d10898c2e0d19d44a05316bff9fccc941ecc5570ffe41668203f7?s=96&d=mm&r=g\",\"contentUrl\":\"https:\/\/secure.gravatar.com\/avatar\/24700337280d10898c2e0d19d44a05316bff9fccc941ecc5570ffe41668203f7?s=96&d=mm&r=g\",\"caption\":\"admin\"},\"sameAs\":[\"https:\/\/cronicavj.ro\"],\"url\":\"https:\/\/cronicahd.ro\/?author=1\"}]}<\/script>\n<!-- \/ Yoast SEO plugin. -->","yoast_head_json":{"title":"\u00cenc\u0103 o strad\u0103 devine cu sens unic la Petro\u0219ani -","robots":{"index":"index","follow":"follow","max-snippet":"max-snippet:-1","max-image-preview":"max-image-preview:large","max-video-preview":"max-video-preview:-1"},"canonical":"https:\/\/cronicahd.ro\/?p=8132","og_locale":"ro_RO","og_type":"article","og_title":"\u00cenc\u0103 o strad\u0103 devine cu sens unic la Petro\u0219ani -","og_description":"Proiectul de mobilitate urban\u0103 a impus o nou\u0103 gestionare a traficului \u0219i \u00een municipiul Petro\u0219ani,...","og_url":"https:\/\/cronicahd.ro\/?p=8132","article_published_time":"2026-04-21T08:51:52+00:00","og_image":[{"width":2048,"height":1536,"url":"https:\/\/cronicahd.ro\/wp-content\/uploads\/2026\/04\/att.RGAUX3UMFWsJ36Q05pr6ttvlFxYYd9Px-C_epXFQ5zU.jpeg","type":"image\/jpeg"}],"author":"admin","twitter_card":"summary_large_image","twitter_misc":{"Scris de":"admin","Timp estimat pentru citire":"2 minute"},"schema":{"@context":"https:\/\/schema.org","@graph":[{"@type":"WebPage","@id":"https:\/\/cronicahd.ro\/?p=8132","url":"https:\/\/cronicahd.ro\/?p=8132","name":"\u00cenc\u0103 o strad\u0103 devine cu sens unic la Petro\u0219ani -","isPartOf":{"@id":"https:\/\/cronicahd.ro\/#website"},"primaryImageOfPage":{"@id":"https:\/\/cronicahd.ro\/?p=8132#primaryimage"},"image":{"@id":"https:\/\/cronicahd.ro\/?p=8132#primaryimage"},"thumbnailUrl":"https:\/\/cronicahd.ro\/wp-content\/uploads\/2026\/04\/att.RGAUX3UMFWsJ36Q05pr6ttvlFxYYd9Px-C_epXFQ5zU.jpeg","datePublished":"2026-04-21T08:51:52+00:00","author":{"@id":"https:\/\/cronicahd.ro\/#\/schema\/person\/d1a1277a8cd166610328e17aaf58bf46"},"breadcrumb":{"@id":"https:\/\/cronicahd.ro\/?p=8132#breadcrumb"},"inLanguage":"ro-RO","potentialAction":[{"@type":"ReadAction","target":["https:\/\/cronicahd.ro\/?p=8132"]}]},{"@type":"ImageObject","inLanguage":"ro-RO","@id":"https:\/\/cronicahd.ro\/?p=8132#primaryimage","url":"https:\/\/cronicahd.ro\/wp-content\/uploads\/2026\/04\/att.RGAUX3UMFWsJ36Q05pr6ttvlFxYYd9Px-C_epXFQ5zU.jpeg","contentUrl":"https:\/\/cronicahd.ro\/wp-content\/uploads\/2026\/04\/att.RGAUX3UMFWsJ36Q05pr6ttvlFxYYd9Px-C_epXFQ5zU.jpeg","width":2048,"height":1536},{"@type":"BreadcrumbList","@id":"https:\/\/cronicahd.ro\/?p=8132#breadcrumb","itemListElement":[{"@type":"ListItem","position":1,"name":"Prima pagin\u0103","item":"https:\/\/cronicahd.ro\/"},{"@type":"ListItem","position":2,"name":"\u00cenc\u0103 o strad\u0103 devine cu sens unic la Petro\u0219ani"}]},{"@type":"WebSite","@id":"https:\/\/cronicahd.ro\/#website","url":"https:\/\/cronicahd.ro\/","name":"","description":"","potentialAction":[{"@type":"SearchAction","target":{"@type":"EntryPoint","urlTemplate":"https:\/\/cronicahd.ro\/?s={search_term_string}"},"query-input":{"@type":"PropertyValueSpecification","valueRequired":true,"valueName":"search_term_string"}}],"inLanguage":"ro-RO"},{"@type":"Person","@id":"https:\/\/cronicahd.ro\/#\/schema\/person\/d1a1277a8cd166610328e17aaf58bf46","name":"admin","image":{"@type":"ImageObject","inLanguage":"ro-RO","@id":"https:\/\/cronicahd.ro\/#\/schema\/person\/image\/","url":"https:\/\/secure.gravatar.com\/avatar\/24700337280d10898c2e0d19d44a05316bff9fccc941ecc5570ffe41668203f7?s=96&d=mm&r=g","contentUrl":"https:\/\/secure.gravatar.com\/avatar\/24700337280d10898c2e0d19d44a05316bff9fccc941ecc5570ffe41668203f7?s=96&d=mm&r=g","caption":"admin"},"sameAs":["https:\/\/cronicavj.ro"],"url":"https:\/\/cronicahd.ro\/?author=1"}]}},"_links":{"self":[{"href":"https:\/\/cronicahd.ro\/index.php?rest_route=\/wp\/v2\/posts\/8132","targetHints":{"allow":["GET"]}}],"collection":[{"href":"https:\/\/cronicahd.ro\/index.php?rest_route=\/wp\/v2\/posts"}],"about":[{"href":"https:\/\/cronicahd.ro\/index.php?rest_route=\/wp\/v2\/types\/post"}],"author":[{"embeddable":true,"href":"https:\/\/cronicahd.ro\/index.php?rest_route=\/wp\/v2\/users\/1"}],"replies":[{"embeddable":true,"href":"https:\/\/cronicahd.ro\/index.php?rest_route=%2Fwp%2Fv2%2Fcomments&post=8132"}],"version-history":[{"count":1,"href":"https:\/\/cronicahd.ro\/index.php?rest_route=\/wp\/v2\/posts\/8132\/revisions"}],"predecessor-version":[{"id":8137,"href":"https:\/\/cronicahd.ro\/index.php?rest_route=\/wp\/v2\/posts\/8132\/revisions\/8137"}],"wp:featuredmedia":[{"embeddable":true,"href":"https:\/\/cronicahd.ro\/index.php?rest_route=\/wp\/v2\/media\/8135"}],"wp:attachment":[{"href":"https:\/\/cronicahd.ro\/index.php?rest_route=%2Fwp%2Fv2%2Fmedia&parent=8132"}],"wp:term":[{"taxonomy":"category","embeddable":true,"href":"https:\/\/cronicahd.ro\/index.php?rest_route=%2Fwp%2Fv2%2Fcategories&post=8132"},{"taxonomy":"post_tag","embeddable":true,"href":"https:\/\/cronicahd.ro\/index.php?rest_route=%2Fwp%2Fv2%2Ftags&post=8132"}],"curies":[{"name":"wp","href":"https:\/\/api.w.org\/{rel}","templated":true}]}}