{"id":8129,"date":"2026-04-21T07:04:12","date_gmt":"2026-04-21T07:04:12","guid":{"rendered":"https:\/\/cronicahd.ro\/?p=8129"},"modified":"2026-04-21T07:04:12","modified_gmt":"2026-04-21T07:04:12","slug":"miting-national-anuntat-de-confederatia-meridian-in-piata-victoriei","status":"publish","type":"post","link":"https:\/\/cronicahd.ro\/?p=8129","title":{"rendered":"Miting na\u021bional anun\u021bat de Confedera\u021bia MERIDIAN \u00een Pia\u021ba Victoriei"},"content":{"rendered":"<p>&nbsp;<\/p>\n<p>Confedera\u021bia Sindical\u0103 Na\u021bional\u0103 MERIDIAN a finalizat procedurile de autorizare pentru organizarea unui \u201eMiting na\u021bional de protest\u201d, care va avea loc pe 28 aprilie 2026, \u00eentre orele 10:30 \u0219i 14:30, \u00een Pia\u021ba Victoriei din Bucure\u0219ti.<\/p>\n<p>Potrivit organizatorilor, la ac\u021biune sunt a\u0219tepta\u021bi s\u0103 participe c\u00e2teva mii de oameni, reprezentan\u021bi ai mi\u0219c\u0103rii sindicale, ai asocia\u021biilor profesionale, organiza\u021biilor de pensionari civili \u0219i militari, dar \u0219i studen\u021bi \u0219i revolu\u021bionari.<\/p>\n<p>Protestul este organizat \u00eentr-un context simbolic, \u00een Ziua mondial\u0103 a siguran\u021bei \u0219i s\u0103n\u0103t\u0103\u021bii la locul de munc\u0103 \u0219i \u00een apropierea Ziua Interna\u021bional\u0103 a Muncii, repere importante pentru drepturile angaja\u021bilor.<\/p>\n<p>Reprezentan\u021bii MERIDIAN sus\u021bin c\u0103 decizia organiz\u0103rii mitingului vine ca reac\u021bie la \u201em\u0103surile antisociale\u201d adoptate recent, f\u0103r\u0103 un dialog social real, politici care, \u00een opinia lor, au afectat grav nivelul de trai al popula\u021biei.<\/p>\n<p>\u00cen acest context, la sediul Confedera\u021biei a avut loc o \u00eent\u00e2lnire de coordonare pentru preg\u0103tirea protestului, la care au participat lideri sindicali \u0219i reprezentan\u021bi ai organiza\u021biilor implicate.<\/p>\n<p>Organizatorii au lansat un apel c\u0103tre toate organiza\u021biile sindicale \u0219i profesionale din Rom\u00e2nia, precum \u0219i c\u0103tre organiza\u021biile pensionarilor civili \u0219i militari \u0219i cele studen\u021be\u0219ti, s\u0103 se al\u0103ture mitingului din 28 aprilie, pentru a transmite un mesaj comun \u00een sprijinul drepturilor sociale \u0219i economice.<\/p>\n","protected":false},"excerpt":{"rendered":"<p>&nbsp; Confedera\u021bia Sindical\u0103 Na\u021bional\u0103 MERIDIAN a finalizat procedurile de autorizare pentru organizarea unui \u201eMiting na\u021bional&#8230;<\/p>\n","protected":false},"author":1,"featured_media":8130,"comment_status":"closed","ping_status":"closed","sticky":false,"template":"","format":"standard","meta":{"footnotes":""},"categories":[1,14],"tags":[],"class_list":["post-8129","post","type-post","status-publish","format-standard","has-post-thumbnail","hentry","category-actual","category-social"],"yoast_head":"<!-- This site is optimized with the Yoast SEO plugin v25.3.1 - https:\/\/yoast.com\/wordpress\/plugins\/seo\/ -->\n<title>Miting na\u021bional anun\u021bat de Confedera\u021bia MERIDIAN \u00een Pia\u021ba Victoriei -<\/title>\n<meta name=\"robots\" content=\"index, follow, max-snippet:-1, max-image-preview:large, max-video-preview:-1\" \/>\n<link rel=\"canonical\" href=\"https:\/\/cronicahd.ro\/?p=8129\" \/>\n<meta property=\"og:locale\" content=\"ro_RO\" \/>\n<meta property=\"og:type\" content=\"article\" \/>\n<meta property=\"og:title\" content=\"Miting na\u021bional anun\u021bat de Confedera\u021bia MERIDIAN \u00een Pia\u021ba Victoriei -\" \/>\n<meta property=\"og:description\" content=\"&nbsp; Confedera\u021bia Sindical\u0103 Na\u021bional\u0103 MERIDIAN a finalizat procedurile de autorizare pentru organizarea unui \u201eMiting na\u021bional...\" \/>\n<meta property=\"og:url\" content=\"https:\/\/cronicahd.ro\/?p=8129\" \/>\n<meta property=\"article:published_time\" content=\"2026-04-21T07:04:12+00:00\" \/>\n<meta property=\"og:image\" content=\"https:\/\/cronicahd.ro\/wp-content\/uploads\/2026\/04\/IMG_6696.jpeg\" \/>\n\t<meta property=\"og:image:width\" content=\"1417\" \/>\n\t<meta property=\"og:image:height\" content=\"1052\" \/>\n\t<meta property=\"og:image:type\" content=\"image\/jpeg\" \/>\n<meta name=\"author\" content=\"admin\" \/>\n<meta name=\"twitter:card\" content=\"summary_large_image\" \/>\n<meta name=\"twitter:label1\" content=\"Scris de\" \/>\n\t<meta name=\"twitter:data1\" content=\"admin\" \/>\n\t<meta name=\"twitter:label2\" content=\"Timp estimat pentru citire\" \/>\n\t<meta name=\"twitter:data2\" content=\"2 minute\" \/>\n<script type=\"application\/ld+json\" class=\"yoast-schema-graph\">{\"@context\":\"https:\/\/schema.org\",\"@graph\":[{\"@type\":\"WebPage\",\"@id\":\"https:\/\/cronicahd.ro\/?p=8129\",\"url\":\"https:\/\/cronicahd.ro\/?p=8129\",\"name\":\"Miting na\u021bional anun\u021bat de Confedera\u021bia MERIDIAN \u00een Pia\u021ba Victoriei -\",\"isPartOf\":{\"@id\":\"https:\/\/cronicahd.ro\/#website\"},\"primaryImageOfPage\":{\"@id\":\"https:\/\/cronicahd.ro\/?p=8129#primaryimage\"},\"image\":{\"@id\":\"https:\/\/cronicahd.ro\/?p=8129#primaryimage\"},\"thumbnailUrl\":\"https:\/\/cronicahd.ro\/wp-content\/uploads\/2026\/04\/IMG_6696.jpeg\",\"datePublished\":\"2026-04-21T07:04:12+00:00\",\"author\":{\"@id\":\"https:\/\/cronicahd.ro\/#\/schema\/person\/d1a1277a8cd166610328e17aaf58bf46\"},\"breadcrumb\":{\"@id\":\"https:\/\/cronicahd.ro\/?p=8129#breadcrumb\"},\"inLanguage\":\"ro-RO\",\"potentialAction\":[{\"@type\":\"ReadAction\",\"target\":[\"https:\/\/cronicahd.ro\/?p=8129\"]}]},{\"@type\":\"ImageObject\",\"inLanguage\":\"ro-RO\",\"@id\":\"https:\/\/cronicahd.ro\/?p=8129#primaryimage\",\"url\":\"https:\/\/cronicahd.ro\/wp-content\/uploads\/2026\/04\/IMG_6696.jpeg\",\"contentUrl\":\"https:\/\/cronicahd.ro\/wp-content\/uploads\/2026\/04\/IMG_6696.jpeg\",\"width\":1417,\"height\":1052},{\"@type\":\"BreadcrumbList\",\"@id\":\"https:\/\/cronicahd.ro\/?p=8129#breadcrumb\",\"itemListElement\":[{\"@type\":\"ListItem\",\"position\":1,\"name\":\"Prima pagin\u0103\",\"item\":\"https:\/\/cronicahd.ro\/\"},{\"@type\":\"ListItem\",\"position\":2,\"name\":\"Miting na\u021bional anun\u021bat de Confedera\u021bia MERIDIAN \u00een Pia\u021ba Victoriei\"}]},{\"@type\":\"WebSite\",\"@id\":\"https:\/\/cronicahd.ro\/#website\",\"url\":\"https:\/\/cronicahd.ro\/\",\"name\":\"\",\"description\":\"\",\"potentialAction\":[{\"@type\":\"SearchAction\",\"target\":{\"@type\":\"EntryPoint\",\"urlTemplate\":\"https:\/\/cronicahd.ro\/?s={search_term_string}\"},\"query-input\":{\"@type\":\"PropertyValueSpecification\",\"valueRequired\":true,\"valueName\":\"search_term_string\"}}],\"inLanguage\":\"ro-RO\"},{\"@type\":\"Person\",\"@id\":\"https:\/\/cronicahd.ro\/#\/schema\/person\/d1a1277a8cd166610328e17aaf58bf46\",\"name\":\"admin\",\"image\":{\"@type\":\"ImageObject\",\"inLanguage\":\"ro-RO\",\"@id\":\"https:\/\/cronicahd.ro\/#\/schema\/person\/image\/\",\"url\":\"https:\/\/secure.gravatar.com\/avatar\/24700337280d10898c2e0d19d44a05316bff9fccc941ecc5570ffe41668203f7?s=96&d=mm&r=g\",\"contentUrl\":\"https:\/\/secure.gravatar.com\/avatar\/24700337280d10898c2e0d19d44a05316bff9fccc941ecc5570ffe41668203f7?s=96&d=mm&r=g\",\"caption\":\"admin\"},\"sameAs\":[\"https:\/\/cronicavj.ro\"],\"url\":\"https:\/\/cronicahd.ro\/?author=1\"}]}<\/script>\n<!-- \/ Yoast SEO plugin. -->","yoast_head_json":{"title":"Miting na\u021bional anun\u021bat de Confedera\u021bia MERIDIAN \u00een Pia\u021ba Victoriei -","robots":{"index":"index","follow":"follow","max-snippet":"max-snippet:-1","max-image-preview":"max-image-preview:large","max-video-preview":"max-video-preview:-1"},"canonical":"https:\/\/cronicahd.ro\/?p=8129","og_locale":"ro_RO","og_type":"article","og_title":"Miting na\u021bional anun\u021bat de Confedera\u021bia MERIDIAN \u00een Pia\u021ba Victoriei -","og_description":"&nbsp; Confedera\u021bia Sindical\u0103 Na\u021bional\u0103 MERIDIAN a finalizat procedurile de autorizare pentru organizarea unui \u201eMiting na\u021bional...","og_url":"https:\/\/cronicahd.ro\/?p=8129","article_published_time":"2026-04-21T07:04:12+00:00","og_image":[{"width":1417,"height":1052,"url":"https:\/\/cronicahd.ro\/wp-content\/uploads\/2026\/04\/IMG_6696.jpeg","type":"image\/jpeg"}],"author":"admin","twitter_card":"summary_large_image","twitter_misc":{"Scris de":"admin","Timp estimat pentru citire":"2 minute"},"schema":{"@context":"https:\/\/schema.org","@graph":[{"@type":"WebPage","@id":"https:\/\/cronicahd.ro\/?p=8129","url":"https:\/\/cronicahd.ro\/?p=8129","name":"Miting na\u021bional anun\u021bat de Confedera\u021bia MERIDIAN \u00een Pia\u021ba Victoriei -","isPartOf":{"@id":"https:\/\/cronicahd.ro\/#website"},"primaryImageOfPage":{"@id":"https:\/\/cronicahd.ro\/?p=8129#primaryimage"},"image":{"@id":"https:\/\/cronicahd.ro\/?p=8129#primaryimage"},"thumbnailUrl":"https:\/\/cronicahd.ro\/wp-content\/uploads\/2026\/04\/IMG_6696.jpeg","datePublished":"2026-04-21T07:04:12+00:00","author":{"@id":"https:\/\/cronicahd.ro\/#\/schema\/person\/d1a1277a8cd166610328e17aaf58bf46"},"breadcrumb":{"@id":"https:\/\/cronicahd.ro\/?p=8129#breadcrumb"},"inLanguage":"ro-RO","potentialAction":[{"@type":"ReadAction","target":["https:\/\/cronicahd.ro\/?p=8129"]}]},{"@type":"ImageObject","inLanguage":"ro-RO","@id":"https:\/\/cronicahd.ro\/?p=8129#primaryimage","url":"https:\/\/cronicahd.ro\/wp-content\/uploads\/2026\/04\/IMG_6696.jpeg","contentUrl":"https:\/\/cronicahd.ro\/wp-content\/uploads\/2026\/04\/IMG_6696.jpeg","width":1417,"height":1052},{"@type":"BreadcrumbList","@id":"https:\/\/cronicahd.ro\/?p=8129#breadcrumb","itemListElement":[{"@type":"ListItem","position":1,"name":"Prima pagin\u0103","item":"https:\/\/cronicahd.ro\/"},{"@type":"ListItem","position":2,"name":"Miting na\u021bional anun\u021bat de Confedera\u021bia MERIDIAN \u00een Pia\u021ba Victoriei"}]},{"@type":"WebSite","@id":"https:\/\/cronicahd.ro\/#website","url":"https:\/\/cronicahd.ro\/","name":"","description":"","potentialAction":[{"@type":"SearchAction","target":{"@type":"EntryPoint","urlTemplate":"https:\/\/cronicahd.ro\/?s={search_term_string}"},"query-input":{"@type":"PropertyValueSpecification","valueRequired":true,"valueName":"search_term_string"}}],"inLanguage":"ro-RO"},{"@type":"Person","@id":"https:\/\/cronicahd.ro\/#\/schema\/person\/d1a1277a8cd166610328e17aaf58bf46","name":"admin","image":{"@type":"ImageObject","inLanguage":"ro-RO","@id":"https:\/\/cronicahd.ro\/#\/schema\/person\/image\/","url":"https:\/\/secure.gravatar.com\/avatar\/24700337280d10898c2e0d19d44a05316bff9fccc941ecc5570ffe41668203f7?s=96&d=mm&r=g","contentUrl":"https:\/\/secure.gravatar.com\/avatar\/24700337280d10898c2e0d19d44a05316bff9fccc941ecc5570ffe41668203f7?s=96&d=mm&r=g","caption":"admin"},"sameAs":["https:\/\/cronicavj.ro"],"url":"https:\/\/cronicahd.ro\/?author=1"}]}},"_links":{"self":[{"href":"https:\/\/cronicahd.ro\/index.php?rest_route=\/wp\/v2\/posts\/8129","targetHints":{"allow":["GET"]}}],"collection":[{"href":"https:\/\/cronicahd.ro\/index.php?rest_route=\/wp\/v2\/posts"}],"about":[{"href":"https:\/\/cronicahd.ro\/index.php?rest_route=\/wp\/v2\/types\/post"}],"author":[{"embeddable":true,"href":"https:\/\/cronicahd.ro\/index.php?rest_route=\/wp\/v2\/users\/1"}],"replies":[{"embeddable":true,"href":"https:\/\/cronicahd.ro\/index.php?rest_route=%2Fwp%2Fv2%2Fcomments&post=8129"}],"version-history":[{"count":1,"href":"https:\/\/cronicahd.ro\/index.php?rest_route=\/wp\/v2\/posts\/8129\/revisions"}],"predecessor-version":[{"id":8131,"href":"https:\/\/cronicahd.ro\/index.php?rest_route=\/wp\/v2\/posts\/8129\/revisions\/8131"}],"wp:featuredmedia":[{"embeddable":true,"href":"https:\/\/cronicahd.ro\/index.php?rest_route=\/wp\/v2\/media\/8130"}],"wp:attachment":[{"href":"https:\/\/cronicahd.ro\/index.php?rest_route=%2Fwp%2Fv2%2Fmedia&parent=8129"}],"wp:term":[{"taxonomy":"category","embeddable":true,"href":"https:\/\/cronicahd.ro\/index.php?rest_route=%2Fwp%2Fv2%2Fcategories&post=8129"},{"taxonomy":"post_tag","embeddable":true,"href":"https:\/\/cronicahd.ro\/index.php?rest_route=%2Fwp%2Fv2%2Ftags&post=8129"}],"curies":[{"name":"wp","href":"https:\/\/api.w.org\/{rel}","templated":true}]}}