{"id":8127,"date":"2026-04-21T06:25:34","date_gmt":"2026-04-21T06:25:34","guid":{"rendered":"https:\/\/cronicahd.ro\/?p=8127"},"modified":"2026-04-21T06:28:02","modified_gmt":"2026-04-21T06:28:02","slug":"ceh-inca-viu-in-contextul-companiilor-mufate-politic","status":"publish","type":"post","link":"https:\/\/cronicahd.ro\/?p=8127","title":{"rendered":"CEH \u00eenc\u0103 \u201eviu\u201d \u00een contextul companiilor \u201emufate\u201d politic"},"content":{"rendered":"<p>&nbsp;<\/p>\n<p>Ministrului Economiei, Radu Oprea, a atras aten\u021bia asupra a aproximativ\u00a0200 de companii de stat, descrise ca fiind &#8222;mufa principal\u0103 a combina\u021biilor politicului&#8221; \u0219i o surs\u0103 major\u0103 de ineficien\u021b\u0103, care afecteaz\u0103 stabilitatea economic\u0103 a \u021b\u0103rii. Situa\u021bia eviden\u021biaz\u0103 necesitatea unor reforme profunde \u00een guvernarea acestor entit\u0103\u021bi.<\/p>\n<p>Vicepremierul Oana Gheorghiu a prezentat primele 22 de companii de stat pe care Guvernul le consider\u0103 \u201eg\u0103uri negre\u201d ale economiei, societ\u0103\u021bi care au acumulat datorii de miliarde \u0219i a detaliat ce urmeaz\u0103 s\u0103 se \u00eent\u00e2mple cu acestea, \u00een func\u021bie de categoria \u00een care se \u00eencadreaz\u0103.<\/p>\n<p>Dar trebuie specificat \u0219i faptul c\u0103, \u0219i la acest moment, Complexul Energetic Hunedoara este activ \u0219i are angaja\u021bi. \u201eCEH SA mai exist\u0103 p\u00e2n\u0103 la radierea sa, care se va dispune de judec\u0103torul sindic, dup\u0103 ce toate bunurile vor fi lichidate. Mai are 9 angaja\u021bi cu part-time (resurse umane, juridic \u0219i contabilitate)\u201d, a precizat Emil Gros, administratorul judiciar al Complexului Energetic Hunedoara, reprezentant al Expert Insolven\u021b\u0103 SPRL.<\/p>\n<p>Tribunalul Hunedoara a admis cererile formulate de administratorul judiciar Expert Insolven\u021b\u0103 SPRL \u0219i creditoarea Extruplast Logistic SRL, \u0219i a dispus intrarea \u00een faliment a SCEH SA prin Sentin\u021ba nr. 115\/F\/31.03.2025.<\/p>\n<p>Hot\u0103r\u00e2rea de intrare \u00een faliment a survenit ca urmare a d\u0103rii \u00een plat\u0103 a activelor func\u021bionale pentru stingerea crean\u021belor bugetare, \u0219i a acumul\u0103rii de noi datorii \u00een perioada de observa\u021bie, care nu puteau fi achitate din fondurile ob\u021binute din activitatea curent\u0103.<\/p>\n<p>Ce vinde lichidatorul?<\/p>\n<ol>\n<li>STOC DE C\u0102RBUNE cu o cantitate de 2.184,43 tone (produc\u021bie proprie), localizat \u00een incinta Termocentralei Paro\u0219eni din localitatea Vulcan, Jud. Hunedoara. Pre\u021bul de pornire al licita\u021biei este de 213.500 euro, exclusiv TVA.<\/li>\n<li>BUNURI MOBILE (forez\u0103, skip extrac\u021bie, sta\u021bie ventilat, etc.) valorificate individual. Lista complet\u0103 a bunurilor \u0219i pre\u021burile de v\u00e2nzare poate fi solicitat\u0103 lichidatorului judiciar.<\/li>\n<li>SPA\u021aIU COMERCIAL \u00een suprafa\u021b\u0103 util\u0103 de 6,36 mp, \u00eenscris \u00een CF nr. 62243-C1-U9, situat \u00een localitatea Deva, Strada Pietroasa, nr. 23, bl. 2, sc. C, parter, ap. 42, Jud. Hunedoara. Pre\u021bul de pornire al licita\u021biei este de 5.800 euro, exclusiv TVA.<\/li>\n<li>TEREN INTRAVILAN \u00een suprafa\u021b\u0103 de 46 mp, \u00eenscris \u00een CF nr. 62744, situat \u00een Masivul Par\u00e2ng, Petro\u0219ani, Jud. Hunedoara. Pre\u021bul de pornire al licita\u021biei este de 506 euro, exclusiv TVA.<\/li>\n<li>PACHET BUNURI IMOBILE: Pachet E.M. Livezeni \u2013 179.702 euro, exclusiv TVA; Pachet E.M. Lonea \u2013 135.754 euro, exclusiv TVA; Pachet E.M. Lupeni \u2013 903.727 euro, exclusiv TVA; Pachet E.M. Vulcan \u2013 97.695 euro, exclusiv TVA; Pachet S.E. Paro\u0219eni \u2013 8.159.220 euro, exclusiv TVA; Pachet Prestserv \u2013 104.365 euro, exclusiv TVA.<\/li>\n<li>PACHET BUNURI MOBILE: Pachet Executiv \u2013 31.002, exclusiv TVA; Pachet E.M. Livezeni \u2013 63.149 euro, exclusiv TVA; Pachet E.M. Lonea \u2013 5.745 euro, exclusiv TVA; Pachet E.M. Lupeni \u2013 1.112 euro, exclusiv TVA; Pachet E.M. Vulcan \u2013 41.926 euro, exclusiv TVA; Pachet S.E. Paro\u0219eni \u2013 1.172.058 euro, exclusiv TVA.<\/li>\n<\/ol>\n<p>Licita\u021bia va fi organizat\u0103 la sediul lichidatorului judiciar din Deva, Str. Iuliu Maniu, nr. 2, et. 1, Jud. Hunedoara, \u00een data de 23.04.2026, ora 12:00. \u00cen cazul activului de mai sus nevalorificat, licita\u021bia se va relua \u00een datele de 30.04.2026, 07.05.2026, respectiv 14.05.2026, la acela\u0219i pre\u021b, loca\u021bie \u0219i or\u0103.<\/p>\n<p>Cronica falimentelor \u00een lan\u021b<\/p>\n<p>Potrivit Ziarului Libertatea, \u201e\u00cenfiin\u021bat\u0103 \u00een 2013 prin preluarea activelor considerate viabile de la SNH, CEH SA a ajuns \u00een faliment \u00een 31 martie 2025. Bilan\u021bul contabil pentru anul 2024 indic\u0103 datorii totale de 2,4 miliarde de lei (circa 480 de milioane de euro). Dou\u0103 miliarde de lei sunt banii datora\u021bi la bugetul de stat, care nu vor mai fi recupera\u021bi niciodat\u0103.\u00a0 \u00cen 2022, Complexul Energetic Valea Jiului a preluat de la CEH SA centrala electric\u0103 Paro\u0219eni \u0219i exploat\u0103rile miniere Lonea, Livezeni, Vulcan \u0219i Lupeni. Valoarea de transfer a activului func\u021bional, finalizat\u0103 \u00een 2023, a fost de circa un miliard de lei, raportat la valoarea de pia\u021b\u0103 stabilit\u0103 \u00een procedura de insolven\u021b\u0103, sum\u0103 care a fost sc\u0103zut\u0103 din datoria CEH SA c\u0103tre bugetul de stat.\u00a0 \u0218i aceast\u0103 ultim\u0103 societate \u00eenfiin\u021bat\u0103 de stat are deja datorii mari. La 31 decembrie 2024, potrivit bilan\u021bului contabil, Complexul Energetic Valea Jiului avea datorii de 133 de milioane de lei, mai mari dec\u00e2t cifra de afaceri anual\u0103, de 112 milioane de lei. Pierderile au fost \u00een sum\u0103 de 160 de milioane de lei. Aici lucreaz\u0103, \u00een prezent, aproape 2.100 de persoane, la centrala de la Paro\u0219eni \u0219i la dou\u0103 exploat\u0103ri miniere aflate \u00een procedur\u0103 de \u00eenchidere.<\/p>\n<p>VEZI AICI<\/p>\n<p><a href=\"https:\/\/www.libertatea.ro\/stiri\/reteta-unui-faliment-de-miliarde-la-complexul-energetic-hunedoara-numiri-politice-salarii-gigantice-bonusuri-inventate-multe-organizatii-sindicale-5403925\">https:\/\/www.libertatea.ro\/stiri\/reteta-unui-faliment-de-miliarde-la-complexul-energetic-hunedoara-numiri-politice-salarii-gigantice-bonusuri-inventate-multe-organizatii-sindicale-5403925<\/a> \u201d.<\/p>\n<p>&nbsp;<\/p>\n<p>Diana Mitrache<\/p>\n<p>&nbsp;<\/p>\n","protected":false},"excerpt":{"rendered":"<p>&nbsp; Ministrului Economiei, Radu Oprea, a atras aten\u021bia asupra a aproximativ\u00a0200 de companii de stat,&#8230;<\/p>\n","protected":false},"author":1,"featured_media":530,"comment_status":"closed","ping_status":"closed","sticky":false,"template":"","format":"standard","meta":{"footnotes":""},"categories":[1,18],"tags":[],"class_list":["post-8127","post","type-post","status-publish","format-standard","has-post-thumbnail","hentry","category-actual","category-economic"],"yoast_head":"<!-- This site is optimized with the Yoast SEO plugin v25.3.1 - https:\/\/yoast.com\/wordpress\/plugins\/seo\/ -->\n<title>CEH \u00eenc\u0103 \u201eviu\u201d \u00een contextul companiilor \u201emufate\u201d politic -<\/title>\n<meta name=\"robots\" content=\"index, follow, max-snippet:-1, max-image-preview:large, max-video-preview:-1\" \/>\n<link rel=\"canonical\" href=\"https:\/\/cronicahd.ro\/?p=8127\" \/>\n<meta property=\"og:locale\" content=\"ro_RO\" \/>\n<meta property=\"og:type\" content=\"article\" \/>\n<meta property=\"og:title\" content=\"CEH \u00eenc\u0103 \u201eviu\u201d \u00een contextul companiilor \u201emufate\u201d politic -\" \/>\n<meta property=\"og:description\" content=\"&nbsp; Ministrului Economiei, Radu Oprea, a atras aten\u021bia asupra a aproximativ\u00a0200 de companii de stat,...\" \/>\n<meta property=\"og:url\" content=\"https:\/\/cronicahd.ro\/?p=8127\" \/>\n<meta property=\"article:published_time\" content=\"2026-04-21T06:25:34+00:00\" \/>\n<meta property=\"article:modified_time\" content=\"2026-04-21T06:28:02+00:00\" \/>\n<meta property=\"og:image\" content=\"https:\/\/cronicahd.ro\/wp-content\/uploads\/2025\/07\/cevj.jpg\" \/>\n\t<meta property=\"og:image:width\" content=\"301\" \/>\n\t<meta property=\"og:image:height\" content=\"168\" \/>\n\t<meta property=\"og:image:type\" content=\"image\/jpeg\" \/>\n<meta name=\"author\" content=\"admin\" \/>\n<meta name=\"twitter:card\" content=\"summary_large_image\" \/>\n<meta name=\"twitter:label1\" content=\"Scris de\" \/>\n\t<meta name=\"twitter:data1\" content=\"admin\" \/>\n\t<meta name=\"twitter:label2\" content=\"Timp estimat pentru citire\" \/>\n\t<meta name=\"twitter:data2\" content=\"4 minute\" \/>\n<script type=\"application\/ld+json\" class=\"yoast-schema-graph\">{\"@context\":\"https:\/\/schema.org\",\"@graph\":[{\"@type\":\"WebPage\",\"@id\":\"https:\/\/cronicahd.ro\/?p=8127\",\"url\":\"https:\/\/cronicahd.ro\/?p=8127\",\"name\":\"CEH \u00eenc\u0103 \u201eviu\u201d \u00een contextul companiilor \u201emufate\u201d politic -\",\"isPartOf\":{\"@id\":\"https:\/\/cronicahd.ro\/#website\"},\"primaryImageOfPage\":{\"@id\":\"https:\/\/cronicahd.ro\/?p=8127#primaryimage\"},\"image\":{\"@id\":\"https:\/\/cronicahd.ro\/?p=8127#primaryimage\"},\"thumbnailUrl\":\"https:\/\/cronicahd.ro\/wp-content\/uploads\/2025\/07\/cevj.jpg\",\"datePublished\":\"2026-04-21T06:25:34+00:00\",\"dateModified\":\"2026-04-21T06:28:02+00:00\",\"author\":{\"@id\":\"https:\/\/cronicahd.ro\/#\/schema\/person\/d1a1277a8cd166610328e17aaf58bf46\"},\"breadcrumb\":{\"@id\":\"https:\/\/cronicahd.ro\/?p=8127#breadcrumb\"},\"inLanguage\":\"ro-RO\",\"potentialAction\":[{\"@type\":\"ReadAction\",\"target\":[\"https:\/\/cronicahd.ro\/?p=8127\"]}]},{\"@type\":\"ImageObject\",\"inLanguage\":\"ro-RO\",\"@id\":\"https:\/\/cronicahd.ro\/?p=8127#primaryimage\",\"url\":\"https:\/\/cronicahd.ro\/wp-content\/uploads\/2025\/07\/cevj.jpg\",\"contentUrl\":\"https:\/\/cronicahd.ro\/wp-content\/uploads\/2025\/07\/cevj.jpg\",\"width\":301,\"height\":168},{\"@type\":\"BreadcrumbList\",\"@id\":\"https:\/\/cronicahd.ro\/?p=8127#breadcrumb\",\"itemListElement\":[{\"@type\":\"ListItem\",\"position\":1,\"name\":\"Prima pagin\u0103\",\"item\":\"https:\/\/cronicahd.ro\/\"},{\"@type\":\"ListItem\",\"position\":2,\"name\":\"CEH \u00eenc\u0103 \u201eviu\u201d \u00een contextul companiilor \u201emufate\u201d politic\"}]},{\"@type\":\"WebSite\",\"@id\":\"https:\/\/cronicahd.ro\/#website\",\"url\":\"https:\/\/cronicahd.ro\/\",\"name\":\"\",\"description\":\"\",\"potentialAction\":[{\"@type\":\"SearchAction\",\"target\":{\"@type\":\"EntryPoint\",\"urlTemplate\":\"https:\/\/cronicahd.ro\/?s={search_term_string}\"},\"query-input\":{\"@type\":\"PropertyValueSpecification\",\"valueRequired\":true,\"valueName\":\"search_term_string\"}}],\"inLanguage\":\"ro-RO\"},{\"@type\":\"Person\",\"@id\":\"https:\/\/cronicahd.ro\/#\/schema\/person\/d1a1277a8cd166610328e17aaf58bf46\",\"name\":\"admin\",\"image\":{\"@type\":\"ImageObject\",\"inLanguage\":\"ro-RO\",\"@id\":\"https:\/\/cronicahd.ro\/#\/schema\/person\/image\/\",\"url\":\"https:\/\/secure.gravatar.com\/avatar\/24700337280d10898c2e0d19d44a05316bff9fccc941ecc5570ffe41668203f7?s=96&d=mm&r=g\",\"contentUrl\":\"https:\/\/secure.gravatar.com\/avatar\/24700337280d10898c2e0d19d44a05316bff9fccc941ecc5570ffe41668203f7?s=96&d=mm&r=g\",\"caption\":\"admin\"},\"sameAs\":[\"https:\/\/cronicavj.ro\"],\"url\":\"https:\/\/cronicahd.ro\/?author=1\"}]}<\/script>\n<!-- \/ Yoast SEO plugin. -->","yoast_head_json":{"title":"CEH \u00eenc\u0103 \u201eviu\u201d \u00een contextul companiilor \u201emufate\u201d politic -","robots":{"index":"index","follow":"follow","max-snippet":"max-snippet:-1","max-image-preview":"max-image-preview:large","max-video-preview":"max-video-preview:-1"},"canonical":"https:\/\/cronicahd.ro\/?p=8127","og_locale":"ro_RO","og_type":"article","og_title":"CEH \u00eenc\u0103 \u201eviu\u201d \u00een contextul companiilor \u201emufate\u201d politic -","og_description":"&nbsp; Ministrului Economiei, Radu Oprea, a atras aten\u021bia asupra a aproximativ\u00a0200 de companii de stat,...","og_url":"https:\/\/cronicahd.ro\/?p=8127","article_published_time":"2026-04-21T06:25:34+00:00","article_modified_time":"2026-04-21T06:28:02+00:00","og_image":[{"width":301,"height":168,"url":"https:\/\/cronicahd.ro\/wp-content\/uploads\/2025\/07\/cevj.jpg","type":"image\/jpeg"}],"author":"admin","twitter_card":"summary_large_image","twitter_misc":{"Scris de":"admin","Timp estimat pentru citire":"4 minute"},"schema":{"@context":"https:\/\/schema.org","@graph":[{"@type":"WebPage","@id":"https:\/\/cronicahd.ro\/?p=8127","url":"https:\/\/cronicahd.ro\/?p=8127","name":"CEH \u00eenc\u0103 \u201eviu\u201d \u00een contextul companiilor \u201emufate\u201d politic -","isPartOf":{"@id":"https:\/\/cronicahd.ro\/#website"},"primaryImageOfPage":{"@id":"https:\/\/cronicahd.ro\/?p=8127#primaryimage"},"image":{"@id":"https:\/\/cronicahd.ro\/?p=8127#primaryimage"},"thumbnailUrl":"https:\/\/cronicahd.ro\/wp-content\/uploads\/2025\/07\/cevj.jpg","datePublished":"2026-04-21T06:25:34+00:00","dateModified":"2026-04-21T06:28:02+00:00","author":{"@id":"https:\/\/cronicahd.ro\/#\/schema\/person\/d1a1277a8cd166610328e17aaf58bf46"},"breadcrumb":{"@id":"https:\/\/cronicahd.ro\/?p=8127#breadcrumb"},"inLanguage":"ro-RO","potentialAction":[{"@type":"ReadAction","target":["https:\/\/cronicahd.ro\/?p=8127"]}]},{"@type":"ImageObject","inLanguage":"ro-RO","@id":"https:\/\/cronicahd.ro\/?p=8127#primaryimage","url":"https:\/\/cronicahd.ro\/wp-content\/uploads\/2025\/07\/cevj.jpg","contentUrl":"https:\/\/cronicahd.ro\/wp-content\/uploads\/2025\/07\/cevj.jpg","width":301,"height":168},{"@type":"BreadcrumbList","@id":"https:\/\/cronicahd.ro\/?p=8127#breadcrumb","itemListElement":[{"@type":"ListItem","position":1,"name":"Prima pagin\u0103","item":"https:\/\/cronicahd.ro\/"},{"@type":"ListItem","position":2,"name":"CEH \u00eenc\u0103 \u201eviu\u201d \u00een contextul companiilor \u201emufate\u201d politic"}]},{"@type":"WebSite","@id":"https:\/\/cronicahd.ro\/#website","url":"https:\/\/cronicahd.ro\/","name":"","description":"","potentialAction":[{"@type":"SearchAction","target":{"@type":"EntryPoint","urlTemplate":"https:\/\/cronicahd.ro\/?s={search_term_string}"},"query-input":{"@type":"PropertyValueSpecification","valueRequired":true,"valueName":"search_term_string"}}],"inLanguage":"ro-RO"},{"@type":"Person","@id":"https:\/\/cronicahd.ro\/#\/schema\/person\/d1a1277a8cd166610328e17aaf58bf46","name":"admin","image":{"@type":"ImageObject","inLanguage":"ro-RO","@id":"https:\/\/cronicahd.ro\/#\/schema\/person\/image\/","url":"https:\/\/secure.gravatar.com\/avatar\/24700337280d10898c2e0d19d44a05316bff9fccc941ecc5570ffe41668203f7?s=96&d=mm&r=g","contentUrl":"https:\/\/secure.gravatar.com\/avatar\/24700337280d10898c2e0d19d44a05316bff9fccc941ecc5570ffe41668203f7?s=96&d=mm&r=g","caption":"admin"},"sameAs":["https:\/\/cronicavj.ro"],"url":"https:\/\/cronicahd.ro\/?author=1"}]}},"_links":{"self":[{"href":"https:\/\/cronicahd.ro\/index.php?rest_route=\/wp\/v2\/posts\/8127","targetHints":{"allow":["GET"]}}],"collection":[{"href":"https:\/\/cronicahd.ro\/index.php?rest_route=\/wp\/v2\/posts"}],"about":[{"href":"https:\/\/cronicahd.ro\/index.php?rest_route=\/wp\/v2\/types\/post"}],"author":[{"embeddable":true,"href":"https:\/\/cronicahd.ro\/index.php?rest_route=\/wp\/v2\/users\/1"}],"replies":[{"embeddable":true,"href":"https:\/\/cronicahd.ro\/index.php?rest_route=%2Fwp%2Fv2%2Fcomments&post=8127"}],"version-history":[{"count":1,"href":"https:\/\/cronicahd.ro\/index.php?rest_route=\/wp\/v2\/posts\/8127\/revisions"}],"predecessor-version":[{"id":8128,"href":"https:\/\/cronicahd.ro\/index.php?rest_route=\/wp\/v2\/posts\/8127\/revisions\/8128"}],"wp:featuredmedia":[{"embeddable":true,"href":"https:\/\/cronicahd.ro\/index.php?rest_route=\/wp\/v2\/media\/530"}],"wp:attachment":[{"href":"https:\/\/cronicahd.ro\/index.php?rest_route=%2Fwp%2Fv2%2Fmedia&parent=8127"}],"wp:term":[{"taxonomy":"category","embeddable":true,"href":"https:\/\/cronicahd.ro\/index.php?rest_route=%2Fwp%2Fv2%2Fcategories&post=8127"},{"taxonomy":"post_tag","embeddable":true,"href":"https:\/\/cronicahd.ro\/index.php?rest_route=%2Fwp%2Fv2%2Ftags&post=8127"}],"curies":[{"name":"wp","href":"https:\/\/api.w.org\/{rel}","templated":true}]}}