{"id":8124,"date":"2026-04-21T06:23:51","date_gmt":"2026-04-21T06:23:51","guid":{"rendered":"https:\/\/cronicahd.ro\/?p=8124"},"modified":"2026-04-21T06:23:51","modified_gmt":"2026-04-21T06:23:51","slug":"iarna-in-plina-primavara","status":"publish","type":"post","link":"https:\/\/cronicahd.ro\/?p=8124","title":{"rendered":"Iarn\u0103, \u00een plin\u0103 prim\u0103var\u0103"},"content":{"rendered":"<p>&nbsp;<\/p>\n<p>E iarn\u0103 adev\u0103rat\u0103, cu z\u0103pad\u0103 depus\u0103 pe drum, \u00een zona \u00eenalt\u0103. Pe Transalpina \u0219i pe drumul spre Ob\u00e2r\u0219ia Lotrului, stratul de z\u0103pad\u0103 este, \u00een continuare, \u00eendep\u0103rtat de drumari.<\/p>\n<p>Potrivit DRDP Craiova, continu\u0103 lucr\u0103rile de \u00eendep\u0103rtare a z\u0103pezii de pe carosabil, pe DN 67C, \u00eentre R\u00e2nca \u0219i Ob\u00e2r\u0219ia Lotrului. \u201eAngaja\u021bii DRDP Craiova intervin cu utilajele pe acest drum montan \u0219i vor continua c\u00e2t timp condi\u021biile meteorologice permit c\u0103 acest tip de lucr\u0103ri s\u0103 se desf\u0103\u0219oare \u00een condi\u021bii de siguran\u021b\u0103\u201d, spun drumarii.<br \/>\nPe durata interven\u021biilor, circula\u021bia r\u0103m\u00e2ne \u00eenchis\u0103, iar conduc\u0103torii auto sunt sf\u0103tui\u021bi s\u0103 nu p\u0103trund\u0103 pe acest sector de drum. Exist\u0103 riscuri majore generate de condi\u021biile de iarn\u0103 \u0219i utilajele aflate \u00een lucru.<br \/>\nRedeschiderea circula\u021biei va fi posibil\u0103 doar dup\u0103 finalizarea lucr\u0103rilor.<br \/>\nPotrivit meteorologilor, exist\u0103 o aten\u021bionare moderat\u0103 pentru z\u0103pad\u0103\/ghea\u021b\u0103 \u00een zona jude\u021belor: Alba; Arge\u0219; Bac\u0103u; Bistri\u021ba-N\u0103s\u0103ud; Bra\u0219ov; Buz\u0103u; Cara\u0219-Severin; Cluj; Covasna; D\u00e2mbovi\u021ba; Gorj; Harghita; Hunedoara; Maramure\u0219; Mure\u0219; Neam\u021b; Prahova; Sibiu; Suceava; V\u00e2lcea; Vrancea. \u00cen general la altitudini de peste 1400 m, vor fi precipita\u021bii predominant sub form\u0103 de ninsoare. Ninsorile vor fi local \u00eensemnate cantitativ (10-25 l\/mp) \u0219i se va depune strat de z\u0103pad\u0103.<\/p>\n<p>Diana Mitrache<\/p>\n","protected":false},"excerpt":{"rendered":"<p>&nbsp; E iarn\u0103 adev\u0103rat\u0103, cu z\u0103pad\u0103 depus\u0103 pe drum, \u00een zona \u00eenalt\u0103. Pe Transalpina \u0219i&#8230;<\/p>\n","protected":false},"author":1,"featured_media":8125,"comment_status":"closed","ping_status":"closed","sticky":false,"template":"","format":"standard","meta":{"footnotes":""},"categories":[1,6],"tags":[],"class_list":["post-8124","post","type-post","status-publish","format-standard","has-post-thumbnail","hentry","category-actual","category-administratie"],"yoast_head":"<!-- This site is optimized with the Yoast SEO plugin v25.3.1 - https:\/\/yoast.com\/wordpress\/plugins\/seo\/ -->\n<title>Iarn\u0103, \u00een plin\u0103 prim\u0103var\u0103 -<\/title>\n<meta name=\"robots\" content=\"index, follow, max-snippet:-1, max-image-preview:large, max-video-preview:-1\" \/>\n<link rel=\"canonical\" href=\"https:\/\/cronicahd.ro\/?p=8124\" \/>\n<meta property=\"og:locale\" content=\"ro_RO\" \/>\n<meta property=\"og:type\" content=\"article\" \/>\n<meta property=\"og:title\" content=\"Iarn\u0103, \u00een plin\u0103 prim\u0103var\u0103 -\" \/>\n<meta property=\"og:description\" content=\"&nbsp; E iarn\u0103 adev\u0103rat\u0103, cu z\u0103pad\u0103 depus\u0103 pe drum, \u00een zona \u00eenalt\u0103. Pe Transalpina \u0219i...\" \/>\n<meta property=\"og:url\" content=\"https:\/\/cronicahd.ro\/?p=8124\" \/>\n<meta property=\"article:published_time\" content=\"2026-04-21T06:23:51+00:00\" \/>\n<meta property=\"og:image\" content=\"https:\/\/cronicahd.ro\/wp-content\/uploads\/2026\/04\/tr.jpg\" \/>\n\t<meta property=\"og:image:width\" content=\"949\" \/>\n\t<meta property=\"og:image:height\" content=\"608\" \/>\n\t<meta property=\"og:image:type\" content=\"image\/jpeg\" \/>\n<meta name=\"author\" content=\"admin\" \/>\n<meta name=\"twitter:card\" content=\"summary_large_image\" \/>\n<meta name=\"twitter:label1\" content=\"Scris de\" \/>\n\t<meta name=\"twitter:data1\" content=\"admin\" \/>\n\t<meta name=\"twitter:label2\" content=\"Timp estimat pentru citire\" \/>\n\t<meta name=\"twitter:data2\" content=\"2 minute\" \/>\n<script type=\"application\/ld+json\" class=\"yoast-schema-graph\">{\"@context\":\"https:\/\/schema.org\",\"@graph\":[{\"@type\":\"WebPage\",\"@id\":\"https:\/\/cronicahd.ro\/?p=8124\",\"url\":\"https:\/\/cronicahd.ro\/?p=8124\",\"name\":\"Iarn\u0103, \u00een plin\u0103 prim\u0103var\u0103 -\",\"isPartOf\":{\"@id\":\"https:\/\/cronicahd.ro\/#website\"},\"primaryImageOfPage\":{\"@id\":\"https:\/\/cronicahd.ro\/?p=8124#primaryimage\"},\"image\":{\"@id\":\"https:\/\/cronicahd.ro\/?p=8124#primaryimage\"},\"thumbnailUrl\":\"https:\/\/cronicahd.ro\/wp-content\/uploads\/2026\/04\/tr.jpg\",\"datePublished\":\"2026-04-21T06:23:51+00:00\",\"author\":{\"@id\":\"https:\/\/cronicahd.ro\/#\/schema\/person\/d1a1277a8cd166610328e17aaf58bf46\"},\"breadcrumb\":{\"@id\":\"https:\/\/cronicahd.ro\/?p=8124#breadcrumb\"},\"inLanguage\":\"ro-RO\",\"potentialAction\":[{\"@type\":\"ReadAction\",\"target\":[\"https:\/\/cronicahd.ro\/?p=8124\"]}]},{\"@type\":\"ImageObject\",\"inLanguage\":\"ro-RO\",\"@id\":\"https:\/\/cronicahd.ro\/?p=8124#primaryimage\",\"url\":\"https:\/\/cronicahd.ro\/wp-content\/uploads\/2026\/04\/tr.jpg\",\"contentUrl\":\"https:\/\/cronicahd.ro\/wp-content\/uploads\/2026\/04\/tr.jpg\",\"width\":949,\"height\":608},{\"@type\":\"BreadcrumbList\",\"@id\":\"https:\/\/cronicahd.ro\/?p=8124#breadcrumb\",\"itemListElement\":[{\"@type\":\"ListItem\",\"position\":1,\"name\":\"Prima pagin\u0103\",\"item\":\"https:\/\/cronicahd.ro\/\"},{\"@type\":\"ListItem\",\"position\":2,\"name\":\"Iarn\u0103, \u00een plin\u0103 prim\u0103var\u0103\"}]},{\"@type\":\"WebSite\",\"@id\":\"https:\/\/cronicahd.ro\/#website\",\"url\":\"https:\/\/cronicahd.ro\/\",\"name\":\"\",\"description\":\"\",\"potentialAction\":[{\"@type\":\"SearchAction\",\"target\":{\"@type\":\"EntryPoint\",\"urlTemplate\":\"https:\/\/cronicahd.ro\/?s={search_term_string}\"},\"query-input\":{\"@type\":\"PropertyValueSpecification\",\"valueRequired\":true,\"valueName\":\"search_term_string\"}}],\"inLanguage\":\"ro-RO\"},{\"@type\":\"Person\",\"@id\":\"https:\/\/cronicahd.ro\/#\/schema\/person\/d1a1277a8cd166610328e17aaf58bf46\",\"name\":\"admin\",\"image\":{\"@type\":\"ImageObject\",\"inLanguage\":\"ro-RO\",\"@id\":\"https:\/\/cronicahd.ro\/#\/schema\/person\/image\/\",\"url\":\"https:\/\/secure.gravatar.com\/avatar\/24700337280d10898c2e0d19d44a05316bff9fccc941ecc5570ffe41668203f7?s=96&d=mm&r=g\",\"contentUrl\":\"https:\/\/secure.gravatar.com\/avatar\/24700337280d10898c2e0d19d44a05316bff9fccc941ecc5570ffe41668203f7?s=96&d=mm&r=g\",\"caption\":\"admin\"},\"sameAs\":[\"https:\/\/cronicavj.ro\"],\"url\":\"https:\/\/cronicahd.ro\/?author=1\"}]}<\/script>\n<!-- \/ Yoast SEO plugin. -->","yoast_head_json":{"title":"Iarn\u0103, \u00een plin\u0103 prim\u0103var\u0103 -","robots":{"index":"index","follow":"follow","max-snippet":"max-snippet:-1","max-image-preview":"max-image-preview:large","max-video-preview":"max-video-preview:-1"},"canonical":"https:\/\/cronicahd.ro\/?p=8124","og_locale":"ro_RO","og_type":"article","og_title":"Iarn\u0103, \u00een plin\u0103 prim\u0103var\u0103 -","og_description":"&nbsp; E iarn\u0103 adev\u0103rat\u0103, cu z\u0103pad\u0103 depus\u0103 pe drum, \u00een zona \u00eenalt\u0103. Pe Transalpina \u0219i...","og_url":"https:\/\/cronicahd.ro\/?p=8124","article_published_time":"2026-04-21T06:23:51+00:00","og_image":[{"width":949,"height":608,"url":"https:\/\/cronicahd.ro\/wp-content\/uploads\/2026\/04\/tr.jpg","type":"image\/jpeg"}],"author":"admin","twitter_card":"summary_large_image","twitter_misc":{"Scris de":"admin","Timp estimat pentru citire":"2 minute"},"schema":{"@context":"https:\/\/schema.org","@graph":[{"@type":"WebPage","@id":"https:\/\/cronicahd.ro\/?p=8124","url":"https:\/\/cronicahd.ro\/?p=8124","name":"Iarn\u0103, \u00een plin\u0103 prim\u0103var\u0103 -","isPartOf":{"@id":"https:\/\/cronicahd.ro\/#website"},"primaryImageOfPage":{"@id":"https:\/\/cronicahd.ro\/?p=8124#primaryimage"},"image":{"@id":"https:\/\/cronicahd.ro\/?p=8124#primaryimage"},"thumbnailUrl":"https:\/\/cronicahd.ro\/wp-content\/uploads\/2026\/04\/tr.jpg","datePublished":"2026-04-21T06:23:51+00:00","author":{"@id":"https:\/\/cronicahd.ro\/#\/schema\/person\/d1a1277a8cd166610328e17aaf58bf46"},"breadcrumb":{"@id":"https:\/\/cronicahd.ro\/?p=8124#breadcrumb"},"inLanguage":"ro-RO","potentialAction":[{"@type":"ReadAction","target":["https:\/\/cronicahd.ro\/?p=8124"]}]},{"@type":"ImageObject","inLanguage":"ro-RO","@id":"https:\/\/cronicahd.ro\/?p=8124#primaryimage","url":"https:\/\/cronicahd.ro\/wp-content\/uploads\/2026\/04\/tr.jpg","contentUrl":"https:\/\/cronicahd.ro\/wp-content\/uploads\/2026\/04\/tr.jpg","width":949,"height":608},{"@type":"BreadcrumbList","@id":"https:\/\/cronicahd.ro\/?p=8124#breadcrumb","itemListElement":[{"@type":"ListItem","position":1,"name":"Prima pagin\u0103","item":"https:\/\/cronicahd.ro\/"},{"@type":"ListItem","position":2,"name":"Iarn\u0103, \u00een plin\u0103 prim\u0103var\u0103"}]},{"@type":"WebSite","@id":"https:\/\/cronicahd.ro\/#website","url":"https:\/\/cronicahd.ro\/","name":"","description":"","potentialAction":[{"@type":"SearchAction","target":{"@type":"EntryPoint","urlTemplate":"https:\/\/cronicahd.ro\/?s={search_term_string}"},"query-input":{"@type":"PropertyValueSpecification","valueRequired":true,"valueName":"search_term_string"}}],"inLanguage":"ro-RO"},{"@type":"Person","@id":"https:\/\/cronicahd.ro\/#\/schema\/person\/d1a1277a8cd166610328e17aaf58bf46","name":"admin","image":{"@type":"ImageObject","inLanguage":"ro-RO","@id":"https:\/\/cronicahd.ro\/#\/schema\/person\/image\/","url":"https:\/\/secure.gravatar.com\/avatar\/24700337280d10898c2e0d19d44a05316bff9fccc941ecc5570ffe41668203f7?s=96&d=mm&r=g","contentUrl":"https:\/\/secure.gravatar.com\/avatar\/24700337280d10898c2e0d19d44a05316bff9fccc941ecc5570ffe41668203f7?s=96&d=mm&r=g","caption":"admin"},"sameAs":["https:\/\/cronicavj.ro"],"url":"https:\/\/cronicahd.ro\/?author=1"}]}},"_links":{"self":[{"href":"https:\/\/cronicahd.ro\/index.php?rest_route=\/wp\/v2\/posts\/8124","targetHints":{"allow":["GET"]}}],"collection":[{"href":"https:\/\/cronicahd.ro\/index.php?rest_route=\/wp\/v2\/posts"}],"about":[{"href":"https:\/\/cronicahd.ro\/index.php?rest_route=\/wp\/v2\/types\/post"}],"author":[{"embeddable":true,"href":"https:\/\/cronicahd.ro\/index.php?rest_route=\/wp\/v2\/users\/1"}],"replies":[{"embeddable":true,"href":"https:\/\/cronicahd.ro\/index.php?rest_route=%2Fwp%2Fv2%2Fcomments&post=8124"}],"version-history":[{"count":1,"href":"https:\/\/cronicahd.ro\/index.php?rest_route=\/wp\/v2\/posts\/8124\/revisions"}],"predecessor-version":[{"id":8126,"href":"https:\/\/cronicahd.ro\/index.php?rest_route=\/wp\/v2\/posts\/8124\/revisions\/8126"}],"wp:featuredmedia":[{"embeddable":true,"href":"https:\/\/cronicahd.ro\/index.php?rest_route=\/wp\/v2\/media\/8125"}],"wp:attachment":[{"href":"https:\/\/cronicahd.ro\/index.php?rest_route=%2Fwp%2Fv2%2Fmedia&parent=8124"}],"wp:term":[{"taxonomy":"category","embeddable":true,"href":"https:\/\/cronicahd.ro\/index.php?rest_route=%2Fwp%2Fv2%2Fcategories&post=8124"},{"taxonomy":"post_tag","embeddable":true,"href":"https:\/\/cronicahd.ro\/index.php?rest_route=%2Fwp%2Fv2%2Ftags&post=8124"}],"curies":[{"name":"wp","href":"https:\/\/api.w.org\/{rel}","templated":true}]}}