{"id":8121,"date":"2026-04-21T06:23:11","date_gmt":"2026-04-21T06:23:11","guid":{"rendered":"https:\/\/cronicahd.ro\/?p=8121"},"modified":"2026-04-21T06:23:11","modified_gmt":"2026-04-21T06:23:11","slug":"proiect-pentru-liliecii-din-defileul-jiului","status":"publish","type":"post","link":"https:\/\/cronicahd.ro\/?p=8121","title":{"rendered":"Proiect pentru liliecii din Defileul Jiului"},"content":{"rendered":"<p>&nbsp;<\/p>\n<p>\u201eLiliecii din defilee: pove\u0219ti nocturne \u00een arii naturale protejate\u201d este titlul unui proiect ce vizeaz\u0103 \u0219i parcul natural Defileul Jiului, care se va implementa \u00een perioada 16 aprilie \u2013 15 septembrie, \u00een cadrul Programului Spa\u021bii Verzi \u2013 Componenta Arii Naturale Protejate.<br \/>\nCei care au \u00een plan acest proiect vor ca, p\u00e2n\u0103 \u00een toamn\u0103, s\u0103 ajute la \u00eembun\u0103t\u0103\u021birea conserv\u0103rii acestor specii, prin implicarea comunit\u0103\u021bilor locale \u00een activit\u0103\u021bi de educa\u021bie ecologic\u0103 \u0219i con\u0219tientizare privind rolul liliecilor \u00een ecosisteme. Vor fi implica\u021bi \u0219i elevii, care chiar vor construi ad\u0103posturi pentru aceste viet\u0103\u021bi nocturne.<br \/>\n\u201ePe parcursul celor cinci luni de implementare, proiectul va include o serie de activit\u0103\u021bi dedicate elevilor, profesorilor, vizitatorilor \u0219i publicului larg, printre care: organizarea evenimentelor \u201e\ud835\udc0d\ud835\udc28\ud835\udc1a\ud835\udc29\ud835\udc2d\ud835\udc1e\ud835\udc1a \ud835\udc08\ud835\udc27\ud835\udc2d\ud835\udc1e\ud835\udc2b\ud835\udc27\ud835\udc1a\u021b\ud835\udc22\ud835\udc28\ud835\udc27\ud835\udc1a\ud835\udc25\u0103 \ud835\udc1a \ud835\udc0b\ud835\udc22\ud835\udc25\ud835\udc22\ud835\udc1e\ud835\udc1c\ud835\udc22\ud835\udc25\ud835\udc28\ud835\udc2b\u201d \u00een cele dou\u0103 arii naturale protejate;<br \/>\norganizarea a \ud835\udc29\ud835\udc1a\ud835\udc2d\ud835\udc2b\ud835\udc2e \ud835\udc1e\ud835\udc31\ud835\udc1c\ud835\udc2e\ud835\udc2b\ud835\udc2c\ud835\udc22\ud835\udc22 \ud835\udc2d\ud835\udc1e\ud835\udc26\ud835\udc1a\ud835\udc2d\ud835\udc22\ud835\udc1c\ud835\udc1e \ud835\udc29\ud835\udc1e\ud835\udc27\ud835\udc2d\ud835\udc2b\ud835\udc2e \ud835\udc1e\ud835\udc25\ud835\udc1e\ud835\udc2f\ud835\udc22 \ud835\udc1d\ud835\udc22\ud835\udc27 \ud835\udc1c\ud835\udc1e\ud835\udc25\ud835\udc1e \ud835\udc1d\ud835\udc28\ud835\udc2e\u0103 \ud835\udc1a\ud835\udc2b\ud835\udc22\ud835\udc22 \ud835\udc27\ud835\udc1a\ud835\udc2d\ud835\udc2e\ud835\udc2b\ud835\udc1a\ud835\udc25\ud835\udc1e \ud835\udc29\ud835\udc2b\ud835\udc28\ud835\udc2d\ud835\udc1e\ud835\udc23\ud835\udc1a\ud835\udc2d\ud835\udc1e; organizarea a \ud835\udc1d\ud835\udc28\ud835\udc2e\u0103 \ud835\udc30\ud835\udc28\ud835\udc2b\ud835\udc24\ud835\udc2c\ud835\udc21\ud835\udc28\ud835\udc29\ud835\udc2e\ud835\udc2b\ud835\udc22 \ud835\udc29\ud835\udc1e\ud835\udc27\ud835\udc2d\ud835\udc2b\ud835\udc2e \ud835\udc1c\ud835\udc1a\ud835\udc1d\ud835\udc2b\ud835\udc1e \ud835\udc1d\ud835\udc22\ud835\udc1d\ud835\udc1a\ud835\udc1c\ud835\udc2d\ud835\udc22\ud835\udc1c\ud835\udc1e dedicate programului \u201eS\u0103pt\u0103m\u00e2na Verde\u201d;<br \/>\n\u2022amplasarea de \ud835\udc1a\ud835\udc1d\u0103\ud835\udc29\ud835\udc28\ud835\udc2c\ud835\udc2d\ud835\udc2e\ud835\udc2b\ud835\udc22 (\ud835\udc1c\u0103\ud835\udc2c\ud835\udc2e\u021b\ud835\udc1e) \ud835\udc1a\ud835\udc2b\ud835\udc2d\ud835\udc22\ud835\udc1f\ud835\udc22\ud835\udc1c\ud835\udc22\ud835\udc1a\ud835\udc25\ud835\udc1e \ud835\udc29\ud835\udc1e\ud835\udc27\ud835\udc2d\ud835\udc2b\ud835\udc2e \ud835\udc25\ud835\udc22\ud835\udc25\ud835\udc22\ud835\udc1e\ud835\udc1c\ud835\udc22 \u0219i \ud835\udc29\ud835\udc1a\ud835\udc27\ud835\udc28\ud835\udc2e\ud835\udc2b\ud835\udc22 \ud835\udc22\ud835\udc27\ud835\udc1f\ud835\udc28\ud835\udc2b\ud835\udc26\ud835\udc1a\ud835\udc2d\ud835\udc22\ud835\udc2f\ud835\udc1e \u00een Parcul Na\u021bional Defileul Jiului; realizarea unui \ud835\udc02\ud835\udc28\ud835\udc25\u021b \ud835\udc08\ud835\udc27\ud835\udc2d\ud835\udc1e\ud835\udc2b\ud835\udc1a\ud835\udc1c\ud835\udc2d\ud835\udc22\ud835\udc2f \ud835\udc1d\ud835\udc1e\ud835\udc1d\ud835\udc22\ud835\udc1c\ud835\udc1a\ud835\udc2d \ud835\udc25\ud835\udc22\ud835\udc25\ud835\udc22\ud835\udc1e\ud835\udc1c\ud835\udc22\ud835\udc25\ud835\udc28\ud835\udc2b \u00een Centrul de Vizitare al Parcului Natural Por\u021bile de Fier; activit\u0103\u021bi de informare \u0219i promovare online \u0219i offline dedicate publicului larg\u201d, spun cei din Parcul Natural Defileul Jiului.<br \/>\nBeneficiarii direc\u021bi ai proiectului sunt elevii \u0219i profesorii din comunit\u0103\u021bile locale din cele dou\u0103 arii naturale protejate, vizitatorii centrelor de vizitare ale parcurilor, turi\u0219tii \u0219i publicul larg interesat de natur\u0103 \u0219i protec\u021bia mediului.<br \/>\nValoarea finan\u021b\u0103rii solicitate pentru implementarea proiectului este de \ud835\udfd1\ud835\udfd7.\ud835\udfd7\ud835\udfce\ud835\udfd5,\ud835\udfd3\ud835\udfce \ud835\udc25\ud835\udc1e\ud835\udc22.<br \/>\nProiectul contribuie la dezvoltarea educa\u021biei pentru mediu \u0219i la promovarea unui comportament responsabil fa\u021b\u0103 de natur\u0103, sus\u021bin\u00e2nd conservarea speciilor de lilieci \u0219i a habitatelor acestora, mai spun cei care implementeaz\u0103 proiectul.<\/p>\n<p>Diana Mitrache<br \/>\nfoto RROltenia<\/p>\n<p>&nbsp;<\/p>\n","protected":false},"excerpt":{"rendered":"<p>&nbsp; \u201eLiliecii din defilee: pove\u0219ti nocturne \u00een arii naturale protejate\u201d este titlul unui proiect ce&#8230;<\/p>\n","protected":false},"author":1,"featured_media":8122,"comment_status":"closed","ping_status":"closed","sticky":false,"template":"","format":"standard","meta":{"footnotes":""},"categories":[1,13],"tags":[],"class_list":["post-8121","post","type-post","status-publish","format-standard","has-post-thumbnail","hentry","category-actual","category-diverse"],"yoast_head":"<!-- This site is optimized with the Yoast SEO plugin v25.3.1 - https:\/\/yoast.com\/wordpress\/plugins\/seo\/ -->\n<title>Proiect pentru liliecii din Defileul Jiului -<\/title>\n<meta name=\"robots\" content=\"index, follow, max-snippet:-1, max-image-preview:large, max-video-preview:-1\" \/>\n<link rel=\"canonical\" href=\"https:\/\/cronicahd.ro\/?p=8121\" \/>\n<meta property=\"og:locale\" content=\"ro_RO\" \/>\n<meta property=\"og:type\" content=\"article\" \/>\n<meta property=\"og:title\" content=\"Proiect pentru liliecii din Defileul Jiului -\" \/>\n<meta property=\"og:description\" content=\"&nbsp; \u201eLiliecii din defilee: pove\u0219ti nocturne \u00een arii naturale protejate\u201d este titlul unui proiect ce...\" \/>\n<meta property=\"og:url\" content=\"https:\/\/cronicahd.ro\/?p=8121\" \/>\n<meta property=\"article:published_time\" content=\"2026-04-21T06:23:11+00:00\" \/>\n<meta property=\"og:image\" content=\"https:\/\/cronicahd.ro\/wp-content\/uploads\/2026\/04\/lili.jpg\" \/>\n\t<meta property=\"og:image:width\" content=\"299\" \/>\n\t<meta property=\"og:image:height\" content=\"168\" \/>\n\t<meta property=\"og:image:type\" content=\"image\/jpeg\" \/>\n<meta name=\"author\" content=\"admin\" \/>\n<meta name=\"twitter:card\" content=\"summary_large_image\" \/>\n<meta name=\"twitter:label1\" content=\"Scris de\" \/>\n\t<meta name=\"twitter:data1\" content=\"admin\" \/>\n\t<meta name=\"twitter:label2\" content=\"Timp estimat pentru citire\" \/>\n\t<meta name=\"twitter:data2\" content=\"2 minute\" \/>\n<script type=\"application\/ld+json\" class=\"yoast-schema-graph\">{\"@context\":\"https:\/\/schema.org\",\"@graph\":[{\"@type\":\"WebPage\",\"@id\":\"https:\/\/cronicahd.ro\/?p=8121\",\"url\":\"https:\/\/cronicahd.ro\/?p=8121\",\"name\":\"Proiect pentru liliecii din Defileul Jiului -\",\"isPartOf\":{\"@id\":\"https:\/\/cronicahd.ro\/#website\"},\"primaryImageOfPage\":{\"@id\":\"https:\/\/cronicahd.ro\/?p=8121#primaryimage\"},\"image\":{\"@id\":\"https:\/\/cronicahd.ro\/?p=8121#primaryimage\"},\"thumbnailUrl\":\"https:\/\/cronicahd.ro\/wp-content\/uploads\/2026\/04\/lili.jpg\",\"datePublished\":\"2026-04-21T06:23:11+00:00\",\"author\":{\"@id\":\"https:\/\/cronicahd.ro\/#\/schema\/person\/d1a1277a8cd166610328e17aaf58bf46\"},\"breadcrumb\":{\"@id\":\"https:\/\/cronicahd.ro\/?p=8121#breadcrumb\"},\"inLanguage\":\"ro-RO\",\"potentialAction\":[{\"@type\":\"ReadAction\",\"target\":[\"https:\/\/cronicahd.ro\/?p=8121\"]}]},{\"@type\":\"ImageObject\",\"inLanguage\":\"ro-RO\",\"@id\":\"https:\/\/cronicahd.ro\/?p=8121#primaryimage\",\"url\":\"https:\/\/cronicahd.ro\/wp-content\/uploads\/2026\/04\/lili.jpg\",\"contentUrl\":\"https:\/\/cronicahd.ro\/wp-content\/uploads\/2026\/04\/lili.jpg\",\"width\":299,\"height\":168},{\"@type\":\"BreadcrumbList\",\"@id\":\"https:\/\/cronicahd.ro\/?p=8121#breadcrumb\",\"itemListElement\":[{\"@type\":\"ListItem\",\"position\":1,\"name\":\"Prima pagin\u0103\",\"item\":\"https:\/\/cronicahd.ro\/\"},{\"@type\":\"ListItem\",\"position\":2,\"name\":\"Proiect pentru liliecii din Defileul Jiului\"}]},{\"@type\":\"WebSite\",\"@id\":\"https:\/\/cronicahd.ro\/#website\",\"url\":\"https:\/\/cronicahd.ro\/\",\"name\":\"\",\"description\":\"\",\"potentialAction\":[{\"@type\":\"SearchAction\",\"target\":{\"@type\":\"EntryPoint\",\"urlTemplate\":\"https:\/\/cronicahd.ro\/?s={search_term_string}\"},\"query-input\":{\"@type\":\"PropertyValueSpecification\",\"valueRequired\":true,\"valueName\":\"search_term_string\"}}],\"inLanguage\":\"ro-RO\"},{\"@type\":\"Person\",\"@id\":\"https:\/\/cronicahd.ro\/#\/schema\/person\/d1a1277a8cd166610328e17aaf58bf46\",\"name\":\"admin\",\"image\":{\"@type\":\"ImageObject\",\"inLanguage\":\"ro-RO\",\"@id\":\"https:\/\/cronicahd.ro\/#\/schema\/person\/image\/\",\"url\":\"https:\/\/secure.gravatar.com\/avatar\/24700337280d10898c2e0d19d44a05316bff9fccc941ecc5570ffe41668203f7?s=96&d=mm&r=g\",\"contentUrl\":\"https:\/\/secure.gravatar.com\/avatar\/24700337280d10898c2e0d19d44a05316bff9fccc941ecc5570ffe41668203f7?s=96&d=mm&r=g\",\"caption\":\"admin\"},\"sameAs\":[\"https:\/\/cronicavj.ro\"],\"url\":\"https:\/\/cronicahd.ro\/?author=1\"}]}<\/script>\n<!-- \/ Yoast SEO plugin. -->","yoast_head_json":{"title":"Proiect pentru liliecii din Defileul Jiului -","robots":{"index":"index","follow":"follow","max-snippet":"max-snippet:-1","max-image-preview":"max-image-preview:large","max-video-preview":"max-video-preview:-1"},"canonical":"https:\/\/cronicahd.ro\/?p=8121","og_locale":"ro_RO","og_type":"article","og_title":"Proiect pentru liliecii din Defileul Jiului -","og_description":"&nbsp; \u201eLiliecii din defilee: pove\u0219ti nocturne \u00een arii naturale protejate\u201d este titlul unui proiect ce...","og_url":"https:\/\/cronicahd.ro\/?p=8121","article_published_time":"2026-04-21T06:23:11+00:00","og_image":[{"width":299,"height":168,"url":"https:\/\/cronicahd.ro\/wp-content\/uploads\/2026\/04\/lili.jpg","type":"image\/jpeg"}],"author":"admin","twitter_card":"summary_large_image","twitter_misc":{"Scris de":"admin","Timp estimat pentru citire":"2 minute"},"schema":{"@context":"https:\/\/schema.org","@graph":[{"@type":"WebPage","@id":"https:\/\/cronicahd.ro\/?p=8121","url":"https:\/\/cronicahd.ro\/?p=8121","name":"Proiect pentru liliecii din Defileul Jiului -","isPartOf":{"@id":"https:\/\/cronicahd.ro\/#website"},"primaryImageOfPage":{"@id":"https:\/\/cronicahd.ro\/?p=8121#primaryimage"},"image":{"@id":"https:\/\/cronicahd.ro\/?p=8121#primaryimage"},"thumbnailUrl":"https:\/\/cronicahd.ro\/wp-content\/uploads\/2026\/04\/lili.jpg","datePublished":"2026-04-21T06:23:11+00:00","author":{"@id":"https:\/\/cronicahd.ro\/#\/schema\/person\/d1a1277a8cd166610328e17aaf58bf46"},"breadcrumb":{"@id":"https:\/\/cronicahd.ro\/?p=8121#breadcrumb"},"inLanguage":"ro-RO","potentialAction":[{"@type":"ReadAction","target":["https:\/\/cronicahd.ro\/?p=8121"]}]},{"@type":"ImageObject","inLanguage":"ro-RO","@id":"https:\/\/cronicahd.ro\/?p=8121#primaryimage","url":"https:\/\/cronicahd.ro\/wp-content\/uploads\/2026\/04\/lili.jpg","contentUrl":"https:\/\/cronicahd.ro\/wp-content\/uploads\/2026\/04\/lili.jpg","width":299,"height":168},{"@type":"BreadcrumbList","@id":"https:\/\/cronicahd.ro\/?p=8121#breadcrumb","itemListElement":[{"@type":"ListItem","position":1,"name":"Prima pagin\u0103","item":"https:\/\/cronicahd.ro\/"},{"@type":"ListItem","position":2,"name":"Proiect pentru liliecii din Defileul Jiului"}]},{"@type":"WebSite","@id":"https:\/\/cronicahd.ro\/#website","url":"https:\/\/cronicahd.ro\/","name":"","description":"","potentialAction":[{"@type":"SearchAction","target":{"@type":"EntryPoint","urlTemplate":"https:\/\/cronicahd.ro\/?s={search_term_string}"},"query-input":{"@type":"PropertyValueSpecification","valueRequired":true,"valueName":"search_term_string"}}],"inLanguage":"ro-RO"},{"@type":"Person","@id":"https:\/\/cronicahd.ro\/#\/schema\/person\/d1a1277a8cd166610328e17aaf58bf46","name":"admin","image":{"@type":"ImageObject","inLanguage":"ro-RO","@id":"https:\/\/cronicahd.ro\/#\/schema\/person\/image\/","url":"https:\/\/secure.gravatar.com\/avatar\/24700337280d10898c2e0d19d44a05316bff9fccc941ecc5570ffe41668203f7?s=96&d=mm&r=g","contentUrl":"https:\/\/secure.gravatar.com\/avatar\/24700337280d10898c2e0d19d44a05316bff9fccc941ecc5570ffe41668203f7?s=96&d=mm&r=g","caption":"admin"},"sameAs":["https:\/\/cronicavj.ro"],"url":"https:\/\/cronicahd.ro\/?author=1"}]}},"_links":{"self":[{"href":"https:\/\/cronicahd.ro\/index.php?rest_route=\/wp\/v2\/posts\/8121","targetHints":{"allow":["GET"]}}],"collection":[{"href":"https:\/\/cronicahd.ro\/index.php?rest_route=\/wp\/v2\/posts"}],"about":[{"href":"https:\/\/cronicahd.ro\/index.php?rest_route=\/wp\/v2\/types\/post"}],"author":[{"embeddable":true,"href":"https:\/\/cronicahd.ro\/index.php?rest_route=\/wp\/v2\/users\/1"}],"replies":[{"embeddable":true,"href":"https:\/\/cronicahd.ro\/index.php?rest_route=%2Fwp%2Fv2%2Fcomments&post=8121"}],"version-history":[{"count":1,"href":"https:\/\/cronicahd.ro\/index.php?rest_route=\/wp\/v2\/posts\/8121\/revisions"}],"predecessor-version":[{"id":8123,"href":"https:\/\/cronicahd.ro\/index.php?rest_route=\/wp\/v2\/posts\/8121\/revisions\/8123"}],"wp:featuredmedia":[{"embeddable":true,"href":"https:\/\/cronicahd.ro\/index.php?rest_route=\/wp\/v2\/media\/8122"}],"wp:attachment":[{"href":"https:\/\/cronicahd.ro\/index.php?rest_route=%2Fwp%2Fv2%2Fmedia&parent=8121"}],"wp:term":[{"taxonomy":"category","embeddable":true,"href":"https:\/\/cronicahd.ro\/index.php?rest_route=%2Fwp%2Fv2%2Fcategories&post=8121"},{"taxonomy":"post_tag","embeddable":true,"href":"https:\/\/cronicahd.ro\/index.php?rest_route=%2Fwp%2Fv2%2Ftags&post=8121"}],"curies":[{"name":"wp","href":"https:\/\/api.w.org\/{rel}","templated":true}]}}