{"id":8118,"date":"2026-04-21T06:22:27","date_gmt":"2026-04-21T06:22:27","guid":{"rendered":"https:\/\/cronicahd.ro\/?p=8118"},"modified":"2026-04-21T06:22:27","modified_gmt":"2026-04-21T06:22:27","slug":"ministrul-cseke-attila-a-vorbit-de-cresa-din-petrosani","status":"publish","type":"post","link":"https:\/\/cronicahd.ro\/?p=8118","title":{"rendered":"Ministrul Cseke Attila a vorbit de cre\u0219a din Petro\u0219ani"},"content":{"rendered":"<p>&nbsp;<\/p>\n<p>Venit s\u0103 inaugureze o cre\u0219\u0103 \u00een jude\u021bul nostru, ministrul Dezvolt\u0103rii Cseke Attila a promis c\u0103 va reveni \u0219i la inaugurarea cre\u0219ei de la Petro\u0219ani, una dintre cele 100 care vor fi func\u021bionale, p\u00e2n\u0103 la jum\u0103tatea acestui an.<\/p>\n<p>\u201eProgramul guvernamental de construire cre\u0219e Sf\u00e2nta Ana merge mai departe. S\u0103pt\u0103m\u00e2na viitoare, vom inaugura dou\u0103 cre\u0219e \u00een Suceava, apoi va urma Calafat, apoi Cluj, Oradea \u0219i apoi sper\u0103m s\u0103 ne vedem s\u0103n\u0103to\u0219i la Petro\u0219ani \u0219i Or\u0103\u0219tie. Undeva la mijlocul anului vrem s\u0103 ajungem la 100 de cre\u0219e finalizate. Programele merg mai departe, urm\u00e2nd s\u0103 fie finan\u021bate de stat\u201d, a spus ministrul Dezvolt\u0103rii, Lucr\u0103rilor Publice \u0219i Administra\u021biei, Cseke Attila, la S\u00e2nt\u0103m\u0103ria Orlea, acolo unde a inaugurat luni cre\u0219a cu num\u0103rul 65, un obiectiv realizat \u00een cadrul Programului \u201eSf\u00e2nta Ana\u201d, finan\u021bat prin PNRR.<br \/>\nConstruc\u021bia a fost \u00eenceput\u0103 de mai mul\u021bi ani \u0219i se afl\u0103 \u00een zona minei Livezeni. Cre\u0219a este construit\u0103 de Compania Na\u021bional\u0103 de Investi\u021bii \u0219i va fi una modern\u0103 \u0219i total adaptat\u0103 cerin\u021belor unor copii care au sub 3 ani.<br \/>\nAutoriza\u021bia de construc\u021bie a fost eliberat\u0103 \u00een anul 2023 \u0219i tot atunci au \u00eenceput \u0219i lucr\u0103rile.<br \/>\nCei de la I\u0218J spun c\u0103 sunt gata s\u0103 fac\u0103 demersurile pentru a angaja personalul care va lucra aici cu copiii, iar inaugurarea obiectivului ar putea fi posibil\u0103 \u00eenainte de noul an \u0219colar, din toamn\u0103.<br \/>\nDiana Mitrache<\/p>\n","protected":false},"excerpt":{"rendered":"<p>&nbsp; Venit s\u0103 inaugureze o cre\u0219\u0103 \u00een jude\u021bul nostru, ministrul Dezvolt\u0103rii Cseke Attila a promis&#8230;<\/p>\n","protected":false},"author":1,"featured_media":8119,"comment_status":"closed","ping_status":"closed","sticky":false,"template":"","format":"standard","meta":{"footnotes":""},"categories":[1,16],"tags":[],"class_list":["post-8118","post","type-post","status-publish","format-standard","has-post-thumbnail","hentry","category-actual","category-politic"],"yoast_head":"<!-- This site is optimized with the Yoast SEO plugin v25.3.1 - https:\/\/yoast.com\/wordpress\/plugins\/seo\/ -->\n<title>Ministrul Cseke Attila a vorbit de cre\u0219a din Petro\u0219ani -<\/title>\n<meta name=\"robots\" content=\"index, follow, max-snippet:-1, max-image-preview:large, max-video-preview:-1\" \/>\n<link rel=\"canonical\" href=\"https:\/\/cronicahd.ro\/?p=8118\" \/>\n<meta property=\"og:locale\" content=\"ro_RO\" \/>\n<meta property=\"og:type\" content=\"article\" \/>\n<meta property=\"og:title\" content=\"Ministrul Cseke Attila a vorbit de cre\u0219a din Petro\u0219ani -\" \/>\n<meta property=\"og:description\" content=\"&nbsp; Venit s\u0103 inaugureze o cre\u0219\u0103 \u00een jude\u021bul nostru, ministrul Dezvolt\u0103rii Cseke Attila a promis...\" \/>\n<meta property=\"og:url\" content=\"https:\/\/cronicahd.ro\/?p=8118\" \/>\n<meta property=\"article:published_time\" content=\"2026-04-21T06:22:27+00:00\" \/>\n<meta property=\"og:image\" content=\"https:\/\/cronicahd.ro\/wp-content\/uploads\/2026\/04\/pr.jpg\" \/>\n\t<meta property=\"og:image:width\" content=\"2048\" \/>\n\t<meta property=\"og:image:height\" content=\"1639\" \/>\n\t<meta property=\"og:image:type\" content=\"image\/jpeg\" \/>\n<meta name=\"author\" content=\"admin\" \/>\n<meta name=\"twitter:card\" content=\"summary_large_image\" \/>\n<meta name=\"twitter:label1\" content=\"Scris de\" \/>\n\t<meta name=\"twitter:data1\" content=\"admin\" \/>\n\t<meta name=\"twitter:label2\" content=\"Timp estimat pentru citire\" \/>\n\t<meta name=\"twitter:data2\" content=\"2 minute\" \/>\n<script type=\"application\/ld+json\" class=\"yoast-schema-graph\">{\"@context\":\"https:\/\/schema.org\",\"@graph\":[{\"@type\":\"WebPage\",\"@id\":\"https:\/\/cronicahd.ro\/?p=8118\",\"url\":\"https:\/\/cronicahd.ro\/?p=8118\",\"name\":\"Ministrul Cseke Attila a vorbit de cre\u0219a din Petro\u0219ani -\",\"isPartOf\":{\"@id\":\"https:\/\/cronicahd.ro\/#website\"},\"primaryImageOfPage\":{\"@id\":\"https:\/\/cronicahd.ro\/?p=8118#primaryimage\"},\"image\":{\"@id\":\"https:\/\/cronicahd.ro\/?p=8118#primaryimage\"},\"thumbnailUrl\":\"https:\/\/cronicahd.ro\/wp-content\/uploads\/2026\/04\/pr.jpg\",\"datePublished\":\"2026-04-21T06:22:27+00:00\",\"author\":{\"@id\":\"https:\/\/cronicahd.ro\/#\/schema\/person\/d1a1277a8cd166610328e17aaf58bf46\"},\"breadcrumb\":{\"@id\":\"https:\/\/cronicahd.ro\/?p=8118#breadcrumb\"},\"inLanguage\":\"ro-RO\",\"potentialAction\":[{\"@type\":\"ReadAction\",\"target\":[\"https:\/\/cronicahd.ro\/?p=8118\"]}]},{\"@type\":\"ImageObject\",\"inLanguage\":\"ro-RO\",\"@id\":\"https:\/\/cronicahd.ro\/?p=8118#primaryimage\",\"url\":\"https:\/\/cronicahd.ro\/wp-content\/uploads\/2026\/04\/pr.jpg\",\"contentUrl\":\"https:\/\/cronicahd.ro\/wp-content\/uploads\/2026\/04\/pr.jpg\",\"width\":2048,\"height\":1639},{\"@type\":\"BreadcrumbList\",\"@id\":\"https:\/\/cronicahd.ro\/?p=8118#breadcrumb\",\"itemListElement\":[{\"@type\":\"ListItem\",\"position\":1,\"name\":\"Prima pagin\u0103\",\"item\":\"https:\/\/cronicahd.ro\/\"},{\"@type\":\"ListItem\",\"position\":2,\"name\":\"Ministrul Cseke Attila a vorbit de cre\u0219a din Petro\u0219ani\"}]},{\"@type\":\"WebSite\",\"@id\":\"https:\/\/cronicahd.ro\/#website\",\"url\":\"https:\/\/cronicahd.ro\/\",\"name\":\"\",\"description\":\"\",\"potentialAction\":[{\"@type\":\"SearchAction\",\"target\":{\"@type\":\"EntryPoint\",\"urlTemplate\":\"https:\/\/cronicahd.ro\/?s={search_term_string}\"},\"query-input\":{\"@type\":\"PropertyValueSpecification\",\"valueRequired\":true,\"valueName\":\"search_term_string\"}}],\"inLanguage\":\"ro-RO\"},{\"@type\":\"Person\",\"@id\":\"https:\/\/cronicahd.ro\/#\/schema\/person\/d1a1277a8cd166610328e17aaf58bf46\",\"name\":\"admin\",\"image\":{\"@type\":\"ImageObject\",\"inLanguage\":\"ro-RO\",\"@id\":\"https:\/\/cronicahd.ro\/#\/schema\/person\/image\/\",\"url\":\"https:\/\/secure.gravatar.com\/avatar\/24700337280d10898c2e0d19d44a05316bff9fccc941ecc5570ffe41668203f7?s=96&d=mm&r=g\",\"contentUrl\":\"https:\/\/secure.gravatar.com\/avatar\/24700337280d10898c2e0d19d44a05316bff9fccc941ecc5570ffe41668203f7?s=96&d=mm&r=g\",\"caption\":\"admin\"},\"sameAs\":[\"https:\/\/cronicavj.ro\"],\"url\":\"https:\/\/cronicahd.ro\/?author=1\"}]}<\/script>\n<!-- \/ Yoast SEO plugin. -->","yoast_head_json":{"title":"Ministrul Cseke Attila a vorbit de cre\u0219a din Petro\u0219ani -","robots":{"index":"index","follow":"follow","max-snippet":"max-snippet:-1","max-image-preview":"max-image-preview:large","max-video-preview":"max-video-preview:-1"},"canonical":"https:\/\/cronicahd.ro\/?p=8118","og_locale":"ro_RO","og_type":"article","og_title":"Ministrul Cseke Attila a vorbit de cre\u0219a din Petro\u0219ani -","og_description":"&nbsp; Venit s\u0103 inaugureze o cre\u0219\u0103 \u00een jude\u021bul nostru, ministrul Dezvolt\u0103rii Cseke Attila a promis...","og_url":"https:\/\/cronicahd.ro\/?p=8118","article_published_time":"2026-04-21T06:22:27+00:00","og_image":[{"width":2048,"height":1639,"url":"https:\/\/cronicahd.ro\/wp-content\/uploads\/2026\/04\/pr.jpg","type":"image\/jpeg"}],"author":"admin","twitter_card":"summary_large_image","twitter_misc":{"Scris de":"admin","Timp estimat pentru citire":"2 minute"},"schema":{"@context":"https:\/\/schema.org","@graph":[{"@type":"WebPage","@id":"https:\/\/cronicahd.ro\/?p=8118","url":"https:\/\/cronicahd.ro\/?p=8118","name":"Ministrul Cseke Attila a vorbit de cre\u0219a din Petro\u0219ani -","isPartOf":{"@id":"https:\/\/cronicahd.ro\/#website"},"primaryImageOfPage":{"@id":"https:\/\/cronicahd.ro\/?p=8118#primaryimage"},"image":{"@id":"https:\/\/cronicahd.ro\/?p=8118#primaryimage"},"thumbnailUrl":"https:\/\/cronicahd.ro\/wp-content\/uploads\/2026\/04\/pr.jpg","datePublished":"2026-04-21T06:22:27+00:00","author":{"@id":"https:\/\/cronicahd.ro\/#\/schema\/person\/d1a1277a8cd166610328e17aaf58bf46"},"breadcrumb":{"@id":"https:\/\/cronicahd.ro\/?p=8118#breadcrumb"},"inLanguage":"ro-RO","potentialAction":[{"@type":"ReadAction","target":["https:\/\/cronicahd.ro\/?p=8118"]}]},{"@type":"ImageObject","inLanguage":"ro-RO","@id":"https:\/\/cronicahd.ro\/?p=8118#primaryimage","url":"https:\/\/cronicahd.ro\/wp-content\/uploads\/2026\/04\/pr.jpg","contentUrl":"https:\/\/cronicahd.ro\/wp-content\/uploads\/2026\/04\/pr.jpg","width":2048,"height":1639},{"@type":"BreadcrumbList","@id":"https:\/\/cronicahd.ro\/?p=8118#breadcrumb","itemListElement":[{"@type":"ListItem","position":1,"name":"Prima pagin\u0103","item":"https:\/\/cronicahd.ro\/"},{"@type":"ListItem","position":2,"name":"Ministrul Cseke Attila a vorbit de cre\u0219a din Petro\u0219ani"}]},{"@type":"WebSite","@id":"https:\/\/cronicahd.ro\/#website","url":"https:\/\/cronicahd.ro\/","name":"","description":"","potentialAction":[{"@type":"SearchAction","target":{"@type":"EntryPoint","urlTemplate":"https:\/\/cronicahd.ro\/?s={search_term_string}"},"query-input":{"@type":"PropertyValueSpecification","valueRequired":true,"valueName":"search_term_string"}}],"inLanguage":"ro-RO"},{"@type":"Person","@id":"https:\/\/cronicahd.ro\/#\/schema\/person\/d1a1277a8cd166610328e17aaf58bf46","name":"admin","image":{"@type":"ImageObject","inLanguage":"ro-RO","@id":"https:\/\/cronicahd.ro\/#\/schema\/person\/image\/","url":"https:\/\/secure.gravatar.com\/avatar\/24700337280d10898c2e0d19d44a05316bff9fccc941ecc5570ffe41668203f7?s=96&d=mm&r=g","contentUrl":"https:\/\/secure.gravatar.com\/avatar\/24700337280d10898c2e0d19d44a05316bff9fccc941ecc5570ffe41668203f7?s=96&d=mm&r=g","caption":"admin"},"sameAs":["https:\/\/cronicavj.ro"],"url":"https:\/\/cronicahd.ro\/?author=1"}]}},"_links":{"self":[{"href":"https:\/\/cronicahd.ro\/index.php?rest_route=\/wp\/v2\/posts\/8118","targetHints":{"allow":["GET"]}}],"collection":[{"href":"https:\/\/cronicahd.ro\/index.php?rest_route=\/wp\/v2\/posts"}],"about":[{"href":"https:\/\/cronicahd.ro\/index.php?rest_route=\/wp\/v2\/types\/post"}],"author":[{"embeddable":true,"href":"https:\/\/cronicahd.ro\/index.php?rest_route=\/wp\/v2\/users\/1"}],"replies":[{"embeddable":true,"href":"https:\/\/cronicahd.ro\/index.php?rest_route=%2Fwp%2Fv2%2Fcomments&post=8118"}],"version-history":[{"count":1,"href":"https:\/\/cronicahd.ro\/index.php?rest_route=\/wp\/v2\/posts\/8118\/revisions"}],"predecessor-version":[{"id":8120,"href":"https:\/\/cronicahd.ro\/index.php?rest_route=\/wp\/v2\/posts\/8118\/revisions\/8120"}],"wp:featuredmedia":[{"embeddable":true,"href":"https:\/\/cronicahd.ro\/index.php?rest_route=\/wp\/v2\/media\/8119"}],"wp:attachment":[{"href":"https:\/\/cronicahd.ro\/index.php?rest_route=%2Fwp%2Fv2%2Fmedia&parent=8118"}],"wp:term":[{"taxonomy":"category","embeddable":true,"href":"https:\/\/cronicahd.ro\/index.php?rest_route=%2Fwp%2Fv2%2Fcategories&post=8118"},{"taxonomy":"post_tag","embeddable":true,"href":"https:\/\/cronicahd.ro\/index.php?rest_route=%2Fwp%2Fv2%2Ftags&post=8118"}],"curies":[{"name":"wp","href":"https:\/\/api.w.org\/{rel}","templated":true}]}}