{"id":8112,"date":"2026-04-21T06:19:52","date_gmt":"2026-04-21T06:19:52","guid":{"rendered":"https:\/\/cronicahd.ro\/?p=8112"},"modified":"2026-04-21T06:19:52","modified_gmt":"2026-04-21T06:19:52","slug":"fonduri-europene-pentru-locuinte-sociale-si-servicii-integrate","status":"publish","type":"post","link":"https:\/\/cronicahd.ro\/?p=8112","title":{"rendered":"Fonduri europene pentru locuin\u021be sociale \u0219i servicii integrate"},"content":{"rendered":"<p>&nbsp;<\/p>\n<p>Valea Jiului face un pas strategic spre combaterea excluziunii sociale. Reprezentan\u021bii ADTI Valea Jiului au anun\u021bat deschiderea unei linii de finan\u021bare europene care promite s\u0103 schimbe destinul persoanelor din comunit\u0103\u021bile marginalizate. Prin mecanismul Investi\u021biilor Teritoriale Integrate (ITI), regiunea beneficiaz\u0103 de resurse financiare masive pentru construc\u021bia de locuin\u021be \u0219i implementarea de m\u0103suri de sprijin pe termen lung.<br \/>\nSpre deosebire de proiectele clasice de infrastructur\u0103, acest program impune o abordare holistic\u0103. Banii europeni nu acoper\u0103 doar ridicarea unor cl\u0103diri, ci finan\u021beaz\u0103 un pachet complet de integrare. Fondurile pot fi direc\u021bionate c\u0103tre construc\u021bia de imobile noi, reabilitarea cl\u0103dirilor degradate sau achizi\u021bia direct\u0103 de unit\u0103\u021bi locative, facilitarea accesului locatarilor la educa\u021bie, cabinete medicale \u0219i asisten\u021b\u0103 social\u0103 specializat\u0103 \u0219i programe dedicate care ajut\u0103 beneficiarii s\u0103 identifice \u0219i s\u0103 ob\u021bin\u0103 locuri de munc\u0103 stabile.<br \/>\nApelul de proiecte \u00eencurajeaz\u0103 colaborarea \u00eentre diverse institu\u021bii. Pot depune cereri de finan\u021bare prim\u0103riile, consiliile jude\u021bene \u0219i organiza\u021biile neguvernamentale. Aceste entit\u0103\u021bi pot lucra individual sau \u00een parteneriat cu furnizori de servicii sociale, astfel \u00eenc\u00e2t impactul asupra comunit\u0103\u021bii s\u0103 fie unul real \u0219i durabil.<br \/>\nAutorit\u0103\u021bile locale \u0219i partenerii lor au la dispozi\u021bie un interval clar pentru preg\u0103tirea dosarelor. Cererile de finan\u021bare se depun \u00een perioada 31 martie \u2013 31 iulie 2026.<br \/>\nAceast\u0103 ini\u021biativ\u0103 reprezint\u0103 un moment crucial pentru administra\u021biile publice din zon\u0103. Succesul acestor proiecte poate \u00eensemna rezolvarea definitiv\u0103 a crizei locuin\u021belor sociale \u0219i o cre\u0219tere a calit\u0103\u021bii vie\u021bii pentru to\u021bi locuitorii regiunii.<br \/>\nMonika BACIU<\/p>\n<p>&nbsp;<\/p>\n","protected":false},"excerpt":{"rendered":"<p>&nbsp; Valea Jiului face un pas strategic spre combaterea excluziunii sociale. Reprezentan\u021bii ADTI Valea Jiului&#8230;<\/p>\n","protected":false},"author":1,"featured_media":8113,"comment_status":"closed","ping_status":"closed","sticky":false,"template":"","format":"standard","meta":{"footnotes":""},"categories":[1,18],"tags":[],"class_list":["post-8112","post","type-post","status-publish","format-standard","has-post-thumbnail","hentry","category-actual","category-economic"],"yoast_head":"<!-- This site is optimized with the Yoast SEO plugin v25.3.1 - https:\/\/yoast.com\/wordpress\/plugins\/seo\/ -->\n<title>Fonduri europene pentru locuin\u021be sociale \u0219i servicii integrate -<\/title>\n<meta name=\"robots\" content=\"index, follow, max-snippet:-1, max-image-preview:large, max-video-preview:-1\" \/>\n<link rel=\"canonical\" href=\"https:\/\/cronicahd.ro\/?p=8112\" \/>\n<meta property=\"og:locale\" content=\"ro_RO\" \/>\n<meta property=\"og:type\" content=\"article\" \/>\n<meta property=\"og:title\" content=\"Fonduri europene pentru locuin\u021be sociale \u0219i servicii integrate -\" \/>\n<meta property=\"og:description\" content=\"&nbsp; Valea Jiului face un pas strategic spre combaterea excluziunii sociale. Reprezentan\u021bii ADTI Valea Jiului...\" \/>\n<meta property=\"og:url\" content=\"https:\/\/cronicahd.ro\/?p=8112\" \/>\n<meta property=\"article:published_time\" content=\"2026-04-21T06:19:52+00:00\" \/>\n<meta property=\"og:image\" content=\"https:\/\/cronicahd.ro\/wp-content\/uploads\/2026\/04\/fd.jpg\" \/>\n\t<meta property=\"og:image:width\" content=\"292\" \/>\n\t<meta property=\"og:image:height\" content=\"173\" \/>\n\t<meta property=\"og:image:type\" content=\"image\/jpeg\" \/>\n<meta name=\"author\" content=\"admin\" \/>\n<meta name=\"twitter:card\" content=\"summary_large_image\" \/>\n<meta name=\"twitter:label1\" content=\"Scris de\" \/>\n\t<meta name=\"twitter:data1\" content=\"admin\" \/>\n\t<meta name=\"twitter:label2\" content=\"Timp estimat pentru citire\" \/>\n\t<meta name=\"twitter:data2\" content=\"2 minute\" \/>\n<script type=\"application\/ld+json\" class=\"yoast-schema-graph\">{\"@context\":\"https:\/\/schema.org\",\"@graph\":[{\"@type\":\"WebPage\",\"@id\":\"https:\/\/cronicahd.ro\/?p=8112\",\"url\":\"https:\/\/cronicahd.ro\/?p=8112\",\"name\":\"Fonduri europene pentru locuin\u021be sociale \u0219i servicii integrate -\",\"isPartOf\":{\"@id\":\"https:\/\/cronicahd.ro\/#website\"},\"primaryImageOfPage\":{\"@id\":\"https:\/\/cronicahd.ro\/?p=8112#primaryimage\"},\"image\":{\"@id\":\"https:\/\/cronicahd.ro\/?p=8112#primaryimage\"},\"thumbnailUrl\":\"https:\/\/cronicahd.ro\/wp-content\/uploads\/2026\/04\/fd.jpg\",\"datePublished\":\"2026-04-21T06:19:52+00:00\",\"author\":{\"@id\":\"https:\/\/cronicahd.ro\/#\/schema\/person\/d1a1277a8cd166610328e17aaf58bf46\"},\"breadcrumb\":{\"@id\":\"https:\/\/cronicahd.ro\/?p=8112#breadcrumb\"},\"inLanguage\":\"ro-RO\",\"potentialAction\":[{\"@type\":\"ReadAction\",\"target\":[\"https:\/\/cronicahd.ro\/?p=8112\"]}]},{\"@type\":\"ImageObject\",\"inLanguage\":\"ro-RO\",\"@id\":\"https:\/\/cronicahd.ro\/?p=8112#primaryimage\",\"url\":\"https:\/\/cronicahd.ro\/wp-content\/uploads\/2026\/04\/fd.jpg\",\"contentUrl\":\"https:\/\/cronicahd.ro\/wp-content\/uploads\/2026\/04\/fd.jpg\",\"width\":292,\"height\":173},{\"@type\":\"BreadcrumbList\",\"@id\":\"https:\/\/cronicahd.ro\/?p=8112#breadcrumb\",\"itemListElement\":[{\"@type\":\"ListItem\",\"position\":1,\"name\":\"Prima pagin\u0103\",\"item\":\"https:\/\/cronicahd.ro\/\"},{\"@type\":\"ListItem\",\"position\":2,\"name\":\"Fonduri europene pentru locuin\u021be sociale \u0219i servicii integrate\"}]},{\"@type\":\"WebSite\",\"@id\":\"https:\/\/cronicahd.ro\/#website\",\"url\":\"https:\/\/cronicahd.ro\/\",\"name\":\"\",\"description\":\"\",\"potentialAction\":[{\"@type\":\"SearchAction\",\"target\":{\"@type\":\"EntryPoint\",\"urlTemplate\":\"https:\/\/cronicahd.ro\/?s={search_term_string}\"},\"query-input\":{\"@type\":\"PropertyValueSpecification\",\"valueRequired\":true,\"valueName\":\"search_term_string\"}}],\"inLanguage\":\"ro-RO\"},{\"@type\":\"Person\",\"@id\":\"https:\/\/cronicahd.ro\/#\/schema\/person\/d1a1277a8cd166610328e17aaf58bf46\",\"name\":\"admin\",\"image\":{\"@type\":\"ImageObject\",\"inLanguage\":\"ro-RO\",\"@id\":\"https:\/\/cronicahd.ro\/#\/schema\/person\/image\/\",\"url\":\"https:\/\/secure.gravatar.com\/avatar\/24700337280d10898c2e0d19d44a05316bff9fccc941ecc5570ffe41668203f7?s=96&d=mm&r=g\",\"contentUrl\":\"https:\/\/secure.gravatar.com\/avatar\/24700337280d10898c2e0d19d44a05316bff9fccc941ecc5570ffe41668203f7?s=96&d=mm&r=g\",\"caption\":\"admin\"},\"sameAs\":[\"https:\/\/cronicavj.ro\"],\"url\":\"https:\/\/cronicahd.ro\/?author=1\"}]}<\/script>\n<!-- \/ Yoast SEO plugin. -->","yoast_head_json":{"title":"Fonduri europene pentru locuin\u021be sociale \u0219i servicii integrate -","robots":{"index":"index","follow":"follow","max-snippet":"max-snippet:-1","max-image-preview":"max-image-preview:large","max-video-preview":"max-video-preview:-1"},"canonical":"https:\/\/cronicahd.ro\/?p=8112","og_locale":"ro_RO","og_type":"article","og_title":"Fonduri europene pentru locuin\u021be sociale \u0219i servicii integrate -","og_description":"&nbsp; Valea Jiului face un pas strategic spre combaterea excluziunii sociale. Reprezentan\u021bii ADTI Valea Jiului...","og_url":"https:\/\/cronicahd.ro\/?p=8112","article_published_time":"2026-04-21T06:19:52+00:00","og_image":[{"width":292,"height":173,"url":"https:\/\/cronicahd.ro\/wp-content\/uploads\/2026\/04\/fd.jpg","type":"image\/jpeg"}],"author":"admin","twitter_card":"summary_large_image","twitter_misc":{"Scris de":"admin","Timp estimat pentru citire":"2 minute"},"schema":{"@context":"https:\/\/schema.org","@graph":[{"@type":"WebPage","@id":"https:\/\/cronicahd.ro\/?p=8112","url":"https:\/\/cronicahd.ro\/?p=8112","name":"Fonduri europene pentru locuin\u021be sociale \u0219i servicii integrate -","isPartOf":{"@id":"https:\/\/cronicahd.ro\/#website"},"primaryImageOfPage":{"@id":"https:\/\/cronicahd.ro\/?p=8112#primaryimage"},"image":{"@id":"https:\/\/cronicahd.ro\/?p=8112#primaryimage"},"thumbnailUrl":"https:\/\/cronicahd.ro\/wp-content\/uploads\/2026\/04\/fd.jpg","datePublished":"2026-04-21T06:19:52+00:00","author":{"@id":"https:\/\/cronicahd.ro\/#\/schema\/person\/d1a1277a8cd166610328e17aaf58bf46"},"breadcrumb":{"@id":"https:\/\/cronicahd.ro\/?p=8112#breadcrumb"},"inLanguage":"ro-RO","potentialAction":[{"@type":"ReadAction","target":["https:\/\/cronicahd.ro\/?p=8112"]}]},{"@type":"ImageObject","inLanguage":"ro-RO","@id":"https:\/\/cronicahd.ro\/?p=8112#primaryimage","url":"https:\/\/cronicahd.ro\/wp-content\/uploads\/2026\/04\/fd.jpg","contentUrl":"https:\/\/cronicahd.ro\/wp-content\/uploads\/2026\/04\/fd.jpg","width":292,"height":173},{"@type":"BreadcrumbList","@id":"https:\/\/cronicahd.ro\/?p=8112#breadcrumb","itemListElement":[{"@type":"ListItem","position":1,"name":"Prima pagin\u0103","item":"https:\/\/cronicahd.ro\/"},{"@type":"ListItem","position":2,"name":"Fonduri europene pentru locuin\u021be sociale \u0219i servicii integrate"}]},{"@type":"WebSite","@id":"https:\/\/cronicahd.ro\/#website","url":"https:\/\/cronicahd.ro\/","name":"","description":"","potentialAction":[{"@type":"SearchAction","target":{"@type":"EntryPoint","urlTemplate":"https:\/\/cronicahd.ro\/?s={search_term_string}"},"query-input":{"@type":"PropertyValueSpecification","valueRequired":true,"valueName":"search_term_string"}}],"inLanguage":"ro-RO"},{"@type":"Person","@id":"https:\/\/cronicahd.ro\/#\/schema\/person\/d1a1277a8cd166610328e17aaf58bf46","name":"admin","image":{"@type":"ImageObject","inLanguage":"ro-RO","@id":"https:\/\/cronicahd.ro\/#\/schema\/person\/image\/","url":"https:\/\/secure.gravatar.com\/avatar\/24700337280d10898c2e0d19d44a05316bff9fccc941ecc5570ffe41668203f7?s=96&d=mm&r=g","contentUrl":"https:\/\/secure.gravatar.com\/avatar\/24700337280d10898c2e0d19d44a05316bff9fccc941ecc5570ffe41668203f7?s=96&d=mm&r=g","caption":"admin"},"sameAs":["https:\/\/cronicavj.ro"],"url":"https:\/\/cronicahd.ro\/?author=1"}]}},"_links":{"self":[{"href":"https:\/\/cronicahd.ro\/index.php?rest_route=\/wp\/v2\/posts\/8112","targetHints":{"allow":["GET"]}}],"collection":[{"href":"https:\/\/cronicahd.ro\/index.php?rest_route=\/wp\/v2\/posts"}],"about":[{"href":"https:\/\/cronicahd.ro\/index.php?rest_route=\/wp\/v2\/types\/post"}],"author":[{"embeddable":true,"href":"https:\/\/cronicahd.ro\/index.php?rest_route=\/wp\/v2\/users\/1"}],"replies":[{"embeddable":true,"href":"https:\/\/cronicahd.ro\/index.php?rest_route=%2Fwp%2Fv2%2Fcomments&post=8112"}],"version-history":[{"count":1,"href":"https:\/\/cronicahd.ro\/index.php?rest_route=\/wp\/v2\/posts\/8112\/revisions"}],"predecessor-version":[{"id":8114,"href":"https:\/\/cronicahd.ro\/index.php?rest_route=\/wp\/v2\/posts\/8112\/revisions\/8114"}],"wp:featuredmedia":[{"embeddable":true,"href":"https:\/\/cronicahd.ro\/index.php?rest_route=\/wp\/v2\/media\/8113"}],"wp:attachment":[{"href":"https:\/\/cronicahd.ro\/index.php?rest_route=%2Fwp%2Fv2%2Fmedia&parent=8112"}],"wp:term":[{"taxonomy":"category","embeddable":true,"href":"https:\/\/cronicahd.ro\/index.php?rest_route=%2Fwp%2Fv2%2Fcategories&post=8112"},{"taxonomy":"post_tag","embeddable":true,"href":"https:\/\/cronicahd.ro\/index.php?rest_route=%2Fwp%2Fv2%2Ftags&post=8112"}],"curies":[{"name":"wp","href":"https:\/\/api.w.org\/{rel}","templated":true}]}}