{"id":8106,"date":"2026-04-20T16:34:43","date_gmt":"2026-04-20T16:34:43","guid":{"rendered":"https:\/\/cronicahd.ro\/?p=8106"},"modified":"2026-04-20T16:35:51","modified_gmt":"2026-04-20T16:35:51","slug":"romania-nu-mai-accepta-deseuri-sub-eticheta-second-hand-%e2%80%bc","status":"publish","type":"post","link":"https:\/\/cronicahd.ro\/?p=8106","title":{"rendered":"Rom\u00e2nia nu mai accept\u0103 de\u0219euri sub eticheta \u201esecond-hand\u201d !"},"content":{"rendered":"<p>De\u0219eurile mascate sub eticheta de \u201esecond-hand\u201d reprezint\u0103 una dintre cele mai presante probleme de mediu la nivel na\u021bional, cu efecte directe asupra aerului, solului \u0219i apelor, inclusiv prin arderi ilegale. Fenomenul, confirmat \u00een teren de Garda Na\u021bional\u0103 de Mediu, a fost analizat \u00een profunzime printr-o evaluare de risc realizat\u0103 \u00eempreun\u0103 cu Autoritatea Na\u021bional\u0103 pentru Protec\u021bia Consumatorilor, analiz\u0103 care a stat la baza ini\u021bierii acestui demers legislativ \u0219i care eviden\u021biaz\u0103 riscul major de amplificare \u00een lipsa unor m\u0103suri ferme.<\/p>\n<p>Actualul cadru legal a permis dezvoltarea unor practici prin care de\u0219eurile sunt introduse \u00een \u021bar\u0103 sub aparen\u021ba unor bunuri reutilizabile. \u00cen realitate, o parte semnificativ\u0103 a acestor \u201em\u0103rfuri\u201d \u00ee\u0219i \u00eencheie traseul nu \u00een economie, ci pe c\u00e2mpuri, \u00een zone izolate sau \u00een instala\u021bii improvizate, unde sunt abandonate, dezmembrate sau arse ilegal. Imaginile din teren sunt relevante: autovehicule aduse pentru \u201erev\u00e2nzare\u201d ajung, de fapt, la cap\u0103t de drum \u00een Rom\u00e2nia, transformate rapid \u00een surse de poluare prin arderea cauciucurilor, cablurilor sau altor componente.<\/p>\n<p>Rezultatele controalelor GNM din 2025 \u00een domeniul colect\u0103rii de\u0219eurilor feroase\/neferoase \u0219i Vehicule Scoase din Uz, eviden\u021biaz\u0103 dimensiunea fenomenului:<br \/>\n* 643 de controale<br \/>\n* aproape 10 milioane de lei \u00een sanc\u021biuni<br \/>\n* 13 suspend\u0103ri de activitate \u0219i peste 1500 de tone de de\u0219euri confiscate<br \/>\n* 339 sesiz\u0103ri penale<\/p>\n<p>De\u0219i aceste ac\u021biuni au intensificat lupta contra fenomenului, experien\u021ba din teren arat\u0103 clar c\u0103 interven\u021bia exclusiv prin control, combate efectele dar nu elimin\u0103 cauzele. \u00cen contextul ader\u0103rii la spa\u021biul Schengen \u0219i al cre\u0219terii fluxurilor de bunuri, riscul de amplificare a acestor practici devine \u0219i mai ridicat.<\/p>\n<p>\u00cen acest context, Garda Na\u021bional\u0103 de Mediu sus\u021bine adoptarea unei legisla\u021bii noi, adaptate realit\u0103\u021bii \u0219i cerin\u021belor europene, prin proiectul de Ordonan\u021b\u0103 de Urgen\u021b\u0103 aflat \u00een dezbatere public\u0103, ini\u021biat \u00een urma concluziilor acestei analize \u0219i care \u00eent\u0103re\u0219te responsabilitatea institu\u021bional\u0103 \u00een controlul \u0219i trasabilitatea bunurilor introduse pe pia\u021b\u0103.<\/p>\n<p>\u201eProblema gestion\u0103rii ilegale a de\u0219eurilor indiferent c\u0103 vorbim de abandon, \u00eengropare sau ardere, are o singur\u0103 solu\u021bie: oprirea sursei de alimentare! Legisla\u021bie nou\u0103, adaptat\u0103 realit\u0103\u021bii din teren \u0219i cerin\u021belor europene care s\u0103 opreasc\u0103 importurile false de de\u0219euri, acoperite de paravanul bunurilor second hand. Trebuie s\u0103 astup\u0103m un vid legislativ de care au profitat re\u021bele \u00eentregi de operatori incorec\u021bi, cu costuri mari \u0219i foarte mari pentru mediu \u0219i s\u0103n\u0103tatea public\u0103. Trebuiesc introduse standarde de calitate care s\u0103 respecte consumatorul \u0219i s\u0103 protejeze antreprenorii de bun\u0103 credin\u021b\u0103 cu activit\u0103\u021bi economice care depind de importul corect de bunuri folosite sau recondi\u021bionate,.\u201d, a explicat Comisarul General al G\u0103rzii Na\u021bionale de Mediu, Andrei Corlan.<\/p>\n<p>Noua legisla\u021bie introduce mecanisme esen\u021biale:<br \/>\n* registru electronic al operatorilor<br \/>\n* trasabilitate complet\u0103 a m\u0103rfurilor<br \/>\n* obliga\u021bii clare de declarare \u0219i verificare<br \/>\n* posibilitatea return\u0103rii bunurilor neconforme<\/p>\n<p>\u201eEste momentul s\u0103 schimb\u0103m paradigma: trecem de la reac\u021bie la preven\u021bie, de la controale punctuale la un sistem integrat de monitorizare \u0219i de la ambiguitate legislativ\u0103 la reguli clare\u201d, a mai punctat acesta.<br \/>\nGarda Na\u021bional\u0103 de Mediu va continua s\u0103 sus\u021bin\u0103 activ acest demers \u0219i s\u0103 utilizeze toate instrumentele legale pentru combaterea ferm\u0103 a fenomenului, \u00een paralel cu consolidarea cadrului preventiv.<br \/>\nInterven\u021bia legislativ\u0103 este nu doar necesar\u0103, ci urgent\u0103. Fiecare \u00eent\u00e2rziere \u00een adoptarea acestor m\u0103suri \u00eenseamn\u0103 costuri suplimentare pentru mediu, s\u0103n\u0103tate public\u0103 \u0219i bugetul na\u021bional.<\/p>\n<p>sursa Gard\u0103 Na\u021bional\u0103 de Mediu<\/p>\n","protected":false},"excerpt":{"rendered":"<p>De\u0219eurile mascate sub eticheta de \u201esecond-hand\u201d reprezint\u0103 una dintre cele mai presante probleme de mediu&#8230;<\/p>\n","protected":false},"author":1,"featured_media":8107,"comment_status":"closed","ping_status":"closed","sticky":false,"template":"","format":"standard","meta":{"footnotes":""},"categories":[1,14],"tags":[],"class_list":["post-8106","post","type-post","status-publish","format-standard","has-post-thumbnail","hentry","category-actual","category-social"],"yoast_head":"<!-- This site is optimized with the Yoast SEO plugin v25.3.1 - https:\/\/yoast.com\/wordpress\/plugins\/seo\/ -->\n<title>Rom\u00e2nia nu mai accept\u0103 de\u0219euri sub eticheta \u201esecond-hand\u201d ! -<\/title>\n<meta name=\"robots\" content=\"index, follow, max-snippet:-1, max-image-preview:large, max-video-preview:-1\" \/>\n<link rel=\"canonical\" href=\"https:\/\/cronicahd.ro\/?p=8106\" \/>\n<meta property=\"og:locale\" content=\"ro_RO\" \/>\n<meta property=\"og:type\" content=\"article\" \/>\n<meta property=\"og:title\" content=\"Rom\u00e2nia nu mai accept\u0103 de\u0219euri sub eticheta \u201esecond-hand\u201d ! -\" \/>\n<meta property=\"og:description\" content=\"De\u0219eurile mascate sub eticheta de \u201esecond-hand\u201d reprezint\u0103 una dintre cele mai presante probleme de mediu...\" \/>\n<meta property=\"og:url\" content=\"https:\/\/cronicahd.ro\/?p=8106\" \/>\n<meta property=\"article:published_time\" content=\"2026-04-20T16:34:43+00:00\" \/>\n<meta property=\"article:modified_time\" content=\"2026-04-20T16:35:51+00:00\" \/>\n<meta property=\"og:image\" content=\"https:\/\/cronicahd.ro\/wp-content\/uploads\/2026\/04\/IMG_6694.jpeg\" \/>\n\t<meta property=\"og:image:width\" content=\"900\" \/>\n\t<meta property=\"og:image:height\" content=\"601\" \/>\n\t<meta property=\"og:image:type\" content=\"image\/jpeg\" \/>\n<meta name=\"author\" content=\"admin\" \/>\n<meta name=\"twitter:card\" content=\"summary_large_image\" \/>\n<meta name=\"twitter:label1\" content=\"Scris de\" \/>\n\t<meta name=\"twitter:data1\" content=\"admin\" \/>\n\t<meta name=\"twitter:label2\" content=\"Timp estimat pentru citire\" \/>\n\t<meta name=\"twitter:data2\" content=\"4 minute\" \/>\n<script type=\"application\/ld+json\" class=\"yoast-schema-graph\">{\"@context\":\"https:\/\/schema.org\",\"@graph\":[{\"@type\":\"WebPage\",\"@id\":\"https:\/\/cronicahd.ro\/?p=8106\",\"url\":\"https:\/\/cronicahd.ro\/?p=8106\",\"name\":\"Rom\u00e2nia nu mai accept\u0103 de\u0219euri sub eticheta \u201esecond-hand\u201d ! -\",\"isPartOf\":{\"@id\":\"https:\/\/cronicahd.ro\/#website\"},\"primaryImageOfPage\":{\"@id\":\"https:\/\/cronicahd.ro\/?p=8106#primaryimage\"},\"image\":{\"@id\":\"https:\/\/cronicahd.ro\/?p=8106#primaryimage\"},\"thumbnailUrl\":\"https:\/\/cronicahd.ro\/wp-content\/uploads\/2026\/04\/IMG_6694.jpeg\",\"datePublished\":\"2026-04-20T16:34:43+00:00\",\"dateModified\":\"2026-04-20T16:35:51+00:00\",\"author\":{\"@id\":\"https:\/\/cronicahd.ro\/#\/schema\/person\/d1a1277a8cd166610328e17aaf58bf46\"},\"breadcrumb\":{\"@id\":\"https:\/\/cronicahd.ro\/?p=8106#breadcrumb\"},\"inLanguage\":\"ro-RO\",\"potentialAction\":[{\"@type\":\"ReadAction\",\"target\":[\"https:\/\/cronicahd.ro\/?p=8106\"]}]},{\"@type\":\"ImageObject\",\"inLanguage\":\"ro-RO\",\"@id\":\"https:\/\/cronicahd.ro\/?p=8106#primaryimage\",\"url\":\"https:\/\/cronicahd.ro\/wp-content\/uploads\/2026\/04\/IMG_6694.jpeg\",\"contentUrl\":\"https:\/\/cronicahd.ro\/wp-content\/uploads\/2026\/04\/IMG_6694.jpeg\",\"width\":900,\"height\":601},{\"@type\":\"BreadcrumbList\",\"@id\":\"https:\/\/cronicahd.ro\/?p=8106#breadcrumb\",\"itemListElement\":[{\"@type\":\"ListItem\",\"position\":1,\"name\":\"Prima pagin\u0103\",\"item\":\"https:\/\/cronicahd.ro\/\"},{\"@type\":\"ListItem\",\"position\":2,\"name\":\"Rom\u00e2nia nu mai accept\u0103 de\u0219euri sub eticheta \u201esecond-hand\u201d !\"}]},{\"@type\":\"WebSite\",\"@id\":\"https:\/\/cronicahd.ro\/#website\",\"url\":\"https:\/\/cronicahd.ro\/\",\"name\":\"\",\"description\":\"\",\"potentialAction\":[{\"@type\":\"SearchAction\",\"target\":{\"@type\":\"EntryPoint\",\"urlTemplate\":\"https:\/\/cronicahd.ro\/?s={search_term_string}\"},\"query-input\":{\"@type\":\"PropertyValueSpecification\",\"valueRequired\":true,\"valueName\":\"search_term_string\"}}],\"inLanguage\":\"ro-RO\"},{\"@type\":\"Person\",\"@id\":\"https:\/\/cronicahd.ro\/#\/schema\/person\/d1a1277a8cd166610328e17aaf58bf46\",\"name\":\"admin\",\"image\":{\"@type\":\"ImageObject\",\"inLanguage\":\"ro-RO\",\"@id\":\"https:\/\/cronicahd.ro\/#\/schema\/person\/image\/\",\"url\":\"https:\/\/secure.gravatar.com\/avatar\/24700337280d10898c2e0d19d44a05316bff9fccc941ecc5570ffe41668203f7?s=96&d=mm&r=g\",\"contentUrl\":\"https:\/\/secure.gravatar.com\/avatar\/24700337280d10898c2e0d19d44a05316bff9fccc941ecc5570ffe41668203f7?s=96&d=mm&r=g\",\"caption\":\"admin\"},\"sameAs\":[\"https:\/\/cronicavj.ro\"],\"url\":\"https:\/\/cronicahd.ro\/?author=1\"}]}<\/script>\n<!-- \/ Yoast SEO plugin. -->","yoast_head_json":{"title":"Rom\u00e2nia nu mai accept\u0103 de\u0219euri sub eticheta \u201esecond-hand\u201d ! -","robots":{"index":"index","follow":"follow","max-snippet":"max-snippet:-1","max-image-preview":"max-image-preview:large","max-video-preview":"max-video-preview:-1"},"canonical":"https:\/\/cronicahd.ro\/?p=8106","og_locale":"ro_RO","og_type":"article","og_title":"Rom\u00e2nia nu mai accept\u0103 de\u0219euri sub eticheta \u201esecond-hand\u201d ! -","og_description":"De\u0219eurile mascate sub eticheta de \u201esecond-hand\u201d reprezint\u0103 una dintre cele mai presante probleme de mediu...","og_url":"https:\/\/cronicahd.ro\/?p=8106","article_published_time":"2026-04-20T16:34:43+00:00","article_modified_time":"2026-04-20T16:35:51+00:00","og_image":[{"width":900,"height":601,"url":"https:\/\/cronicahd.ro\/wp-content\/uploads\/2026\/04\/IMG_6694.jpeg","type":"image\/jpeg"}],"author":"admin","twitter_card":"summary_large_image","twitter_misc":{"Scris de":"admin","Timp estimat pentru citire":"4 minute"},"schema":{"@context":"https:\/\/schema.org","@graph":[{"@type":"WebPage","@id":"https:\/\/cronicahd.ro\/?p=8106","url":"https:\/\/cronicahd.ro\/?p=8106","name":"Rom\u00e2nia nu mai accept\u0103 de\u0219euri sub eticheta \u201esecond-hand\u201d ! -","isPartOf":{"@id":"https:\/\/cronicahd.ro\/#website"},"primaryImageOfPage":{"@id":"https:\/\/cronicahd.ro\/?p=8106#primaryimage"},"image":{"@id":"https:\/\/cronicahd.ro\/?p=8106#primaryimage"},"thumbnailUrl":"https:\/\/cronicahd.ro\/wp-content\/uploads\/2026\/04\/IMG_6694.jpeg","datePublished":"2026-04-20T16:34:43+00:00","dateModified":"2026-04-20T16:35:51+00:00","author":{"@id":"https:\/\/cronicahd.ro\/#\/schema\/person\/d1a1277a8cd166610328e17aaf58bf46"},"breadcrumb":{"@id":"https:\/\/cronicahd.ro\/?p=8106#breadcrumb"},"inLanguage":"ro-RO","potentialAction":[{"@type":"ReadAction","target":["https:\/\/cronicahd.ro\/?p=8106"]}]},{"@type":"ImageObject","inLanguage":"ro-RO","@id":"https:\/\/cronicahd.ro\/?p=8106#primaryimage","url":"https:\/\/cronicahd.ro\/wp-content\/uploads\/2026\/04\/IMG_6694.jpeg","contentUrl":"https:\/\/cronicahd.ro\/wp-content\/uploads\/2026\/04\/IMG_6694.jpeg","width":900,"height":601},{"@type":"BreadcrumbList","@id":"https:\/\/cronicahd.ro\/?p=8106#breadcrumb","itemListElement":[{"@type":"ListItem","position":1,"name":"Prima pagin\u0103","item":"https:\/\/cronicahd.ro\/"},{"@type":"ListItem","position":2,"name":"Rom\u00e2nia nu mai accept\u0103 de\u0219euri sub eticheta \u201esecond-hand\u201d !"}]},{"@type":"WebSite","@id":"https:\/\/cronicahd.ro\/#website","url":"https:\/\/cronicahd.ro\/","name":"","description":"","potentialAction":[{"@type":"SearchAction","target":{"@type":"EntryPoint","urlTemplate":"https:\/\/cronicahd.ro\/?s={search_term_string}"},"query-input":{"@type":"PropertyValueSpecification","valueRequired":true,"valueName":"search_term_string"}}],"inLanguage":"ro-RO"},{"@type":"Person","@id":"https:\/\/cronicahd.ro\/#\/schema\/person\/d1a1277a8cd166610328e17aaf58bf46","name":"admin","image":{"@type":"ImageObject","inLanguage":"ro-RO","@id":"https:\/\/cronicahd.ro\/#\/schema\/person\/image\/","url":"https:\/\/secure.gravatar.com\/avatar\/24700337280d10898c2e0d19d44a05316bff9fccc941ecc5570ffe41668203f7?s=96&d=mm&r=g","contentUrl":"https:\/\/secure.gravatar.com\/avatar\/24700337280d10898c2e0d19d44a05316bff9fccc941ecc5570ffe41668203f7?s=96&d=mm&r=g","caption":"admin"},"sameAs":["https:\/\/cronicavj.ro"],"url":"https:\/\/cronicahd.ro\/?author=1"}]}},"_links":{"self":[{"href":"https:\/\/cronicahd.ro\/index.php?rest_route=\/wp\/v2\/posts\/8106","targetHints":{"allow":["GET"]}}],"collection":[{"href":"https:\/\/cronicahd.ro\/index.php?rest_route=\/wp\/v2\/posts"}],"about":[{"href":"https:\/\/cronicahd.ro\/index.php?rest_route=\/wp\/v2\/types\/post"}],"author":[{"embeddable":true,"href":"https:\/\/cronicahd.ro\/index.php?rest_route=\/wp\/v2\/users\/1"}],"replies":[{"embeddable":true,"href":"https:\/\/cronicahd.ro\/index.php?rest_route=%2Fwp%2Fv2%2Fcomments&post=8106"}],"version-history":[{"count":2,"href":"https:\/\/cronicahd.ro\/index.php?rest_route=\/wp\/v2\/posts\/8106\/revisions"}],"predecessor-version":[{"id":8109,"href":"https:\/\/cronicahd.ro\/index.php?rest_route=\/wp\/v2\/posts\/8106\/revisions\/8109"}],"wp:featuredmedia":[{"embeddable":true,"href":"https:\/\/cronicahd.ro\/index.php?rest_route=\/wp\/v2\/media\/8107"}],"wp:attachment":[{"href":"https:\/\/cronicahd.ro\/index.php?rest_route=%2Fwp%2Fv2%2Fmedia&parent=8106"}],"wp:term":[{"taxonomy":"category","embeddable":true,"href":"https:\/\/cronicahd.ro\/index.php?rest_route=%2Fwp%2Fv2%2Fcategories&post=8106"},{"taxonomy":"post_tag","embeddable":true,"href":"https:\/\/cronicahd.ro\/index.php?rest_route=%2Fwp%2Fv2%2Ftags&post=8106"}],"curies":[{"name":"wp","href":"https:\/\/api.w.org\/{rel}","templated":true}]}}