{"id":8101,"date":"2026-04-20T12:28:39","date_gmt":"2026-04-20T12:28:39","guid":{"rendered":"https:\/\/cronicahd.ro\/?p=8101"},"modified":"2026-04-20T12:28:39","modified_gmt":"2026-04-20T12:28:39","slug":"copiii-din-cartierul-grigorescu-au-fost-la-teatru-si-au-vizitat-obiective-de-interes-ale-devei-pentru-cei-mai-mici-dintre-ei-a-fost-prima-iesire-in-oras","status":"publish","type":"post","link":"https:\/\/cronicahd.ro\/?p=8101","title":{"rendered":"Copiii din cartierul Grigorescu au fost la teatru \u0219i au vizitat obiective de interes ale Devei. Pentru cei mai mici dintre ei, a fost prima ie\u0219ire \u00een ora\u0219!"},"content":{"rendered":"<p class=\"s3\"><span class=\"s4\"><span class=\"bumpedFont15\">12 <\/span><\/span><span class=\"s4\"><span class=\"bumpedFont15\">copii<\/span><\/span><span class=\"s4\"><span class=\"bumpedFont15\">,<\/span><\/span><span class=\"s4\"><span class=\"bumpedFont15\"> cu v\u00e2rste \u00eentre 4 \u0219i 12 ani, care provin din familii defavorizate \u0219i locuiesc \u00een cartierul Nicolae Gri<\/span><\/span><span class=\"s4\"><span class=\"bumpedFont15\">goresc<\/span><\/span><span class=\"s4\"><span class=\"bumpedFont15\">u, au fost invita\u021bi la teatru, duminic\u0103, 19 aprilie 2026, \u00een cadrul unui program educa\u021bional<\/span><\/span><span class=\"s4\"><span class=\"bumpedFont15\">,<\/span><\/span> <span class=\"s4\"><span class=\"bumpedFont15\">des<\/span><\/span><span class=\"s4\"><span class=\"bumpedFont15\">f\u0103\u0219urat<\/span><\/span><span class=\"s4\"><span class=\"bumpedFont15\"> de Direc\u021bia de Asisten\u021b\u0103 Social\u0103 Deva<\/span><\/span><span class=\"s4\"><span class=\"bumpedFont15\"> \u0219i<\/span><\/span><span class=\"s4\"><span class=\"bumpedFont15\"> GAL Urban \u201eCetate\u201d Deva<\/span><\/span><span class=\"s4\"><span class=\"bumpedFont15\">, cu sprijinul Teatrului de Art\u0103 Deva<\/span><\/span><span class=\"s4\"><span class=\"bumpedFont15\">.<\/span><\/span><\/p>\n<p><img loading=\"lazy\" decoding=\"async\" class=\"alignnone size-full wp-image-8103\" src=\"https:\/\/cronicahd.ro\/wp-content\/uploads\/2026\/04\/8.jpeg\" alt=\"\" width=\"1500\" height=\"1002\" srcset=\"https:\/\/cronicahd.ro\/wp-content\/uploads\/2026\/04\/8.jpeg 1500w, https:\/\/cronicahd.ro\/wp-content\/uploads\/2026\/04\/8-300x200.jpeg 300w, https:\/\/cronicahd.ro\/wp-content\/uploads\/2026\/04\/8-1024x684.jpeg 1024w, https:\/\/cronicahd.ro\/wp-content\/uploads\/2026\/04\/8-768x513.jpeg 768w\" sizes=\"auto, (max-width: 1500px) 100vw, 1500px\" \/><\/p>\n<p class=\"s3\"><span class=\"s4\">\u00a0<\/span><span class=\"s4\"><span class=\"bumpedFont15\">Programul a inc<\/span><\/span><span class=\"s4\"><span class=\"bumpedFont15\">lus \u0219i <\/span><\/span><span class=\"s4\"><span class=\"bumpedFont15\">vizitarea unor obiective de interes ale ora\u0219u<\/span><\/span><span class=\"s4\"><span class=\"bumpedFont15\">lui<\/span><\/span><span class=\"s4\"><span class=\"bumpedFont15\"> \u0219i a<\/span><\/span><span class=\"s4\"><span class=\"bumpedFont15\"> avut ca scop facilitarea accesului copiilor <\/span><\/span><span class=\"s4\"><span class=\"bumpedFont15\">din medii defavorizate <\/span><\/span><span class=\"s4\"><span class=\"bumpedFont15\">la cultur\u0103 \u0219i cunoa\u0219tere<\/span><\/span><span class=\"s4\"><span class=\"bumpedFont15\">a istoriei locale<\/span><\/span> <span class=\"s4\"><span class=\"bumpedFont15\">\u2013<\/span><\/span><span class=\"s4\"><span class=\"bumpedFont15\"> cu <\/span><\/span><span class=\"s4\"><span class=\"bumpedFont15\">at\u00e2t mai mult cu c\u00e2t<\/span><\/span><span class=\"s4\"><span class=\"bumpedFont15\"> unii dintre ei au ie\u0219it pentru prima dat\u0103 din cartierul \u00een care locuiesc.<\/span><\/span><\/p>\n<p class=\"s3\"><span class=\"s4\">\u00a0<\/span><span class=\"s4\"><span class=\"bumpedFont15\">C<\/span><\/span><span class=\"s4\"><span class=\"bumpedFont15\">opii<\/span><\/span><span class=\"s4\"><span class=\"bumpedFont15\">i<\/span><\/span><span class=\"s4\"><span class=\"bumpedFont15\"> s-a<\/span><\/span><span class=\"s4\"><span class=\"bumpedFont15\">u<\/span><\/span><span class=\"s4\"><span class=\"bumpedFont15\"> bucurat de <\/span><\/span><span class=\"s4\"><span class=\"bumpedFont15\">i<\/span><\/span><span class=\"s4\"><span class=\"bumpedFont15\">ntrare<\/span><\/span><span class=\"s4\"><span class=\"bumpedFont15\"> gratuit<\/span><\/span><span class=\"s4\"><span class=\"bumpedFont15\">\u0103 la<\/span><\/span><span class=\"s4\"><span class=\"bumpedFont15\"> spectacol<\/span><\/span><span class=\"s4\"><span class=\"bumpedFont15\"> &#8211;<\/span><\/span><span class=\"s4\"><span class=\"bumpedFont15\"> \u201eMisiunea din P\u0103durea<\/span><\/span><span class=\"s4\"><span class=\"bumpedFont15\"> T\u0103cu<\/span><\/span><span class=\"s4\"><span class=\"bumpedFont15\">t\u0103\u201d <\/span><\/span><span class=\"s4\"><span class=\"bumpedFont15\">a fost<\/span><\/span> <span class=\"s4\"><span class=\"bumpedFont15\">un <\/span><\/span><span class=\"s4\"><span class=\"bumpedFont15\">dar<\/span><\/span><span class=\"s4\"><span class=\"bumpedFont15\"> pentru ei<\/span><\/span><span class=\"s4\"><span class=\"bumpedFont15\">,<\/span><\/span><span class=\"s4\"><span class=\"bumpedFont15\"> din partea<\/span><\/span> actorilor \u0219i<span class=\"s4\"><span class=\"bumpedFont15\">\u00a0<\/span><\/span><span class=\"s4\"><span class=\"bumpedFont15\">fiecare spectator din grup a tr\u0103it povestea<\/span><\/span> <span class=\"s4\"><span class=\"bumpedFont15\">de pe scen\u0103 <\/span><\/span><span class=\"s4\"><span class=\"bumpedFont15\">odat\u0103 cu p<\/span><\/span><span class=\"s4\"><span class=\"bumpedFont15\">ersonajele<\/span><\/span><span class=\"s4\"><span class=\"bumpedFont15\">.<\/span><\/span><\/p>\n<p class=\"s3\"><span class=\"s4\"><span class=\"bumpedFont15\">T<\/span><\/span><span class=\"s4\"><span class=\"bumpedFont15\">im<\/span><\/span><span class=\"s4\"><span class=\"bumpedFont15\">p de 75 de minute, <\/span><\/span><span class=\"s4\"><span class=\"bumpedFont15\">copiii<\/span><\/span><span class=\"s4\"><span class=\"bumpedFont15\"> s<\/span><\/span><span class=\"s4\"><span class=\"bumpedFont15\">&#8211;<\/span><\/span><span class=\"s4\"><span class=\"bumpedFont15\">a<\/span><\/span><span class=\"s4\"><span class=\"bumpedFont15\">u<\/span><\/span><span class=\"s4\"><span class=\"bumpedFont15\"> amuz<\/span><\/span><span class=\"s4\"><span class=\"bumpedFont15\">at de peripe\u021biile <\/span><\/span><span class=\"s4\"><span class=\"bumpedFont15\">a tre<\/span><\/span><span class=\"s4\"><span class=\"bumpedFont15\">i prieteni pozna\u0219i<\/span><\/span><span class=\"s4\"><span class=\"bumpedFont15\"> \u0219i c<\/span><\/span><span class=\"s4\"><span class=\"bumpedFont15\">\u00e2t se poate de diferi\u021bi<\/span><\/span><span class=\"s4\"><span class=\"bumpedFont15\">, <\/span><\/span><span class=\"s4\"><span class=\"bumpedFont15\">care pornesc \u00eentr-o aventur\u0103 curajoas\u0103 printr-o p\u0103dure <\/span><\/span><span class=\"s4\"><span class=\"bumpedFont15\">misterioas\u0103<\/span><\/span><span class=\"s4\"><span class=\"bumpedFont15\"> \u0219i<\/span><\/span><span class=\"s4\"><span class=\"bumpedFont15\"> plin\u0103<\/span><\/span><span class=\"s4\"><span class=\"bumpedFont15\"> de capcane. <\/span><\/span><\/p>\n<p class=\"s3\"><span class=\"s4\"> <img loading=\"lazy\" decoding=\"async\" class=\"alignnone size-full wp-image-8102\" src=\"https:\/\/cronicahd.ro\/wp-content\/uploads\/2026\/04\/9.jpeg\" alt=\"\" width=\"1744\" height=\"979\" srcset=\"https:\/\/cronicahd.ro\/wp-content\/uploads\/2026\/04\/9.jpeg 1744w, https:\/\/cronicahd.ro\/wp-content\/uploads\/2026\/04\/9-300x168.jpeg 300w, https:\/\/cronicahd.ro\/wp-content\/uploads\/2026\/04\/9-1024x575.jpeg 1024w, https:\/\/cronicahd.ro\/wp-content\/uploads\/2026\/04\/9-768x431.jpeg 768w, https:\/\/cronicahd.ro\/wp-content\/uploads\/2026\/04\/9-1536x862.jpeg 1536w\" sizes=\"auto, (max-width: 1744px) 100vw, 1744px\" \/><\/span><\/p>\n<p class=\"s3\"><span class=\"s4\"><span class=\"bumpedFont15\">Dincolo de umorul situa\u021biilor \u0219i de defectele \u0219i obsesiile <\/span><\/span><span class=\"s4\"><span class=\"bumpedFont15\">pe care <\/span><\/span><span class=\"s4\"><span class=\"bumpedFont15\">Bu<\/span><\/span><span class=\"s4\"><span class=\"bumpedFont15\">bu, Ghi\u021b\u0103 \u0219i Buf<\/span><\/span> <span class=\"s4\"><span class=\"bumpedFont15\">\u00ee<\/span><\/span><span class=\"s4\"><span class=\"bumpedFont15\">ncearc\u0103<\/span><\/span><span class=\"s4\"><span class=\"bumpedFont15\"> s\u0103 le dep\u0103\u0219easc\u0103<\/span><\/span><span class=\"s4\"><span class=\"bumpedFont15\"> p\u00e2n\u0103 la <\/span><\/span><span class=\"s4\"><span class=\"bumpedFont15\">sf<\/span><\/span><span class=\"s4\"><span class=\"bumpedFont15\">\u00e2<\/span><\/span><span class=\"s4\"><span class=\"bumpedFont15\">r\u0219itul<\/span><\/span><span class=\"s4\"><span class=\"bumpedFont15\">spectacolului<\/span><\/span><span class=\"s4\"><span class=\"bumpedFont15\">, <\/span><\/span><span class=\"s4\"><span class=\"bumpedFont15\">piesa vorbe\u0219te despre prietenie, <\/span><\/span><span class=\"s4\"><span class=\"bumpedFont15\">empatie<\/span><\/span><span class=\"s4\"><span class=\"bumpedFont15\">,<\/span><\/span><span class=\"s4\"><span class=\"bumpedFont15\">acceptare<\/span><\/span><span class=\"s4\"><span class=\"bumpedFont15\"> \u0219i curaj<\/span><\/span><span class=\"s4\"><span class=\"bumpedFont15\">. <\/span><\/span><\/p>\n<p class=\"s3\"><span class=\"s4\">\u00a0<\/span><span class=\"s4\"><span class=\"bumpedFont15\">Practic<\/span><\/span><span class=\"s4\"><span class=\"bumpedFont15\">, o<\/span><\/span><span class=\"s4\"><span class=\"bumpedFont15\"> echip\u0103 imperfect\u0103<\/span><\/span> <span class=\"s4\"><span class=\"bumpedFont15\">a <\/span><\/span><span class=\"s4\"><span class=\"bumpedFont15\">doved<\/span><\/span><span class=\"s4\"><span class=\"bumpedFont15\">it<\/span><\/span><span class=\"s4\"><span class=\"bumpedFont15\"> c\u0103 <\/span><\/span><span class=\"s4\"><span class=\"bumpedFont15\">prieteni<\/span><\/span><span class=\"s4\"><span class=\"bumpedFont15\">a<\/span><\/span><span class=\"s4\"><span class=\"bumpedFont15\"> adev\u0103rat\u0103<\/span><\/span> <span class=\"s4\"><span class=\"bumpedFont15\">\u0219i curajul pot<\/span><\/span> <span class=\"s4\"><span class=\"bumpedFont15\">rezolv<\/span><\/span><span class=\"s4\"><span class=\"bumpedFont15\">a<\/span><\/span> <span class=\"s4\"><span class=\"bumpedFont15\">chiar \u0219i <\/span><\/span><span class=\"s4\"><span class=\"bumpedFont15\">cele mai dificile situa\u021bii<\/span><\/span><span class=\"s4\"><span class=\"bumpedFont15\"> &#8211;<\/span><\/span><span class=\"s4\"><span class=\"bumpedFont15\"> dac\u0103 <\/span><\/span><span class=\"s4\"><span class=\"bumpedFont15\">membri<\/span><\/span><span class=\"s4\"><span class=\"bumpedFont15\">i echipei <\/span><\/span><span class=\"s4\"><span class=\"bumpedFont15\">g\u0103sesc<\/span><\/span><span class=\"s4\"><span class=\"bumpedFont15\"> puterea de a merge mai departe,<\/span><\/span><span class=\"s4\"><span class=\"bumpedFont15\">\u00eempreun\u0103<\/span><\/span><span class=\"s4\"><span class=\"bumpedFont15\">.<\/span><\/span><\/p>\n<p class=\"s3\"><span class=\"s4\">\u00a0<\/span><span class=\"s4\"><span class=\"bumpedFont15\">Cu o poveste imaginat\u0103, <\/span><\/span><span class=\"s4\"><span class=\"bumpedFont15\">spectator<\/span><\/span><span class=\"s4\"><span class=\"bumpedFont15\">i<\/span><\/span><span class=\"s4\"><span class=\"bumpedFont15\">i<\/span><\/span><span class=\"s4\"><span class=\"bumpedFont15\"> au fost condu<\/span><\/span><span class=\"s4\"><span class=\"bumpedFont15\">\u0219i <\/span><\/span><span class=\"s4\"><span class=\"bumpedFont15\">de personaje<\/span><\/span><span class=\"s4\"><span class=\"bumpedFont15\">le-animale<\/span><\/span><span class=\"s4\"><span class=\"bumpedFont15\"> spre <\/span><\/span><span class=\"s4\"><span class=\"bumpedFont15\">o <\/span><\/span><span class=\"s4\"><span class=\"bumpedFont15\">lume<\/span><\/span><span class=\"s4\"><span class=\"bumpedFont15\"> real\u0103<\/span><\/span><span class=\"s4\"><span class=\"bumpedFont15\"> \u0219i au <\/span><\/span><span class=\"s4\"><span class=\"bumpedFont15\">\u00een\u021bele<\/span><\/span><span class=\"s4\"><span class=\"bumpedFont15\">s<\/span><\/span><span class=\"s4\"><span class=\"bumpedFont15\"> c\u0103 toate relele <\/span><\/span><span class=\"s4\"><span class=\"bumpedFont15\">care se petrec \u00een jurul nostru sunt provocate chiar de noi \u0219i tot noi suntem aceia ca<\/span><\/span><span class=\"s4\"><span class=\"bumpedFont15\">re putem \u00eendrepta lucruril<\/span><\/span><span class=\"s4\"><span class=\"bumpedFont15\">e.<\/span><\/span><\/p>\n<p class=\"s3\"><span class=\"s4\">\u00a0<\/span><span class=\"s4\"><span class=\"bumpedFont15\">Dup\u0103 spectacol, <\/span><\/span><span class=\"s4\"><span class=\"bumpedFont15\">copi<\/span><\/span><span class=\"s4\"><span class=\"bumpedFont15\">i<\/span><\/span><span class=\"s4\"><span class=\"bumpedFont15\">i<\/span><\/span><span class=\"s4\"><span class=\"bumpedFont15\"> a<\/span><\/span><span class=\"s4\"><span class=\"bumpedFont15\">u<\/span><\/span><span class=\"s4\"><span class=\"bumpedFont15\"> p<\/span><\/span><span class=\"s4\"><span class=\"bumpedFont15\">ornit la pas prin <\/span><\/span><span class=\"s4\"><span class=\"bumpedFont15\">o<\/span><\/span><span class=\"s4\"><span class=\"bumpedFont15\">ra\u0219ul Cet\u0103\u021bii. <\/span><\/span><span class=\"s4\"><span class=\"bumpedFont15\">Traseu<\/span><\/span><span class=\"s4\"><span class=\"bumpedFont15\">l <\/span><\/span><span class=\"s4\"><span class=\"bumpedFont15\">plimb\u0103rii<\/span><\/span><span class=\"s4\"><span class=\"bumpedFont15\"> a <\/span><\/span><span class=\"s4\"><span class=\"bumpedFont15\">urmat<\/span><\/span><span class=\"s4\"><span class=\"bumpedFont15\"> centrul vechi al Devei, parcul central, Pia\u021ba Cet\u0103\u021bii<\/span><\/span> <span class=\"s4\"><span class=\"bumpedFont15\">\u2013<\/span><\/span><span class=\"s4\"><span class=\"bumpedFont15\"> cu <\/span><\/span><span class=\"s4\"><span class=\"bumpedFont15\">fort\u0103rea\u021ba-simbol a ora\u0219ului<\/span><\/span><span class=\"s4\"><span class=\"bumpedFont15\">, stadionul<\/span><\/span><span class=\"s4\"><span class=\"bumpedFont15\"> \u0219i complexul A<\/span><\/span><span class=\"s4\"><span class=\"bumpedFont15\">q<\/span><\/span><span class=\"s4\"><span class=\"bumpedFont15\">ualand. <\/span><\/span><span class=\"s4\"><span class=\"bumpedFont15\">Din program n-a<\/span><\/span><span class=\"s4\"><span class=\"bumpedFont15\">u<\/span><\/span><span class=\"s4\"><span class=\"bumpedFont15\"> lipsit <\/span><\/span><span class=\"s4\"><span class=\"bumpedFont15\">un popas la <\/span><\/span><span class=\"s4\"><span class=\"bumpedFont15\">locul de joac\u0103 din Parcul \u201eCetate\u201d \u0219i <\/span><\/span><span class=\"s4\"><span class=\"bumpedFont15\">un concurs de alergare pe <\/span><\/span><span class=\"s4\"><span class=\"bumpedFont15\">stadion<\/span><\/span><span class=\"s4\"><span class=\"bumpedFont15\">, <\/span><\/span><span class=\"s4\"><span class=\"bumpedFont15\">o<\/span><\/span><span class=\"s4\"><span class=\"bumpedFont15\">rganizat ad-hoc<\/span><\/span><span class=\"s4\"><span class=\"bumpedFont15\">,<\/span><\/span><span class=\"s4\"><span class=\"bumpedFont15\"> dup\u0103 pauza <\/span><\/span><span class=\"s4\"><span class=\"bumpedFont15\">pentru<\/span><\/span><span class=\"s4\"><span class=\"bumpedFont15\"> sandwich<\/span><\/span><span class=\"s4\"><span class=\"bumpedFont15\">-uri<\/span><\/span><span class=\"s4\"><span class=\"bumpedFont15\">, fructe \u0219i r\u0103coritoare<\/span><\/span><span class=\"s4\"><span class=\"bumpedFont15\">.<\/span><\/span><\/p>\n<p class=\"s3\"><span class=\"s4\">\u00a0<\/span><span class=\"s4\"><span class=\"bumpedFont15\">Activit\u0103\u021bi similare vor fi organizate \u0219i \u00een perioada urm\u0103toare, pentru copiii din toate zonele defavorizate ale <\/span><\/span><span class=\"s4\"><span class=\"bumpedFont15\">ora\u0219<\/span><\/span><span class=\"s4\"><span class=\"bumpedFont15\">ului<\/span><\/span><span class=\"s4\"><span class=\"bumpedFont15\">, <\/span><\/span><span class=\"s4\"><span class=\"bumpedFont15\">pentru c\u0103 arta \u0219i cultura ac\u021bioneaz\u0103 ca un fenomen social <\/span><\/span><span class=\"s4\"><span class=\"bumpedFont15\">\u2013<\/span><\/span> <span class=\"s4\"><span class=\"bumpedFont15\">dezvolt\u0103 g\u00e2ndirea, limbajul, empatia \u0219i abilit\u0103\u021bile <\/span><\/span><span class=\"s4\"><span class=\"bumpedFont15\">sociale, model\u00e2nd oamenii <\/span><\/span><span class=\"s4\"><span class=\"bumpedFont15\">\u0219i <\/span><\/span><span class=\"s4\"><span class=\"bumpedFont15\">ajut\u00e2ndu-<\/span><\/span><span class=\"s4\"><span class=\"bumpedFont15\">i<\/span><\/span><span class=\"s4\"><span class=\"bumpedFont15\"> s\u0103 <\/span><\/span><span class=\"s4\"><span class=\"bumpedFont15\">\u00een\u021bele<\/span><\/span><span class=\"s4\"><span class=\"bumpedFont15\">a<\/span><\/span><span class=\"s4\"><span class=\"bumpedFont15\">g<\/span><\/span><span class=\"s4\"><span class=\"bumpedFont15\">\u0103 <\/span><\/span><span class=\"s4\"><span class=\"bumpedFont15\">mai bine lumea \u00een care tr\u0103i<\/span><\/span><span class=\"s4\"><span class=\"bumpedFont15\">esc<\/span><\/span><span class=\"s4\"><span class=\"bumpedFont15\">.<\/span><\/span><\/p>\n<p class=\"s3\"><span class=\"s4\">\u00a0<\/span><\/p>\n<p class=\"s3\"><span class=\"s2\"><span class=\"bumpedFont15\">Direc\u021bia de Asisten\u021b\u0103 Social\u0103 Deva<\/span><\/span><\/p>\n","protected":false},"excerpt":{"rendered":"<p>12 copii, cu v\u00e2rste \u00eentre 4 \u0219i 12 ani, care provin din familii defavorizate \u0219i&#8230;<\/p>\n","protected":false},"author":1,"featured_media":8104,"comment_status":"closed","ping_status":"closed","sticky":false,"template":"","format":"standard","meta":{"footnotes":""},"categories":[1,14],"tags":[],"class_list":["post-8101","post","type-post","status-publish","format-standard","has-post-thumbnail","hentry","category-actual","category-social"],"yoast_head":"<!-- This site is optimized with the Yoast SEO plugin v25.3.1 - https:\/\/yoast.com\/wordpress\/plugins\/seo\/ -->\n<title>Copiii din cartierul Grigorescu au fost la teatru \u0219i au vizitat obiective de interes ale Devei. Pentru cei mai mici dintre ei, a fost prima ie\u0219ire \u00een ora\u0219! -<\/title>\n<meta name=\"robots\" content=\"index, follow, max-snippet:-1, max-image-preview:large, max-video-preview:-1\" \/>\n<link rel=\"canonical\" href=\"https:\/\/cronicahd.ro\/?p=8101\" \/>\n<meta property=\"og:locale\" content=\"ro_RO\" \/>\n<meta property=\"og:type\" content=\"article\" \/>\n<meta property=\"og:title\" content=\"Copiii din cartierul Grigorescu au fost la teatru \u0219i au vizitat obiective de interes ale Devei. Pentru cei mai mici dintre ei, a fost prima ie\u0219ire \u00een ora\u0219! -\" \/>\n<meta property=\"og:description\" content=\"12 copii, cu v\u00e2rste \u00eentre 4 \u0219i 12 ani, care provin din familii defavorizate \u0219i...\" \/>\n<meta property=\"og:url\" content=\"https:\/\/cronicahd.ro\/?p=8101\" \/>\n<meta property=\"article:published_time\" content=\"2026-04-20T12:28:39+00:00\" \/>\n<meta property=\"og:image\" content=\"https:\/\/cronicahd.ro\/wp-content\/uploads\/2026\/04\/IMG_6690.jpeg\" \/>\n\t<meta property=\"og:image:width\" content=\"2353\" \/>\n\t<meta property=\"og:image:height\" content=\"1177\" \/>\n\t<meta property=\"og:image:type\" content=\"image\/jpeg\" \/>\n<meta name=\"author\" content=\"admin\" \/>\n<meta name=\"twitter:card\" content=\"summary_large_image\" \/>\n<meta name=\"twitter:label1\" content=\"Scris de\" \/>\n\t<meta name=\"twitter:data1\" content=\"admin\" \/>\n\t<meta name=\"twitter:label2\" content=\"Timp estimat pentru citire\" \/>\n\t<meta name=\"twitter:data2\" content=\"3 minute\" \/>\n<script type=\"application\/ld+json\" class=\"yoast-schema-graph\">{\"@context\":\"https:\/\/schema.org\",\"@graph\":[{\"@type\":\"WebPage\",\"@id\":\"https:\/\/cronicahd.ro\/?p=8101\",\"url\":\"https:\/\/cronicahd.ro\/?p=8101\",\"name\":\"Copiii din cartierul Grigorescu au fost la teatru \u0219i au vizitat obiective de interes ale Devei. Pentru cei mai mici dintre ei, a fost prima ie\u0219ire \u00een ora\u0219! -\",\"isPartOf\":{\"@id\":\"https:\/\/cronicahd.ro\/#website\"},\"primaryImageOfPage\":{\"@id\":\"https:\/\/cronicahd.ro\/?p=8101#primaryimage\"},\"image\":{\"@id\":\"https:\/\/cronicahd.ro\/?p=8101#primaryimage\"},\"thumbnailUrl\":\"https:\/\/cronicahd.ro\/wp-content\/uploads\/2026\/04\/IMG_6690.jpeg\",\"datePublished\":\"2026-04-20T12:28:39+00:00\",\"author\":{\"@id\":\"https:\/\/cronicahd.ro\/#\/schema\/person\/d1a1277a8cd166610328e17aaf58bf46\"},\"breadcrumb\":{\"@id\":\"https:\/\/cronicahd.ro\/?p=8101#breadcrumb\"},\"inLanguage\":\"ro-RO\",\"potentialAction\":[{\"@type\":\"ReadAction\",\"target\":[\"https:\/\/cronicahd.ro\/?p=8101\"]}]},{\"@type\":\"ImageObject\",\"inLanguage\":\"ro-RO\",\"@id\":\"https:\/\/cronicahd.ro\/?p=8101#primaryimage\",\"url\":\"https:\/\/cronicahd.ro\/wp-content\/uploads\/2026\/04\/IMG_6690.jpeg\",\"contentUrl\":\"https:\/\/cronicahd.ro\/wp-content\/uploads\/2026\/04\/IMG_6690.jpeg\",\"width\":2353,\"height\":1177},{\"@type\":\"BreadcrumbList\",\"@id\":\"https:\/\/cronicahd.ro\/?p=8101#breadcrumb\",\"itemListElement\":[{\"@type\":\"ListItem\",\"position\":1,\"name\":\"Prima pagin\u0103\",\"item\":\"https:\/\/cronicahd.ro\/\"},{\"@type\":\"ListItem\",\"position\":2,\"name\":\"Copiii din cartierul Grigorescu au fost la teatru \u0219i au vizitat obiective de interes ale Devei. Pentru cei mai mici dintre ei, a fost prima ie\u0219ire \u00een ora\u0219!\"}]},{\"@type\":\"WebSite\",\"@id\":\"https:\/\/cronicahd.ro\/#website\",\"url\":\"https:\/\/cronicahd.ro\/\",\"name\":\"\",\"description\":\"\",\"potentialAction\":[{\"@type\":\"SearchAction\",\"target\":{\"@type\":\"EntryPoint\",\"urlTemplate\":\"https:\/\/cronicahd.ro\/?s={search_term_string}\"},\"query-input\":{\"@type\":\"PropertyValueSpecification\",\"valueRequired\":true,\"valueName\":\"search_term_string\"}}],\"inLanguage\":\"ro-RO\"},{\"@type\":\"Person\",\"@id\":\"https:\/\/cronicahd.ro\/#\/schema\/person\/d1a1277a8cd166610328e17aaf58bf46\",\"name\":\"admin\",\"image\":{\"@type\":\"ImageObject\",\"inLanguage\":\"ro-RO\",\"@id\":\"https:\/\/cronicahd.ro\/#\/schema\/person\/image\/\",\"url\":\"https:\/\/secure.gravatar.com\/avatar\/24700337280d10898c2e0d19d44a05316bff9fccc941ecc5570ffe41668203f7?s=96&d=mm&r=g\",\"contentUrl\":\"https:\/\/secure.gravatar.com\/avatar\/24700337280d10898c2e0d19d44a05316bff9fccc941ecc5570ffe41668203f7?s=96&d=mm&r=g\",\"caption\":\"admin\"},\"sameAs\":[\"https:\/\/cronicavj.ro\"],\"url\":\"https:\/\/cronicahd.ro\/?author=1\"}]}<\/script>\n<!-- \/ Yoast SEO plugin. -->","yoast_head_json":{"title":"Copiii din cartierul Grigorescu au fost la teatru \u0219i au vizitat obiective de interes ale Devei. Pentru cei mai mici dintre ei, a fost prima ie\u0219ire \u00een ora\u0219! -","robots":{"index":"index","follow":"follow","max-snippet":"max-snippet:-1","max-image-preview":"max-image-preview:large","max-video-preview":"max-video-preview:-1"},"canonical":"https:\/\/cronicahd.ro\/?p=8101","og_locale":"ro_RO","og_type":"article","og_title":"Copiii din cartierul Grigorescu au fost la teatru \u0219i au vizitat obiective de interes ale Devei. Pentru cei mai mici dintre ei, a fost prima ie\u0219ire \u00een ora\u0219! -","og_description":"12 copii, cu v\u00e2rste \u00eentre 4 \u0219i 12 ani, care provin din familii defavorizate \u0219i...","og_url":"https:\/\/cronicahd.ro\/?p=8101","article_published_time":"2026-04-20T12:28:39+00:00","og_image":[{"width":2353,"height":1177,"url":"https:\/\/cronicahd.ro\/wp-content\/uploads\/2026\/04\/IMG_6690.jpeg","type":"image\/jpeg"}],"author":"admin","twitter_card":"summary_large_image","twitter_misc":{"Scris de":"admin","Timp estimat pentru citire":"3 minute"},"schema":{"@context":"https:\/\/schema.org","@graph":[{"@type":"WebPage","@id":"https:\/\/cronicahd.ro\/?p=8101","url":"https:\/\/cronicahd.ro\/?p=8101","name":"Copiii din cartierul Grigorescu au fost la teatru \u0219i au vizitat obiective de interes ale Devei. Pentru cei mai mici dintre ei, a fost prima ie\u0219ire \u00een ora\u0219! -","isPartOf":{"@id":"https:\/\/cronicahd.ro\/#website"},"primaryImageOfPage":{"@id":"https:\/\/cronicahd.ro\/?p=8101#primaryimage"},"image":{"@id":"https:\/\/cronicahd.ro\/?p=8101#primaryimage"},"thumbnailUrl":"https:\/\/cronicahd.ro\/wp-content\/uploads\/2026\/04\/IMG_6690.jpeg","datePublished":"2026-04-20T12:28:39+00:00","author":{"@id":"https:\/\/cronicahd.ro\/#\/schema\/person\/d1a1277a8cd166610328e17aaf58bf46"},"breadcrumb":{"@id":"https:\/\/cronicahd.ro\/?p=8101#breadcrumb"},"inLanguage":"ro-RO","potentialAction":[{"@type":"ReadAction","target":["https:\/\/cronicahd.ro\/?p=8101"]}]},{"@type":"ImageObject","inLanguage":"ro-RO","@id":"https:\/\/cronicahd.ro\/?p=8101#primaryimage","url":"https:\/\/cronicahd.ro\/wp-content\/uploads\/2026\/04\/IMG_6690.jpeg","contentUrl":"https:\/\/cronicahd.ro\/wp-content\/uploads\/2026\/04\/IMG_6690.jpeg","width":2353,"height":1177},{"@type":"BreadcrumbList","@id":"https:\/\/cronicahd.ro\/?p=8101#breadcrumb","itemListElement":[{"@type":"ListItem","position":1,"name":"Prima pagin\u0103","item":"https:\/\/cronicahd.ro\/"},{"@type":"ListItem","position":2,"name":"Copiii din cartierul Grigorescu au fost la teatru \u0219i au vizitat obiective de interes ale Devei. Pentru cei mai mici dintre ei, a fost prima ie\u0219ire \u00een ora\u0219!"}]},{"@type":"WebSite","@id":"https:\/\/cronicahd.ro\/#website","url":"https:\/\/cronicahd.ro\/","name":"","description":"","potentialAction":[{"@type":"SearchAction","target":{"@type":"EntryPoint","urlTemplate":"https:\/\/cronicahd.ro\/?s={search_term_string}"},"query-input":{"@type":"PropertyValueSpecification","valueRequired":true,"valueName":"search_term_string"}}],"inLanguage":"ro-RO"},{"@type":"Person","@id":"https:\/\/cronicahd.ro\/#\/schema\/person\/d1a1277a8cd166610328e17aaf58bf46","name":"admin","image":{"@type":"ImageObject","inLanguage":"ro-RO","@id":"https:\/\/cronicahd.ro\/#\/schema\/person\/image\/","url":"https:\/\/secure.gravatar.com\/avatar\/24700337280d10898c2e0d19d44a05316bff9fccc941ecc5570ffe41668203f7?s=96&d=mm&r=g","contentUrl":"https:\/\/secure.gravatar.com\/avatar\/24700337280d10898c2e0d19d44a05316bff9fccc941ecc5570ffe41668203f7?s=96&d=mm&r=g","caption":"admin"},"sameAs":["https:\/\/cronicavj.ro"],"url":"https:\/\/cronicahd.ro\/?author=1"}]}},"_links":{"self":[{"href":"https:\/\/cronicahd.ro\/index.php?rest_route=\/wp\/v2\/posts\/8101","targetHints":{"allow":["GET"]}}],"collection":[{"href":"https:\/\/cronicahd.ro\/index.php?rest_route=\/wp\/v2\/posts"}],"about":[{"href":"https:\/\/cronicahd.ro\/index.php?rest_route=\/wp\/v2\/types\/post"}],"author":[{"embeddable":true,"href":"https:\/\/cronicahd.ro\/index.php?rest_route=\/wp\/v2\/users\/1"}],"replies":[{"embeddable":true,"href":"https:\/\/cronicahd.ro\/index.php?rest_route=%2Fwp%2Fv2%2Fcomments&post=8101"}],"version-history":[{"count":1,"href":"https:\/\/cronicahd.ro\/index.php?rest_route=\/wp\/v2\/posts\/8101\/revisions"}],"predecessor-version":[{"id":8105,"href":"https:\/\/cronicahd.ro\/index.php?rest_route=\/wp\/v2\/posts\/8101\/revisions\/8105"}],"wp:featuredmedia":[{"embeddable":true,"href":"https:\/\/cronicahd.ro\/index.php?rest_route=\/wp\/v2\/media\/8104"}],"wp:attachment":[{"href":"https:\/\/cronicahd.ro\/index.php?rest_route=%2Fwp%2Fv2%2Fmedia&parent=8101"}],"wp:term":[{"taxonomy":"category","embeddable":true,"href":"https:\/\/cronicahd.ro\/index.php?rest_route=%2Fwp%2Fv2%2Fcategories&post=8101"},{"taxonomy":"post_tag","embeddable":true,"href":"https:\/\/cronicahd.ro\/index.php?rest_route=%2Fwp%2Fv2%2Ftags&post=8101"}],"curies":[{"name":"wp","href":"https:\/\/api.w.org\/{rel}","templated":true}]}}