{"id":8098,"date":"2026-04-20T12:24:38","date_gmt":"2026-04-20T12:24:38","guid":{"rendered":"https:\/\/cronicahd.ro\/?p=8098"},"modified":"2026-04-20T12:24:38","modified_gmt":"2026-04-20T12:24:38","slug":"nadia-10-perfectiunea-inspira-50-de-ani-de-istorie-celebrati-la-deva","status":"publish","type":"post","link":"https:\/\/cronicahd.ro\/?p=8098","title":{"rendered":"Nadia 10 \u2013 Perfec\u021biunea inspir\u0103: 50 de ani de istorie, celebra\u021bi la Deva"},"content":{"rendered":"<p class=\"s3\">\n<p class=\"s3\"><span class=\"s4\"><span class=\"bumpedFont15\">Pe<\/span><\/span><span class=\"s4\"><span class=\"bumpedFont15\"> 22 <\/span><\/span><span class=\"s4\"><span class=\"bumpedFont15\">aprilie<\/span><\/span><span class=\"s4\"><span class=\"bumpedFont15\">, la Deva, <\/span><\/span><span class=\"s4\"><span class=\"bumpedFont15\">personalit\u0103\u021bi<\/span><\/span><span class=\"s4\"><span class=\"bumpedFont15\"> ale gimnasticii rom\u00e2ne\u0219ti <\/span><\/span><span class=\"s4\"><span class=\"bumpedFont15\">se <\/span><\/span><span class=\"s4\"><span class=\"bumpedFont15\">\u00eent\u00e2lnesc<\/span><\/span> <span class=\"s4\"><span class=\"bumpedFont15\">s\u0103<\/span><\/span> <span class=\"s4\"><span class=\"bumpedFont15\">celebreze<\/span><\/span><span class=\"s4\"><span class=\"bumpedFont15\"> 50 de <\/span><\/span><span class=\"s4\"><span class=\"bumpedFont15\">ani<\/span><\/span><span class=\"s4\"><span class=\"bumpedFont15\"> de la <\/span><\/span><span class=\"s4\"><span class=\"bumpedFont15\">perfec\u021biunea<\/span><\/span> <span class=\"s4\"><span class=\"bumpedFont15\">desenat\u0103<\/span><\/span><span class=\"s4\"><span class=\"bumpedFont15\"> de Nadia <\/span><\/span><span class=\"s4\"><span class=\"bumpedFont15\">Com\u0103neci<\/span><\/span><span class=\"s4\"><span class=\"bumpedFont15\">, la Montreal, <\/span><\/span><span class=\"s4\"><span class=\"bumpedFont15\">\u00een<\/span><\/span><span class=\"s4\"><span class=\"bumpedFont15\"> 1976.<\/span><\/span><\/p>\n<p class=\"s3\"><span class=\"s4\"><span class=\"bumpedFont15\">Gala \u201eNadia 10 \u2013 <\/span><\/span><span class=\"s4\"><span class=\"bumpedFont15\">Perfec\u021biunea<\/span><\/span> <span class=\"s4\"><span class=\"bumpedFont15\">inspir\u0103<\/span><\/span><span class=\"s4\"><span class=\"bumpedFont15\">\u201d <\/span><\/span><span class=\"s4\"><span class=\"bumpedFont15\">va<\/span><\/span><span class=\"s4\"><span class=\"bumpedFont15\"> fi un <\/span><\/span><span class=\"s4\"><span class=\"bumpedFont15\">eveniment<\/span><\/span><span class=\"s4\"><span class=\"bumpedFont15\"> care <\/span><\/span><span class=\"s4\"><span class=\"bumpedFont15\">vorbe\u0219te<\/span><\/span> <span class=\"s4\"><span class=\"bumpedFont15\">comunit\u0103\u021bii<\/span><\/span> despre recuno\u0219tin\u021b\u0103 <span class=\"s4\"><span class=\"bumpedFont15\">, <\/span><\/span><span class=\"s4\"><span class=\"bumpedFont15\">excelen\u021b\u0103<\/span><\/span> <span class=\"s4\"><span class=\"bumpedFont15\">\u0219i<\/span><\/span> <span class=\"s4\"><span class=\"bumpedFont15\">despre<\/span><\/span><span class=\"s4\"><span class=\"bumpedFont15\"> un <\/span><\/span><span class=\"s4\"><span class=\"bumpedFont15\">zece<\/span><\/span><span class=\"s4\"><span class=\"bumpedFont15\"> care a dep\u0103\u0219it bariera <\/span><\/span><span class=\"s4\"><span class=\"bumpedFont15\">timpului<\/span><\/span><span class=\"s4\"><span class=\"bumpedFont15\">, <\/span><\/span><span class=\"s4\"><span class=\"bumpedFont15\">devenind<\/span><\/span> <span class=\"s4\"><span class=\"bumpedFont15\">etern<\/span><\/span><span class=\"s4\"><span class=\"bumpedFont15\">.<\/span><\/span><\/p>\n<p class=\"s3\"><span class=\"s4\"><span class=\"bumpedFont15\">Deva, <\/span><\/span><span class=\"s4\"><span class=\"bumpedFont15\">pe<\/span><\/span><span class=\"s4\"><span class=\"bumpedFont15\"> 22 <\/span><\/span><span class=\"s4\"><span class=\"bumpedFont15\">aprilie<\/span><\/span><span class=\"s4\"><span class=\"bumpedFont15\">, <\/span><\/span><span class=\"s4\"><span class=\"bumpedFont15\">devine<\/span><\/span> <span class=\"s4\"><span class=\"bumpedFont15\">capitala<\/span><\/span> gimnasticii mondiale <span class=\"s4\"><span class=\"bumpedFont15\">, <\/span><\/span><span class=\"s4\"><span class=\"bumpedFont15\">\u00eentr<\/span><\/span><span class=\"s4\"><span class=\"bumpedFont15\">-o <\/span><\/span><span class=\"s4\"><span class=\"bumpedFont15\">gal\u0103<\/span><\/span> <span class=\"s4\"><span class=\"bumpedFont15\">dedicat\u0103<\/span><\/span> <span class=\"s4\"><span class=\"bumpedFont15\">talentului<\/span><\/span><span class=\"s4\"><span class=\"bumpedFont15\">, <\/span><\/span><span class=\"s4\"><span class=\"bumpedFont15\">excelen\u021bei<\/span><\/span> \u0219i performan\u021bei<span class=\"s4\"><span class=\"bumpedFont15\">.<\/span><\/span><\/p>\n<p class=\"s3\"><span class=\"s4\"><span class=\"bumpedFont15\">Evenimentul<\/span><\/span><span class=\"s4\"><span class=\"bumpedFont15\">, <\/span><\/span><span class=\"s4\"><span class=\"bumpedFont15\">organizat<\/span><\/span><span class=\"s4\"><span class=\"bumpedFont15\"> de <\/span><\/span><span class=\"s4\"><span class=\"bumpedFont15\">Prim\u0103ria<\/span><\/span> <span class=\"s4\"><span class=\"bumpedFont15\">Municipiului<\/span><\/span><span class=\"s4\"><span class=\"bumpedFont15\"> Deva, <\/span><\/span><span class=\"s4\"><span class=\"bumpedFont15\">Consiliul<\/span><\/span><span class=\"s4\"><span class=\"bumpedFont15\"> Local Deva, <\/span><\/span><span class=\"s4\"><span class=\"bumpedFont15\">Consiliul<\/span><\/span> <span class=\"s4\"><span class=\"bumpedFont15\">Jude\u021bean<\/span><\/span><span class=\"s4\"><span class=\"bumpedFont15\"> Hunedoara, <\/span><\/span><span class=\"s4\"><span class=\"bumpedFont15\">Federa\u021bia<\/span><\/span> <span class=\"s4\"><span class=\"bumpedFont15\">Rom\u00e2n\u0103<\/span><\/span><span class=\"s4\"><span class=\"bumpedFont15\"> de <\/span><\/span><span class=\"s4\"><span class=\"bumpedFont15\">Gimnastic\u0103<\/span><\/span><span class=\"s4\"><span class=\"bumpedFont15\">, <\/span><\/span><span class=\"s4\"><span class=\"bumpedFont15\">Centrul<\/span><\/span><span class=\"s4\"><span class=\"bumpedFont15\"> Cultural \u201e<\/span><\/span><span class=\"s4\"><span class=\"bumpedFont15\">Dr\u0103gan<\/span><\/span> <span class=\"s4\"><span class=\"bumpedFont15\">Muntean<\/span><\/span><span class=\"s4\"><span class=\"bumpedFont15\">\u201d, <\/span><\/span><span class=\"s4\"><span class=\"bumpedFont15\">Inspectoratul<\/span><\/span> <span class=\"s4\"><span class=\"bumpedFont15\">\u0218colar<\/span><\/span> Jude\u021bean Hunedoara<span class=\"s4\"><span class=\"bumpedFont15\">, <\/span><\/span><span class=\"s4\"><span class=\"bumpedFont15\">Comitetul<\/span><\/span> <span class=\"s4\"><span class=\"bumpedFont15\">Olimpic<\/span><\/span> <span class=\"s4\"><span class=\"bumpedFont15\">\u0219i<\/span><\/span> <span class=\"s4\"><span class=\"bumpedFont15\">Sportiv<\/span><\/span> <span class=\"s4\"><span class=\"bumpedFont15\">Rom\u00e2n<\/span><\/span> <span class=\"s4\"><span class=\"bumpedFont15\">\u0219i <\/span><\/span><span class=\"s4\"><span class=\"bumpedFont15\">Agen\u021bia<\/span><\/span> <span class=\"s4\"><span class=\"bumpedFont15\">Na\u021bional\u0103<\/span><\/span> <span class=\"s4\"><span class=\"bumpedFont15\">pentru<\/span><\/span><span class=\"s4\"><span class=\"bumpedFont15\"> Sport, <\/span><\/span><span class=\"s4\"><span class=\"bumpedFont15\">este<\/span><\/span><span class=\"s4\"><span class=\"bumpedFont15\"> un <\/span><\/span><span class=\"s4\"><span class=\"bumpedFont15\">omagiu<\/span><\/span> adus gimnasticii <span class=\"s4\"><span class=\"bumpedFont15\">de <\/span><\/span><span class=\"s4\"><span class=\"bumpedFont15\">performan\u021b\u0103<\/span><\/span> <span class=\"s4\"><span class=\"bumpedFont15\">\u0219i<\/span><\/span> <span class=\"s4\"><span class=\"bumpedFont15\">tuturor<\/span><\/span> <span class=\"s4\"><span class=\"bumpedFont15\">celor<\/span><\/span><span class=\"s4\"><span class=\"bumpedFont15\"> care, <\/span><\/span><span class=\"s4\"><span class=\"bumpedFont15\">prin <\/span><\/span><span class=\"s4\"><span class=\"bumpedFont15\">inspira\u021bia<\/span><\/span> <span class=\"s4\"><span class=\"bumpedFont15\">oferit\u0103<\/span><\/span><span class=\"s4\"><span class=\"bumpedFont15\"> de <\/span><\/span><span class=\"s4\"><span class=\"bumpedFont15\">marea<\/span><\/span> <span class=\"s4\"><span class=\"bumpedFont15\">performan\u021b\u0103<\/span><\/span><span class=\"s4\"><span class=\"bumpedFont15\"> a <\/span><\/span><span class=\"s4\"><span class=\"bumpedFont15\">Nadiei <\/span><\/span><span class=\"s4\"><span class=\"bumpedFont15\">Com\u0103neci<\/span><\/span><span class=\"s4\"><span class=\"bumpedFont15\">, au <\/span><\/span><span class=\"s4\"><span class=\"bumpedFont15\">dus<\/span><\/span> <span class=\"s4\"><span class=\"bumpedFont15\">mai<\/span><\/span> <span class=\"s4\"><span class=\"bumpedFont15\">departe<\/span><\/span> <span class=\"s4\"><span class=\"bumpedFont15\">genialitatea<\/span><\/span> gimnasticii rom\u00e2ne\u0219ti <span class=\"s4\"><span class=\"bumpedFont15\">.<\/span><\/span><\/p>\n<p class=\"s3\"><span class=\"s4\"><span class=\"bumpedFont15\">Evenimentul<\/span><\/span> <span class=\"s4\"><span class=\"bumpedFont15\">va<\/span><\/span> <span class=\"s4\"><span class=\"bumpedFont15\">avea<\/span><\/span> <span class=\"s4\"><span class=\"bumpedFont15\">loc<\/span><\/span><span class=\"s4\"><span class=\"bumpedFont15\"> la Sala <\/span><\/span><span class=\"s4\"><span class=\"bumpedFont15\">Sporturilor<\/span><\/span><span class=\"s4\"><span class=\"bumpedFont15\"> din Deva, <\/span><\/span><span class=\"s4\"><span class=\"bumpedFont15\">pe<\/span><\/span><span class=\"s4\"><span class=\"bumpedFont15\"> 22 <\/span><\/span><span class=\"s4\"><span class=\"bumpedFont15\">aprilie<\/span><\/span><span class=\"s4\"><span class=\"bumpedFont15\">, cu <\/span><\/span><span class=\"s4\"><span class=\"bumpedFont15\">\u00eencepere<\/span><\/span><span class=\"s4\"><span class=\"bumpedFont15\"> de la <\/span><\/span><span class=\"s4\"><span class=\"bumpedFont15\">ora<\/span><\/span><span class=\"s4\"><span class=\"bumpedFont15\"> 18:30<\/span><\/span><span class=\"s4\"><span class=\"bumpedFont15\">, <\/span><\/span><span class=\"s4\"><span class=\"bumpedFont15\">iar<\/span><\/span> accesul publicului <span class=\"s4\"><span class=\"bumpedFont15\">se <\/span><\/span><span class=\"s4\"><span class=\"bumpedFont15\">va<\/span><\/span><span class=\"s4\"><span class=\"bumpedFont15\"> face <\/span><\/span><span class=\"s4\"><span class=\"bumpedFont15\">\u00eencep\u00e2nd<\/span><\/span><span class=\"s4\"><span class=\"bumpedFont15\"> cu <\/span><\/span><span class=\"s4\"><span class=\"bumpedFont15\">ora<\/span><\/span><span class=\"s4\"><span class=\"bumpedFont15\"> 17:30. <\/span><\/span><\/p>\n<p class=\"s3\"><span class=\"s4\"><span class=\"bumpedFont15\">Intrarea<\/span><\/span> <span class=\"s4\"><span class=\"bumpedFont15\">este<\/span><\/span> <span class=\"s4\"><span class=\"bumpedFont15\">liber\u0103<\/span><\/span> <span class=\"s4\"><span class=\"bumpedFont15\">\u00een<\/span><\/span> <span class=\"s4\"><span class=\"bumpedFont15\">limita<\/span><\/span> <span class=\"s4\"><span class=\"bumpedFont15\">locurilor<\/span><\/span> <span class=\"s4\"><span class=\"bumpedFont15\">disponibile<\/span><\/span><span class=\"s4\"><span class=\"bumpedFont15\">!<\/span><\/span><\/p>\n<p class=\"s3\"><span class=\"s4\"><span class=\"bumpedFont15\">Compartimentul<\/span><\/span><span class=\"s4\"><span class=\"bumpedFont15\"> de <\/span><\/span><span class=\"s4\"><span class=\"bumpedFont15\">pres\u0103<\/span><\/span><span class=\"s4\"><span class=\"bumpedFont15\"> al <\/span><\/span><span class=\"s4\"><span class=\"bumpedFont15\">Prim\u0103riei<\/span><\/span> <span class=\"s4\"><span class=\"bumpedFont15\">Municipiului<\/span><\/span><span class=\"s4\"><span class=\"bumpedFont15\">Deva<\/span><\/span><\/p>\n","protected":false},"excerpt":{"rendered":"<p>Pe 22 aprilie, la Deva, personalit\u0103\u021bi ale gimnasticii rom\u00e2ne\u0219ti se \u00eent\u00e2lnesc s\u0103 celebreze 50 de&#8230;<\/p>\n","protected":false},"author":1,"featured_media":8099,"comment_status":"closed","ping_status":"closed","sticky":false,"template":"","format":"standard","meta":{"footnotes":""},"categories":[1,9],"tags":[],"class_list":["post-8098","post","type-post","status-publish","format-standard","has-post-thumbnail","hentry","category-actual","category-sport"],"yoast_head":"<!-- This site is optimized with the Yoast SEO plugin v25.3.1 - https:\/\/yoast.com\/wordpress\/plugins\/seo\/ -->\n<title>Nadia 10 \u2013 Perfec\u021biunea inspir\u0103: 50 de ani de istorie, celebra\u021bi la Deva -<\/title>\n<meta name=\"robots\" content=\"index, follow, max-snippet:-1, max-image-preview:large, max-video-preview:-1\" \/>\n<link rel=\"canonical\" href=\"https:\/\/cronicahd.ro\/?p=8098\" \/>\n<meta property=\"og:locale\" content=\"ro_RO\" \/>\n<meta property=\"og:type\" content=\"article\" \/>\n<meta property=\"og:title\" content=\"Nadia 10 \u2013 Perfec\u021biunea inspir\u0103: 50 de ani de istorie, celebra\u021bi la Deva -\" \/>\n<meta property=\"og:description\" content=\"Pe 22 aprilie, la Deva, personalit\u0103\u021bi ale gimnasticii rom\u00e2ne\u0219ti se \u00eent\u00e2lnesc s\u0103 celebreze 50 de...\" \/>\n<meta property=\"og:url\" content=\"https:\/\/cronicahd.ro\/?p=8098\" \/>\n<meta property=\"article:published_time\" content=\"2026-04-20T12:24:38+00:00\" \/>\n<meta property=\"og:image\" content=\"https:\/\/cronicahd.ro\/wp-content\/uploads\/2026\/04\/afis-gala-nadia.jpeg\" \/>\n\t<meta property=\"og:image:width\" content=\"1639\" \/>\n\t<meta property=\"og:image:height\" content=\"2048\" \/>\n\t<meta property=\"og:image:type\" content=\"image\/jpeg\" \/>\n<meta name=\"author\" content=\"admin\" \/>\n<meta name=\"twitter:card\" content=\"summary_large_image\" \/>\n<meta name=\"twitter:label1\" content=\"Scris de\" \/>\n\t<meta name=\"twitter:data1\" content=\"admin\" \/>\n\t<meta name=\"twitter:label2\" content=\"Timp estimat pentru citire\" \/>\n\t<meta name=\"twitter:data2\" content=\"2 minute\" \/>\n<script type=\"application\/ld+json\" class=\"yoast-schema-graph\">{\"@context\":\"https:\/\/schema.org\",\"@graph\":[{\"@type\":\"WebPage\",\"@id\":\"https:\/\/cronicahd.ro\/?p=8098\",\"url\":\"https:\/\/cronicahd.ro\/?p=8098\",\"name\":\"Nadia 10 \u2013 Perfec\u021biunea inspir\u0103: 50 de ani de istorie, celebra\u021bi la Deva -\",\"isPartOf\":{\"@id\":\"https:\/\/cronicahd.ro\/#website\"},\"primaryImageOfPage\":{\"@id\":\"https:\/\/cronicahd.ro\/?p=8098#primaryimage\"},\"image\":{\"@id\":\"https:\/\/cronicahd.ro\/?p=8098#primaryimage\"},\"thumbnailUrl\":\"https:\/\/cronicahd.ro\/wp-content\/uploads\/2026\/04\/afis-gala-nadia.jpeg\",\"datePublished\":\"2026-04-20T12:24:38+00:00\",\"author\":{\"@id\":\"https:\/\/cronicahd.ro\/#\/schema\/person\/d1a1277a8cd166610328e17aaf58bf46\"},\"breadcrumb\":{\"@id\":\"https:\/\/cronicahd.ro\/?p=8098#breadcrumb\"},\"inLanguage\":\"ro-RO\",\"potentialAction\":[{\"@type\":\"ReadAction\",\"target\":[\"https:\/\/cronicahd.ro\/?p=8098\"]}]},{\"@type\":\"ImageObject\",\"inLanguage\":\"ro-RO\",\"@id\":\"https:\/\/cronicahd.ro\/?p=8098#primaryimage\",\"url\":\"https:\/\/cronicahd.ro\/wp-content\/uploads\/2026\/04\/afis-gala-nadia.jpeg\",\"contentUrl\":\"https:\/\/cronicahd.ro\/wp-content\/uploads\/2026\/04\/afis-gala-nadia.jpeg\",\"width\":1639,\"height\":2048},{\"@type\":\"BreadcrumbList\",\"@id\":\"https:\/\/cronicahd.ro\/?p=8098#breadcrumb\",\"itemListElement\":[{\"@type\":\"ListItem\",\"position\":1,\"name\":\"Prima pagin\u0103\",\"item\":\"https:\/\/cronicahd.ro\/\"},{\"@type\":\"ListItem\",\"position\":2,\"name\":\"Nadia 10 \u2013 Perfec\u021biunea inspir\u0103: 50 de ani de istorie, celebra\u021bi la Deva\"}]},{\"@type\":\"WebSite\",\"@id\":\"https:\/\/cronicahd.ro\/#website\",\"url\":\"https:\/\/cronicahd.ro\/\",\"name\":\"\",\"description\":\"\",\"potentialAction\":[{\"@type\":\"SearchAction\",\"target\":{\"@type\":\"EntryPoint\",\"urlTemplate\":\"https:\/\/cronicahd.ro\/?s={search_term_string}\"},\"query-input\":{\"@type\":\"PropertyValueSpecification\",\"valueRequired\":true,\"valueName\":\"search_term_string\"}}],\"inLanguage\":\"ro-RO\"},{\"@type\":\"Person\",\"@id\":\"https:\/\/cronicahd.ro\/#\/schema\/person\/d1a1277a8cd166610328e17aaf58bf46\",\"name\":\"admin\",\"image\":{\"@type\":\"ImageObject\",\"inLanguage\":\"ro-RO\",\"@id\":\"https:\/\/cronicahd.ro\/#\/schema\/person\/image\/\",\"url\":\"https:\/\/secure.gravatar.com\/avatar\/24700337280d10898c2e0d19d44a05316bff9fccc941ecc5570ffe41668203f7?s=96&d=mm&r=g\",\"contentUrl\":\"https:\/\/secure.gravatar.com\/avatar\/24700337280d10898c2e0d19d44a05316bff9fccc941ecc5570ffe41668203f7?s=96&d=mm&r=g\",\"caption\":\"admin\"},\"sameAs\":[\"https:\/\/cronicavj.ro\"],\"url\":\"https:\/\/cronicahd.ro\/?author=1\"}]}<\/script>\n<!-- \/ Yoast SEO plugin. -->","yoast_head_json":{"title":"Nadia 10 \u2013 Perfec\u021biunea inspir\u0103: 50 de ani de istorie, celebra\u021bi la Deva -","robots":{"index":"index","follow":"follow","max-snippet":"max-snippet:-1","max-image-preview":"max-image-preview:large","max-video-preview":"max-video-preview:-1"},"canonical":"https:\/\/cronicahd.ro\/?p=8098","og_locale":"ro_RO","og_type":"article","og_title":"Nadia 10 \u2013 Perfec\u021biunea inspir\u0103: 50 de ani de istorie, celebra\u021bi la Deva -","og_description":"Pe 22 aprilie, la Deva, personalit\u0103\u021bi ale gimnasticii rom\u00e2ne\u0219ti se \u00eent\u00e2lnesc s\u0103 celebreze 50 de...","og_url":"https:\/\/cronicahd.ro\/?p=8098","article_published_time":"2026-04-20T12:24:38+00:00","og_image":[{"width":1639,"height":2048,"url":"https:\/\/cronicahd.ro\/wp-content\/uploads\/2026\/04\/afis-gala-nadia.jpeg","type":"image\/jpeg"}],"author":"admin","twitter_card":"summary_large_image","twitter_misc":{"Scris de":"admin","Timp estimat pentru citire":"2 minute"},"schema":{"@context":"https:\/\/schema.org","@graph":[{"@type":"WebPage","@id":"https:\/\/cronicahd.ro\/?p=8098","url":"https:\/\/cronicahd.ro\/?p=8098","name":"Nadia 10 \u2013 Perfec\u021biunea inspir\u0103: 50 de ani de istorie, celebra\u021bi la Deva -","isPartOf":{"@id":"https:\/\/cronicahd.ro\/#website"},"primaryImageOfPage":{"@id":"https:\/\/cronicahd.ro\/?p=8098#primaryimage"},"image":{"@id":"https:\/\/cronicahd.ro\/?p=8098#primaryimage"},"thumbnailUrl":"https:\/\/cronicahd.ro\/wp-content\/uploads\/2026\/04\/afis-gala-nadia.jpeg","datePublished":"2026-04-20T12:24:38+00:00","author":{"@id":"https:\/\/cronicahd.ro\/#\/schema\/person\/d1a1277a8cd166610328e17aaf58bf46"},"breadcrumb":{"@id":"https:\/\/cronicahd.ro\/?p=8098#breadcrumb"},"inLanguage":"ro-RO","potentialAction":[{"@type":"ReadAction","target":["https:\/\/cronicahd.ro\/?p=8098"]}]},{"@type":"ImageObject","inLanguage":"ro-RO","@id":"https:\/\/cronicahd.ro\/?p=8098#primaryimage","url":"https:\/\/cronicahd.ro\/wp-content\/uploads\/2026\/04\/afis-gala-nadia.jpeg","contentUrl":"https:\/\/cronicahd.ro\/wp-content\/uploads\/2026\/04\/afis-gala-nadia.jpeg","width":1639,"height":2048},{"@type":"BreadcrumbList","@id":"https:\/\/cronicahd.ro\/?p=8098#breadcrumb","itemListElement":[{"@type":"ListItem","position":1,"name":"Prima pagin\u0103","item":"https:\/\/cronicahd.ro\/"},{"@type":"ListItem","position":2,"name":"Nadia 10 \u2013 Perfec\u021biunea inspir\u0103: 50 de ani de istorie, celebra\u021bi la Deva"}]},{"@type":"WebSite","@id":"https:\/\/cronicahd.ro\/#website","url":"https:\/\/cronicahd.ro\/","name":"","description":"","potentialAction":[{"@type":"SearchAction","target":{"@type":"EntryPoint","urlTemplate":"https:\/\/cronicahd.ro\/?s={search_term_string}"},"query-input":{"@type":"PropertyValueSpecification","valueRequired":true,"valueName":"search_term_string"}}],"inLanguage":"ro-RO"},{"@type":"Person","@id":"https:\/\/cronicahd.ro\/#\/schema\/person\/d1a1277a8cd166610328e17aaf58bf46","name":"admin","image":{"@type":"ImageObject","inLanguage":"ro-RO","@id":"https:\/\/cronicahd.ro\/#\/schema\/person\/image\/","url":"https:\/\/secure.gravatar.com\/avatar\/24700337280d10898c2e0d19d44a05316bff9fccc941ecc5570ffe41668203f7?s=96&d=mm&r=g","contentUrl":"https:\/\/secure.gravatar.com\/avatar\/24700337280d10898c2e0d19d44a05316bff9fccc941ecc5570ffe41668203f7?s=96&d=mm&r=g","caption":"admin"},"sameAs":["https:\/\/cronicavj.ro"],"url":"https:\/\/cronicahd.ro\/?author=1"}]}},"_links":{"self":[{"href":"https:\/\/cronicahd.ro\/index.php?rest_route=\/wp\/v2\/posts\/8098","targetHints":{"allow":["GET"]}}],"collection":[{"href":"https:\/\/cronicahd.ro\/index.php?rest_route=\/wp\/v2\/posts"}],"about":[{"href":"https:\/\/cronicahd.ro\/index.php?rest_route=\/wp\/v2\/types\/post"}],"author":[{"embeddable":true,"href":"https:\/\/cronicahd.ro\/index.php?rest_route=\/wp\/v2\/users\/1"}],"replies":[{"embeddable":true,"href":"https:\/\/cronicahd.ro\/index.php?rest_route=%2Fwp%2Fv2%2Fcomments&post=8098"}],"version-history":[{"count":1,"href":"https:\/\/cronicahd.ro\/index.php?rest_route=\/wp\/v2\/posts\/8098\/revisions"}],"predecessor-version":[{"id":8100,"href":"https:\/\/cronicahd.ro\/index.php?rest_route=\/wp\/v2\/posts\/8098\/revisions\/8100"}],"wp:featuredmedia":[{"embeddable":true,"href":"https:\/\/cronicahd.ro\/index.php?rest_route=\/wp\/v2\/media\/8099"}],"wp:attachment":[{"href":"https:\/\/cronicahd.ro\/index.php?rest_route=%2Fwp%2Fv2%2Fmedia&parent=8098"}],"wp:term":[{"taxonomy":"category","embeddable":true,"href":"https:\/\/cronicahd.ro\/index.php?rest_route=%2Fwp%2Fv2%2Fcategories&post=8098"},{"taxonomy":"post_tag","embeddable":true,"href":"https:\/\/cronicahd.ro\/index.php?rest_route=%2Fwp%2Fv2%2Ftags&post=8098"}],"curies":[{"name":"wp","href":"https:\/\/api.w.org\/{rel}","templated":true}]}}