{"id":8096,"date":"2026-04-20T12:02:23","date_gmt":"2026-04-20T12:02:23","guid":{"rendered":"https:\/\/cronicahd.ro\/?p=8096"},"modified":"2026-04-20T12:02:23","modified_gmt":"2026-04-20T12:02:23","slug":"femeie-salvata-cu-elicopterul-din-parang","status":"publish","type":"post","link":"https:\/\/cronicahd.ro\/?p=8096","title":{"rendered":"Femeie salvat\u0103 cu elicopterul din Parang"},"content":{"rendered":"<p>&nbsp;<\/p>\n<p>O femeie a solicitat ajutor duminic\u0103, aproape de l\u0103sarea \u00eentunericului, \u00een Par\u00e2ng. A suferit o accidentare \u0219i nu s-a mai putut deplasa, spun salvamonti\u0219tii. A fost solicitat un elicopter, iar victima a fost preluat\u0103. &#8221; Este vorba despre un accidentat pe v\u00e2rful C\u00e2rja. A venit elicopterul SMURD \u0219i a luat femeia de acolo. A cobor\u00e2t medicul, prin troliere, \u0219i a luat victima. Am avut \u0219i echipa la sol, la baza Par\u00e2ng, care era preg\u0103tit\u0103 \u00een caz c\u0103 nu reu\u0219ea interven\u021bia cu elicopterul, din cauze meteo, ori pentru c\u0103 era aproape ora apusului&#8221;, a spus Remus Popescu, \u0219eful Salvamont din Par\u00e2ng.<\/p>\n<p>Potrivit Salvamont, \u00een ultimele 24 de ore, la Dispeceratul Na\u021bional Salvamont s-au primit 15 apeluri prin care se solicita interven\u021bia de urgen\u021b\u0103 a salvamonti\u0219tilor, astfel:<\/p>\n<p>2 apeluri pentru Salvamont Sinaia,<\/p>\n<p>2 apeluri pentru Salvamont Cara\u0219 Severin-Semernic,<\/p>\n<p>1 apel pentru Salvamont Cara\u0219 Severin-Muntele Mic,<\/p>\n<p>1 apel pentru Salvamont Petro\u0219ani,<\/p>\n<p>1 apel pentru Salvamont Bac\u0103u,<\/p>\n<p>1 apel pentru Salvamont Cluj,<\/p>\n<p>3 apeluri pentru Jude\u021bul Bihor,<\/p>\n<p>2 apeluri pentru Jude\u021bul Alba,<\/p>\n<p>1 apel pentru Jude\u021bul Hunedoara,<\/p>\n<p>1 apel pentru Jude\u021bul Maramure\u0219.<\/p>\n<p>\u00cen cazul acestor interven\u021bii au fost salvate 13 persoane. Dintre acestea, dou\u0103 persoane au fost transportate cu Ambulan\u021bele SMURD la spital, iar 3 persoane au fost transportate cu elicopterele SMURD la spital.<\/p>\n<p>S-au primit \u0219i 30 de apeluri prin care se solicitau sfaturi \u0219i informa\u021bii despre diferite trasee turistice din zona montan\u0103.<\/p>\n<p>Diana Mitrache<\/p>\n<p>foto ilustrativ\u0103<\/p>\n","protected":false},"excerpt":{"rendered":"<p>&nbsp; O femeie a solicitat ajutor duminic\u0103, aproape de l\u0103sarea \u00eentunericului, \u00een Par\u00e2ng. A suferit&#8230;<\/p>\n","protected":false},"author":1,"featured_media":3630,"comment_status":"closed","ping_status":"closed","sticky":false,"template":"","format":"standard","meta":{"footnotes":""},"categories":[1,15],"tags":[],"class_list":["post-8096","post","type-post","status-publish","format-standard","has-post-thumbnail","hentry","category-actual","category-eveniment"],"yoast_head":"<!-- This site is optimized with the Yoast SEO plugin v25.3.1 - https:\/\/yoast.com\/wordpress\/plugins\/seo\/ -->\n<title>Femeie salvat\u0103 cu elicopterul din Parang -<\/title>\n<meta name=\"robots\" content=\"index, follow, max-snippet:-1, max-image-preview:large, max-video-preview:-1\" \/>\n<link rel=\"canonical\" href=\"https:\/\/cronicahd.ro\/?p=8096\" \/>\n<meta property=\"og:locale\" content=\"ro_RO\" \/>\n<meta property=\"og:type\" content=\"article\" \/>\n<meta property=\"og:title\" content=\"Femeie salvat\u0103 cu elicopterul din Parang -\" \/>\n<meta property=\"og:description\" content=\"&nbsp; O femeie a solicitat ajutor duminic\u0103, aproape de l\u0103sarea \u00eentunericului, \u00een Par\u00e2ng. A suferit...\" \/>\n<meta property=\"og:url\" content=\"https:\/\/cronicahd.ro\/?p=8096\" \/>\n<meta property=\"article:published_time\" content=\"2026-04-20T12:02:23+00:00\" \/>\n<meta property=\"og:image\" content=\"https:\/\/cronicahd.ro\/wp-content\/uploads\/2025\/11\/sal.jpg\" \/>\n\t<meta property=\"og:image:width\" content=\"259\" \/>\n\t<meta property=\"og:image:height\" content=\"194\" \/>\n\t<meta property=\"og:image:type\" content=\"image\/jpeg\" \/>\n<meta name=\"author\" content=\"admin\" \/>\n<meta name=\"twitter:card\" content=\"summary_large_image\" \/>\n<meta name=\"twitter:label1\" content=\"Scris de\" \/>\n\t<meta name=\"twitter:data1\" content=\"admin\" \/>\n\t<meta name=\"twitter:label2\" content=\"Timp estimat pentru citire\" \/>\n\t<meta name=\"twitter:data2\" content=\"2 minute\" \/>\n<script type=\"application\/ld+json\" class=\"yoast-schema-graph\">{\"@context\":\"https:\/\/schema.org\",\"@graph\":[{\"@type\":\"WebPage\",\"@id\":\"https:\/\/cronicahd.ro\/?p=8096\",\"url\":\"https:\/\/cronicahd.ro\/?p=8096\",\"name\":\"Femeie salvat\u0103 cu elicopterul din Parang -\",\"isPartOf\":{\"@id\":\"https:\/\/cronicahd.ro\/#website\"},\"primaryImageOfPage\":{\"@id\":\"https:\/\/cronicahd.ro\/?p=8096#primaryimage\"},\"image\":{\"@id\":\"https:\/\/cronicahd.ro\/?p=8096#primaryimage\"},\"thumbnailUrl\":\"https:\/\/cronicahd.ro\/wp-content\/uploads\/2025\/11\/sal.jpg\",\"datePublished\":\"2026-04-20T12:02:23+00:00\",\"author\":{\"@id\":\"https:\/\/cronicahd.ro\/#\/schema\/person\/d1a1277a8cd166610328e17aaf58bf46\"},\"breadcrumb\":{\"@id\":\"https:\/\/cronicahd.ro\/?p=8096#breadcrumb\"},\"inLanguage\":\"ro-RO\",\"potentialAction\":[{\"@type\":\"ReadAction\",\"target\":[\"https:\/\/cronicahd.ro\/?p=8096\"]}]},{\"@type\":\"ImageObject\",\"inLanguage\":\"ro-RO\",\"@id\":\"https:\/\/cronicahd.ro\/?p=8096#primaryimage\",\"url\":\"https:\/\/cronicahd.ro\/wp-content\/uploads\/2025\/11\/sal.jpg\",\"contentUrl\":\"https:\/\/cronicahd.ro\/wp-content\/uploads\/2025\/11\/sal.jpg\",\"width\":259,\"height\":194},{\"@type\":\"BreadcrumbList\",\"@id\":\"https:\/\/cronicahd.ro\/?p=8096#breadcrumb\",\"itemListElement\":[{\"@type\":\"ListItem\",\"position\":1,\"name\":\"Prima pagin\u0103\",\"item\":\"https:\/\/cronicahd.ro\/\"},{\"@type\":\"ListItem\",\"position\":2,\"name\":\"Femeie salvat\u0103 cu elicopterul din Parang\"}]},{\"@type\":\"WebSite\",\"@id\":\"https:\/\/cronicahd.ro\/#website\",\"url\":\"https:\/\/cronicahd.ro\/\",\"name\":\"\",\"description\":\"\",\"potentialAction\":[{\"@type\":\"SearchAction\",\"target\":{\"@type\":\"EntryPoint\",\"urlTemplate\":\"https:\/\/cronicahd.ro\/?s={search_term_string}\"},\"query-input\":{\"@type\":\"PropertyValueSpecification\",\"valueRequired\":true,\"valueName\":\"search_term_string\"}}],\"inLanguage\":\"ro-RO\"},{\"@type\":\"Person\",\"@id\":\"https:\/\/cronicahd.ro\/#\/schema\/person\/d1a1277a8cd166610328e17aaf58bf46\",\"name\":\"admin\",\"image\":{\"@type\":\"ImageObject\",\"inLanguage\":\"ro-RO\",\"@id\":\"https:\/\/cronicahd.ro\/#\/schema\/person\/image\/\",\"url\":\"https:\/\/secure.gravatar.com\/avatar\/24700337280d10898c2e0d19d44a05316bff9fccc941ecc5570ffe41668203f7?s=96&d=mm&r=g\",\"contentUrl\":\"https:\/\/secure.gravatar.com\/avatar\/24700337280d10898c2e0d19d44a05316bff9fccc941ecc5570ffe41668203f7?s=96&d=mm&r=g\",\"caption\":\"admin\"},\"sameAs\":[\"https:\/\/cronicavj.ro\"],\"url\":\"https:\/\/cronicahd.ro\/?author=1\"}]}<\/script>\n<!-- \/ Yoast SEO plugin. -->","yoast_head_json":{"title":"Femeie salvat\u0103 cu elicopterul din Parang -","robots":{"index":"index","follow":"follow","max-snippet":"max-snippet:-1","max-image-preview":"max-image-preview:large","max-video-preview":"max-video-preview:-1"},"canonical":"https:\/\/cronicahd.ro\/?p=8096","og_locale":"ro_RO","og_type":"article","og_title":"Femeie salvat\u0103 cu elicopterul din Parang -","og_description":"&nbsp; O femeie a solicitat ajutor duminic\u0103, aproape de l\u0103sarea \u00eentunericului, \u00een Par\u00e2ng. A suferit...","og_url":"https:\/\/cronicahd.ro\/?p=8096","article_published_time":"2026-04-20T12:02:23+00:00","og_image":[{"width":259,"height":194,"url":"https:\/\/cronicahd.ro\/wp-content\/uploads\/2025\/11\/sal.jpg","type":"image\/jpeg"}],"author":"admin","twitter_card":"summary_large_image","twitter_misc":{"Scris de":"admin","Timp estimat pentru citire":"2 minute"},"schema":{"@context":"https:\/\/schema.org","@graph":[{"@type":"WebPage","@id":"https:\/\/cronicahd.ro\/?p=8096","url":"https:\/\/cronicahd.ro\/?p=8096","name":"Femeie salvat\u0103 cu elicopterul din Parang -","isPartOf":{"@id":"https:\/\/cronicahd.ro\/#website"},"primaryImageOfPage":{"@id":"https:\/\/cronicahd.ro\/?p=8096#primaryimage"},"image":{"@id":"https:\/\/cronicahd.ro\/?p=8096#primaryimage"},"thumbnailUrl":"https:\/\/cronicahd.ro\/wp-content\/uploads\/2025\/11\/sal.jpg","datePublished":"2026-04-20T12:02:23+00:00","author":{"@id":"https:\/\/cronicahd.ro\/#\/schema\/person\/d1a1277a8cd166610328e17aaf58bf46"},"breadcrumb":{"@id":"https:\/\/cronicahd.ro\/?p=8096#breadcrumb"},"inLanguage":"ro-RO","potentialAction":[{"@type":"ReadAction","target":["https:\/\/cronicahd.ro\/?p=8096"]}]},{"@type":"ImageObject","inLanguage":"ro-RO","@id":"https:\/\/cronicahd.ro\/?p=8096#primaryimage","url":"https:\/\/cronicahd.ro\/wp-content\/uploads\/2025\/11\/sal.jpg","contentUrl":"https:\/\/cronicahd.ro\/wp-content\/uploads\/2025\/11\/sal.jpg","width":259,"height":194},{"@type":"BreadcrumbList","@id":"https:\/\/cronicahd.ro\/?p=8096#breadcrumb","itemListElement":[{"@type":"ListItem","position":1,"name":"Prima pagin\u0103","item":"https:\/\/cronicahd.ro\/"},{"@type":"ListItem","position":2,"name":"Femeie salvat\u0103 cu elicopterul din Parang"}]},{"@type":"WebSite","@id":"https:\/\/cronicahd.ro\/#website","url":"https:\/\/cronicahd.ro\/","name":"","description":"","potentialAction":[{"@type":"SearchAction","target":{"@type":"EntryPoint","urlTemplate":"https:\/\/cronicahd.ro\/?s={search_term_string}"},"query-input":{"@type":"PropertyValueSpecification","valueRequired":true,"valueName":"search_term_string"}}],"inLanguage":"ro-RO"},{"@type":"Person","@id":"https:\/\/cronicahd.ro\/#\/schema\/person\/d1a1277a8cd166610328e17aaf58bf46","name":"admin","image":{"@type":"ImageObject","inLanguage":"ro-RO","@id":"https:\/\/cronicahd.ro\/#\/schema\/person\/image\/","url":"https:\/\/secure.gravatar.com\/avatar\/24700337280d10898c2e0d19d44a05316bff9fccc941ecc5570ffe41668203f7?s=96&d=mm&r=g","contentUrl":"https:\/\/secure.gravatar.com\/avatar\/24700337280d10898c2e0d19d44a05316bff9fccc941ecc5570ffe41668203f7?s=96&d=mm&r=g","caption":"admin"},"sameAs":["https:\/\/cronicavj.ro"],"url":"https:\/\/cronicahd.ro\/?author=1"}]}},"_links":{"self":[{"href":"https:\/\/cronicahd.ro\/index.php?rest_route=\/wp\/v2\/posts\/8096","targetHints":{"allow":["GET"]}}],"collection":[{"href":"https:\/\/cronicahd.ro\/index.php?rest_route=\/wp\/v2\/posts"}],"about":[{"href":"https:\/\/cronicahd.ro\/index.php?rest_route=\/wp\/v2\/types\/post"}],"author":[{"embeddable":true,"href":"https:\/\/cronicahd.ro\/index.php?rest_route=\/wp\/v2\/users\/1"}],"replies":[{"embeddable":true,"href":"https:\/\/cronicahd.ro\/index.php?rest_route=%2Fwp%2Fv2%2Fcomments&post=8096"}],"version-history":[{"count":1,"href":"https:\/\/cronicahd.ro\/index.php?rest_route=\/wp\/v2\/posts\/8096\/revisions"}],"predecessor-version":[{"id":8097,"href":"https:\/\/cronicahd.ro\/index.php?rest_route=\/wp\/v2\/posts\/8096\/revisions\/8097"}],"wp:featuredmedia":[{"embeddable":true,"href":"https:\/\/cronicahd.ro\/index.php?rest_route=\/wp\/v2\/media\/3630"}],"wp:attachment":[{"href":"https:\/\/cronicahd.ro\/index.php?rest_route=%2Fwp%2Fv2%2Fmedia&parent=8096"}],"wp:term":[{"taxonomy":"category","embeddable":true,"href":"https:\/\/cronicahd.ro\/index.php?rest_route=%2Fwp%2Fv2%2Fcategories&post=8096"},{"taxonomy":"post_tag","embeddable":true,"href":"https:\/\/cronicahd.ro\/index.php?rest_route=%2Fwp%2Fv2%2Ftags&post=8096"}],"curies":[{"name":"wp","href":"https:\/\/api.w.org\/{rel}","templated":true}]}}