{"id":8093,"date":"2026-04-20T09:10:19","date_gmt":"2026-04-20T09:10:19","guid":{"rendered":"https:\/\/cronicahd.ro\/?p=8093"},"modified":"2026-04-20T09:10:19","modified_gmt":"2026-04-20T09:10:19","slug":"psd-acuzat-ca-forteaza-schimbarea-premierului-senatorul-calin-petru-marian-este-o-criza-provocata-deliberat","status":"publish","type":"post","link":"https:\/\/cronicahd.ro\/?p=8093","title":{"rendered":"PSD, acuzat c\u0103 for\u021beaz\u0103 schimbarea premierului. Senatorul C\u0103lin Petru Marian: \u201eEste o criz\u0103 provocat\u0103 deliberat\u201d"},"content":{"rendered":"<p>&nbsp;<\/p>\n<p>Senatorul PNL de Hunedoara, C\u0103lin Petru Marian, sus\u021bine c\u0103 Partidul Social Democrat a luat deja decizia politic\u0103 de a schimba premierul, iar tensiunile actuale din coali\u021bie nu reprezint\u0103 o situa\u021bie spontan\u0103, ci un plan asumat.<\/p>\n<p>Potrivit acestuia, nu ar exista o problem\u0103 real\u0103 de guvernare, ci o criz\u0103 \u201eprovocat\u0103 deliberat\u201d, cu un obiectiv clar: \u00eenlocuirea \u0219efului Executivului. \u201ePSD \u00eencearc\u0103 s\u0103 creeze aceast\u0103 criz\u0103 \u0219i, \u00een acela\u0219i timp, s\u0103 fug\u0103 de responsabilitatea ei. Aici este contradic\u021bia lor fundamental\u0103\u201d, afirm\u0103 senatorul.<\/p>\n<p>Acesta consider\u0103 c\u0103 atacurile la adresa premierului sunt doar un pretext, iar miza real\u0103 ar fi controlul politic \u0219i men\u021binerea influen\u021bei. \u201eNu vorbim despre performan\u021b\u0103 sau rezultate, ci despre privilegii, sinecuri \u0219i re\u021bele de influen\u021b\u0103\u201d, a declarat C\u0103lin Petru Marian.<\/p>\n<p>Senatorul liberal mai sus\u021bine c\u0103 social-democra\u021bii \u00eencearc\u0103 s\u0103 prezinte situa\u021bia drept o \u201ecriz\u0103 inevitabil\u0103\u201d, de\u0219i, \u00een opinia sa, este vorba despre \u201eo alegere politic\u0103 rece\u201d. El acuz\u0103 PSD c\u0103 mut\u0103 deliberat discu\u021bia de la guvernare \u0219i reforme c\u0103tre persoana premierului, evit\u00e2nd astfel o dezbatere real\u0103 despre direc\u021bia \u021b\u0103rii.<\/p>\n<p>Mai mult, senatorul PNL afirm\u0103 c\u0103 nu exist\u0103 un plan clar al PSD pentru perioada de dup\u0103 schimbarea premierului. \u201eExist\u0103 doar o miz\u0103 de putere\u201d, a punctat acesta, avertiz\u00e2nd asupra unor posibile consecin\u021be economice: presiuni asupra cursului valutar, cre\u0219terea dob\u00e2nzilor, am\u00e2narea investi\u021biilor \u0219i riscul pierderii fondurilor din PNRR.<\/p>\n<p>Referindu-se la situa\u021bia din jude\u021b, C\u0103lin Petru Marian a declarat c\u0103 \u201eadev\u0103ratul moment al adev\u0103rului\u201d \u021bine de temerile privind pierderea resurselor financiare \u0219i a influen\u021bei politice la nivel local. \u201eEste vorba despre frica de a le fi oprit \u2018robinetul\u2019\u201d, a spus acesta.<\/p>\n<p>\u00cen final, senatorul a atras aten\u021bia c\u0103 \u201eDecontul pentru destabilizarea \u021b\u0103rii va veni\u201d, a conchis C\u0103lin Petru Marian.<\/p>\n","protected":false},"excerpt":{"rendered":"<p>&nbsp; Senatorul PNL de Hunedoara, C\u0103lin Petru Marian, sus\u021bine c\u0103 Partidul Social Democrat a luat&#8230;<\/p>\n","protected":false},"author":1,"featured_media":8094,"comment_status":"closed","ping_status":"closed","sticky":false,"template":"","format":"standard","meta":{"footnotes":""},"categories":[1,16],"tags":[],"class_list":["post-8093","post","type-post","status-publish","format-standard","has-post-thumbnail","hentry","category-actual","category-politic"],"yoast_head":"<!-- This site is optimized with the Yoast SEO plugin v25.3.1 - https:\/\/yoast.com\/wordpress\/plugins\/seo\/ -->\n<title>PSD, acuzat c\u0103 for\u021beaz\u0103 schimbarea premierului. Senatorul C\u0103lin Petru Marian: \u201eEste o criz\u0103 provocat\u0103 deliberat\u201d -<\/title>\n<meta name=\"robots\" content=\"index, follow, max-snippet:-1, max-image-preview:large, max-video-preview:-1\" \/>\n<link rel=\"canonical\" href=\"https:\/\/cronicahd.ro\/?p=8093\" \/>\n<meta property=\"og:locale\" content=\"ro_RO\" \/>\n<meta property=\"og:type\" content=\"article\" \/>\n<meta property=\"og:title\" content=\"PSD, acuzat c\u0103 for\u021beaz\u0103 schimbarea premierului. Senatorul C\u0103lin Petru Marian: \u201eEste o criz\u0103 provocat\u0103 deliberat\u201d -\" \/>\n<meta property=\"og:description\" content=\"&nbsp; Senatorul PNL de Hunedoara, C\u0103lin Petru Marian, sus\u021bine c\u0103 Partidul Social Democrat a luat...\" \/>\n<meta property=\"og:url\" content=\"https:\/\/cronicahd.ro\/?p=8093\" \/>\n<meta property=\"article:published_time\" content=\"2026-04-20T09:10:19+00:00\" \/>\n<meta property=\"og:image\" content=\"https:\/\/cronicahd.ro\/wp-content\/uploads\/2026\/04\/IMG_6688.jpeg\" \/>\n\t<meta property=\"og:image:width\" content=\"1169\" \/>\n\t<meta property=\"og:image:height\" content=\"939\" \/>\n\t<meta property=\"og:image:type\" content=\"image\/jpeg\" \/>\n<meta name=\"author\" content=\"admin\" \/>\n<meta name=\"twitter:card\" content=\"summary_large_image\" \/>\n<meta name=\"twitter:label1\" content=\"Scris de\" \/>\n\t<meta name=\"twitter:data1\" content=\"admin\" \/>\n\t<meta name=\"twitter:label2\" content=\"Timp estimat pentru citire\" \/>\n\t<meta name=\"twitter:data2\" content=\"2 minute\" \/>\n<script type=\"application\/ld+json\" class=\"yoast-schema-graph\">{\"@context\":\"https:\/\/schema.org\",\"@graph\":[{\"@type\":\"WebPage\",\"@id\":\"https:\/\/cronicahd.ro\/?p=8093\",\"url\":\"https:\/\/cronicahd.ro\/?p=8093\",\"name\":\"PSD, acuzat c\u0103 for\u021beaz\u0103 schimbarea premierului. Senatorul C\u0103lin Petru Marian: \u201eEste o criz\u0103 provocat\u0103 deliberat\u201d -\",\"isPartOf\":{\"@id\":\"https:\/\/cronicahd.ro\/#website\"},\"primaryImageOfPage\":{\"@id\":\"https:\/\/cronicahd.ro\/?p=8093#primaryimage\"},\"image\":{\"@id\":\"https:\/\/cronicahd.ro\/?p=8093#primaryimage\"},\"thumbnailUrl\":\"https:\/\/cronicahd.ro\/wp-content\/uploads\/2026\/04\/IMG_6688.jpeg\",\"datePublished\":\"2026-04-20T09:10:19+00:00\",\"author\":{\"@id\":\"https:\/\/cronicahd.ro\/#\/schema\/person\/d1a1277a8cd166610328e17aaf58bf46\"},\"breadcrumb\":{\"@id\":\"https:\/\/cronicahd.ro\/?p=8093#breadcrumb\"},\"inLanguage\":\"ro-RO\",\"potentialAction\":[{\"@type\":\"ReadAction\",\"target\":[\"https:\/\/cronicahd.ro\/?p=8093\"]}]},{\"@type\":\"ImageObject\",\"inLanguage\":\"ro-RO\",\"@id\":\"https:\/\/cronicahd.ro\/?p=8093#primaryimage\",\"url\":\"https:\/\/cronicahd.ro\/wp-content\/uploads\/2026\/04\/IMG_6688.jpeg\",\"contentUrl\":\"https:\/\/cronicahd.ro\/wp-content\/uploads\/2026\/04\/IMG_6688.jpeg\",\"width\":1169,\"height\":939},{\"@type\":\"BreadcrumbList\",\"@id\":\"https:\/\/cronicahd.ro\/?p=8093#breadcrumb\",\"itemListElement\":[{\"@type\":\"ListItem\",\"position\":1,\"name\":\"Prima pagin\u0103\",\"item\":\"https:\/\/cronicahd.ro\/\"},{\"@type\":\"ListItem\",\"position\":2,\"name\":\"PSD, acuzat c\u0103 for\u021beaz\u0103 schimbarea premierului. Senatorul C\u0103lin Petru Marian: \u201eEste o criz\u0103 provocat\u0103 deliberat\u201d\"}]},{\"@type\":\"WebSite\",\"@id\":\"https:\/\/cronicahd.ro\/#website\",\"url\":\"https:\/\/cronicahd.ro\/\",\"name\":\"\",\"description\":\"\",\"potentialAction\":[{\"@type\":\"SearchAction\",\"target\":{\"@type\":\"EntryPoint\",\"urlTemplate\":\"https:\/\/cronicahd.ro\/?s={search_term_string}\"},\"query-input\":{\"@type\":\"PropertyValueSpecification\",\"valueRequired\":true,\"valueName\":\"search_term_string\"}}],\"inLanguage\":\"ro-RO\"},{\"@type\":\"Person\",\"@id\":\"https:\/\/cronicahd.ro\/#\/schema\/person\/d1a1277a8cd166610328e17aaf58bf46\",\"name\":\"admin\",\"image\":{\"@type\":\"ImageObject\",\"inLanguage\":\"ro-RO\",\"@id\":\"https:\/\/cronicahd.ro\/#\/schema\/person\/image\/\",\"url\":\"https:\/\/secure.gravatar.com\/avatar\/24700337280d10898c2e0d19d44a05316bff9fccc941ecc5570ffe41668203f7?s=96&d=mm&r=g\",\"contentUrl\":\"https:\/\/secure.gravatar.com\/avatar\/24700337280d10898c2e0d19d44a05316bff9fccc941ecc5570ffe41668203f7?s=96&d=mm&r=g\",\"caption\":\"admin\"},\"sameAs\":[\"https:\/\/cronicavj.ro\"],\"url\":\"https:\/\/cronicahd.ro\/?author=1\"}]}<\/script>\n<!-- \/ Yoast SEO plugin. -->","yoast_head_json":{"title":"PSD, acuzat c\u0103 for\u021beaz\u0103 schimbarea premierului. Senatorul C\u0103lin Petru Marian: \u201eEste o criz\u0103 provocat\u0103 deliberat\u201d -","robots":{"index":"index","follow":"follow","max-snippet":"max-snippet:-1","max-image-preview":"max-image-preview:large","max-video-preview":"max-video-preview:-1"},"canonical":"https:\/\/cronicahd.ro\/?p=8093","og_locale":"ro_RO","og_type":"article","og_title":"PSD, acuzat c\u0103 for\u021beaz\u0103 schimbarea premierului. Senatorul C\u0103lin Petru Marian: \u201eEste o criz\u0103 provocat\u0103 deliberat\u201d -","og_description":"&nbsp; Senatorul PNL de Hunedoara, C\u0103lin Petru Marian, sus\u021bine c\u0103 Partidul Social Democrat a luat...","og_url":"https:\/\/cronicahd.ro\/?p=8093","article_published_time":"2026-04-20T09:10:19+00:00","og_image":[{"width":1169,"height":939,"url":"https:\/\/cronicahd.ro\/wp-content\/uploads\/2026\/04\/IMG_6688.jpeg","type":"image\/jpeg"}],"author":"admin","twitter_card":"summary_large_image","twitter_misc":{"Scris de":"admin","Timp estimat pentru citire":"2 minute"},"schema":{"@context":"https:\/\/schema.org","@graph":[{"@type":"WebPage","@id":"https:\/\/cronicahd.ro\/?p=8093","url":"https:\/\/cronicahd.ro\/?p=8093","name":"PSD, acuzat c\u0103 for\u021beaz\u0103 schimbarea premierului. Senatorul C\u0103lin Petru Marian: \u201eEste o criz\u0103 provocat\u0103 deliberat\u201d -","isPartOf":{"@id":"https:\/\/cronicahd.ro\/#website"},"primaryImageOfPage":{"@id":"https:\/\/cronicahd.ro\/?p=8093#primaryimage"},"image":{"@id":"https:\/\/cronicahd.ro\/?p=8093#primaryimage"},"thumbnailUrl":"https:\/\/cronicahd.ro\/wp-content\/uploads\/2026\/04\/IMG_6688.jpeg","datePublished":"2026-04-20T09:10:19+00:00","author":{"@id":"https:\/\/cronicahd.ro\/#\/schema\/person\/d1a1277a8cd166610328e17aaf58bf46"},"breadcrumb":{"@id":"https:\/\/cronicahd.ro\/?p=8093#breadcrumb"},"inLanguage":"ro-RO","potentialAction":[{"@type":"ReadAction","target":["https:\/\/cronicahd.ro\/?p=8093"]}]},{"@type":"ImageObject","inLanguage":"ro-RO","@id":"https:\/\/cronicahd.ro\/?p=8093#primaryimage","url":"https:\/\/cronicahd.ro\/wp-content\/uploads\/2026\/04\/IMG_6688.jpeg","contentUrl":"https:\/\/cronicahd.ro\/wp-content\/uploads\/2026\/04\/IMG_6688.jpeg","width":1169,"height":939},{"@type":"BreadcrumbList","@id":"https:\/\/cronicahd.ro\/?p=8093#breadcrumb","itemListElement":[{"@type":"ListItem","position":1,"name":"Prima pagin\u0103","item":"https:\/\/cronicahd.ro\/"},{"@type":"ListItem","position":2,"name":"PSD, acuzat c\u0103 for\u021beaz\u0103 schimbarea premierului. Senatorul C\u0103lin Petru Marian: \u201eEste o criz\u0103 provocat\u0103 deliberat\u201d"}]},{"@type":"WebSite","@id":"https:\/\/cronicahd.ro\/#website","url":"https:\/\/cronicahd.ro\/","name":"","description":"","potentialAction":[{"@type":"SearchAction","target":{"@type":"EntryPoint","urlTemplate":"https:\/\/cronicahd.ro\/?s={search_term_string}"},"query-input":{"@type":"PropertyValueSpecification","valueRequired":true,"valueName":"search_term_string"}}],"inLanguage":"ro-RO"},{"@type":"Person","@id":"https:\/\/cronicahd.ro\/#\/schema\/person\/d1a1277a8cd166610328e17aaf58bf46","name":"admin","image":{"@type":"ImageObject","inLanguage":"ro-RO","@id":"https:\/\/cronicahd.ro\/#\/schema\/person\/image\/","url":"https:\/\/secure.gravatar.com\/avatar\/24700337280d10898c2e0d19d44a05316bff9fccc941ecc5570ffe41668203f7?s=96&d=mm&r=g","contentUrl":"https:\/\/secure.gravatar.com\/avatar\/24700337280d10898c2e0d19d44a05316bff9fccc941ecc5570ffe41668203f7?s=96&d=mm&r=g","caption":"admin"},"sameAs":["https:\/\/cronicavj.ro"],"url":"https:\/\/cronicahd.ro\/?author=1"}]}},"_links":{"self":[{"href":"https:\/\/cronicahd.ro\/index.php?rest_route=\/wp\/v2\/posts\/8093","targetHints":{"allow":["GET"]}}],"collection":[{"href":"https:\/\/cronicahd.ro\/index.php?rest_route=\/wp\/v2\/posts"}],"about":[{"href":"https:\/\/cronicahd.ro\/index.php?rest_route=\/wp\/v2\/types\/post"}],"author":[{"embeddable":true,"href":"https:\/\/cronicahd.ro\/index.php?rest_route=\/wp\/v2\/users\/1"}],"replies":[{"embeddable":true,"href":"https:\/\/cronicahd.ro\/index.php?rest_route=%2Fwp%2Fv2%2Fcomments&post=8093"}],"version-history":[{"count":1,"href":"https:\/\/cronicahd.ro\/index.php?rest_route=\/wp\/v2\/posts\/8093\/revisions"}],"predecessor-version":[{"id":8095,"href":"https:\/\/cronicahd.ro\/index.php?rest_route=\/wp\/v2\/posts\/8093\/revisions\/8095"}],"wp:featuredmedia":[{"embeddable":true,"href":"https:\/\/cronicahd.ro\/index.php?rest_route=\/wp\/v2\/media\/8094"}],"wp:attachment":[{"href":"https:\/\/cronicahd.ro\/index.php?rest_route=%2Fwp%2Fv2%2Fmedia&parent=8093"}],"wp:term":[{"taxonomy":"category","embeddable":true,"href":"https:\/\/cronicahd.ro\/index.php?rest_route=%2Fwp%2Fv2%2Fcategories&post=8093"},{"taxonomy":"post_tag","embeddable":true,"href":"https:\/\/cronicahd.ro\/index.php?rest_route=%2Fwp%2Fv2%2Ftags&post=8093"}],"curies":[{"name":"wp","href":"https:\/\/api.w.org\/{rel}","templated":true}]}}