{"id":8090,"date":"2026-04-20T07:02:31","date_gmt":"2026-04-20T07:02:31","guid":{"rendered":"https:\/\/cronicahd.ro\/?p=8090"},"modified":"2026-04-20T07:02:31","modified_gmt":"2026-04-20T07:02:31","slug":"aprecieri-de-peste-ocean-pentru-colocviul-dedicat-lui-i-d-sirbu","status":"publish","type":"post","link":"https:\/\/cronicahd.ro\/?p=8090","title":{"rendered":"Aprecieri de peste Ocean pentru colocviul dedicat lui I.D S\u00eerbu"},"content":{"rendered":"<p>&nbsp;<\/p>\n<p>Evenimentul excep\u021bional de la Petro\u0219ani dedicat marelui Ion Dezideriu S\u00eerbu a avut reverbera\u021bii p\u00e2n\u0103 \u00een Statele Unite ale Americii.<\/p>\n<p>UNIFERO \u2013 Uniunea Interna\u021bional\u0103 a Femeilor Rom\u00e2ne pentru femeile lumii, tineri \u0219i familiile acestora a salutat modul \u00een care au fost organizate dezbaterile publice \u0219i piesa de teatru realizat\u0103 la teatrul ce \u00eei poart\u0103 numele marelui scriitor. \u00cen plus, a lansat \u0219i invita\u021bia de a se \u00eent\u00e2lni cu to\u021bii la Ia\u0219i \u00een vara acestui an. \u201eOrganiza\u021bia non-profit, \u00eenregistrat\u0103 \u00een Atlanta USA, v\u0103 salut\u0103! Felicit\u0103ri pentru demers \u0219i v\u0103 a\u0219tept\u0103m s\u0103 fim \u00eempreun\u0103 la Ia\u0219i , \u00eentre 10 \u0219i 11 august, la Conferin\u021ba UNIFERO \u0219i la conferin\u021ba dedicat\u0103 diasporei\u201d. Scrisoarea este semnat\u0103 de prof univ dr Smaranda (Mada) Cazan Livescu \u0219i a ajuns la Petro\u0219ani prin intermediul profesoarei Nicoleta C\u00eendea, membru UNIFERO.<br \/>\n\u201e\u00centregul colectiv al teatrului merit\u0103 felicit\u0103rile noastre, \u00eencep\u00e2nd de la regizorul de notorietate Constantin Radu Tudosie, totodat\u0103 scenarist l\u00e2ng\u0103 Claudiu Groza, \u00eempreun\u0103 cu fermec\u0103toarea echip\u0103 actoriceasc\u0103. Un Florilegiu de \u00eenalt\u0103 expresivitate, plin de talente de apreciat de publicul avizat, precum Cosmin Brehu\u021b\u0103, Mihai Sima, Mihai R\u0103dulea, Bogdan Florea, Patricia Buraga, Simona Codreanu, Sergiu F\u00eerte, Daniel Cerg\u0103, Bogdan Constantin T\u0103lmaciu, Lauren\u021biu Vlad. Scenografia de \u00eenalt\u0103 expresivitate este semnat\u0103 de valoroasa maestr\u0103 a cromaticii Wilhelmina Kuron Bechesi\u201d, a punctat despre evenimentul de la Petro\u0219ani \u0219i Ion Anton Datcu, cronicar de teatru la Clubul Liric din Montreal.<\/p>\n<p>Diana Mitrache<\/p>\n<p>&nbsp;<\/p>\n","protected":false},"excerpt":{"rendered":"<p>&nbsp; Evenimentul excep\u021bional de la Petro\u0219ani dedicat marelui Ion Dezideriu S\u00eerbu a avut reverbera\u021bii p\u00e2n\u0103&#8230;<\/p>\n","protected":false},"author":1,"featured_media":8091,"comment_status":"closed","ping_status":"closed","sticky":false,"template":"","format":"standard","meta":{"footnotes":""},"categories":[1,17],"tags":[],"class_list":["post-8090","post","type-post","status-publish","format-standard","has-post-thumbnail","hentry","category-actual","category-cultura"],"yoast_head":"<!-- This site is optimized with the Yoast SEO plugin v25.3.1 - https:\/\/yoast.com\/wordpress\/plugins\/seo\/ -->\n<title>Aprecieri de peste Ocean pentru colocviul dedicat lui I.D S\u00eerbu -<\/title>\n<meta name=\"robots\" content=\"index, follow, max-snippet:-1, max-image-preview:large, max-video-preview:-1\" \/>\n<link rel=\"canonical\" href=\"https:\/\/cronicahd.ro\/?p=8090\" \/>\n<meta property=\"og:locale\" content=\"ro_RO\" \/>\n<meta property=\"og:type\" content=\"article\" \/>\n<meta property=\"og:title\" content=\"Aprecieri de peste Ocean pentru colocviul dedicat lui I.D S\u00eerbu -\" \/>\n<meta property=\"og:description\" content=\"&nbsp; Evenimentul excep\u021bional de la Petro\u0219ani dedicat marelui Ion Dezideriu S\u00eerbu a avut reverbera\u021bii p\u00e2n\u0103...\" \/>\n<meta property=\"og:url\" content=\"https:\/\/cronicahd.ro\/?p=8090\" \/>\n<meta property=\"article:published_time\" content=\"2026-04-20T07:02:31+00:00\" \/>\n<meta property=\"og:image\" content=\"https:\/\/cronicahd.ro\/wp-content\/uploads\/2026\/04\/t-2.jpg\" \/>\n\t<meta property=\"og:image:width\" content=\"2048\" \/>\n\t<meta property=\"og:image:height\" content=\"1536\" \/>\n\t<meta property=\"og:image:type\" content=\"image\/jpeg\" \/>\n<meta name=\"author\" content=\"admin\" \/>\n<meta name=\"twitter:card\" content=\"summary_large_image\" \/>\n<meta name=\"twitter:label1\" content=\"Scris de\" \/>\n\t<meta name=\"twitter:data1\" content=\"admin\" \/>\n\t<meta name=\"twitter:label2\" content=\"Timp estimat pentru citire\" \/>\n\t<meta name=\"twitter:data2\" content=\"2 minute\" \/>\n<script type=\"application\/ld+json\" class=\"yoast-schema-graph\">{\"@context\":\"https:\/\/schema.org\",\"@graph\":[{\"@type\":\"WebPage\",\"@id\":\"https:\/\/cronicahd.ro\/?p=8090\",\"url\":\"https:\/\/cronicahd.ro\/?p=8090\",\"name\":\"Aprecieri de peste Ocean pentru colocviul dedicat lui I.D S\u00eerbu -\",\"isPartOf\":{\"@id\":\"https:\/\/cronicahd.ro\/#website\"},\"primaryImageOfPage\":{\"@id\":\"https:\/\/cronicahd.ro\/?p=8090#primaryimage\"},\"image\":{\"@id\":\"https:\/\/cronicahd.ro\/?p=8090#primaryimage\"},\"thumbnailUrl\":\"https:\/\/cronicahd.ro\/wp-content\/uploads\/2026\/04\/t-2.jpg\",\"datePublished\":\"2026-04-20T07:02:31+00:00\",\"author\":{\"@id\":\"https:\/\/cronicahd.ro\/#\/schema\/person\/d1a1277a8cd166610328e17aaf58bf46\"},\"breadcrumb\":{\"@id\":\"https:\/\/cronicahd.ro\/?p=8090#breadcrumb\"},\"inLanguage\":\"ro-RO\",\"potentialAction\":[{\"@type\":\"ReadAction\",\"target\":[\"https:\/\/cronicahd.ro\/?p=8090\"]}]},{\"@type\":\"ImageObject\",\"inLanguage\":\"ro-RO\",\"@id\":\"https:\/\/cronicahd.ro\/?p=8090#primaryimage\",\"url\":\"https:\/\/cronicahd.ro\/wp-content\/uploads\/2026\/04\/t-2.jpg\",\"contentUrl\":\"https:\/\/cronicahd.ro\/wp-content\/uploads\/2026\/04\/t-2.jpg\",\"width\":2048,\"height\":1536},{\"@type\":\"BreadcrumbList\",\"@id\":\"https:\/\/cronicahd.ro\/?p=8090#breadcrumb\",\"itemListElement\":[{\"@type\":\"ListItem\",\"position\":1,\"name\":\"Prima pagin\u0103\",\"item\":\"https:\/\/cronicahd.ro\/\"},{\"@type\":\"ListItem\",\"position\":2,\"name\":\"Aprecieri de peste Ocean pentru colocviul dedicat lui I.D S\u00eerbu\"}]},{\"@type\":\"WebSite\",\"@id\":\"https:\/\/cronicahd.ro\/#website\",\"url\":\"https:\/\/cronicahd.ro\/\",\"name\":\"\",\"description\":\"\",\"potentialAction\":[{\"@type\":\"SearchAction\",\"target\":{\"@type\":\"EntryPoint\",\"urlTemplate\":\"https:\/\/cronicahd.ro\/?s={search_term_string}\"},\"query-input\":{\"@type\":\"PropertyValueSpecification\",\"valueRequired\":true,\"valueName\":\"search_term_string\"}}],\"inLanguage\":\"ro-RO\"},{\"@type\":\"Person\",\"@id\":\"https:\/\/cronicahd.ro\/#\/schema\/person\/d1a1277a8cd166610328e17aaf58bf46\",\"name\":\"admin\",\"image\":{\"@type\":\"ImageObject\",\"inLanguage\":\"ro-RO\",\"@id\":\"https:\/\/cronicahd.ro\/#\/schema\/person\/image\/\",\"url\":\"https:\/\/secure.gravatar.com\/avatar\/24700337280d10898c2e0d19d44a05316bff9fccc941ecc5570ffe41668203f7?s=96&d=mm&r=g\",\"contentUrl\":\"https:\/\/secure.gravatar.com\/avatar\/24700337280d10898c2e0d19d44a05316bff9fccc941ecc5570ffe41668203f7?s=96&d=mm&r=g\",\"caption\":\"admin\"},\"sameAs\":[\"https:\/\/cronicavj.ro\"],\"url\":\"https:\/\/cronicahd.ro\/?author=1\"}]}<\/script>\n<!-- \/ Yoast SEO plugin. -->","yoast_head_json":{"title":"Aprecieri de peste Ocean pentru colocviul dedicat lui I.D S\u00eerbu -","robots":{"index":"index","follow":"follow","max-snippet":"max-snippet:-1","max-image-preview":"max-image-preview:large","max-video-preview":"max-video-preview:-1"},"canonical":"https:\/\/cronicahd.ro\/?p=8090","og_locale":"ro_RO","og_type":"article","og_title":"Aprecieri de peste Ocean pentru colocviul dedicat lui I.D S\u00eerbu -","og_description":"&nbsp; Evenimentul excep\u021bional de la Petro\u0219ani dedicat marelui Ion Dezideriu S\u00eerbu a avut reverbera\u021bii p\u00e2n\u0103...","og_url":"https:\/\/cronicahd.ro\/?p=8090","article_published_time":"2026-04-20T07:02:31+00:00","og_image":[{"width":2048,"height":1536,"url":"https:\/\/cronicahd.ro\/wp-content\/uploads\/2026\/04\/t-2.jpg","type":"image\/jpeg"}],"author":"admin","twitter_card":"summary_large_image","twitter_misc":{"Scris de":"admin","Timp estimat pentru citire":"2 minute"},"schema":{"@context":"https:\/\/schema.org","@graph":[{"@type":"WebPage","@id":"https:\/\/cronicahd.ro\/?p=8090","url":"https:\/\/cronicahd.ro\/?p=8090","name":"Aprecieri de peste Ocean pentru colocviul dedicat lui I.D S\u00eerbu -","isPartOf":{"@id":"https:\/\/cronicahd.ro\/#website"},"primaryImageOfPage":{"@id":"https:\/\/cronicahd.ro\/?p=8090#primaryimage"},"image":{"@id":"https:\/\/cronicahd.ro\/?p=8090#primaryimage"},"thumbnailUrl":"https:\/\/cronicahd.ro\/wp-content\/uploads\/2026\/04\/t-2.jpg","datePublished":"2026-04-20T07:02:31+00:00","author":{"@id":"https:\/\/cronicahd.ro\/#\/schema\/person\/d1a1277a8cd166610328e17aaf58bf46"},"breadcrumb":{"@id":"https:\/\/cronicahd.ro\/?p=8090#breadcrumb"},"inLanguage":"ro-RO","potentialAction":[{"@type":"ReadAction","target":["https:\/\/cronicahd.ro\/?p=8090"]}]},{"@type":"ImageObject","inLanguage":"ro-RO","@id":"https:\/\/cronicahd.ro\/?p=8090#primaryimage","url":"https:\/\/cronicahd.ro\/wp-content\/uploads\/2026\/04\/t-2.jpg","contentUrl":"https:\/\/cronicahd.ro\/wp-content\/uploads\/2026\/04\/t-2.jpg","width":2048,"height":1536},{"@type":"BreadcrumbList","@id":"https:\/\/cronicahd.ro\/?p=8090#breadcrumb","itemListElement":[{"@type":"ListItem","position":1,"name":"Prima pagin\u0103","item":"https:\/\/cronicahd.ro\/"},{"@type":"ListItem","position":2,"name":"Aprecieri de peste Ocean pentru colocviul dedicat lui I.D S\u00eerbu"}]},{"@type":"WebSite","@id":"https:\/\/cronicahd.ro\/#website","url":"https:\/\/cronicahd.ro\/","name":"","description":"","potentialAction":[{"@type":"SearchAction","target":{"@type":"EntryPoint","urlTemplate":"https:\/\/cronicahd.ro\/?s={search_term_string}"},"query-input":{"@type":"PropertyValueSpecification","valueRequired":true,"valueName":"search_term_string"}}],"inLanguage":"ro-RO"},{"@type":"Person","@id":"https:\/\/cronicahd.ro\/#\/schema\/person\/d1a1277a8cd166610328e17aaf58bf46","name":"admin","image":{"@type":"ImageObject","inLanguage":"ro-RO","@id":"https:\/\/cronicahd.ro\/#\/schema\/person\/image\/","url":"https:\/\/secure.gravatar.com\/avatar\/24700337280d10898c2e0d19d44a05316bff9fccc941ecc5570ffe41668203f7?s=96&d=mm&r=g","contentUrl":"https:\/\/secure.gravatar.com\/avatar\/24700337280d10898c2e0d19d44a05316bff9fccc941ecc5570ffe41668203f7?s=96&d=mm&r=g","caption":"admin"},"sameAs":["https:\/\/cronicavj.ro"],"url":"https:\/\/cronicahd.ro\/?author=1"}]}},"_links":{"self":[{"href":"https:\/\/cronicahd.ro\/index.php?rest_route=\/wp\/v2\/posts\/8090","targetHints":{"allow":["GET"]}}],"collection":[{"href":"https:\/\/cronicahd.ro\/index.php?rest_route=\/wp\/v2\/posts"}],"about":[{"href":"https:\/\/cronicahd.ro\/index.php?rest_route=\/wp\/v2\/types\/post"}],"author":[{"embeddable":true,"href":"https:\/\/cronicahd.ro\/index.php?rest_route=\/wp\/v2\/users\/1"}],"replies":[{"embeddable":true,"href":"https:\/\/cronicahd.ro\/index.php?rest_route=%2Fwp%2Fv2%2Fcomments&post=8090"}],"version-history":[{"count":1,"href":"https:\/\/cronicahd.ro\/index.php?rest_route=\/wp\/v2\/posts\/8090\/revisions"}],"predecessor-version":[{"id":8092,"href":"https:\/\/cronicahd.ro\/index.php?rest_route=\/wp\/v2\/posts\/8090\/revisions\/8092"}],"wp:featuredmedia":[{"embeddable":true,"href":"https:\/\/cronicahd.ro\/index.php?rest_route=\/wp\/v2\/media\/8091"}],"wp:attachment":[{"href":"https:\/\/cronicahd.ro\/index.php?rest_route=%2Fwp%2Fv2%2Fmedia&parent=8090"}],"wp:term":[{"taxonomy":"category","embeddable":true,"href":"https:\/\/cronicahd.ro\/index.php?rest_route=%2Fwp%2Fv2%2Fcategories&post=8090"},{"taxonomy":"post_tag","embeddable":true,"href":"https:\/\/cronicahd.ro\/index.php?rest_route=%2Fwp%2Fv2%2Ftags&post=8090"}],"curies":[{"name":"wp","href":"https:\/\/api.w.org\/{rel}","templated":true}]}}