{"id":8084,"date":"2026-04-20T06:59:28","date_gmt":"2026-04-20T06:59:28","guid":{"rendered":"https:\/\/cronicahd.ro\/?p=8084"},"modified":"2026-04-20T06:59:28","modified_gmt":"2026-04-20T06:59:28","slug":"pregatiri-de-1-mai-la-bradet","status":"publish","type":"post","link":"https:\/\/cronicahd.ro\/?p=8084","title":{"rendered":"Preg\u0103tiri de 1 mai, la Br\u0103det"},"content":{"rendered":"<p>&nbsp;<\/p>\n<p>Pentru c\u0103 este zona cea mai apropiat\u0103 de ora\u0219, Br\u0103detul este \u00een aten\u021bia autorit\u0103\u021bilor locale de la Petro\u0219ani, pentru ziua de 1 mai. \u00cenc\u0103 de s\u0103pt\u0103m\u00e2na trecut\u0103 au fost igienizate spa\u021biile verzi, au fost v\u0103rui\u021bi copacii \u0219i locul a fost amenajat corespunz\u0103tor.<\/p>\n<p><img loading=\"lazy\" decoding=\"async\" class=\"alignnone size-full wp-image-8087\" src=\"https:\/\/cronicahd.ro\/wp-content\/uploads\/2026\/04\/b2-1.jpg\" alt=\"\" width=\"1600\" height=\"1200\" srcset=\"https:\/\/cronicahd.ro\/wp-content\/uploads\/2026\/04\/b2-1.jpg 1600w, https:\/\/cronicahd.ro\/wp-content\/uploads\/2026\/04\/b2-1-300x225.jpg 300w, https:\/\/cronicahd.ro\/wp-content\/uploads\/2026\/04\/b2-1-1024x768.jpg 1024w, https:\/\/cronicahd.ro\/wp-content\/uploads\/2026\/04\/b2-1-768x576.jpg 768w, https:\/\/cronicahd.ro\/wp-content\/uploads\/2026\/04\/b2-1-1536x1152.jpg 1536w\" sizes=\"auto, (max-width: 1600px) 100vw, 1600px\" \/><\/p>\n<p>Zona de agrement Br\u0103det, aflat\u0103 la un km distan\u021b\u0103 de centrul municipiul Petro\u0219ani, a fost \u00eentotdeauna locul \u00een care localnicii au urcat s\u0103 fac\u0103 gr\u0103tare \u0219i, chiar dac\u0103 nici m\u0103car nu mai exist\u0103 gr\u0103tarele construite de prim\u0103rie pe platform\u0103, preg\u0103tirile vizeaz\u0103 \u0219i acest loc.<br \/>\nBaza de agrement se \u00eentinde pe o suprafa\u021b\u0103 de aproximativ 15.000 metri p\u0103tra\u021bi. Ora\u0219ul Petro\u0219ani este situat la o altitudine de 615 m, baza de agrement fiind localizat\u0103 mai sus, spre masivul Par\u00e2ng, la o altitudine de 700 \/ 750 metri. Locul a fost amenajat cu spa\u021bii de luat masa \u0219i c\u00e2ndva au fost montate \u0219i gr\u0103tare din c\u0103r\u0103mid\u0103 \u0219i WC-uri ecologice, dar niciunul nu mai exist\u0103 acum, din vina celor ce le-au distrus sau furat cu totul.<\/p>\n<p><img loading=\"lazy\" decoding=\"async\" class=\"alignnone size-full wp-image-8088\" src=\"https:\/\/cronicahd.ro\/wp-content\/uploads\/2026\/04\/b3-1.jpg\" alt=\"\" width=\"1600\" height=\"1200\" srcset=\"https:\/\/cronicahd.ro\/wp-content\/uploads\/2026\/04\/b3-1.jpg 1600w, https:\/\/cronicahd.ro\/wp-content\/uploads\/2026\/04\/b3-1-300x225.jpg 300w, https:\/\/cronicahd.ro\/wp-content\/uploads\/2026\/04\/b3-1-1024x768.jpg 1024w, https:\/\/cronicahd.ro\/wp-content\/uploads\/2026\/04\/b3-1-768x576.jpg 768w, https:\/\/cronicahd.ro\/wp-content\/uploads\/2026\/04\/b3-1-1536x1152.jpg 1536w\" sizes=\"auto, (max-width: 1600px) 100vw, 1600px\" \/><br \/>\n\u00cen anul 2012, odat\u0103 cu reabilitarea centrului civic din Petro\u0219ani, s-au desf\u0103\u0219urat lucr\u0103ri de reamenajare \u0219i \u00een zona de agrement de la Br\u0103det, unde s-a reconstruit \u00eentreg spa\u021biul destinat relax\u0103rii. Proiectul a avut o valoare total\u0103 de aproximativ 7 milioane de euro, contribu\u021bia din bugetul local fiind de 19,5 milioane de lei.<\/p>\n<p>Diana Mitrache<\/p>\n<p>&nbsp;<\/p>\n","protected":false},"excerpt":{"rendered":"<p>&nbsp; Pentru c\u0103 este zona cea mai apropiat\u0103 de ora\u0219, Br\u0103detul este \u00een aten\u021bia autorit\u0103\u021bilor&#8230;<\/p>\n","protected":false},"author":1,"featured_media":8085,"comment_status":"closed","ping_status":"closed","sticky":false,"template":"","format":"standard","meta":{"footnotes":""},"categories":[1,6],"tags":[],"class_list":["post-8084","post","type-post","status-publish","format-standard","has-post-thumbnail","hentry","category-actual","category-administratie"],"yoast_head":"<!-- This site is optimized with the Yoast SEO plugin v25.3.1 - https:\/\/yoast.com\/wordpress\/plugins\/seo\/ -->\n<title>Preg\u0103tiri de 1 mai, la Br\u0103det -<\/title>\n<meta name=\"robots\" content=\"index, follow, max-snippet:-1, max-image-preview:large, max-video-preview:-1\" \/>\n<link rel=\"canonical\" href=\"https:\/\/cronicahd.ro\/?p=8084\" \/>\n<meta property=\"og:locale\" content=\"ro_RO\" \/>\n<meta property=\"og:type\" content=\"article\" \/>\n<meta property=\"og:title\" content=\"Preg\u0103tiri de 1 mai, la Br\u0103det -\" \/>\n<meta property=\"og:description\" content=\"&nbsp; Pentru c\u0103 este zona cea mai apropiat\u0103 de ora\u0219, Br\u0103detul este \u00een aten\u021bia autorit\u0103\u021bilor...\" \/>\n<meta property=\"og:url\" content=\"https:\/\/cronicahd.ro\/?p=8084\" \/>\n<meta property=\"article:published_time\" content=\"2026-04-20T06:59:28+00:00\" \/>\n<meta property=\"og:image\" content=\"https:\/\/cronicahd.ro\/wp-content\/uploads\/2026\/04\/b-3.jpg\" \/>\n\t<meta property=\"og:image:width\" content=\"1600\" \/>\n\t<meta property=\"og:image:height\" content=\"1200\" \/>\n\t<meta property=\"og:image:type\" content=\"image\/jpeg\" \/>\n<meta name=\"author\" content=\"admin\" \/>\n<meta name=\"twitter:card\" content=\"summary_large_image\" \/>\n<meta name=\"twitter:label1\" content=\"Scris de\" \/>\n\t<meta name=\"twitter:data1\" content=\"admin\" \/>\n\t<meta name=\"twitter:label2\" content=\"Timp estimat pentru citire\" \/>\n\t<meta name=\"twitter:data2\" content=\"2 minute\" \/>\n<script type=\"application\/ld+json\" class=\"yoast-schema-graph\">{\"@context\":\"https:\/\/schema.org\",\"@graph\":[{\"@type\":\"WebPage\",\"@id\":\"https:\/\/cronicahd.ro\/?p=8084\",\"url\":\"https:\/\/cronicahd.ro\/?p=8084\",\"name\":\"Preg\u0103tiri de 1 mai, la Br\u0103det -\",\"isPartOf\":{\"@id\":\"https:\/\/cronicahd.ro\/#website\"},\"primaryImageOfPage\":{\"@id\":\"https:\/\/cronicahd.ro\/?p=8084#primaryimage\"},\"image\":{\"@id\":\"https:\/\/cronicahd.ro\/?p=8084#primaryimage\"},\"thumbnailUrl\":\"https:\/\/cronicahd.ro\/wp-content\/uploads\/2026\/04\/b-3.jpg\",\"datePublished\":\"2026-04-20T06:59:28+00:00\",\"author\":{\"@id\":\"https:\/\/cronicahd.ro\/#\/schema\/person\/d1a1277a8cd166610328e17aaf58bf46\"},\"breadcrumb\":{\"@id\":\"https:\/\/cronicahd.ro\/?p=8084#breadcrumb\"},\"inLanguage\":\"ro-RO\",\"potentialAction\":[{\"@type\":\"ReadAction\",\"target\":[\"https:\/\/cronicahd.ro\/?p=8084\"]}]},{\"@type\":\"ImageObject\",\"inLanguage\":\"ro-RO\",\"@id\":\"https:\/\/cronicahd.ro\/?p=8084#primaryimage\",\"url\":\"https:\/\/cronicahd.ro\/wp-content\/uploads\/2026\/04\/b-3.jpg\",\"contentUrl\":\"https:\/\/cronicahd.ro\/wp-content\/uploads\/2026\/04\/b-3.jpg\",\"width\":1600,\"height\":1200},{\"@type\":\"BreadcrumbList\",\"@id\":\"https:\/\/cronicahd.ro\/?p=8084#breadcrumb\",\"itemListElement\":[{\"@type\":\"ListItem\",\"position\":1,\"name\":\"Prima pagin\u0103\",\"item\":\"https:\/\/cronicahd.ro\/\"},{\"@type\":\"ListItem\",\"position\":2,\"name\":\"Preg\u0103tiri de 1 mai, la Br\u0103det\"}]},{\"@type\":\"WebSite\",\"@id\":\"https:\/\/cronicahd.ro\/#website\",\"url\":\"https:\/\/cronicahd.ro\/\",\"name\":\"\",\"description\":\"\",\"potentialAction\":[{\"@type\":\"SearchAction\",\"target\":{\"@type\":\"EntryPoint\",\"urlTemplate\":\"https:\/\/cronicahd.ro\/?s={search_term_string}\"},\"query-input\":{\"@type\":\"PropertyValueSpecification\",\"valueRequired\":true,\"valueName\":\"search_term_string\"}}],\"inLanguage\":\"ro-RO\"},{\"@type\":\"Person\",\"@id\":\"https:\/\/cronicahd.ro\/#\/schema\/person\/d1a1277a8cd166610328e17aaf58bf46\",\"name\":\"admin\",\"image\":{\"@type\":\"ImageObject\",\"inLanguage\":\"ro-RO\",\"@id\":\"https:\/\/cronicahd.ro\/#\/schema\/person\/image\/\",\"url\":\"https:\/\/secure.gravatar.com\/avatar\/24700337280d10898c2e0d19d44a05316bff9fccc941ecc5570ffe41668203f7?s=96&d=mm&r=g\",\"contentUrl\":\"https:\/\/secure.gravatar.com\/avatar\/24700337280d10898c2e0d19d44a05316bff9fccc941ecc5570ffe41668203f7?s=96&d=mm&r=g\",\"caption\":\"admin\"},\"sameAs\":[\"https:\/\/cronicavj.ro\"],\"url\":\"https:\/\/cronicahd.ro\/?author=1\"}]}<\/script>\n<!-- \/ Yoast SEO plugin. -->","yoast_head_json":{"title":"Preg\u0103tiri de 1 mai, la Br\u0103det -","robots":{"index":"index","follow":"follow","max-snippet":"max-snippet:-1","max-image-preview":"max-image-preview:large","max-video-preview":"max-video-preview:-1"},"canonical":"https:\/\/cronicahd.ro\/?p=8084","og_locale":"ro_RO","og_type":"article","og_title":"Preg\u0103tiri de 1 mai, la Br\u0103det -","og_description":"&nbsp; Pentru c\u0103 este zona cea mai apropiat\u0103 de ora\u0219, Br\u0103detul este \u00een aten\u021bia autorit\u0103\u021bilor...","og_url":"https:\/\/cronicahd.ro\/?p=8084","article_published_time":"2026-04-20T06:59:28+00:00","og_image":[{"width":1600,"height":1200,"url":"https:\/\/cronicahd.ro\/wp-content\/uploads\/2026\/04\/b-3.jpg","type":"image\/jpeg"}],"author":"admin","twitter_card":"summary_large_image","twitter_misc":{"Scris de":"admin","Timp estimat pentru citire":"2 minute"},"schema":{"@context":"https:\/\/schema.org","@graph":[{"@type":"WebPage","@id":"https:\/\/cronicahd.ro\/?p=8084","url":"https:\/\/cronicahd.ro\/?p=8084","name":"Preg\u0103tiri de 1 mai, la Br\u0103det -","isPartOf":{"@id":"https:\/\/cronicahd.ro\/#website"},"primaryImageOfPage":{"@id":"https:\/\/cronicahd.ro\/?p=8084#primaryimage"},"image":{"@id":"https:\/\/cronicahd.ro\/?p=8084#primaryimage"},"thumbnailUrl":"https:\/\/cronicahd.ro\/wp-content\/uploads\/2026\/04\/b-3.jpg","datePublished":"2026-04-20T06:59:28+00:00","author":{"@id":"https:\/\/cronicahd.ro\/#\/schema\/person\/d1a1277a8cd166610328e17aaf58bf46"},"breadcrumb":{"@id":"https:\/\/cronicahd.ro\/?p=8084#breadcrumb"},"inLanguage":"ro-RO","potentialAction":[{"@type":"ReadAction","target":["https:\/\/cronicahd.ro\/?p=8084"]}]},{"@type":"ImageObject","inLanguage":"ro-RO","@id":"https:\/\/cronicahd.ro\/?p=8084#primaryimage","url":"https:\/\/cronicahd.ro\/wp-content\/uploads\/2026\/04\/b-3.jpg","contentUrl":"https:\/\/cronicahd.ro\/wp-content\/uploads\/2026\/04\/b-3.jpg","width":1600,"height":1200},{"@type":"BreadcrumbList","@id":"https:\/\/cronicahd.ro\/?p=8084#breadcrumb","itemListElement":[{"@type":"ListItem","position":1,"name":"Prima pagin\u0103","item":"https:\/\/cronicahd.ro\/"},{"@type":"ListItem","position":2,"name":"Preg\u0103tiri de 1 mai, la Br\u0103det"}]},{"@type":"WebSite","@id":"https:\/\/cronicahd.ro\/#website","url":"https:\/\/cronicahd.ro\/","name":"","description":"","potentialAction":[{"@type":"SearchAction","target":{"@type":"EntryPoint","urlTemplate":"https:\/\/cronicahd.ro\/?s={search_term_string}"},"query-input":{"@type":"PropertyValueSpecification","valueRequired":true,"valueName":"search_term_string"}}],"inLanguage":"ro-RO"},{"@type":"Person","@id":"https:\/\/cronicahd.ro\/#\/schema\/person\/d1a1277a8cd166610328e17aaf58bf46","name":"admin","image":{"@type":"ImageObject","inLanguage":"ro-RO","@id":"https:\/\/cronicahd.ro\/#\/schema\/person\/image\/","url":"https:\/\/secure.gravatar.com\/avatar\/24700337280d10898c2e0d19d44a05316bff9fccc941ecc5570ffe41668203f7?s=96&d=mm&r=g","contentUrl":"https:\/\/secure.gravatar.com\/avatar\/24700337280d10898c2e0d19d44a05316bff9fccc941ecc5570ffe41668203f7?s=96&d=mm&r=g","caption":"admin"},"sameAs":["https:\/\/cronicavj.ro"],"url":"https:\/\/cronicahd.ro\/?author=1"}]}},"_links":{"self":[{"href":"https:\/\/cronicahd.ro\/index.php?rest_route=\/wp\/v2\/posts\/8084","targetHints":{"allow":["GET"]}}],"collection":[{"href":"https:\/\/cronicahd.ro\/index.php?rest_route=\/wp\/v2\/posts"}],"about":[{"href":"https:\/\/cronicahd.ro\/index.php?rest_route=\/wp\/v2\/types\/post"}],"author":[{"embeddable":true,"href":"https:\/\/cronicahd.ro\/index.php?rest_route=\/wp\/v2\/users\/1"}],"replies":[{"embeddable":true,"href":"https:\/\/cronicahd.ro\/index.php?rest_route=%2Fwp%2Fv2%2Fcomments&post=8084"}],"version-history":[{"count":1,"href":"https:\/\/cronicahd.ro\/index.php?rest_route=\/wp\/v2\/posts\/8084\/revisions"}],"predecessor-version":[{"id":8089,"href":"https:\/\/cronicahd.ro\/index.php?rest_route=\/wp\/v2\/posts\/8084\/revisions\/8089"}],"wp:featuredmedia":[{"embeddable":true,"href":"https:\/\/cronicahd.ro\/index.php?rest_route=\/wp\/v2\/media\/8085"}],"wp:attachment":[{"href":"https:\/\/cronicahd.ro\/index.php?rest_route=%2Fwp%2Fv2%2Fmedia&parent=8084"}],"wp:term":[{"taxonomy":"category","embeddable":true,"href":"https:\/\/cronicahd.ro\/index.php?rest_route=%2Fwp%2Fv2%2Fcategories&post=8084"},{"taxonomy":"post_tag","embeddable":true,"href":"https:\/\/cronicahd.ro\/index.php?rest_route=%2Fwp%2Fv2%2Ftags&post=8084"}],"curies":[{"name":"wp","href":"https:\/\/api.w.org\/{rel}","templated":true}]}}