{"id":8081,"date":"2026-04-20T06:58:36","date_gmt":"2026-04-20T06:58:36","guid":{"rendered":"https:\/\/cronicahd.ro\/?p=8081"},"modified":"2026-04-20T06:58:36","modified_gmt":"2026-04-20T06:58:36","slug":"am-avut-focar-de-pesta-porcina-in-hunedoara","status":"publish","type":"post","link":"https:\/\/cronicahd.ro\/?p=8081","title":{"rendered":"Am avut focar de pest\u0103 porcin\u0103 \u00een Hunedoara"},"content":{"rendered":"<p>&nbsp;<\/p>\n<p>3 cazuri de pest\u0103 porcin\u0103 au fost identificate pe raza jude\u021bului Hunedoara, dar, \u00eembucur\u0103tor este faptul c\u0103 acestea au fost pe fonduri de v\u00e2n\u0103toare, la porci mistre\u021bi. Asta nu \u00eenseamn\u0103 c\u0103 cresc\u0103torii de porci nu trebuie s\u0103 r\u0103m\u00e2n\u0103 \u00een alert\u0103.<\/p>\n<p>\u201e \u00cen luna martie 2026, au fost confirmate 3 cazuri de Pest\u0103 Porcin\u0103 African\u0103 la porcii mistre\u021bi de pe fondurile de v\u00e2n\u0103toare, fiind aplicate \u00een cel mai scurt timp m\u0103surile care se impun pentru lichidarea rapid\u0103 a focarelor. DSVSA Hunedoara solicit\u0103 sprijinul \u0219i \u00een\u021belegerea unit\u0103\u021bilor administrativ teritoriale, a cet\u0103\u021benilor \u0219i a operatorilor economici pentru respectarea m\u0103surilor care se impun, av\u00e2nd \u00een vedere gravitatea bolii \u0219i consecin\u021bele economice grave generate de apari\u021bia acesteia. Facem precizarea c\u0103 pesta porcin\u0103 african\u0103 nu afecteaz\u0103 oamenii, neexist\u00e2nd nici cel mai mic risc de \u00eemboln\u0103vire pentru oameni, acest virus av\u00e2nd, \u00eens\u0103, impact la nivel social din punct de vedere economic. De asemenea la nivelul jude\u021bului nu evolueaz\u0103 focare de Pesta Micilor Rumeg\u0103toare sau Variol\u0103 Ovin\u0103 \u0219i nu exist\u0103 restric\u021bii de circula\u021bie a animalelor\u201d, precizeaz\u0103 DSBSA Hunedoara.<br \/>\nPotrivit agrobiznes.ro \u201ela \u00eenceputul lunii martie 2025 erau raportate 73 de focare, dintre care \u0219ase \u00een exploata\u021bii comerciale industriale. De asemenea, la \u00eenceputul anului 2026 Rom\u00e2nia avea 48 de focare, ceea ce confirm\u0103 o sc\u0103dere treptat\u0103 a inciden\u021bei bolii \u00een exploata\u021biile de porci domestici\u201d.<br \/>\nCele mai multe focare au fost \u00een gospod\u0103riile popula\u021biei din c\u00e2teva jude\u021be, precum Bihor \u2013 6 focare, S\u0103laj \u2013 5 focare, Satu Mare \u2013 3 focare \u0219i Mure\u0219 \u2013 3 focare.<br \/>\n\u00cen sectorul comercial au fost raportate dou\u0103 focare importante \u00een acest an. Primul a fost confirmat \u00een ianuarie 2026 \u00eentr-o ferm\u0103 din jude\u021bul Arad, unde au fost sacrificate peste 5.500 de porcine.<br \/>\nAl doilea focar a ap\u0103rut la finalul lunii februarie \u00een jude\u021bul Neam\u021b, fiind necesar\u0103 sacrificarea a peste 8.600 de animale.<br \/>\nLa \u00eenceputul lunii martie 2026 au fost raportate 330 de focare la mistre\u021bi, comparativ cu 200 \u00een aceea\u0219i perioad\u0103 a anului 2025.<br \/>\nAceast\u0103 evolu\u021bie arat\u0103 c\u0103 rezervorul epidemiologic din fauna s\u0103lbatic\u0103 r\u0103m\u00e2ne o surs\u0103 permanent\u0103 de risc pentru ferme \u0219i gospod\u0103rii.<\/p>\n<p>Diana Mitrache<\/p>\n<p>&nbsp;<\/p>\n","protected":false},"excerpt":{"rendered":"<p>&nbsp; 3 cazuri de pest\u0103 porcin\u0103 au fost identificate pe raza jude\u021bului Hunedoara, dar, \u00eembucur\u0103tor&#8230;<\/p>\n","protected":false},"author":1,"featured_media":8082,"comment_status":"closed","ping_status":"closed","sticky":false,"template":"","format":"standard","meta":{"footnotes":""},"categories":[1,14],"tags":[],"class_list":["post-8081","post","type-post","status-publish","format-standard","has-post-thumbnail","hentry","category-actual","category-social"],"yoast_head":"<!-- This site is optimized with the Yoast SEO plugin v25.3.1 - https:\/\/yoast.com\/wordpress\/plugins\/seo\/ -->\n<title>Am avut focar de pest\u0103 porcin\u0103 \u00een Hunedoara -<\/title>\n<meta name=\"robots\" content=\"index, follow, max-snippet:-1, max-image-preview:large, max-video-preview:-1\" \/>\n<link rel=\"canonical\" href=\"https:\/\/cronicahd.ro\/?p=8081\" \/>\n<meta property=\"og:locale\" content=\"ro_RO\" \/>\n<meta property=\"og:type\" content=\"article\" \/>\n<meta property=\"og:title\" content=\"Am avut focar de pest\u0103 porcin\u0103 \u00een Hunedoara -\" \/>\n<meta property=\"og:description\" content=\"&nbsp; 3 cazuri de pest\u0103 porcin\u0103 au fost identificate pe raza jude\u021bului Hunedoara, dar, \u00eembucur\u0103tor...\" \/>\n<meta property=\"og:url\" content=\"https:\/\/cronicahd.ro\/?p=8081\" \/>\n<meta property=\"article:published_time\" content=\"2026-04-20T06:58:36+00:00\" \/>\n<meta property=\"og:image\" content=\"https:\/\/cronicahd.ro\/wp-content\/uploads\/2026\/04\/pes.jpg\" \/>\n\t<meta property=\"og:image:width\" content=\"277\" \/>\n\t<meta property=\"og:image:height\" content=\"182\" \/>\n\t<meta property=\"og:image:type\" content=\"image\/jpeg\" \/>\n<meta name=\"author\" content=\"admin\" \/>\n<meta name=\"twitter:card\" content=\"summary_large_image\" \/>\n<meta name=\"twitter:label1\" content=\"Scris de\" \/>\n\t<meta name=\"twitter:data1\" content=\"admin\" \/>\n\t<meta name=\"twitter:label2\" content=\"Timp estimat pentru citire\" \/>\n\t<meta name=\"twitter:data2\" content=\"2 minute\" \/>\n<script type=\"application\/ld+json\" class=\"yoast-schema-graph\">{\"@context\":\"https:\/\/schema.org\",\"@graph\":[{\"@type\":\"WebPage\",\"@id\":\"https:\/\/cronicahd.ro\/?p=8081\",\"url\":\"https:\/\/cronicahd.ro\/?p=8081\",\"name\":\"Am avut focar de pest\u0103 porcin\u0103 \u00een Hunedoara -\",\"isPartOf\":{\"@id\":\"https:\/\/cronicahd.ro\/#website\"},\"primaryImageOfPage\":{\"@id\":\"https:\/\/cronicahd.ro\/?p=8081#primaryimage\"},\"image\":{\"@id\":\"https:\/\/cronicahd.ro\/?p=8081#primaryimage\"},\"thumbnailUrl\":\"https:\/\/cronicahd.ro\/wp-content\/uploads\/2026\/04\/pes.jpg\",\"datePublished\":\"2026-04-20T06:58:36+00:00\",\"author\":{\"@id\":\"https:\/\/cronicahd.ro\/#\/schema\/person\/d1a1277a8cd166610328e17aaf58bf46\"},\"breadcrumb\":{\"@id\":\"https:\/\/cronicahd.ro\/?p=8081#breadcrumb\"},\"inLanguage\":\"ro-RO\",\"potentialAction\":[{\"@type\":\"ReadAction\",\"target\":[\"https:\/\/cronicahd.ro\/?p=8081\"]}]},{\"@type\":\"ImageObject\",\"inLanguage\":\"ro-RO\",\"@id\":\"https:\/\/cronicahd.ro\/?p=8081#primaryimage\",\"url\":\"https:\/\/cronicahd.ro\/wp-content\/uploads\/2026\/04\/pes.jpg\",\"contentUrl\":\"https:\/\/cronicahd.ro\/wp-content\/uploads\/2026\/04\/pes.jpg\",\"width\":277,\"height\":182},{\"@type\":\"BreadcrumbList\",\"@id\":\"https:\/\/cronicahd.ro\/?p=8081#breadcrumb\",\"itemListElement\":[{\"@type\":\"ListItem\",\"position\":1,\"name\":\"Prima pagin\u0103\",\"item\":\"https:\/\/cronicahd.ro\/\"},{\"@type\":\"ListItem\",\"position\":2,\"name\":\"Am avut focar de pest\u0103 porcin\u0103 \u00een Hunedoara\"}]},{\"@type\":\"WebSite\",\"@id\":\"https:\/\/cronicahd.ro\/#website\",\"url\":\"https:\/\/cronicahd.ro\/\",\"name\":\"\",\"description\":\"\",\"potentialAction\":[{\"@type\":\"SearchAction\",\"target\":{\"@type\":\"EntryPoint\",\"urlTemplate\":\"https:\/\/cronicahd.ro\/?s={search_term_string}\"},\"query-input\":{\"@type\":\"PropertyValueSpecification\",\"valueRequired\":true,\"valueName\":\"search_term_string\"}}],\"inLanguage\":\"ro-RO\"},{\"@type\":\"Person\",\"@id\":\"https:\/\/cronicahd.ro\/#\/schema\/person\/d1a1277a8cd166610328e17aaf58bf46\",\"name\":\"admin\",\"image\":{\"@type\":\"ImageObject\",\"inLanguage\":\"ro-RO\",\"@id\":\"https:\/\/cronicahd.ro\/#\/schema\/person\/image\/\",\"url\":\"https:\/\/secure.gravatar.com\/avatar\/24700337280d10898c2e0d19d44a05316bff9fccc941ecc5570ffe41668203f7?s=96&d=mm&r=g\",\"contentUrl\":\"https:\/\/secure.gravatar.com\/avatar\/24700337280d10898c2e0d19d44a05316bff9fccc941ecc5570ffe41668203f7?s=96&d=mm&r=g\",\"caption\":\"admin\"},\"sameAs\":[\"https:\/\/cronicavj.ro\"],\"url\":\"https:\/\/cronicahd.ro\/?author=1\"}]}<\/script>\n<!-- \/ Yoast SEO plugin. -->","yoast_head_json":{"title":"Am avut focar de pest\u0103 porcin\u0103 \u00een Hunedoara -","robots":{"index":"index","follow":"follow","max-snippet":"max-snippet:-1","max-image-preview":"max-image-preview:large","max-video-preview":"max-video-preview:-1"},"canonical":"https:\/\/cronicahd.ro\/?p=8081","og_locale":"ro_RO","og_type":"article","og_title":"Am avut focar de pest\u0103 porcin\u0103 \u00een Hunedoara -","og_description":"&nbsp; 3 cazuri de pest\u0103 porcin\u0103 au fost identificate pe raza jude\u021bului Hunedoara, dar, \u00eembucur\u0103tor...","og_url":"https:\/\/cronicahd.ro\/?p=8081","article_published_time":"2026-04-20T06:58:36+00:00","og_image":[{"width":277,"height":182,"url":"https:\/\/cronicahd.ro\/wp-content\/uploads\/2026\/04\/pes.jpg","type":"image\/jpeg"}],"author":"admin","twitter_card":"summary_large_image","twitter_misc":{"Scris de":"admin","Timp estimat pentru citire":"2 minute"},"schema":{"@context":"https:\/\/schema.org","@graph":[{"@type":"WebPage","@id":"https:\/\/cronicahd.ro\/?p=8081","url":"https:\/\/cronicahd.ro\/?p=8081","name":"Am avut focar de pest\u0103 porcin\u0103 \u00een Hunedoara -","isPartOf":{"@id":"https:\/\/cronicahd.ro\/#website"},"primaryImageOfPage":{"@id":"https:\/\/cronicahd.ro\/?p=8081#primaryimage"},"image":{"@id":"https:\/\/cronicahd.ro\/?p=8081#primaryimage"},"thumbnailUrl":"https:\/\/cronicahd.ro\/wp-content\/uploads\/2026\/04\/pes.jpg","datePublished":"2026-04-20T06:58:36+00:00","author":{"@id":"https:\/\/cronicahd.ro\/#\/schema\/person\/d1a1277a8cd166610328e17aaf58bf46"},"breadcrumb":{"@id":"https:\/\/cronicahd.ro\/?p=8081#breadcrumb"},"inLanguage":"ro-RO","potentialAction":[{"@type":"ReadAction","target":["https:\/\/cronicahd.ro\/?p=8081"]}]},{"@type":"ImageObject","inLanguage":"ro-RO","@id":"https:\/\/cronicahd.ro\/?p=8081#primaryimage","url":"https:\/\/cronicahd.ro\/wp-content\/uploads\/2026\/04\/pes.jpg","contentUrl":"https:\/\/cronicahd.ro\/wp-content\/uploads\/2026\/04\/pes.jpg","width":277,"height":182},{"@type":"BreadcrumbList","@id":"https:\/\/cronicahd.ro\/?p=8081#breadcrumb","itemListElement":[{"@type":"ListItem","position":1,"name":"Prima pagin\u0103","item":"https:\/\/cronicahd.ro\/"},{"@type":"ListItem","position":2,"name":"Am avut focar de pest\u0103 porcin\u0103 \u00een Hunedoara"}]},{"@type":"WebSite","@id":"https:\/\/cronicahd.ro\/#website","url":"https:\/\/cronicahd.ro\/","name":"","description":"","potentialAction":[{"@type":"SearchAction","target":{"@type":"EntryPoint","urlTemplate":"https:\/\/cronicahd.ro\/?s={search_term_string}"},"query-input":{"@type":"PropertyValueSpecification","valueRequired":true,"valueName":"search_term_string"}}],"inLanguage":"ro-RO"},{"@type":"Person","@id":"https:\/\/cronicahd.ro\/#\/schema\/person\/d1a1277a8cd166610328e17aaf58bf46","name":"admin","image":{"@type":"ImageObject","inLanguage":"ro-RO","@id":"https:\/\/cronicahd.ro\/#\/schema\/person\/image\/","url":"https:\/\/secure.gravatar.com\/avatar\/24700337280d10898c2e0d19d44a05316bff9fccc941ecc5570ffe41668203f7?s=96&d=mm&r=g","contentUrl":"https:\/\/secure.gravatar.com\/avatar\/24700337280d10898c2e0d19d44a05316bff9fccc941ecc5570ffe41668203f7?s=96&d=mm&r=g","caption":"admin"},"sameAs":["https:\/\/cronicavj.ro"],"url":"https:\/\/cronicahd.ro\/?author=1"}]}},"_links":{"self":[{"href":"https:\/\/cronicahd.ro\/index.php?rest_route=\/wp\/v2\/posts\/8081","targetHints":{"allow":["GET"]}}],"collection":[{"href":"https:\/\/cronicahd.ro\/index.php?rest_route=\/wp\/v2\/posts"}],"about":[{"href":"https:\/\/cronicahd.ro\/index.php?rest_route=\/wp\/v2\/types\/post"}],"author":[{"embeddable":true,"href":"https:\/\/cronicahd.ro\/index.php?rest_route=\/wp\/v2\/users\/1"}],"replies":[{"embeddable":true,"href":"https:\/\/cronicahd.ro\/index.php?rest_route=%2Fwp%2Fv2%2Fcomments&post=8081"}],"version-history":[{"count":1,"href":"https:\/\/cronicahd.ro\/index.php?rest_route=\/wp\/v2\/posts\/8081\/revisions"}],"predecessor-version":[{"id":8083,"href":"https:\/\/cronicahd.ro\/index.php?rest_route=\/wp\/v2\/posts\/8081\/revisions\/8083"}],"wp:featuredmedia":[{"embeddable":true,"href":"https:\/\/cronicahd.ro\/index.php?rest_route=\/wp\/v2\/media\/8082"}],"wp:attachment":[{"href":"https:\/\/cronicahd.ro\/index.php?rest_route=%2Fwp%2Fv2%2Fmedia&parent=8081"}],"wp:term":[{"taxonomy":"category","embeddable":true,"href":"https:\/\/cronicahd.ro\/index.php?rest_route=%2Fwp%2Fv2%2Fcategories&post=8081"},{"taxonomy":"post_tag","embeddable":true,"href":"https:\/\/cronicahd.ro\/index.php?rest_route=%2Fwp%2Fv2%2Ftags&post=8081"}],"curies":[{"name":"wp","href":"https:\/\/api.w.org\/{rel}","templated":true}]}}