{"id":8076,"date":"2026-04-20T05:52:45","date_gmt":"2026-04-20T05:52:45","guid":{"rendered":"https:\/\/cronicahd.ro\/?p=8076"},"modified":"2026-04-20T05:52:45","modified_gmt":"2026-04-20T05:52:45","slug":"scandal-la-vulcan-doi-consilieri-locali-pnl-acuzati-ca-au-condus-sub-influenta-alcoolului-primarul-cere-demisia-imediata","status":"publish","type":"post","link":"https:\/\/cronicahd.ro\/?p=8076","title":{"rendered":"Scandal la Vulcan: doi consilieri locali PNL, acuza\u021bi c\u0103 au condus sub influen\u021ba alcoolului. Primarul cere demisia imediat\u0103"},"content":{"rendered":"<p>&nbsp;<\/p>\n<p>Scandal pe scena politic\u0103 local\u0103 din municipiul Vulcan, dup\u0103 ce doi consilieri locali ai Partidul Na\u021bional Liberal ar fi fost depista\u021bi la volan cu alcoolemii de peste 1 la mie \u00een s\u00e2nge. Este vorba despre Loriana Farka\u0219 \u0219i Maftei Vulpoiu, ale\u0219i locali care, potrivit informa\u021biilor ap\u0103rute \u00een spa\u021biul public, au fost opri\u021bi \u00een trafic \u00een urma unor controale de rutin\u0103.<\/p>\n<p>Reac\u021bia primarului municipiului Vulcan, Cristian Meri\u0219anu, nu a \u00eent\u00e2rziat s\u0103 apar\u0103. Acesta a cerut demisia imediat\u0103 a celor doi consilieri.<\/p>\n<p>\u201eNu vorbim despre o gre\u0219eal\u0103 minor\u0103. Vorbim despre incon\u0219tien\u021b\u0103, despre dispre\u021b fa\u021b\u0103 de lege \u0219i despre un pericol real pentru comunitate\u201d, a declarat edilul.<\/p>\n<p>Primarul a ridicat \u0219i o serie de \u00eentreb\u0103ri retorice legate de consecin\u021bele poten\u021biale ale unor astfel de fapte, subliniind gravitatea situa\u021biei: \u201eCe s-ar fi \u00eent\u00e2mplat dac\u0103 \u00een locul unui control de rutin\u0103 ar fi fost un copil pe trecerea de pietoni sau un b\u0103tr\u00e2n vulnerabil? Cine ar fi r\u0103spuns pentru o eventual\u0103 tragedie?\u201d<\/p>\n<p>\u00cen opinia sa, func\u021bia de consilier local implic\u0103 responsabilitate \u0219i integritate, iar astfel de comportamente sunt incompatibile cu statutul de ales public. \u201eNu po\u021bi cere respectul oamenilor c\u00e2nd tu, ca ales local, calci \u00een picioare legea. Consiliul Local nu este un loc pentru oameni iresponsabili\u201d, a mai transmis Meri\u0219anu.<\/p>\n<p>\u00cen acest context, primarul a precizat c\u0103, \u00een numele s\u0103u \u0219i al consilierilor Partidul Social Democrat, solicit\u0103 retragerea imediat\u0103 din func\u021bii a celor doi ale\u0219i locali, f\u0103r\u0103 \u201escuze sau tergivers\u0103ri\u201d.<\/p>\n<p>&nbsp;<\/p>\n","protected":false},"excerpt":{"rendered":"<p>&nbsp; Scandal pe scena politic\u0103 local\u0103 din municipiul Vulcan, dup\u0103 ce doi consilieri locali ai&#8230;<\/p>\n","protected":false},"author":1,"featured_media":8077,"comment_status":"closed","ping_status":"closed","sticky":false,"template":"","format":"standard","meta":{"footnotes":""},"categories":[1,16],"tags":[],"class_list":["post-8076","post","type-post","status-publish","format-standard","has-post-thumbnail","hentry","category-actual","category-politic"],"yoast_head":"<!-- This site is optimized with the Yoast SEO plugin v25.3.1 - https:\/\/yoast.com\/wordpress\/plugins\/seo\/ -->\n<title>Scandal la Vulcan: doi consilieri locali PNL, acuza\u021bi c\u0103 au condus sub influen\u021ba alcoolului. Primarul cere demisia imediat\u0103 -<\/title>\n<meta name=\"robots\" content=\"index, follow, max-snippet:-1, max-image-preview:large, max-video-preview:-1\" \/>\n<link rel=\"canonical\" href=\"https:\/\/cronicahd.ro\/?p=8076\" \/>\n<meta property=\"og:locale\" content=\"ro_RO\" \/>\n<meta property=\"og:type\" content=\"article\" \/>\n<meta property=\"og:title\" content=\"Scandal la Vulcan: doi consilieri locali PNL, acuza\u021bi c\u0103 au condus sub influen\u021ba alcoolului. Primarul cere demisia imediat\u0103 -\" \/>\n<meta property=\"og:description\" content=\"&nbsp; Scandal pe scena politic\u0103 local\u0103 din municipiul Vulcan, dup\u0103 ce doi consilieri locali ai...\" \/>\n<meta property=\"og:url\" content=\"https:\/\/cronicahd.ro\/?p=8076\" \/>\n<meta property=\"article:published_time\" content=\"2026-04-20T05:52:45+00:00\" \/>\n<meta property=\"og:image\" content=\"https:\/\/cronicahd.ro\/wp-content\/uploads\/2026\/04\/IMG_6678.jpeg\" \/>\n\t<meta property=\"og:image:width\" content=\"875\" \/>\n\t<meta property=\"og:image:height\" content=\"569\" \/>\n\t<meta property=\"og:image:type\" content=\"image\/jpeg\" \/>\n<meta name=\"author\" content=\"admin\" \/>\n<meta name=\"twitter:card\" content=\"summary_large_image\" \/>\n<meta name=\"twitter:label1\" content=\"Scris de\" \/>\n\t<meta name=\"twitter:data1\" content=\"admin\" \/>\n\t<meta name=\"twitter:label2\" content=\"Timp estimat pentru citire\" \/>\n\t<meta name=\"twitter:data2\" content=\"2 minute\" \/>\n<script type=\"application\/ld+json\" class=\"yoast-schema-graph\">{\"@context\":\"https:\/\/schema.org\",\"@graph\":[{\"@type\":\"WebPage\",\"@id\":\"https:\/\/cronicahd.ro\/?p=8076\",\"url\":\"https:\/\/cronicahd.ro\/?p=8076\",\"name\":\"Scandal la Vulcan: doi consilieri locali PNL, acuza\u021bi c\u0103 au condus sub influen\u021ba alcoolului. Primarul cere demisia imediat\u0103 -\",\"isPartOf\":{\"@id\":\"https:\/\/cronicahd.ro\/#website\"},\"primaryImageOfPage\":{\"@id\":\"https:\/\/cronicahd.ro\/?p=8076#primaryimage\"},\"image\":{\"@id\":\"https:\/\/cronicahd.ro\/?p=8076#primaryimage\"},\"thumbnailUrl\":\"https:\/\/cronicahd.ro\/wp-content\/uploads\/2026\/04\/IMG_6678.jpeg\",\"datePublished\":\"2026-04-20T05:52:45+00:00\",\"author\":{\"@id\":\"https:\/\/cronicahd.ro\/#\/schema\/person\/d1a1277a8cd166610328e17aaf58bf46\"},\"breadcrumb\":{\"@id\":\"https:\/\/cronicahd.ro\/?p=8076#breadcrumb\"},\"inLanguage\":\"ro-RO\",\"potentialAction\":[{\"@type\":\"ReadAction\",\"target\":[\"https:\/\/cronicahd.ro\/?p=8076\"]}]},{\"@type\":\"ImageObject\",\"inLanguage\":\"ro-RO\",\"@id\":\"https:\/\/cronicahd.ro\/?p=8076#primaryimage\",\"url\":\"https:\/\/cronicahd.ro\/wp-content\/uploads\/2026\/04\/IMG_6678.jpeg\",\"contentUrl\":\"https:\/\/cronicahd.ro\/wp-content\/uploads\/2026\/04\/IMG_6678.jpeg\",\"width\":875,\"height\":569},{\"@type\":\"BreadcrumbList\",\"@id\":\"https:\/\/cronicahd.ro\/?p=8076#breadcrumb\",\"itemListElement\":[{\"@type\":\"ListItem\",\"position\":1,\"name\":\"Prima pagin\u0103\",\"item\":\"https:\/\/cronicahd.ro\/\"},{\"@type\":\"ListItem\",\"position\":2,\"name\":\"Scandal la Vulcan: doi consilieri locali PNL, acuza\u021bi c\u0103 au condus sub influen\u021ba alcoolului. Primarul cere demisia imediat\u0103\"}]},{\"@type\":\"WebSite\",\"@id\":\"https:\/\/cronicahd.ro\/#website\",\"url\":\"https:\/\/cronicahd.ro\/\",\"name\":\"\",\"description\":\"\",\"potentialAction\":[{\"@type\":\"SearchAction\",\"target\":{\"@type\":\"EntryPoint\",\"urlTemplate\":\"https:\/\/cronicahd.ro\/?s={search_term_string}\"},\"query-input\":{\"@type\":\"PropertyValueSpecification\",\"valueRequired\":true,\"valueName\":\"search_term_string\"}}],\"inLanguage\":\"ro-RO\"},{\"@type\":\"Person\",\"@id\":\"https:\/\/cronicahd.ro\/#\/schema\/person\/d1a1277a8cd166610328e17aaf58bf46\",\"name\":\"admin\",\"image\":{\"@type\":\"ImageObject\",\"inLanguage\":\"ro-RO\",\"@id\":\"https:\/\/cronicahd.ro\/#\/schema\/person\/image\/\",\"url\":\"https:\/\/secure.gravatar.com\/avatar\/24700337280d10898c2e0d19d44a05316bff9fccc941ecc5570ffe41668203f7?s=96&d=mm&r=g\",\"contentUrl\":\"https:\/\/secure.gravatar.com\/avatar\/24700337280d10898c2e0d19d44a05316bff9fccc941ecc5570ffe41668203f7?s=96&d=mm&r=g\",\"caption\":\"admin\"},\"sameAs\":[\"https:\/\/cronicavj.ro\"],\"url\":\"https:\/\/cronicahd.ro\/?author=1\"}]}<\/script>\n<!-- \/ Yoast SEO plugin. -->","yoast_head_json":{"title":"Scandal la Vulcan: doi consilieri locali PNL, acuza\u021bi c\u0103 au condus sub influen\u021ba alcoolului. Primarul cere demisia imediat\u0103 -","robots":{"index":"index","follow":"follow","max-snippet":"max-snippet:-1","max-image-preview":"max-image-preview:large","max-video-preview":"max-video-preview:-1"},"canonical":"https:\/\/cronicahd.ro\/?p=8076","og_locale":"ro_RO","og_type":"article","og_title":"Scandal la Vulcan: doi consilieri locali PNL, acuza\u021bi c\u0103 au condus sub influen\u021ba alcoolului. Primarul cere demisia imediat\u0103 -","og_description":"&nbsp; Scandal pe scena politic\u0103 local\u0103 din municipiul Vulcan, dup\u0103 ce doi consilieri locali ai...","og_url":"https:\/\/cronicahd.ro\/?p=8076","article_published_time":"2026-04-20T05:52:45+00:00","og_image":[{"width":875,"height":569,"url":"https:\/\/cronicahd.ro\/wp-content\/uploads\/2026\/04\/IMG_6678.jpeg","type":"image\/jpeg"}],"author":"admin","twitter_card":"summary_large_image","twitter_misc":{"Scris de":"admin","Timp estimat pentru citire":"2 minute"},"schema":{"@context":"https:\/\/schema.org","@graph":[{"@type":"WebPage","@id":"https:\/\/cronicahd.ro\/?p=8076","url":"https:\/\/cronicahd.ro\/?p=8076","name":"Scandal la Vulcan: doi consilieri locali PNL, acuza\u021bi c\u0103 au condus sub influen\u021ba alcoolului. Primarul cere demisia imediat\u0103 -","isPartOf":{"@id":"https:\/\/cronicahd.ro\/#website"},"primaryImageOfPage":{"@id":"https:\/\/cronicahd.ro\/?p=8076#primaryimage"},"image":{"@id":"https:\/\/cronicahd.ro\/?p=8076#primaryimage"},"thumbnailUrl":"https:\/\/cronicahd.ro\/wp-content\/uploads\/2026\/04\/IMG_6678.jpeg","datePublished":"2026-04-20T05:52:45+00:00","author":{"@id":"https:\/\/cronicahd.ro\/#\/schema\/person\/d1a1277a8cd166610328e17aaf58bf46"},"breadcrumb":{"@id":"https:\/\/cronicahd.ro\/?p=8076#breadcrumb"},"inLanguage":"ro-RO","potentialAction":[{"@type":"ReadAction","target":["https:\/\/cronicahd.ro\/?p=8076"]}]},{"@type":"ImageObject","inLanguage":"ro-RO","@id":"https:\/\/cronicahd.ro\/?p=8076#primaryimage","url":"https:\/\/cronicahd.ro\/wp-content\/uploads\/2026\/04\/IMG_6678.jpeg","contentUrl":"https:\/\/cronicahd.ro\/wp-content\/uploads\/2026\/04\/IMG_6678.jpeg","width":875,"height":569},{"@type":"BreadcrumbList","@id":"https:\/\/cronicahd.ro\/?p=8076#breadcrumb","itemListElement":[{"@type":"ListItem","position":1,"name":"Prima pagin\u0103","item":"https:\/\/cronicahd.ro\/"},{"@type":"ListItem","position":2,"name":"Scandal la Vulcan: doi consilieri locali PNL, acuza\u021bi c\u0103 au condus sub influen\u021ba alcoolului. Primarul cere demisia imediat\u0103"}]},{"@type":"WebSite","@id":"https:\/\/cronicahd.ro\/#website","url":"https:\/\/cronicahd.ro\/","name":"","description":"","potentialAction":[{"@type":"SearchAction","target":{"@type":"EntryPoint","urlTemplate":"https:\/\/cronicahd.ro\/?s={search_term_string}"},"query-input":{"@type":"PropertyValueSpecification","valueRequired":true,"valueName":"search_term_string"}}],"inLanguage":"ro-RO"},{"@type":"Person","@id":"https:\/\/cronicahd.ro\/#\/schema\/person\/d1a1277a8cd166610328e17aaf58bf46","name":"admin","image":{"@type":"ImageObject","inLanguage":"ro-RO","@id":"https:\/\/cronicahd.ro\/#\/schema\/person\/image\/","url":"https:\/\/secure.gravatar.com\/avatar\/24700337280d10898c2e0d19d44a05316bff9fccc941ecc5570ffe41668203f7?s=96&d=mm&r=g","contentUrl":"https:\/\/secure.gravatar.com\/avatar\/24700337280d10898c2e0d19d44a05316bff9fccc941ecc5570ffe41668203f7?s=96&d=mm&r=g","caption":"admin"},"sameAs":["https:\/\/cronicavj.ro"],"url":"https:\/\/cronicahd.ro\/?author=1"}]}},"_links":{"self":[{"href":"https:\/\/cronicahd.ro\/index.php?rest_route=\/wp\/v2\/posts\/8076","targetHints":{"allow":["GET"]}}],"collection":[{"href":"https:\/\/cronicahd.ro\/index.php?rest_route=\/wp\/v2\/posts"}],"about":[{"href":"https:\/\/cronicahd.ro\/index.php?rest_route=\/wp\/v2\/types\/post"}],"author":[{"embeddable":true,"href":"https:\/\/cronicahd.ro\/index.php?rest_route=\/wp\/v2\/users\/1"}],"replies":[{"embeddable":true,"href":"https:\/\/cronicahd.ro\/index.php?rest_route=%2Fwp%2Fv2%2Fcomments&post=8076"}],"version-history":[{"count":1,"href":"https:\/\/cronicahd.ro\/index.php?rest_route=\/wp\/v2\/posts\/8076\/revisions"}],"predecessor-version":[{"id":8078,"href":"https:\/\/cronicahd.ro\/index.php?rest_route=\/wp\/v2\/posts\/8076\/revisions\/8078"}],"wp:featuredmedia":[{"embeddable":true,"href":"https:\/\/cronicahd.ro\/index.php?rest_route=\/wp\/v2\/media\/8077"}],"wp:attachment":[{"href":"https:\/\/cronicahd.ro\/index.php?rest_route=%2Fwp%2Fv2%2Fmedia&parent=8076"}],"wp:term":[{"taxonomy":"category","embeddable":true,"href":"https:\/\/cronicahd.ro\/index.php?rest_route=%2Fwp%2Fv2%2Fcategories&post=8076"},{"taxonomy":"post_tag","embeddable":true,"href":"https:\/\/cronicahd.ro\/index.php?rest_route=%2Fwp%2Fv2%2Ftags&post=8076"}],"curies":[{"name":"wp","href":"https:\/\/api.w.org\/{rel}","templated":true}]}}