{"id":8062,"date":"2026-04-19T12:44:36","date_gmt":"2026-04-19T12:44:36","guid":{"rendered":"https:\/\/cronicahd.ro\/?p=8062"},"modified":"2026-04-19T12:45:49","modified_gmt":"2026-04-19T12:45:49","slug":"primarul-din-simeria-cere-transferul-spitalului-general-c-f-in-administrarea-locala","status":"publish","type":"post","link":"https:\/\/cronicahd.ro\/?p=8062","title":{"rendered":"Primarul din Simeria cere transferul Spitalului General C.F. \u00een administrarea local\u0103"},"content":{"rendered":"<p>&nbsp;<\/p>\n<p>Primarul ora\u0219ului Simeria, Emil Ioan R\u00eesteiu, a ini\u021biat o peti\u021bie oficial\u0103 prin care solicit\u0103 Guvernului Rom\u00e2niei transferul Spitalului General C.F. Simeria din subordinea Ministerului Transporturilor \u0219i Infrastructurii \u00een administrarea Unit\u0103\u021bii Administrativ-Teritoriale (UAT) Simeria.<\/p>\n<p>Demersul este sus\u021binut de cet\u0103\u021beni \u0219i are la baz\u0103 prevederile art. 51 din Constitu\u021bia Rom\u00e2niei \u0219i ale Ordonan\u021bei Guvernului nr. 27\/2002 privind solu\u021bionarea peti\u021biilor. Solicitarea vizeaz\u0103 ini\u021bierea \u0219i promovarea unei hot\u0103r\u00e2ri de Guvern care s\u0103 permit\u0103 preluarea unit\u0103\u021bii medicale de c\u0103tre autoritatea local\u0103.<\/p>\n<p>Potrivit documentului, Spitalul General C.F. Simeria deserve\u0219te \u00een propor\u021bie de peste 90% popula\u021bia civil\u0103 din ora\u0219 \u0219i din zonele limitrofe, \u00eens\u0103 statutul actual, de unitate aflat\u0103 \u00eentr-o re\u021bea sanitar\u0103 sectorial\u0103, limiteaz\u0103 investi\u021biile \u0219i adaptarea serviciilor medicale la nevoile comunit\u0103\u021bii.<\/p>\n<p>Primarul sus\u021bine c\u0103 preluarea spitalului de c\u0103tre UAT ar permite:<\/p>\n<ul>\n<li>accesarea de fonduri europene prin Programul S\u0103n\u0103tate 2021\u20132027;<\/li>\n<li>implementarea unui management integrat al serviciilor medicale \u0219i sociale;<\/li>\n<li>atragerea \u0219i stabilizarea personalului medical prin facilit\u0103\u021bi oferite la nivel local.<\/li>\n<\/ul>\n<p>\u00cen sus\u021binerea ini\u021biativei sunt invocate mai multe acte normative, printre care:<\/p>\n<ul>\n<li>OUG nr. 41\/2023, care permite transferul unit\u0103\u021bilor sanitare din re\u021beaua Ministerului Transporturilor;<\/li>\n<li>Codul Administrativ (OUG nr. 57\/2019), privind trecerea bunurilor \u00een administrarea autorit\u0103\u021bilor locale;<\/li>\n<li>Legea nr. 95\/2006 privind reforma \u00een domeniul s\u0103n\u0103t\u0103\u021bii;<\/li>\n<li>o hot\u0103r\u00e2re a Consiliului Local Simeria adoptat\u0103 \u00een 2022.<\/li>\n<\/ul>\n<p>Peti\u021bia prevede trei m\u0103suri urgente:<\/p>\n<ol>\n<li>constituirea unui grup de lucru format din reprezentan\u021bi ai UAT Simeria, Ministerului Transporturilor \u0219i Ministerului S\u0103n\u0103t\u0103\u021bii;<\/li>\n<li>elaborarea proiectului de Hot\u0103r\u00e2re de Guvern pentru transfer;<\/li>\n<li>evaluarea patrimoniului \u0219i a situa\u021biei financiare a spitalului, conform bilan\u021bului la finalul anului 2025.<\/li>\n<\/ol>\n<p>Ini\u021biatorii consider\u0103 c\u0103 transferul ar reprezenta \u201eun pas esen\u021bial pentru modernizarea \u0219i eficientizarea serviciilor medicale\u201d oferite comunit\u0103\u021bii locale.<\/p>\n","protected":false},"excerpt":{"rendered":"<p>&nbsp; Primarul ora\u0219ului Simeria, Emil Ioan R\u00eesteiu, a ini\u021biat o peti\u021bie oficial\u0103 prin care solicit\u0103&#8230;<\/p>\n","protected":false},"author":1,"featured_media":8063,"comment_status":"closed","ping_status":"closed","sticky":false,"template":"","format":"standard","meta":{"footnotes":""},"categories":[1,6],"tags":[],"class_list":["post-8062","post","type-post","status-publish","format-standard","has-post-thumbnail","hentry","category-actual","category-administratie"],"yoast_head":"<!-- This site is optimized with the Yoast SEO plugin v25.3.1 - https:\/\/yoast.com\/wordpress\/plugins\/seo\/ -->\n<title>Primarul din Simeria cere transferul Spitalului General C.F. \u00een administrarea local\u0103 -<\/title>\n<meta name=\"robots\" content=\"index, follow, max-snippet:-1, max-image-preview:large, max-video-preview:-1\" \/>\n<link rel=\"canonical\" href=\"https:\/\/cronicahd.ro\/?p=8062\" \/>\n<meta property=\"og:locale\" content=\"ro_RO\" \/>\n<meta property=\"og:type\" content=\"article\" \/>\n<meta property=\"og:title\" content=\"Primarul din Simeria cere transferul Spitalului General C.F. \u00een administrarea local\u0103 -\" \/>\n<meta property=\"og:description\" content=\"&nbsp; Primarul ora\u0219ului Simeria, Emil Ioan R\u00eesteiu, a ini\u021biat o peti\u021bie oficial\u0103 prin care solicit\u0103...\" \/>\n<meta property=\"og:url\" content=\"https:\/\/cronicahd.ro\/?p=8062\" \/>\n<meta property=\"article:published_time\" content=\"2026-04-19T12:44:36+00:00\" \/>\n<meta property=\"article:modified_time\" content=\"2026-04-19T12:45:49+00:00\" \/>\n<meta property=\"og:image\" content=\"https:\/\/cronicahd.ro\/wp-content\/uploads\/2026\/04\/IMG_6677.png\" \/>\n\t<meta property=\"og:image:width\" content=\"725\" \/>\n\t<meta property=\"og:image:height\" content=\"299\" \/>\n\t<meta property=\"og:image:type\" content=\"image\/png\" \/>\n<meta name=\"author\" content=\"admin\" \/>\n<meta name=\"twitter:card\" content=\"summary_large_image\" \/>\n<meta name=\"twitter:label1\" content=\"Scris de\" \/>\n\t<meta name=\"twitter:data1\" content=\"admin\" \/>\n\t<meta name=\"twitter:label2\" content=\"Timp estimat pentru citire\" \/>\n\t<meta name=\"twitter:data2\" content=\"2 minute\" \/>\n<script type=\"application\/ld+json\" class=\"yoast-schema-graph\">{\"@context\":\"https:\/\/schema.org\",\"@graph\":[{\"@type\":\"WebPage\",\"@id\":\"https:\/\/cronicahd.ro\/?p=8062\",\"url\":\"https:\/\/cronicahd.ro\/?p=8062\",\"name\":\"Primarul din Simeria cere transferul Spitalului General C.F. \u00een administrarea local\u0103 -\",\"isPartOf\":{\"@id\":\"https:\/\/cronicahd.ro\/#website\"},\"primaryImageOfPage\":{\"@id\":\"https:\/\/cronicahd.ro\/?p=8062#primaryimage\"},\"image\":{\"@id\":\"https:\/\/cronicahd.ro\/?p=8062#primaryimage\"},\"thumbnailUrl\":\"https:\/\/cronicahd.ro\/wp-content\/uploads\/2026\/04\/IMG_6677.png\",\"datePublished\":\"2026-04-19T12:44:36+00:00\",\"dateModified\":\"2026-04-19T12:45:49+00:00\",\"author\":{\"@id\":\"https:\/\/cronicahd.ro\/#\/schema\/person\/d1a1277a8cd166610328e17aaf58bf46\"},\"breadcrumb\":{\"@id\":\"https:\/\/cronicahd.ro\/?p=8062#breadcrumb\"},\"inLanguage\":\"ro-RO\",\"potentialAction\":[{\"@type\":\"ReadAction\",\"target\":[\"https:\/\/cronicahd.ro\/?p=8062\"]}]},{\"@type\":\"ImageObject\",\"inLanguage\":\"ro-RO\",\"@id\":\"https:\/\/cronicahd.ro\/?p=8062#primaryimage\",\"url\":\"https:\/\/cronicahd.ro\/wp-content\/uploads\/2026\/04\/IMG_6677.png\",\"contentUrl\":\"https:\/\/cronicahd.ro\/wp-content\/uploads\/2026\/04\/IMG_6677.png\",\"width\":725,\"height\":299},{\"@type\":\"BreadcrumbList\",\"@id\":\"https:\/\/cronicahd.ro\/?p=8062#breadcrumb\",\"itemListElement\":[{\"@type\":\"ListItem\",\"position\":1,\"name\":\"Prima pagin\u0103\",\"item\":\"https:\/\/cronicahd.ro\/\"},{\"@type\":\"ListItem\",\"position\":2,\"name\":\"Primarul din Simeria cere transferul Spitalului General C.F. \u00een administrarea local\u0103\"}]},{\"@type\":\"WebSite\",\"@id\":\"https:\/\/cronicahd.ro\/#website\",\"url\":\"https:\/\/cronicahd.ro\/\",\"name\":\"\",\"description\":\"\",\"potentialAction\":[{\"@type\":\"SearchAction\",\"target\":{\"@type\":\"EntryPoint\",\"urlTemplate\":\"https:\/\/cronicahd.ro\/?s={search_term_string}\"},\"query-input\":{\"@type\":\"PropertyValueSpecification\",\"valueRequired\":true,\"valueName\":\"search_term_string\"}}],\"inLanguage\":\"ro-RO\"},{\"@type\":\"Person\",\"@id\":\"https:\/\/cronicahd.ro\/#\/schema\/person\/d1a1277a8cd166610328e17aaf58bf46\",\"name\":\"admin\",\"image\":{\"@type\":\"ImageObject\",\"inLanguage\":\"ro-RO\",\"@id\":\"https:\/\/cronicahd.ro\/#\/schema\/person\/image\/\",\"url\":\"https:\/\/secure.gravatar.com\/avatar\/24700337280d10898c2e0d19d44a05316bff9fccc941ecc5570ffe41668203f7?s=96&d=mm&r=g\",\"contentUrl\":\"https:\/\/secure.gravatar.com\/avatar\/24700337280d10898c2e0d19d44a05316bff9fccc941ecc5570ffe41668203f7?s=96&d=mm&r=g\",\"caption\":\"admin\"},\"sameAs\":[\"https:\/\/cronicavj.ro\"],\"url\":\"https:\/\/cronicahd.ro\/?author=1\"}]}<\/script>\n<!-- \/ Yoast SEO plugin. -->","yoast_head_json":{"title":"Primarul din Simeria cere transferul Spitalului General C.F. \u00een administrarea local\u0103 -","robots":{"index":"index","follow":"follow","max-snippet":"max-snippet:-1","max-image-preview":"max-image-preview:large","max-video-preview":"max-video-preview:-1"},"canonical":"https:\/\/cronicahd.ro\/?p=8062","og_locale":"ro_RO","og_type":"article","og_title":"Primarul din Simeria cere transferul Spitalului General C.F. \u00een administrarea local\u0103 -","og_description":"&nbsp; Primarul ora\u0219ului Simeria, Emil Ioan R\u00eesteiu, a ini\u021biat o peti\u021bie oficial\u0103 prin care solicit\u0103...","og_url":"https:\/\/cronicahd.ro\/?p=8062","article_published_time":"2026-04-19T12:44:36+00:00","article_modified_time":"2026-04-19T12:45:49+00:00","og_image":[{"width":725,"height":299,"url":"https:\/\/cronicahd.ro\/wp-content\/uploads\/2026\/04\/IMG_6677.png","type":"image\/png"}],"author":"admin","twitter_card":"summary_large_image","twitter_misc":{"Scris de":"admin","Timp estimat pentru citire":"2 minute"},"schema":{"@context":"https:\/\/schema.org","@graph":[{"@type":"WebPage","@id":"https:\/\/cronicahd.ro\/?p=8062","url":"https:\/\/cronicahd.ro\/?p=8062","name":"Primarul din Simeria cere transferul Spitalului General C.F. \u00een administrarea local\u0103 -","isPartOf":{"@id":"https:\/\/cronicahd.ro\/#website"},"primaryImageOfPage":{"@id":"https:\/\/cronicahd.ro\/?p=8062#primaryimage"},"image":{"@id":"https:\/\/cronicahd.ro\/?p=8062#primaryimage"},"thumbnailUrl":"https:\/\/cronicahd.ro\/wp-content\/uploads\/2026\/04\/IMG_6677.png","datePublished":"2026-04-19T12:44:36+00:00","dateModified":"2026-04-19T12:45:49+00:00","author":{"@id":"https:\/\/cronicahd.ro\/#\/schema\/person\/d1a1277a8cd166610328e17aaf58bf46"},"breadcrumb":{"@id":"https:\/\/cronicahd.ro\/?p=8062#breadcrumb"},"inLanguage":"ro-RO","potentialAction":[{"@type":"ReadAction","target":["https:\/\/cronicahd.ro\/?p=8062"]}]},{"@type":"ImageObject","inLanguage":"ro-RO","@id":"https:\/\/cronicahd.ro\/?p=8062#primaryimage","url":"https:\/\/cronicahd.ro\/wp-content\/uploads\/2026\/04\/IMG_6677.png","contentUrl":"https:\/\/cronicahd.ro\/wp-content\/uploads\/2026\/04\/IMG_6677.png","width":725,"height":299},{"@type":"BreadcrumbList","@id":"https:\/\/cronicahd.ro\/?p=8062#breadcrumb","itemListElement":[{"@type":"ListItem","position":1,"name":"Prima pagin\u0103","item":"https:\/\/cronicahd.ro\/"},{"@type":"ListItem","position":2,"name":"Primarul din Simeria cere transferul Spitalului General C.F. \u00een administrarea local\u0103"}]},{"@type":"WebSite","@id":"https:\/\/cronicahd.ro\/#website","url":"https:\/\/cronicahd.ro\/","name":"","description":"","potentialAction":[{"@type":"SearchAction","target":{"@type":"EntryPoint","urlTemplate":"https:\/\/cronicahd.ro\/?s={search_term_string}"},"query-input":{"@type":"PropertyValueSpecification","valueRequired":true,"valueName":"search_term_string"}}],"inLanguage":"ro-RO"},{"@type":"Person","@id":"https:\/\/cronicahd.ro\/#\/schema\/person\/d1a1277a8cd166610328e17aaf58bf46","name":"admin","image":{"@type":"ImageObject","inLanguage":"ro-RO","@id":"https:\/\/cronicahd.ro\/#\/schema\/person\/image\/","url":"https:\/\/secure.gravatar.com\/avatar\/24700337280d10898c2e0d19d44a05316bff9fccc941ecc5570ffe41668203f7?s=96&d=mm&r=g","contentUrl":"https:\/\/secure.gravatar.com\/avatar\/24700337280d10898c2e0d19d44a05316bff9fccc941ecc5570ffe41668203f7?s=96&d=mm&r=g","caption":"admin"},"sameAs":["https:\/\/cronicavj.ro"],"url":"https:\/\/cronicahd.ro\/?author=1"}]}},"_links":{"self":[{"href":"https:\/\/cronicahd.ro\/index.php?rest_route=\/wp\/v2\/posts\/8062","targetHints":{"allow":["GET"]}}],"collection":[{"href":"https:\/\/cronicahd.ro\/index.php?rest_route=\/wp\/v2\/posts"}],"about":[{"href":"https:\/\/cronicahd.ro\/index.php?rest_route=\/wp\/v2\/types\/post"}],"author":[{"embeddable":true,"href":"https:\/\/cronicahd.ro\/index.php?rest_route=\/wp\/v2\/users\/1"}],"replies":[{"embeddable":true,"href":"https:\/\/cronicahd.ro\/index.php?rest_route=%2Fwp%2Fv2%2Fcomments&post=8062"}],"version-history":[{"count":2,"href":"https:\/\/cronicahd.ro\/index.php?rest_route=\/wp\/v2\/posts\/8062\/revisions"}],"predecessor-version":[{"id":8065,"href":"https:\/\/cronicahd.ro\/index.php?rest_route=\/wp\/v2\/posts\/8062\/revisions\/8065"}],"wp:featuredmedia":[{"embeddable":true,"href":"https:\/\/cronicahd.ro\/index.php?rest_route=\/wp\/v2\/media\/8063"}],"wp:attachment":[{"href":"https:\/\/cronicahd.ro\/index.php?rest_route=%2Fwp%2Fv2%2Fmedia&parent=8062"}],"wp:term":[{"taxonomy":"category","embeddable":true,"href":"https:\/\/cronicahd.ro\/index.php?rest_route=%2Fwp%2Fv2%2Fcategories&post=8062"},{"taxonomy":"post_tag","embeddable":true,"href":"https:\/\/cronicahd.ro\/index.php?rest_route=%2Fwp%2Fv2%2Ftags&post=8062"}],"curies":[{"name":"wp","href":"https:\/\/api.w.org\/{rel}","templated":true}]}}