{"id":8059,"date":"2026-04-19T11:39:28","date_gmt":"2026-04-19T11:39:28","guid":{"rendered":"https:\/\/cronicahd.ro\/?p=8059"},"modified":"2026-04-19T11:39:28","modified_gmt":"2026-04-19T11:39:28","slug":"cristian-resmerita-cere-plecarea-premierului-ilie-bolojan","status":"publish","type":"post","link":"https:\/\/cronicahd.ro\/?p=8059","title":{"rendered":"Cristian Resmeri\u021b\u0103 cere plecarea premierului Ilie Bolojan"},"content":{"rendered":"<p>&nbsp;<\/p>\n<p>Senatorul Cristian Resmeri\u021b\u0103 sus\u021bine ini\u021biativa din interiorul Partidul Social Democrat privind retragerea sprijinului politic pentru \u0219eful Guvernului.<\/p>\n<p>\u00centr-o declara\u021bie public\u0103, parlamentarul afirm\u0103 c\u0103 discu\u021biile din PSD referitoare la schimbarea premierului sunt \u201efire\u0219ti \u0219i binevenite\u201d, subliniind c\u0103 a avertizat \u00eenc\u0103 din august 2025 asupra direc\u021biei \u00een care se \u00eendreapt\u0103 Rom\u00e2nia sub actuala guvernare.<\/p>\n<p>Resmeri\u021b\u0103 acuz\u0103 c\u0103 reformele promovate de Ilie Bolojan sunt realizate f\u0103r\u0103 consultare \u0219i f\u0103r\u0103 a \u021bine cont de impactul social, catalog\u00e2nd m\u0103surile drept \u201edure\u201d \u0219i afect\u00e2nd, \u00een opinia sa, toate categoriile sociale \u2013 de la salaria\u021bi \u0219i pensionari p\u00e2n\u0103 la mediul de afaceri \u0219i administra\u021bia public\u0103.<\/p>\n<p>Senatorul social-democrat sus\u021bine c\u0103 va vota orice ini\u021biativ\u0103 politic\u0103 menit\u0103 s\u0103 duc\u0103 la \u00eenl\u0103turarea premierului din func\u021bie \u0219i le cere colegilor s\u0103i de partid s\u0103 adopte aceea\u0219i pozi\u021bie.<\/p>\n<p>&nbsp;<\/p>\n","protected":false},"excerpt":{"rendered":"<p>&nbsp; Senatorul Cristian Resmeri\u021b\u0103 sus\u021bine ini\u021biativa din interiorul Partidul Social Democrat privind retragerea sprijinului politic&#8230;<\/p>\n","protected":false},"author":1,"featured_media":8060,"comment_status":"closed","ping_status":"closed","sticky":false,"template":"","format":"standard","meta":{"footnotes":""},"categories":[1,16],"tags":[],"class_list":["post-8059","post","type-post","status-publish","format-standard","has-post-thumbnail","hentry","category-actual","category-politic"],"yoast_head":"<!-- This site is optimized with the Yoast SEO plugin v25.3.1 - https:\/\/yoast.com\/wordpress\/plugins\/seo\/ -->\n<title>Cristian Resmeri\u021b\u0103 cere plecarea premierului Ilie Bolojan -<\/title>\n<meta name=\"robots\" content=\"index, follow, max-snippet:-1, max-image-preview:large, max-video-preview:-1\" \/>\n<link rel=\"canonical\" href=\"https:\/\/cronicahd.ro\/?p=8059\" \/>\n<meta property=\"og:locale\" content=\"ro_RO\" \/>\n<meta property=\"og:type\" content=\"article\" \/>\n<meta property=\"og:title\" content=\"Cristian Resmeri\u021b\u0103 cere plecarea premierului Ilie Bolojan -\" \/>\n<meta property=\"og:description\" content=\"&nbsp; Senatorul Cristian Resmeri\u021b\u0103 sus\u021bine ini\u021biativa din interiorul Partidul Social Democrat privind retragerea sprijinului politic...\" \/>\n<meta property=\"og:url\" content=\"https:\/\/cronicahd.ro\/?p=8059\" \/>\n<meta property=\"article:published_time\" content=\"2026-04-19T11:39:28+00:00\" \/>\n<meta property=\"og:image\" content=\"https:\/\/cronicahd.ro\/wp-content\/uploads\/2026\/04\/IMG_6676.jpeg\" \/>\n\t<meta property=\"og:image:width\" content=\"1500\" \/>\n\t<meta property=\"og:image:height\" content=\"999\" \/>\n\t<meta property=\"og:image:type\" content=\"image\/jpeg\" \/>\n<meta name=\"author\" content=\"admin\" \/>\n<meta name=\"twitter:card\" content=\"summary_large_image\" \/>\n<meta name=\"twitter:label1\" content=\"Scris de\" \/>\n\t<meta name=\"twitter:data1\" content=\"admin\" \/>\n\t<meta name=\"twitter:label2\" content=\"Timp estimat pentru citire\" \/>\n\t<meta name=\"twitter:data2\" content=\"1 minut\" \/>\n<script type=\"application\/ld+json\" class=\"yoast-schema-graph\">{\"@context\":\"https:\/\/schema.org\",\"@graph\":[{\"@type\":\"WebPage\",\"@id\":\"https:\/\/cronicahd.ro\/?p=8059\",\"url\":\"https:\/\/cronicahd.ro\/?p=8059\",\"name\":\"Cristian Resmeri\u021b\u0103 cere plecarea premierului Ilie Bolojan -\",\"isPartOf\":{\"@id\":\"https:\/\/cronicahd.ro\/#website\"},\"primaryImageOfPage\":{\"@id\":\"https:\/\/cronicahd.ro\/?p=8059#primaryimage\"},\"image\":{\"@id\":\"https:\/\/cronicahd.ro\/?p=8059#primaryimage\"},\"thumbnailUrl\":\"https:\/\/cronicahd.ro\/wp-content\/uploads\/2026\/04\/IMG_6676.jpeg\",\"datePublished\":\"2026-04-19T11:39:28+00:00\",\"author\":{\"@id\":\"https:\/\/cronicahd.ro\/#\/schema\/person\/d1a1277a8cd166610328e17aaf58bf46\"},\"breadcrumb\":{\"@id\":\"https:\/\/cronicahd.ro\/?p=8059#breadcrumb\"},\"inLanguage\":\"ro-RO\",\"potentialAction\":[{\"@type\":\"ReadAction\",\"target\":[\"https:\/\/cronicahd.ro\/?p=8059\"]}]},{\"@type\":\"ImageObject\",\"inLanguage\":\"ro-RO\",\"@id\":\"https:\/\/cronicahd.ro\/?p=8059#primaryimage\",\"url\":\"https:\/\/cronicahd.ro\/wp-content\/uploads\/2026\/04\/IMG_6676.jpeg\",\"contentUrl\":\"https:\/\/cronicahd.ro\/wp-content\/uploads\/2026\/04\/IMG_6676.jpeg\",\"width\":1500,\"height\":999},{\"@type\":\"BreadcrumbList\",\"@id\":\"https:\/\/cronicahd.ro\/?p=8059#breadcrumb\",\"itemListElement\":[{\"@type\":\"ListItem\",\"position\":1,\"name\":\"Prima pagin\u0103\",\"item\":\"https:\/\/cronicahd.ro\/\"},{\"@type\":\"ListItem\",\"position\":2,\"name\":\"Cristian Resmeri\u021b\u0103 cere plecarea premierului Ilie Bolojan\"}]},{\"@type\":\"WebSite\",\"@id\":\"https:\/\/cronicahd.ro\/#website\",\"url\":\"https:\/\/cronicahd.ro\/\",\"name\":\"\",\"description\":\"\",\"potentialAction\":[{\"@type\":\"SearchAction\",\"target\":{\"@type\":\"EntryPoint\",\"urlTemplate\":\"https:\/\/cronicahd.ro\/?s={search_term_string}\"},\"query-input\":{\"@type\":\"PropertyValueSpecification\",\"valueRequired\":true,\"valueName\":\"search_term_string\"}}],\"inLanguage\":\"ro-RO\"},{\"@type\":\"Person\",\"@id\":\"https:\/\/cronicahd.ro\/#\/schema\/person\/d1a1277a8cd166610328e17aaf58bf46\",\"name\":\"admin\",\"image\":{\"@type\":\"ImageObject\",\"inLanguage\":\"ro-RO\",\"@id\":\"https:\/\/cronicahd.ro\/#\/schema\/person\/image\/\",\"url\":\"https:\/\/secure.gravatar.com\/avatar\/24700337280d10898c2e0d19d44a05316bff9fccc941ecc5570ffe41668203f7?s=96&d=mm&r=g\",\"contentUrl\":\"https:\/\/secure.gravatar.com\/avatar\/24700337280d10898c2e0d19d44a05316bff9fccc941ecc5570ffe41668203f7?s=96&d=mm&r=g\",\"caption\":\"admin\"},\"sameAs\":[\"https:\/\/cronicavj.ro\"],\"url\":\"https:\/\/cronicahd.ro\/?author=1\"}]}<\/script>\n<!-- \/ Yoast SEO plugin. -->","yoast_head_json":{"title":"Cristian Resmeri\u021b\u0103 cere plecarea premierului Ilie Bolojan -","robots":{"index":"index","follow":"follow","max-snippet":"max-snippet:-1","max-image-preview":"max-image-preview:large","max-video-preview":"max-video-preview:-1"},"canonical":"https:\/\/cronicahd.ro\/?p=8059","og_locale":"ro_RO","og_type":"article","og_title":"Cristian Resmeri\u021b\u0103 cere plecarea premierului Ilie Bolojan -","og_description":"&nbsp; Senatorul Cristian Resmeri\u021b\u0103 sus\u021bine ini\u021biativa din interiorul Partidul Social Democrat privind retragerea sprijinului politic...","og_url":"https:\/\/cronicahd.ro\/?p=8059","article_published_time":"2026-04-19T11:39:28+00:00","og_image":[{"width":1500,"height":999,"url":"https:\/\/cronicahd.ro\/wp-content\/uploads\/2026\/04\/IMG_6676.jpeg","type":"image\/jpeg"}],"author":"admin","twitter_card":"summary_large_image","twitter_misc":{"Scris de":"admin","Timp estimat pentru citire":"1 minut"},"schema":{"@context":"https:\/\/schema.org","@graph":[{"@type":"WebPage","@id":"https:\/\/cronicahd.ro\/?p=8059","url":"https:\/\/cronicahd.ro\/?p=8059","name":"Cristian Resmeri\u021b\u0103 cere plecarea premierului Ilie Bolojan -","isPartOf":{"@id":"https:\/\/cronicahd.ro\/#website"},"primaryImageOfPage":{"@id":"https:\/\/cronicahd.ro\/?p=8059#primaryimage"},"image":{"@id":"https:\/\/cronicahd.ro\/?p=8059#primaryimage"},"thumbnailUrl":"https:\/\/cronicahd.ro\/wp-content\/uploads\/2026\/04\/IMG_6676.jpeg","datePublished":"2026-04-19T11:39:28+00:00","author":{"@id":"https:\/\/cronicahd.ro\/#\/schema\/person\/d1a1277a8cd166610328e17aaf58bf46"},"breadcrumb":{"@id":"https:\/\/cronicahd.ro\/?p=8059#breadcrumb"},"inLanguage":"ro-RO","potentialAction":[{"@type":"ReadAction","target":["https:\/\/cronicahd.ro\/?p=8059"]}]},{"@type":"ImageObject","inLanguage":"ro-RO","@id":"https:\/\/cronicahd.ro\/?p=8059#primaryimage","url":"https:\/\/cronicahd.ro\/wp-content\/uploads\/2026\/04\/IMG_6676.jpeg","contentUrl":"https:\/\/cronicahd.ro\/wp-content\/uploads\/2026\/04\/IMG_6676.jpeg","width":1500,"height":999},{"@type":"BreadcrumbList","@id":"https:\/\/cronicahd.ro\/?p=8059#breadcrumb","itemListElement":[{"@type":"ListItem","position":1,"name":"Prima pagin\u0103","item":"https:\/\/cronicahd.ro\/"},{"@type":"ListItem","position":2,"name":"Cristian Resmeri\u021b\u0103 cere plecarea premierului Ilie Bolojan"}]},{"@type":"WebSite","@id":"https:\/\/cronicahd.ro\/#website","url":"https:\/\/cronicahd.ro\/","name":"","description":"","potentialAction":[{"@type":"SearchAction","target":{"@type":"EntryPoint","urlTemplate":"https:\/\/cronicahd.ro\/?s={search_term_string}"},"query-input":{"@type":"PropertyValueSpecification","valueRequired":true,"valueName":"search_term_string"}}],"inLanguage":"ro-RO"},{"@type":"Person","@id":"https:\/\/cronicahd.ro\/#\/schema\/person\/d1a1277a8cd166610328e17aaf58bf46","name":"admin","image":{"@type":"ImageObject","inLanguage":"ro-RO","@id":"https:\/\/cronicahd.ro\/#\/schema\/person\/image\/","url":"https:\/\/secure.gravatar.com\/avatar\/24700337280d10898c2e0d19d44a05316bff9fccc941ecc5570ffe41668203f7?s=96&d=mm&r=g","contentUrl":"https:\/\/secure.gravatar.com\/avatar\/24700337280d10898c2e0d19d44a05316bff9fccc941ecc5570ffe41668203f7?s=96&d=mm&r=g","caption":"admin"},"sameAs":["https:\/\/cronicavj.ro"],"url":"https:\/\/cronicahd.ro\/?author=1"}]}},"_links":{"self":[{"href":"https:\/\/cronicahd.ro\/index.php?rest_route=\/wp\/v2\/posts\/8059","targetHints":{"allow":["GET"]}}],"collection":[{"href":"https:\/\/cronicahd.ro\/index.php?rest_route=\/wp\/v2\/posts"}],"about":[{"href":"https:\/\/cronicahd.ro\/index.php?rest_route=\/wp\/v2\/types\/post"}],"author":[{"embeddable":true,"href":"https:\/\/cronicahd.ro\/index.php?rest_route=\/wp\/v2\/users\/1"}],"replies":[{"embeddable":true,"href":"https:\/\/cronicahd.ro\/index.php?rest_route=%2Fwp%2Fv2%2Fcomments&post=8059"}],"version-history":[{"count":1,"href":"https:\/\/cronicahd.ro\/index.php?rest_route=\/wp\/v2\/posts\/8059\/revisions"}],"predecessor-version":[{"id":8061,"href":"https:\/\/cronicahd.ro\/index.php?rest_route=\/wp\/v2\/posts\/8059\/revisions\/8061"}],"wp:featuredmedia":[{"embeddable":true,"href":"https:\/\/cronicahd.ro\/index.php?rest_route=\/wp\/v2\/media\/8060"}],"wp:attachment":[{"href":"https:\/\/cronicahd.ro\/index.php?rest_route=%2Fwp%2Fv2%2Fmedia&parent=8059"}],"wp:term":[{"taxonomy":"category","embeddable":true,"href":"https:\/\/cronicahd.ro\/index.php?rest_route=%2Fwp%2Fv2%2Fcategories&post=8059"},{"taxonomy":"post_tag","embeddable":true,"href":"https:\/\/cronicahd.ro\/index.php?rest_route=%2Fwp%2Fv2%2Ftags&post=8059"}],"curies":[{"name":"wp","href":"https:\/\/api.w.org\/{rel}","templated":true}]}}