{"id":8043,"date":"2026-04-18T14:54:02","date_gmt":"2026-04-18T14:54:02","guid":{"rendered":"https:\/\/cronicahd.ro\/?p=8043"},"modified":"2026-04-18T14:54:02","modified_gmt":"2026-04-18T14:54:02","slug":"ministrul-ivan-da-ca-termen-2028-pentru-minele-lupeni-si-lonea","status":"publish","type":"post","link":"https:\/\/cronicahd.ro\/?p=8043","title":{"rendered":"Ministrul Ivan d\u0103 ca termen 2028 pentru minele Lupeni \u0219i Lonea"},"content":{"rendered":"<p class=\"s3\">\n<p class=\"s3\"><span class=\"s2\"><span class=\"bumpedFont15\">Cel pu\u021bin p\u00e2n\u0103 \u00een 2028 ar putea s\u0103 fie func\u021bionale minele Lonea \u0219i Lupeni. A spus-o ministrul Energiei Bogdan Ivan, la Mintia, acolo unde a f\u0103cut o vizit\u0103 la viitoarea central\u0103 de producere a energiei \u00een jude\u021bul nostru. Asta, dup\u0103 ce \u0219i sindicatele \u0219i administra\u021bia a ar\u0103tat c\u0103 niciuna dintre aceste unit\u0103\u021bi nu poate fi \u00eenchis\u0103 \u00een acest an, din motive ce \u021bin de siguran\u021b\u0103.<\/span><\/span><\/p>\n<p class=\"s3\"><span class=\"s2\"><span class=\"bumpedFont15\">\u201e<\/span><\/span><span class=\"s2\"><span class=\"bumpedFont15\">\u0218i sindicatele \u0219i \u00a0conducerea administrativ\u0103 au depus un document care, \u00een momentul de fa\u021b\u0103, este \u00een analiz\u0103 de c\u0103tre Comisia European\u0103, cu sprijinul Ministerului Energiei \u0219i c\u0103tre Consiliul Concuren\u021bei. Suntem \u00een faza de analiz\u0103, cu documente justificative \u0219i sunt convins c\u0103 vor fi \u00eenaintate chiar p\u00e2n\u0103 \u00een 2028. \u00a0Vorbim despre cele dou\u0103 mine Lonea \u0219i Lupeni, care aveau termen de \u00eenchidere anul 2026, decembrie<\/span><\/span><span class=\"s2\"><span class=\"bumpedFont15\">\u201d<\/span><\/span><span class=\"s2\"><span class=\"bumpedFont15\">, a spus Bogdan Ivan, ministrul Energiei.<\/span><\/span><\/p>\n<p class=\"s3\"><span class=\"s2\"><span class=\"bumpedFont15\">\u0218i, pentru c\u0103 tot a vorbit despre Valea Jiului, a spus \u0219i c\u0103 Termocentrala Paro\u0219eni va trece pe gaz metan. \u201eConform programului de <\/span><\/span><span class=\"s2\"><span class=\"bumpedFont15\">decarbonizate<\/span><\/span><span class=\"s2\"><span class=\"bumpedFont15\">, \u00a0luna decembrie 2030 este ultima lun\u0103 c\u00e2nd va putea s\u0103 ard\u0103 c\u0103rbune din Valea Jiului Avem un proiect agreat de Guvernul Rom\u00e2niei, s\u0103 instal\u0103m o turbin\u0103 pe gaze, care poate s\u0103 ajung\u0103 p\u00e2n\u0103 la 500 <\/span><\/span><span class=\"s2\"><span class=\"bumpedFont15\">MWatti<\/span><\/span><span class=\"s2\"><span class=\"bumpedFont15\">\u0219i eu sper, dup\u0103 studiul de fezabilitate, s\u0103 fie implementat chiar p\u00e2n\u0103 \u00een 2030\u201d, a conchis ministrul Energiei. <\/span><\/span><\/p>\n<p class=\"s3\"><span class=\"s2\">\u00a0<\/span><\/p>\n<p class=\"s3\"><span class=\"s2\"><span class=\"bumpedFont15\">Diana Mitrache<\/span><\/span><\/p>\n","protected":false},"excerpt":{"rendered":"<p>Cel pu\u021bin p\u00e2n\u0103 \u00een 2028 ar putea s\u0103 fie func\u021bionale minele Lonea \u0219i Lupeni. A&#8230;<\/p>\n","protected":false},"author":1,"featured_media":8044,"comment_status":"closed","ping_status":"closed","sticky":false,"template":"","format":"standard","meta":{"footnotes":""},"categories":[1,18],"tags":[],"class_list":["post-8043","post","type-post","status-publish","format-standard","has-post-thumbnail","hentry","category-actual","category-economic"],"yoast_head":"<!-- This site is optimized with the Yoast SEO plugin v25.3.1 - https:\/\/yoast.com\/wordpress\/plugins\/seo\/ -->\n<title>Ministrul Ivan d\u0103 ca termen 2028 pentru minele Lupeni \u0219i Lonea -<\/title>\n<meta name=\"robots\" content=\"index, follow, max-snippet:-1, max-image-preview:large, max-video-preview:-1\" \/>\n<link rel=\"canonical\" href=\"https:\/\/cronicahd.ro\/?p=8043\" \/>\n<meta property=\"og:locale\" content=\"ro_RO\" \/>\n<meta property=\"og:type\" content=\"article\" \/>\n<meta property=\"og:title\" content=\"Ministrul Ivan d\u0103 ca termen 2028 pentru minele Lupeni \u0219i Lonea -\" \/>\n<meta property=\"og:description\" content=\"Cel pu\u021bin p\u00e2n\u0103 \u00een 2028 ar putea s\u0103 fie func\u021bionale minele Lonea \u0219i Lupeni. A...\" \/>\n<meta property=\"og:url\" content=\"https:\/\/cronicahd.ro\/?p=8043\" \/>\n<meta property=\"article:published_time\" content=\"2026-04-18T14:54:02+00:00\" \/>\n<meta property=\"og:image\" content=\"https:\/\/cronicahd.ro\/wp-content\/uploads\/2026\/04\/IMG_6609.jpeg\" \/>\n\t<meta property=\"og:image:width\" content=\"1051\" \/>\n\t<meta property=\"og:image:height\" content=\"1228\" \/>\n\t<meta property=\"og:image:type\" content=\"image\/jpeg\" \/>\n<meta name=\"author\" content=\"admin\" \/>\n<meta name=\"twitter:card\" content=\"summary_large_image\" \/>\n<meta name=\"twitter:label1\" content=\"Scris de\" \/>\n\t<meta name=\"twitter:data1\" content=\"admin\" \/>\n\t<meta name=\"twitter:label2\" content=\"Timp estimat pentru citire\" \/>\n\t<meta name=\"twitter:data2\" content=\"2 minute\" \/>\n<script type=\"application\/ld+json\" class=\"yoast-schema-graph\">{\"@context\":\"https:\/\/schema.org\",\"@graph\":[{\"@type\":\"WebPage\",\"@id\":\"https:\/\/cronicahd.ro\/?p=8043\",\"url\":\"https:\/\/cronicahd.ro\/?p=8043\",\"name\":\"Ministrul Ivan d\u0103 ca termen 2028 pentru minele Lupeni \u0219i Lonea -\",\"isPartOf\":{\"@id\":\"https:\/\/cronicahd.ro\/#website\"},\"primaryImageOfPage\":{\"@id\":\"https:\/\/cronicahd.ro\/?p=8043#primaryimage\"},\"image\":{\"@id\":\"https:\/\/cronicahd.ro\/?p=8043#primaryimage\"},\"thumbnailUrl\":\"https:\/\/cronicahd.ro\/wp-content\/uploads\/2026\/04\/IMG_6609.jpeg\",\"datePublished\":\"2026-04-18T14:54:02+00:00\",\"author\":{\"@id\":\"https:\/\/cronicahd.ro\/#\/schema\/person\/d1a1277a8cd166610328e17aaf58bf46\"},\"breadcrumb\":{\"@id\":\"https:\/\/cronicahd.ro\/?p=8043#breadcrumb\"},\"inLanguage\":\"ro-RO\",\"potentialAction\":[{\"@type\":\"ReadAction\",\"target\":[\"https:\/\/cronicahd.ro\/?p=8043\"]}]},{\"@type\":\"ImageObject\",\"inLanguage\":\"ro-RO\",\"@id\":\"https:\/\/cronicahd.ro\/?p=8043#primaryimage\",\"url\":\"https:\/\/cronicahd.ro\/wp-content\/uploads\/2026\/04\/IMG_6609.jpeg\",\"contentUrl\":\"https:\/\/cronicahd.ro\/wp-content\/uploads\/2026\/04\/IMG_6609.jpeg\",\"width\":1051,\"height\":1228,\"caption\":\"Screenshot\"},{\"@type\":\"BreadcrumbList\",\"@id\":\"https:\/\/cronicahd.ro\/?p=8043#breadcrumb\",\"itemListElement\":[{\"@type\":\"ListItem\",\"position\":1,\"name\":\"Prima pagin\u0103\",\"item\":\"https:\/\/cronicahd.ro\/\"},{\"@type\":\"ListItem\",\"position\":2,\"name\":\"Ministrul Ivan d\u0103 ca termen 2028 pentru minele Lupeni \u0219i Lonea\"}]},{\"@type\":\"WebSite\",\"@id\":\"https:\/\/cronicahd.ro\/#website\",\"url\":\"https:\/\/cronicahd.ro\/\",\"name\":\"\",\"description\":\"\",\"potentialAction\":[{\"@type\":\"SearchAction\",\"target\":{\"@type\":\"EntryPoint\",\"urlTemplate\":\"https:\/\/cronicahd.ro\/?s={search_term_string}\"},\"query-input\":{\"@type\":\"PropertyValueSpecification\",\"valueRequired\":true,\"valueName\":\"search_term_string\"}}],\"inLanguage\":\"ro-RO\"},{\"@type\":\"Person\",\"@id\":\"https:\/\/cronicahd.ro\/#\/schema\/person\/d1a1277a8cd166610328e17aaf58bf46\",\"name\":\"admin\",\"image\":{\"@type\":\"ImageObject\",\"inLanguage\":\"ro-RO\",\"@id\":\"https:\/\/cronicahd.ro\/#\/schema\/person\/image\/\",\"url\":\"https:\/\/secure.gravatar.com\/avatar\/24700337280d10898c2e0d19d44a05316bff9fccc941ecc5570ffe41668203f7?s=96&d=mm&r=g\",\"contentUrl\":\"https:\/\/secure.gravatar.com\/avatar\/24700337280d10898c2e0d19d44a05316bff9fccc941ecc5570ffe41668203f7?s=96&d=mm&r=g\",\"caption\":\"admin\"},\"sameAs\":[\"https:\/\/cronicavj.ro\"],\"url\":\"https:\/\/cronicahd.ro\/?author=1\"}]}<\/script>\n<!-- \/ Yoast SEO plugin. -->","yoast_head_json":{"title":"Ministrul Ivan d\u0103 ca termen 2028 pentru minele Lupeni \u0219i Lonea -","robots":{"index":"index","follow":"follow","max-snippet":"max-snippet:-1","max-image-preview":"max-image-preview:large","max-video-preview":"max-video-preview:-1"},"canonical":"https:\/\/cronicahd.ro\/?p=8043","og_locale":"ro_RO","og_type":"article","og_title":"Ministrul Ivan d\u0103 ca termen 2028 pentru minele Lupeni \u0219i Lonea -","og_description":"Cel pu\u021bin p\u00e2n\u0103 \u00een 2028 ar putea s\u0103 fie func\u021bionale minele Lonea \u0219i Lupeni. A...","og_url":"https:\/\/cronicahd.ro\/?p=8043","article_published_time":"2026-04-18T14:54:02+00:00","og_image":[{"width":1051,"height":1228,"url":"https:\/\/cronicahd.ro\/wp-content\/uploads\/2026\/04\/IMG_6609.jpeg","type":"image\/jpeg"}],"author":"admin","twitter_card":"summary_large_image","twitter_misc":{"Scris de":"admin","Timp estimat pentru citire":"2 minute"},"schema":{"@context":"https:\/\/schema.org","@graph":[{"@type":"WebPage","@id":"https:\/\/cronicahd.ro\/?p=8043","url":"https:\/\/cronicahd.ro\/?p=8043","name":"Ministrul Ivan d\u0103 ca termen 2028 pentru minele Lupeni \u0219i Lonea -","isPartOf":{"@id":"https:\/\/cronicahd.ro\/#website"},"primaryImageOfPage":{"@id":"https:\/\/cronicahd.ro\/?p=8043#primaryimage"},"image":{"@id":"https:\/\/cronicahd.ro\/?p=8043#primaryimage"},"thumbnailUrl":"https:\/\/cronicahd.ro\/wp-content\/uploads\/2026\/04\/IMG_6609.jpeg","datePublished":"2026-04-18T14:54:02+00:00","author":{"@id":"https:\/\/cronicahd.ro\/#\/schema\/person\/d1a1277a8cd166610328e17aaf58bf46"},"breadcrumb":{"@id":"https:\/\/cronicahd.ro\/?p=8043#breadcrumb"},"inLanguage":"ro-RO","potentialAction":[{"@type":"ReadAction","target":["https:\/\/cronicahd.ro\/?p=8043"]}]},{"@type":"ImageObject","inLanguage":"ro-RO","@id":"https:\/\/cronicahd.ro\/?p=8043#primaryimage","url":"https:\/\/cronicahd.ro\/wp-content\/uploads\/2026\/04\/IMG_6609.jpeg","contentUrl":"https:\/\/cronicahd.ro\/wp-content\/uploads\/2026\/04\/IMG_6609.jpeg","width":1051,"height":1228,"caption":"Screenshot"},{"@type":"BreadcrumbList","@id":"https:\/\/cronicahd.ro\/?p=8043#breadcrumb","itemListElement":[{"@type":"ListItem","position":1,"name":"Prima pagin\u0103","item":"https:\/\/cronicahd.ro\/"},{"@type":"ListItem","position":2,"name":"Ministrul Ivan d\u0103 ca termen 2028 pentru minele Lupeni \u0219i Lonea"}]},{"@type":"WebSite","@id":"https:\/\/cronicahd.ro\/#website","url":"https:\/\/cronicahd.ro\/","name":"","description":"","potentialAction":[{"@type":"SearchAction","target":{"@type":"EntryPoint","urlTemplate":"https:\/\/cronicahd.ro\/?s={search_term_string}"},"query-input":{"@type":"PropertyValueSpecification","valueRequired":true,"valueName":"search_term_string"}}],"inLanguage":"ro-RO"},{"@type":"Person","@id":"https:\/\/cronicahd.ro\/#\/schema\/person\/d1a1277a8cd166610328e17aaf58bf46","name":"admin","image":{"@type":"ImageObject","inLanguage":"ro-RO","@id":"https:\/\/cronicahd.ro\/#\/schema\/person\/image\/","url":"https:\/\/secure.gravatar.com\/avatar\/24700337280d10898c2e0d19d44a05316bff9fccc941ecc5570ffe41668203f7?s=96&d=mm&r=g","contentUrl":"https:\/\/secure.gravatar.com\/avatar\/24700337280d10898c2e0d19d44a05316bff9fccc941ecc5570ffe41668203f7?s=96&d=mm&r=g","caption":"admin"},"sameAs":["https:\/\/cronicavj.ro"],"url":"https:\/\/cronicahd.ro\/?author=1"}]}},"_links":{"self":[{"href":"https:\/\/cronicahd.ro\/index.php?rest_route=\/wp\/v2\/posts\/8043","targetHints":{"allow":["GET"]}}],"collection":[{"href":"https:\/\/cronicahd.ro\/index.php?rest_route=\/wp\/v2\/posts"}],"about":[{"href":"https:\/\/cronicahd.ro\/index.php?rest_route=\/wp\/v2\/types\/post"}],"author":[{"embeddable":true,"href":"https:\/\/cronicahd.ro\/index.php?rest_route=\/wp\/v2\/users\/1"}],"replies":[{"embeddable":true,"href":"https:\/\/cronicahd.ro\/index.php?rest_route=%2Fwp%2Fv2%2Fcomments&post=8043"}],"version-history":[{"count":1,"href":"https:\/\/cronicahd.ro\/index.php?rest_route=\/wp\/v2\/posts\/8043\/revisions"}],"predecessor-version":[{"id":8045,"href":"https:\/\/cronicahd.ro\/index.php?rest_route=\/wp\/v2\/posts\/8043\/revisions\/8045"}],"wp:featuredmedia":[{"embeddable":true,"href":"https:\/\/cronicahd.ro\/index.php?rest_route=\/wp\/v2\/media\/8044"}],"wp:attachment":[{"href":"https:\/\/cronicahd.ro\/index.php?rest_route=%2Fwp%2Fv2%2Fmedia&parent=8043"}],"wp:term":[{"taxonomy":"category","embeddable":true,"href":"https:\/\/cronicahd.ro\/index.php?rest_route=%2Fwp%2Fv2%2Fcategories&post=8043"},{"taxonomy":"post_tag","embeddable":true,"href":"https:\/\/cronicahd.ro\/index.php?rest_route=%2Fwp%2Fv2%2Ftags&post=8043"}],"curies":[{"name":"wp","href":"https:\/\/api.w.org\/{rel}","templated":true}]}}