{"id":8035,"date":"2026-04-18T07:21:46","date_gmt":"2026-04-18T07:21:46","guid":{"rendered":"https:\/\/cronicahd.ro\/?p=8035"},"modified":"2026-04-18T07:21:46","modified_gmt":"2026-04-18T07:21:46","slug":"primarul-din-vulcan-cere-demisia-deputatei-vetuta-stanescu-dupa-declaratii-controversate","status":"publish","type":"post","link":"https:\/\/cronicahd.ro\/?p=8035","title":{"rendered":"Primarul din Vulcan cere demisia deputatei Vetu\u021ba St\u0103nescu dup\u0103 declara\u021bii controversate"},"content":{"rendered":"<p>&nbsp;<\/p>\n<p>Primarul municipiului Vulcan, Cristian Meri\u0219anu, a reac\u021bionat public dup\u0103 afirma\u021biile f\u0103cute de deputata Vetu\u021ba St\u0103nescu privind nivelul unit\u0103\u021bilor de \u00eenv\u0103\u021b\u0103m\u00e2nt \u0219i al sistemului medical din localitate.<\/p>\n<p>Edilul consider\u0103 declara\u021biile \u201efalse \u0219i revolt\u0103toare\u201d, acuz\u00e2nd c\u0103 acestea denigreaz\u0103 comunitatea local\u0103 \u0219i realitatea din teren. \u201eS\u0103 afirmi c\u0103 \u00een Vulcan \u0219colile \u0219i spitalul sunt la standarde joase \u00eenseamn\u0103 s\u0103 min\u021bi cu bun\u0103 \u0219tiin\u021b\u0103 \u0219i s\u0103 jigne\u0219ti o \u00eentreag\u0103 comunitate\u201d, a transmis primarul.<\/p>\n<p>Acesta a subliniat c\u0103 institu\u021biile din municipiu deservesc zilnic copiii, p\u0103rin\u021bii \u0219i bunicii locuitorilor, iar oamenii merit\u0103 respect, nu \u201edispre\u021b politic\u201d. \u00cen acest context, primarul ridic\u0103 semne de \u00eentrebare cu privire la modul \u00een care un parlamentar de Hunedoara poate face astfel de afirma\u021bii despre propriul jude\u021b.<\/p>\n<p>\u201eNu po\u021bi reprezenta un jude\u021b pe care \u00eel denigrezi. Nu po\u021bi vorbi despre oameni f\u0103r\u0103 s\u0103-i respec\u021bi\u201d, a mai declarat edilul.<\/p>\n<p>\u00cen final, primarul municipiului Vulcan i-a adresat deputatei o invita\u021bie public\u0103 de a vizita ora\u0219ul \u0219i unit\u0103\u021bile de \u00eenv\u0103\u021b\u0103m\u00e2nt, pentru a vedea situa\u021bia real\u0103. Totodat\u0103, acesta i-a cerut demisia, calific\u00e2nd declara\u021biile drept \u201eiresponsabile\u201d.<\/p>\n<p>Reac\u021bia vine \u00een contextul unor tensiuni politice generate de evalu\u0103rile privind infrastructura educa\u021bional\u0103 \u0219i medical\u0103 din Valea Jiului.<\/p>\n","protected":false},"excerpt":{"rendered":"<p>&nbsp; Primarul municipiului Vulcan, Cristian Meri\u0219anu, a reac\u021bionat public dup\u0103 afirma\u021biile f\u0103cute de deputata Vetu\u021ba&#8230;<\/p>\n","protected":false},"author":1,"featured_media":8036,"comment_status":"closed","ping_status":"closed","sticky":false,"template":"","format":"standard","meta":{"footnotes":""},"categories":[1,16],"tags":[],"class_list":["post-8035","post","type-post","status-publish","format-standard","has-post-thumbnail","hentry","category-actual","category-politic"],"yoast_head":"<!-- This site is optimized with the Yoast SEO plugin v25.3.1 - https:\/\/yoast.com\/wordpress\/plugins\/seo\/ -->\n<title>Primarul din Vulcan cere demisia deputatei Vetu\u021ba St\u0103nescu dup\u0103 declara\u021bii controversate -<\/title>\n<meta name=\"robots\" content=\"index, follow, max-snippet:-1, max-image-preview:large, max-video-preview:-1\" \/>\n<link rel=\"canonical\" href=\"https:\/\/cronicahd.ro\/?p=8035\" \/>\n<meta property=\"og:locale\" content=\"ro_RO\" \/>\n<meta property=\"og:type\" content=\"article\" \/>\n<meta property=\"og:title\" content=\"Primarul din Vulcan cere demisia deputatei Vetu\u021ba St\u0103nescu dup\u0103 declara\u021bii controversate -\" \/>\n<meta property=\"og:description\" content=\"&nbsp; Primarul municipiului Vulcan, Cristian Meri\u0219anu, a reac\u021bionat public dup\u0103 afirma\u021biile f\u0103cute de deputata Vetu\u021ba...\" \/>\n<meta property=\"og:url\" content=\"https:\/\/cronicahd.ro\/?p=8035\" \/>\n<meta property=\"article:published_time\" content=\"2026-04-18T07:21:46+00:00\" \/>\n<meta property=\"og:image\" content=\"https:\/\/cronicahd.ro\/wp-content\/uploads\/2026\/04\/IMG_6604.jpeg\" \/>\n\t<meta property=\"og:image:width\" content=\"1200\" \/>\n\t<meta property=\"og:image:height\" content=\"1147\" \/>\n\t<meta property=\"og:image:type\" content=\"image\/jpeg\" \/>\n<meta name=\"author\" content=\"admin\" \/>\n<meta name=\"twitter:card\" content=\"summary_large_image\" \/>\n<meta name=\"twitter:label1\" content=\"Scris de\" \/>\n\t<meta name=\"twitter:data1\" content=\"admin\" \/>\n\t<meta name=\"twitter:label2\" content=\"Timp estimat pentru citire\" \/>\n\t<meta name=\"twitter:data2\" content=\"2 minute\" \/>\n<script type=\"application\/ld+json\" class=\"yoast-schema-graph\">{\"@context\":\"https:\/\/schema.org\",\"@graph\":[{\"@type\":\"WebPage\",\"@id\":\"https:\/\/cronicahd.ro\/?p=8035\",\"url\":\"https:\/\/cronicahd.ro\/?p=8035\",\"name\":\"Primarul din Vulcan cere demisia deputatei Vetu\u021ba St\u0103nescu dup\u0103 declara\u021bii controversate -\",\"isPartOf\":{\"@id\":\"https:\/\/cronicahd.ro\/#website\"},\"primaryImageOfPage\":{\"@id\":\"https:\/\/cronicahd.ro\/?p=8035#primaryimage\"},\"image\":{\"@id\":\"https:\/\/cronicahd.ro\/?p=8035#primaryimage\"},\"thumbnailUrl\":\"https:\/\/cronicahd.ro\/wp-content\/uploads\/2026\/04\/IMG_6604.jpeg\",\"datePublished\":\"2026-04-18T07:21:46+00:00\",\"author\":{\"@id\":\"https:\/\/cronicahd.ro\/#\/schema\/person\/d1a1277a8cd166610328e17aaf58bf46\"},\"breadcrumb\":{\"@id\":\"https:\/\/cronicahd.ro\/?p=8035#breadcrumb\"},\"inLanguage\":\"ro-RO\",\"potentialAction\":[{\"@type\":\"ReadAction\",\"target\":[\"https:\/\/cronicahd.ro\/?p=8035\"]}]},{\"@type\":\"ImageObject\",\"inLanguage\":\"ro-RO\",\"@id\":\"https:\/\/cronicahd.ro\/?p=8035#primaryimage\",\"url\":\"https:\/\/cronicahd.ro\/wp-content\/uploads\/2026\/04\/IMG_6604.jpeg\",\"contentUrl\":\"https:\/\/cronicahd.ro\/wp-content\/uploads\/2026\/04\/IMG_6604.jpeg\",\"width\":1200,\"height\":1147},{\"@type\":\"BreadcrumbList\",\"@id\":\"https:\/\/cronicahd.ro\/?p=8035#breadcrumb\",\"itemListElement\":[{\"@type\":\"ListItem\",\"position\":1,\"name\":\"Prima pagin\u0103\",\"item\":\"https:\/\/cronicahd.ro\/\"},{\"@type\":\"ListItem\",\"position\":2,\"name\":\"Primarul din Vulcan cere demisia deputatei Vetu\u021ba St\u0103nescu dup\u0103 declara\u021bii controversate\"}]},{\"@type\":\"WebSite\",\"@id\":\"https:\/\/cronicahd.ro\/#website\",\"url\":\"https:\/\/cronicahd.ro\/\",\"name\":\"\",\"description\":\"\",\"potentialAction\":[{\"@type\":\"SearchAction\",\"target\":{\"@type\":\"EntryPoint\",\"urlTemplate\":\"https:\/\/cronicahd.ro\/?s={search_term_string}\"},\"query-input\":{\"@type\":\"PropertyValueSpecification\",\"valueRequired\":true,\"valueName\":\"search_term_string\"}}],\"inLanguage\":\"ro-RO\"},{\"@type\":\"Person\",\"@id\":\"https:\/\/cronicahd.ro\/#\/schema\/person\/d1a1277a8cd166610328e17aaf58bf46\",\"name\":\"admin\",\"image\":{\"@type\":\"ImageObject\",\"inLanguage\":\"ro-RO\",\"@id\":\"https:\/\/cronicahd.ro\/#\/schema\/person\/image\/\",\"url\":\"https:\/\/secure.gravatar.com\/avatar\/24700337280d10898c2e0d19d44a05316bff9fccc941ecc5570ffe41668203f7?s=96&d=mm&r=g\",\"contentUrl\":\"https:\/\/secure.gravatar.com\/avatar\/24700337280d10898c2e0d19d44a05316bff9fccc941ecc5570ffe41668203f7?s=96&d=mm&r=g\",\"caption\":\"admin\"},\"sameAs\":[\"https:\/\/cronicavj.ro\"],\"url\":\"https:\/\/cronicahd.ro\/?author=1\"}]}<\/script>\n<!-- \/ Yoast SEO plugin. -->","yoast_head_json":{"title":"Primarul din Vulcan cere demisia deputatei Vetu\u021ba St\u0103nescu dup\u0103 declara\u021bii controversate -","robots":{"index":"index","follow":"follow","max-snippet":"max-snippet:-1","max-image-preview":"max-image-preview:large","max-video-preview":"max-video-preview:-1"},"canonical":"https:\/\/cronicahd.ro\/?p=8035","og_locale":"ro_RO","og_type":"article","og_title":"Primarul din Vulcan cere demisia deputatei Vetu\u021ba St\u0103nescu dup\u0103 declara\u021bii controversate -","og_description":"&nbsp; Primarul municipiului Vulcan, Cristian Meri\u0219anu, a reac\u021bionat public dup\u0103 afirma\u021biile f\u0103cute de deputata Vetu\u021ba...","og_url":"https:\/\/cronicahd.ro\/?p=8035","article_published_time":"2026-04-18T07:21:46+00:00","og_image":[{"width":1200,"height":1147,"url":"https:\/\/cronicahd.ro\/wp-content\/uploads\/2026\/04\/IMG_6604.jpeg","type":"image\/jpeg"}],"author":"admin","twitter_card":"summary_large_image","twitter_misc":{"Scris de":"admin","Timp estimat pentru citire":"2 minute"},"schema":{"@context":"https:\/\/schema.org","@graph":[{"@type":"WebPage","@id":"https:\/\/cronicahd.ro\/?p=8035","url":"https:\/\/cronicahd.ro\/?p=8035","name":"Primarul din Vulcan cere demisia deputatei Vetu\u021ba St\u0103nescu dup\u0103 declara\u021bii controversate -","isPartOf":{"@id":"https:\/\/cronicahd.ro\/#website"},"primaryImageOfPage":{"@id":"https:\/\/cronicahd.ro\/?p=8035#primaryimage"},"image":{"@id":"https:\/\/cronicahd.ro\/?p=8035#primaryimage"},"thumbnailUrl":"https:\/\/cronicahd.ro\/wp-content\/uploads\/2026\/04\/IMG_6604.jpeg","datePublished":"2026-04-18T07:21:46+00:00","author":{"@id":"https:\/\/cronicahd.ro\/#\/schema\/person\/d1a1277a8cd166610328e17aaf58bf46"},"breadcrumb":{"@id":"https:\/\/cronicahd.ro\/?p=8035#breadcrumb"},"inLanguage":"ro-RO","potentialAction":[{"@type":"ReadAction","target":["https:\/\/cronicahd.ro\/?p=8035"]}]},{"@type":"ImageObject","inLanguage":"ro-RO","@id":"https:\/\/cronicahd.ro\/?p=8035#primaryimage","url":"https:\/\/cronicahd.ro\/wp-content\/uploads\/2026\/04\/IMG_6604.jpeg","contentUrl":"https:\/\/cronicahd.ro\/wp-content\/uploads\/2026\/04\/IMG_6604.jpeg","width":1200,"height":1147},{"@type":"BreadcrumbList","@id":"https:\/\/cronicahd.ro\/?p=8035#breadcrumb","itemListElement":[{"@type":"ListItem","position":1,"name":"Prima pagin\u0103","item":"https:\/\/cronicahd.ro\/"},{"@type":"ListItem","position":2,"name":"Primarul din Vulcan cere demisia deputatei Vetu\u021ba St\u0103nescu dup\u0103 declara\u021bii controversate"}]},{"@type":"WebSite","@id":"https:\/\/cronicahd.ro\/#website","url":"https:\/\/cronicahd.ro\/","name":"","description":"","potentialAction":[{"@type":"SearchAction","target":{"@type":"EntryPoint","urlTemplate":"https:\/\/cronicahd.ro\/?s={search_term_string}"},"query-input":{"@type":"PropertyValueSpecification","valueRequired":true,"valueName":"search_term_string"}}],"inLanguage":"ro-RO"},{"@type":"Person","@id":"https:\/\/cronicahd.ro\/#\/schema\/person\/d1a1277a8cd166610328e17aaf58bf46","name":"admin","image":{"@type":"ImageObject","inLanguage":"ro-RO","@id":"https:\/\/cronicahd.ro\/#\/schema\/person\/image\/","url":"https:\/\/secure.gravatar.com\/avatar\/24700337280d10898c2e0d19d44a05316bff9fccc941ecc5570ffe41668203f7?s=96&d=mm&r=g","contentUrl":"https:\/\/secure.gravatar.com\/avatar\/24700337280d10898c2e0d19d44a05316bff9fccc941ecc5570ffe41668203f7?s=96&d=mm&r=g","caption":"admin"},"sameAs":["https:\/\/cronicavj.ro"],"url":"https:\/\/cronicahd.ro\/?author=1"}]}},"_links":{"self":[{"href":"https:\/\/cronicahd.ro\/index.php?rest_route=\/wp\/v2\/posts\/8035","targetHints":{"allow":["GET"]}}],"collection":[{"href":"https:\/\/cronicahd.ro\/index.php?rest_route=\/wp\/v2\/posts"}],"about":[{"href":"https:\/\/cronicahd.ro\/index.php?rest_route=\/wp\/v2\/types\/post"}],"author":[{"embeddable":true,"href":"https:\/\/cronicahd.ro\/index.php?rest_route=\/wp\/v2\/users\/1"}],"replies":[{"embeddable":true,"href":"https:\/\/cronicahd.ro\/index.php?rest_route=%2Fwp%2Fv2%2Fcomments&post=8035"}],"version-history":[{"count":1,"href":"https:\/\/cronicahd.ro\/index.php?rest_route=\/wp\/v2\/posts\/8035\/revisions"}],"predecessor-version":[{"id":8037,"href":"https:\/\/cronicahd.ro\/index.php?rest_route=\/wp\/v2\/posts\/8035\/revisions\/8037"}],"wp:featuredmedia":[{"embeddable":true,"href":"https:\/\/cronicahd.ro\/index.php?rest_route=\/wp\/v2\/media\/8036"}],"wp:attachment":[{"href":"https:\/\/cronicahd.ro\/index.php?rest_route=%2Fwp%2Fv2%2Fmedia&parent=8035"}],"wp:term":[{"taxonomy":"category","embeddable":true,"href":"https:\/\/cronicahd.ro\/index.php?rest_route=%2Fwp%2Fv2%2Fcategories&post=8035"},{"taxonomy":"post_tag","embeddable":true,"href":"https:\/\/cronicahd.ro\/index.php?rest_route=%2Fwp%2Fv2%2Ftags&post=8035"}],"curies":[{"name":"wp","href":"https:\/\/api.w.org\/{rel}","templated":true}]}}