{"id":8027,"date":"2026-04-18T05:30:19","date_gmt":"2026-04-18T05:30:19","guid":{"rendered":"https:\/\/cronicahd.ro\/?p=8027"},"modified":"2026-04-18T05:30:19","modified_gmt":"2026-04-18T05:30:19","slug":"antonio-patras-a-luat-premiul-opera-omnia-ion-dezideriu-sirbu","status":"publish","type":"post","link":"https:\/\/cronicahd.ro\/?p=8027","title":{"rendered":"Antonio Patra\u0219, a luat Premiul Opera Omnia Ion Dezideriu S\u00eerbu"},"content":{"rendered":"<p>Pentru prima dat\u0103, premiul Opera Omnia Ion Dezideriu Sirbu a fost acordat, vineri sear\u0103, profesorului universitar Antonio Patra\u0219 de la Universitatea Alexandru Ioan Cuza din Ia\u0219i. Distinc\u021bia a fost decernat\u0103 \u00een cadrul Colocviului Na\u021bional de Memorialistic\u0103 \u0219i Eseu Ion D Sirbu, care s-a desf\u0103\u0219urat, timp de dou\u0103 zile, la Petro\u0219ani. Distinc\u021bia i-a fost acordat\u0103 de Costel Avram, \u00een calitate de reprezentant al Consiliului jude\u021bean Hunedoara.<\/p>\n<p><img loading=\"lazy\" decoding=\"async\" class=\"alignnone size-full wp-image-8028\" src=\"https:\/\/cronicahd.ro\/wp-content\/uploads\/2026\/04\/f-1.jpg\" alt=\"\" width=\"1536\" height=\"2048\" srcset=\"https:\/\/cronicahd.ro\/wp-content\/uploads\/2026\/04\/f-1.jpg 1536w, https:\/\/cronicahd.ro\/wp-content\/uploads\/2026\/04\/f-1-225x300.jpg 225w, https:\/\/cronicahd.ro\/wp-content\/uploads\/2026\/04\/f-1-768x1024.jpg 768w, https:\/\/cronicahd.ro\/wp-content\/uploads\/2026\/04\/f-1-1152x1536.jpg 1152w, https:\/\/cronicahd.ro\/wp-content\/uploads\/2026\/04\/f-1-1024x1365.jpg 1024w\" sizes=\"auto, (max-width: 1536px) 100vw, 1536px\" \/><br \/>\n\u201ePrimul Colocviu Interna\u021bional de Memorialistic\u0103 \u0219i eseu I.D S\u00eerbu nu este doar un eveniment, este o declara\u021bie de \u00eencredere \u00een cultur\u0103, \u00een memorie \u0219i \u00een puterea cuv\u00e2ntului. Am onoarea de a \u00eenm\u00e2na acest premiu, \u00een numele domnului pre\u0219edinte al Consiliului Jude\u021bean Lauren\u021biu Nistor, dar \u0219i \u00een nume personal. \u00cen aceast\u0103 sear\u0103 celebr\u0103m nu doar un laureat, ci o idee esen\u021bial\u0103: c\u0103 memoria ne construie\u0219te, c\u0103 scrisul ne define\u0219te \u0219i cultura ne \u021bine \u00eempreun\u0103. (&#8230;) \u00cen urma deliber\u0103rii, \u00een care au fost luate \u00een considera\u021bie nume importante ale literaturii rom\u00e2ne, legate de analiza operei lui I.D S\u00eerbu \u0219i a literaturii memoriei, juriul a decis acordarea premiului Opera Omnia Ion Dezideriu S\u00eerbu domnului Antoniu Patra\u0219, profesor la Universitatea Alexandru Ioan Cuza, din Ia\u0219i\u201d, a spus, pe scena Teatrului Dramatic I.D S\u00eerbu din Petro\u0219ani, Costel Avram, administrator public al Consiliului Jude\u021bean Hunedoara.<\/p>\n<p><img loading=\"lazy\" decoding=\"async\" class=\"alignnone size-full wp-image-8032\" src=\"https:\/\/cronicahd.ro\/wp-content\/uploads\/2026\/04\/p4.jpg\" alt=\"\" width=\"2048\" height=\"1536\" srcset=\"https:\/\/cronicahd.ro\/wp-content\/uploads\/2026\/04\/p4.jpg 2048w, https:\/\/cronicahd.ro\/wp-content\/uploads\/2026\/04\/p4-300x225.jpg 300w, https:\/\/cronicahd.ro\/wp-content\/uploads\/2026\/04\/p4-1024x768.jpg 1024w, https:\/\/cronicahd.ro\/wp-content\/uploads\/2026\/04\/p4-768x576.jpg 768w, https:\/\/cronicahd.ro\/wp-content\/uploads\/2026\/04\/p4-1536x1152.jpg 1536w\" sizes=\"auto, (max-width: 2048px) 100vw, 2048px\" \/><br \/>\nDecernarea premiului a avut loc la finalul a dou\u0103 zile \u00eenc\u0103rcate de evenimente la care a participat \u00eensu\u0219i pre\u0219edintele Uniunii Scriitorilor din Rom\u00e2nia, Varujan Vosganian \u0219i \u00eenaintea premierei \u201eBietul meu suflet, c\u0103rbune\u201d, pus\u0103 \u00een scen\u0103 \u00een premier\u0103 absolut\u0103, de actorii de la Petro\u0219ani.<br \/>\n\u201eNu m\u0103 a\u0219teptam la o astfel de surpriz\u0103. Vreau s\u0103 dedic acest premiu unor colaboratori apropia\u021bi. \u00cen primul r\u00e2nd, domnului Toma Velici, doamnei Elisabeta S\u00eerbu. Ceea ce face Toma Velici, de ani, este remarcabil, pentru c\u0103 f\u0103r\u0103 efortul s\u0103u remarcabil, arhiv\u0103 I.D S\u00eerbu nu ar fi fost pus\u0103 \u00een valoare, a\u0219a cum este azi. \u0218i doamnei Elisabeta S\u00eerbu (n.r. so\u021bia lui I.D S\u00eerbu) \u00eei mul\u021bumesc, care, cu siguran\u021b\u0103, se bucur\u0103 la Craiova, de ceea ce se \u00eent\u00e2mpl\u0103 aici, la Petro\u0219ani, \u00een memoria extraordinarului scriitor care a fost Ion Dezideriu S\u00eerbu\u201d, a spus Antonio Patra\u0219, critic literar \u0219i profesor la Universitatea \u201eAlexandru Ioan Cuza\u201d din Ia\u0219i.<\/p>\n<p><img loading=\"lazy\" decoding=\"async\" class=\"alignnone size-full wp-image-8029\" src=\"https:\/\/cronicahd.ro\/wp-content\/uploads\/2026\/04\/p-2.jpg\" alt=\"\" width=\"2048\" height=\"1536\" srcset=\"https:\/\/cronicahd.ro\/wp-content\/uploads\/2026\/04\/p-2.jpg 2048w, https:\/\/cronicahd.ro\/wp-content\/uploads\/2026\/04\/p-2-300x225.jpg 300w, https:\/\/cronicahd.ro\/wp-content\/uploads\/2026\/04\/p-2-1024x768.jpg 1024w, https:\/\/cronicahd.ro\/wp-content\/uploads\/2026\/04\/p-2-768x576.jpg 768w, https:\/\/cronicahd.ro\/wp-content\/uploads\/2026\/04\/p-2-1536x1152.jpg 1536w\" sizes=\"auto, (max-width: 2048px) 100vw, 2048px\" \/><br \/>\nTot cu acest prilej, au primit Diplome de excelen\u021b\u0103: Elisabeta Bog\u0103\u021ban, Mihai Barbu \u0219i Valeriu Butulescu.<br \/>\n\u201eNoi suntem un popor cu multe traume nelecuite \u0219i multe \u00eemprejur\u0103ri ne\u00een\u021belese \u0219i ceea ce face ast\u0103zi este un efort de a \u00eencerca s\u0103 vindec\u0103m traumele acestea \u0219i ce ne poate ajuta mai mult, dec\u00e2t cei care au suferit, \u00een\u0103bu\u0219it, sincer \u0219i care au scris despre asta, care nu au apucat ziua de dup\u0103 1990, dar, \u00een mod paradoxal, ei sunt cele mai importante c\u0103l\u0103uze ale noastre. \u0218i acesta este motivul pentru care \u00eel onor\u0103m acum pe I.D S\u00eerbu \u0219i, prin el, pe to\u021bi autorii de c\u0103r\u021bi interzise, confiscate, distruse, care au v\u0103zut lumina tiparului prea t\u00e2rziu \u0219i care ne ajut\u0103 s\u0103 \u00een\u021belegem, prin trecut, ceea ce ni se \u00eent\u00e2mpl\u0103\u201d, a spus \u0219i Varujan Vosganian, pre\u0219edintele Uniunii Scriitorilor din Rom\u00e2nia, for care le-a acordat celor 3 scriitori de la noi distinc\u021bii na\u021bionale, din partea Uniunii Scriitorilor din Rom\u00e2nia.<\/p>\n<p><img loading=\"lazy\" decoding=\"async\" class=\"alignnone size-full wp-image-8033\" src=\"https:\/\/cronicahd.ro\/wp-content\/uploads\/2026\/04\/t2.jpg\" alt=\"\" width=\"2048\" height=\"1536\" srcset=\"https:\/\/cronicahd.ro\/wp-content\/uploads\/2026\/04\/t2.jpg 2048w, https:\/\/cronicahd.ro\/wp-content\/uploads\/2026\/04\/t2-300x225.jpg 300w, https:\/\/cronicahd.ro\/wp-content\/uploads\/2026\/04\/t2-1024x768.jpg 1024w, https:\/\/cronicahd.ro\/wp-content\/uploads\/2026\/04\/t2-768x576.jpg 768w, https:\/\/cronicahd.ro\/wp-content\/uploads\/2026\/04\/t2-1536x1152.jpg 1536w\" sizes=\"auto, (max-width: 2048px) 100vw, 2048px\" \/><br \/>\n\u201eMinerul coboar\u0103 c\u00e2t mai ad\u00e2nc, ca s\u0103 se \u00eent\u00e2lneasc\u0103 cu el \u00eensu\u0219i\u201d, a fost, parc\u0103, un motto al serii rostit de Varujan Vosganian, \u0219i care a \u00eencununat toate manifest\u0103rile \u00eencheiate cu piesa de teatru ce i-a avut pe truditorii subp\u0103m\u00e2ntului ca eroi principali.<br \/>\nTimp de dou\u0103 zile, la Petro\u0219ani a avut loc Colocviul Na\u021bional de Memorialistic\u0103 \u0219i Eseu \u201eIon D. S\u00eerbu\u201d, un eveniment care a reunit scriitori \u0219i critici literari importan\u021bi, \u00een jurul temei \u201eliteratura memoriei\u201d, \u00eentr-un demers care aduce \u00een prim-plan opera \u0219i destinul lui Ion D. S\u00eerbu. Colocviului Na\u021bional de Memorialistic\u0103 \u0219i Eseu \u201eIon D. S\u00eerbu\u201d, a fost organizat de Consiliul Jude\u021bean Hunedoara, Biblioteca Jude\u021bean\u0103 Ovid Densu\u0219ianu Deva- Hunedoara, \u00een parteneriat cu Uniunea Scriitorilor din Rom\u00e2nia.<\/p>\n<p>Diana Mitrache<\/p>\n","protected":false},"excerpt":{"rendered":"<p>Pentru prima dat\u0103, premiul Opera Omnia Ion Dezideriu Sirbu a fost acordat, vineri sear\u0103, profesorului&#8230;<\/p>\n","protected":false},"author":1,"featured_media":8031,"comment_status":"closed","ping_status":"closed","sticky":false,"template":"","format":"standard","meta":{"footnotes":""},"categories":[1,17],"tags":[],"class_list":["post-8027","post","type-post","status-publish","format-standard","has-post-thumbnail","hentry","category-actual","category-cultura"],"yoast_head":"<!-- This site is optimized with the Yoast SEO plugin v25.3.1 - https:\/\/yoast.com\/wordpress\/plugins\/seo\/ -->\n<title>Antonio Patra\u0219, a luat Premiul Opera Omnia Ion Dezideriu S\u00eerbu -<\/title>\n<meta name=\"robots\" content=\"index, follow, max-snippet:-1, max-image-preview:large, max-video-preview:-1\" \/>\n<link rel=\"canonical\" href=\"https:\/\/cronicahd.ro\/?p=8027\" \/>\n<meta property=\"og:locale\" content=\"ro_RO\" \/>\n<meta property=\"og:type\" content=\"article\" \/>\n<meta property=\"og:title\" content=\"Antonio Patra\u0219, a luat Premiul Opera Omnia Ion Dezideriu S\u00eerbu -\" \/>\n<meta property=\"og:description\" content=\"Pentru prima dat\u0103, premiul Opera Omnia Ion Dezideriu Sirbu a fost acordat, vineri sear\u0103, profesorului...\" \/>\n<meta property=\"og:url\" content=\"https:\/\/cronicahd.ro\/?p=8027\" \/>\n<meta property=\"article:published_time\" content=\"2026-04-18T05:30:19+00:00\" \/>\n<meta property=\"og:image\" content=\"https:\/\/cronicahd.ro\/wp-content\/uploads\/2026\/04\/p3.jpg\" \/>\n\t<meta property=\"og:image:width\" content=\"2048\" \/>\n\t<meta property=\"og:image:height\" content=\"1536\" \/>\n\t<meta property=\"og:image:type\" content=\"image\/jpeg\" \/>\n<meta name=\"author\" content=\"admin\" \/>\n<meta name=\"twitter:card\" content=\"summary_large_image\" \/>\n<meta name=\"twitter:label1\" content=\"Scris de\" \/>\n\t<meta name=\"twitter:data1\" content=\"admin\" \/>\n\t<meta name=\"twitter:label2\" content=\"Timp estimat pentru citire\" \/>\n\t<meta name=\"twitter:data2\" content=\"5 minute\" \/>\n<script type=\"application\/ld+json\" class=\"yoast-schema-graph\">{\"@context\":\"https:\/\/schema.org\",\"@graph\":[{\"@type\":\"WebPage\",\"@id\":\"https:\/\/cronicahd.ro\/?p=8027\",\"url\":\"https:\/\/cronicahd.ro\/?p=8027\",\"name\":\"Antonio Patra\u0219, a luat Premiul Opera Omnia Ion Dezideriu S\u00eerbu -\",\"isPartOf\":{\"@id\":\"https:\/\/cronicahd.ro\/#website\"},\"primaryImageOfPage\":{\"@id\":\"https:\/\/cronicahd.ro\/?p=8027#primaryimage\"},\"image\":{\"@id\":\"https:\/\/cronicahd.ro\/?p=8027#primaryimage\"},\"thumbnailUrl\":\"https:\/\/cronicahd.ro\/wp-content\/uploads\/2026\/04\/p3.jpg\",\"datePublished\":\"2026-04-18T05:30:19+00:00\",\"author\":{\"@id\":\"https:\/\/cronicahd.ro\/#\/schema\/person\/d1a1277a8cd166610328e17aaf58bf46\"},\"breadcrumb\":{\"@id\":\"https:\/\/cronicahd.ro\/?p=8027#breadcrumb\"},\"inLanguage\":\"ro-RO\",\"potentialAction\":[{\"@type\":\"ReadAction\",\"target\":[\"https:\/\/cronicahd.ro\/?p=8027\"]}]},{\"@type\":\"ImageObject\",\"inLanguage\":\"ro-RO\",\"@id\":\"https:\/\/cronicahd.ro\/?p=8027#primaryimage\",\"url\":\"https:\/\/cronicahd.ro\/wp-content\/uploads\/2026\/04\/p3.jpg\",\"contentUrl\":\"https:\/\/cronicahd.ro\/wp-content\/uploads\/2026\/04\/p3.jpg\",\"width\":2048,\"height\":1536},{\"@type\":\"BreadcrumbList\",\"@id\":\"https:\/\/cronicahd.ro\/?p=8027#breadcrumb\",\"itemListElement\":[{\"@type\":\"ListItem\",\"position\":1,\"name\":\"Prima pagin\u0103\",\"item\":\"https:\/\/cronicahd.ro\/\"},{\"@type\":\"ListItem\",\"position\":2,\"name\":\"Antonio Patra\u0219, a luat Premiul Opera Omnia Ion Dezideriu S\u00eerbu\"}]},{\"@type\":\"WebSite\",\"@id\":\"https:\/\/cronicahd.ro\/#website\",\"url\":\"https:\/\/cronicahd.ro\/\",\"name\":\"\",\"description\":\"\",\"potentialAction\":[{\"@type\":\"SearchAction\",\"target\":{\"@type\":\"EntryPoint\",\"urlTemplate\":\"https:\/\/cronicahd.ro\/?s={search_term_string}\"},\"query-input\":{\"@type\":\"PropertyValueSpecification\",\"valueRequired\":true,\"valueName\":\"search_term_string\"}}],\"inLanguage\":\"ro-RO\"},{\"@type\":\"Person\",\"@id\":\"https:\/\/cronicahd.ro\/#\/schema\/person\/d1a1277a8cd166610328e17aaf58bf46\",\"name\":\"admin\",\"image\":{\"@type\":\"ImageObject\",\"inLanguage\":\"ro-RO\",\"@id\":\"https:\/\/cronicahd.ro\/#\/schema\/person\/image\/\",\"url\":\"https:\/\/secure.gravatar.com\/avatar\/24700337280d10898c2e0d19d44a05316bff9fccc941ecc5570ffe41668203f7?s=96&d=mm&r=g\",\"contentUrl\":\"https:\/\/secure.gravatar.com\/avatar\/24700337280d10898c2e0d19d44a05316bff9fccc941ecc5570ffe41668203f7?s=96&d=mm&r=g\",\"caption\":\"admin\"},\"sameAs\":[\"https:\/\/cronicavj.ro\"],\"url\":\"https:\/\/cronicahd.ro\/?author=1\"}]}<\/script>\n<!-- \/ Yoast SEO plugin. -->","yoast_head_json":{"title":"Antonio Patra\u0219, a luat Premiul Opera Omnia Ion Dezideriu S\u00eerbu -","robots":{"index":"index","follow":"follow","max-snippet":"max-snippet:-1","max-image-preview":"max-image-preview:large","max-video-preview":"max-video-preview:-1"},"canonical":"https:\/\/cronicahd.ro\/?p=8027","og_locale":"ro_RO","og_type":"article","og_title":"Antonio Patra\u0219, a luat Premiul Opera Omnia Ion Dezideriu S\u00eerbu -","og_description":"Pentru prima dat\u0103, premiul Opera Omnia Ion Dezideriu Sirbu a fost acordat, vineri sear\u0103, profesorului...","og_url":"https:\/\/cronicahd.ro\/?p=8027","article_published_time":"2026-04-18T05:30:19+00:00","og_image":[{"width":2048,"height":1536,"url":"https:\/\/cronicahd.ro\/wp-content\/uploads\/2026\/04\/p3.jpg","type":"image\/jpeg"}],"author":"admin","twitter_card":"summary_large_image","twitter_misc":{"Scris de":"admin","Timp estimat pentru citire":"5 minute"},"schema":{"@context":"https:\/\/schema.org","@graph":[{"@type":"WebPage","@id":"https:\/\/cronicahd.ro\/?p=8027","url":"https:\/\/cronicahd.ro\/?p=8027","name":"Antonio Patra\u0219, a luat Premiul Opera Omnia Ion Dezideriu S\u00eerbu -","isPartOf":{"@id":"https:\/\/cronicahd.ro\/#website"},"primaryImageOfPage":{"@id":"https:\/\/cronicahd.ro\/?p=8027#primaryimage"},"image":{"@id":"https:\/\/cronicahd.ro\/?p=8027#primaryimage"},"thumbnailUrl":"https:\/\/cronicahd.ro\/wp-content\/uploads\/2026\/04\/p3.jpg","datePublished":"2026-04-18T05:30:19+00:00","author":{"@id":"https:\/\/cronicahd.ro\/#\/schema\/person\/d1a1277a8cd166610328e17aaf58bf46"},"breadcrumb":{"@id":"https:\/\/cronicahd.ro\/?p=8027#breadcrumb"},"inLanguage":"ro-RO","potentialAction":[{"@type":"ReadAction","target":["https:\/\/cronicahd.ro\/?p=8027"]}]},{"@type":"ImageObject","inLanguage":"ro-RO","@id":"https:\/\/cronicahd.ro\/?p=8027#primaryimage","url":"https:\/\/cronicahd.ro\/wp-content\/uploads\/2026\/04\/p3.jpg","contentUrl":"https:\/\/cronicahd.ro\/wp-content\/uploads\/2026\/04\/p3.jpg","width":2048,"height":1536},{"@type":"BreadcrumbList","@id":"https:\/\/cronicahd.ro\/?p=8027#breadcrumb","itemListElement":[{"@type":"ListItem","position":1,"name":"Prima pagin\u0103","item":"https:\/\/cronicahd.ro\/"},{"@type":"ListItem","position":2,"name":"Antonio Patra\u0219, a luat Premiul Opera Omnia Ion Dezideriu S\u00eerbu"}]},{"@type":"WebSite","@id":"https:\/\/cronicahd.ro\/#website","url":"https:\/\/cronicahd.ro\/","name":"","description":"","potentialAction":[{"@type":"SearchAction","target":{"@type":"EntryPoint","urlTemplate":"https:\/\/cronicahd.ro\/?s={search_term_string}"},"query-input":{"@type":"PropertyValueSpecification","valueRequired":true,"valueName":"search_term_string"}}],"inLanguage":"ro-RO"},{"@type":"Person","@id":"https:\/\/cronicahd.ro\/#\/schema\/person\/d1a1277a8cd166610328e17aaf58bf46","name":"admin","image":{"@type":"ImageObject","inLanguage":"ro-RO","@id":"https:\/\/cronicahd.ro\/#\/schema\/person\/image\/","url":"https:\/\/secure.gravatar.com\/avatar\/24700337280d10898c2e0d19d44a05316bff9fccc941ecc5570ffe41668203f7?s=96&d=mm&r=g","contentUrl":"https:\/\/secure.gravatar.com\/avatar\/24700337280d10898c2e0d19d44a05316bff9fccc941ecc5570ffe41668203f7?s=96&d=mm&r=g","caption":"admin"},"sameAs":["https:\/\/cronicavj.ro"],"url":"https:\/\/cronicahd.ro\/?author=1"}]}},"_links":{"self":[{"href":"https:\/\/cronicahd.ro\/index.php?rest_route=\/wp\/v2\/posts\/8027","targetHints":{"allow":["GET"]}}],"collection":[{"href":"https:\/\/cronicahd.ro\/index.php?rest_route=\/wp\/v2\/posts"}],"about":[{"href":"https:\/\/cronicahd.ro\/index.php?rest_route=\/wp\/v2\/types\/post"}],"author":[{"embeddable":true,"href":"https:\/\/cronicahd.ro\/index.php?rest_route=\/wp\/v2\/users\/1"}],"replies":[{"embeddable":true,"href":"https:\/\/cronicahd.ro\/index.php?rest_route=%2Fwp%2Fv2%2Fcomments&post=8027"}],"version-history":[{"count":1,"href":"https:\/\/cronicahd.ro\/index.php?rest_route=\/wp\/v2\/posts\/8027\/revisions"}],"predecessor-version":[{"id":8034,"href":"https:\/\/cronicahd.ro\/index.php?rest_route=\/wp\/v2\/posts\/8027\/revisions\/8034"}],"wp:featuredmedia":[{"embeddable":true,"href":"https:\/\/cronicahd.ro\/index.php?rest_route=\/wp\/v2\/media\/8031"}],"wp:attachment":[{"href":"https:\/\/cronicahd.ro\/index.php?rest_route=%2Fwp%2Fv2%2Fmedia&parent=8027"}],"wp:term":[{"taxonomy":"category","embeddable":true,"href":"https:\/\/cronicahd.ro\/index.php?rest_route=%2Fwp%2Fv2%2Fcategories&post=8027"},{"taxonomy":"post_tag","embeddable":true,"href":"https:\/\/cronicahd.ro\/index.php?rest_route=%2Fwp%2Fv2%2Ftags&post=8027"}],"curies":[{"name":"wp","href":"https:\/\/api.w.org\/{rel}","templated":true}]}}