{"id":8023,"date":"2026-04-18T04:47:15","date_gmt":"2026-04-18T04:47:15","guid":{"rendered":"https:\/\/cronicahd.ro\/?p=8023"},"modified":"2026-04-18T04:47:15","modified_gmt":"2026-04-18T04:47:15","slug":"deva-se-pregateste-de-1-mai-comerciantii-se-pot-inscrie-pentru-eveniment","status":"publish","type":"post","link":"https:\/\/cronicahd.ro\/?p=8023","title":{"rendered":"Deva se preg\u0103te\u0219te de 1 Mai \u2013 comercian\u021bii se pot \u00eenscrie pentru eveniment"},"content":{"rendered":"<p class=\"s5\"><span class=\"s4\"><span class=\"bumpedFont15\">Prim\u0103ria<\/span><\/span> <span class=\"s4\"><span class=\"bumpedFont15\">Municipiului<\/span><\/span><span class=\"s4\"><span class=\"bumpedFont15\"> Deva <\/span><\/span><span class=\"s4\"><span class=\"bumpedFont15\">organizeaz\u0103<\/span><\/span><span class=\"s4\"><span class=\"bumpedFont15\">, cu <\/span><\/span><span class=\"s4\"><span class=\"bumpedFont15\">ocazia<\/span><\/span> <span class=\"s4\"><span class=\"bumpedFont15\">zilei<\/span><\/span><span class=\"s4\"><span class=\"bumpedFont15\"> de 1 Mai, o <\/span><\/span><span class=\"s4\"><span class=\"bumpedFont15\">petrecere<\/span><\/span> <span class=\"s4\"><span class=\"bumpedFont15\">\u00een<\/span><\/span> <span class=\"s4\"><span class=\"bumpedFont15\">aer<\/span><\/span><span class=\"s4\"><span class=\"bumpedFont15\"> liber<\/span><\/span><span class=\"s4\"><span class=\"bumpedFont15\">,<\/span><\/span><span class=\"s4\"><span class=\"bumpedFont15\"> la <\/span><\/span><span class=\"s4\"><span class=\"bumpedFont15\">P\u0103durea<\/span><\/span> <span class=\"s4\"><span class=\"bumpedFont15\">Bejan<\/span><\/span><span class=\"s4\"><span class=\"bumpedFont15\">,<\/span><\/span> <span class=\"s4\"><span class=\"bumpedFont15\">\u0219i<\/span><\/span> <span class=\"s4\"><span class=\"bumpedFont15\">invit\u0103<\/span><\/span><span class=\"s4\"><span class=\"bumpedFont15\">comercian\u021bii<\/span><\/span> <span class=\"s4\"><span class=\"bumpedFont15\">interesa\u021bi<\/span><\/span> <span class=\"s4\"><span class=\"bumpedFont15\">s\u0103<\/span><\/span> <span class=\"s4\"><span class=\"bumpedFont15\">participe<\/span><\/span><span class=\"s4\"><span class=\"bumpedFont15\">.<\/span><\/span><\/p>\n<p class=\"s3\"><span class=\"s4\"><span class=\"bumpedFont15\">Comercian\u021bii<\/span><\/span> <span class=\"s4\"><span class=\"bumpedFont15\">pot <\/span><\/span><span class=\"s4\"><span class=\"bumpedFont15\">depune<\/span><\/span> <span class=\"s4\"><span class=\"bumpedFont15\">cererile<\/span><\/span> <span class=\"s4\"><span class=\"bumpedFont15\">p\u00e2n\u0103<\/span><\/span> <span class=\"s4\"><span class=\"bumpedFont15\">cel<\/span><\/span> <span class=\"s4\"><span class=\"bumpedFont15\">t\u00e2rziu<\/span><\/span> <span class=\"s4\"><span class=\"bumpedFont15\">\u00een<\/span><\/span><span class=\"s4\"><span class=\"bumpedFont15\"> data de 23 <\/span><\/span><span class=\"s4\"><span class=\"bumpedFont15\">aprilie<\/span><\/span><span class=\"s4\"><span class=\"bumpedFont15\"> 2026, <\/span><\/span><span class=\"s4\"><span class=\"bumpedFont15\">la <\/span><\/span><span class=\"s4\"><span class=\"bumpedFont15\">Registratura<\/span><\/span> <span class=\"s4\"><span class=\"bumpedFont15\">Serviciului<\/span><\/span><span class=\"s4\"><span class=\"bumpedFont15\"> ADPP din <\/span><\/span><span class=\"s4\"><span class=\"bumpedFont15\">cadrul<\/span><\/span><span class=\"s4\"><span class=\"bumpedFont15\">Prim\u0103riei<\/span><\/span> <span class=\"s4\"><span class=\"bumpedFont15\">Municipiului<\/span><\/span> <span class=\"s4\"><span class=\"bumpedFont15\">Deeva<\/span><\/span> <span class=\"s4\"><span class=\"bumpedFont15\">sau<\/span><\/span><span class=\"s4\"><span class=\"bumpedFont15\"> online, la <\/span><\/span><span class=\"s4\"><span class=\"bumpedFont15\">adresa<\/span><\/span><span class=\"s4\"><span class=\"bumpedFont15\"> de e-mail: <\/span><\/span><span class=\"s4\"><span class=\"bumpedFont15\">s<\/span><\/span><span class=\"s6\"><span class=\"bumpedFont15\">erviciul.adpp@primariadeva.ro<\/span><\/span><span class=\"s4\"><span class=\"bumpedFont15\">.<\/span><\/span><\/p>\n<p class=\"s3\"><span class=\"s4\"><span class=\"bumpedFont15\">Se <\/span><\/span><span class=\"s4\"><span class=\"bumpedFont15\">accept\u0103<\/span><\/span> <span class=\"s4\"><span class=\"bumpedFont15\">doar<\/span><\/span> <span class=\"s4\"><span class=\"bumpedFont15\">comercian\u021bii<\/span><\/span><span class=\"s4\"><span class=\"bumpedFont15\"> care <\/span><\/span><span class=\"s4\"><span class=\"bumpedFont15\">doresc<\/span><\/span> <span class=\"s4\"><span class=\"bumpedFont15\">s\u0103<\/span><\/span><span class=\"s4\"><span class=\"bumpedFont15\"> fie <\/span><\/span><span class=\"s4\"><span class=\"bumpedFont15\">prezen\u021bi<\/span><\/span><span class=\"s4\"><span class=\"bumpedFont15\"> cu <\/span><\/span><span class=\"s4\"><span class=\"bumpedFont15\">standuri<\/span><\/span><span class=\"s4\"><span class=\"bumpedFont15\"> de <\/span><\/span><span class=\"s4\"><span class=\"bumpedFont15\">al<\/span><\/span><span class=\"s4\"><span class=\"bumpedFont15\">imenta\u021bie<\/span><\/span> <span class=\"s4\"><span class=\"bumpedFont15\">public\u0103<\/span><\/span> <span class=\"s4\"><span class=\"bumpedFont15\">sau<\/span><\/span><span class=\"s4\"><span class=\"bumpedFont15\"> fast-food.<\/span><\/span><\/p>\n<p class=\"s5\"><span class=\"s4\"><span class=\"bumpedFont15\">Vor<\/span><\/span> <span class=\"s4\"><span class=\"bumpedFont15\">avea<\/span><\/span> <span class=\"s4\"><span class=\"bumpedFont15\">prioritate<\/span><\/span> <span class=\"s4\"><span class=\"bumpedFont15\">c<\/span><\/span><span class=\"s4\"><span class=\"bumpedFont15\">ei<\/span><\/span><span class=\"s4\"><span class=\"bumpedFont15\"> care <\/span><\/span><span class=\"s4\"><span class=\"bumpedFont15\">ofer\u0103<\/span><\/span> <span class=\"s4\"><span class=\"bumpedFont15\">produse<\/span><\/span> <span class=\"s4\"><span class=\"bumpedFont15\">specifice<\/span><\/span> <span class=\"s4\"><span class=\"bumpedFont15\">zilei<\/span><\/span><span class=\"s4\"><span class=\"bumpedFont15\"> de 1 Mai, <\/span><\/span><span class=\"s4\"><span class=\"bumpedFont15\">precum<\/span><\/span><span class=\"s4\"><span class=\"bumpedFont15\">:<\/span><\/span><\/p>\n<div class=\"s8\"><span class=\"s7\">\u2022 <\/span><span class=\"s4\"><span class=\"bumpedFont15\">mici<\/span><\/span><\/div>\n<div class=\"s8\"><span class=\"s7\">\u2022 <\/span><span class=\"s4\"><span class=\"bumpedFont15\">vir\u0219li<\/span><\/span><\/div>\n<div class=\"s8\"><span class=\"s7\">\u2022 <\/span><span class=\"s4\"><span class=\"bumpedFont15\">preparate<\/span><\/span><span class=\"s4\"><span class=\"bumpedFont15\"> din carne la <\/span><\/span><span class=\"s4\"><span class=\"bumpedFont15\">gr\u0103tar<\/span><\/span><\/div>\n<div class=\"s8\"><span class=\"s7\">\u2022 <\/span><span class=\"s4\"><span class=\"bumpedFont15\">bere<\/span><\/span><\/div>\n<div class=\"s8\"><span class=\"s7\">\u2022 <\/span><span class=\"s4\"><span class=\"bumpedFont15\">b\u0103uturi<\/span><\/span> <span class=\"s4\"><span class=\"bumpedFont15\">r\u0103coritoare<br \/>\n<\/span><\/span><span class=\"s7\">\u2022 <\/span><span class=\"s4\"><span class=\"bumpedFont15\">\u00eenghe\u021bat\u0103<\/span><\/span><\/div>\n<p class=\"s5\"><span class=\"s4\"><span class=\"bumpedFont15\">Pentru<\/span><\/span> <span class=\"s4\"><span class=\"bumpedFont15\">\u00eenscriere<\/span><\/span><span class=\"s4\"><span class=\"bumpedFont15\">, <\/span><\/span><span class=\"s4\"><span class=\"bumpedFont15\">cererile<\/span><\/span> <span class=\"s4\"><span class=\"bumpedFont15\">trebuie<\/span><\/span> <span class=\"s4\"><span class=\"bumpedFont15\">s\u0103<\/span><\/span><span class=\"s4\"><span class=\"bumpedFont15\"> fie <\/span><\/span><span class=\"s4\"><span class=\"bumpedFont15\">\u00eenso\u021bite<\/span><\/span><span class=\"s4\"><span class=\"bumpedFont15\"> de <\/span><\/span><span class=\"s4\"><span class=\"bumpedFont15\">urm\u0103toarele<\/span><\/span><span class=\"s4\"><span class=\"bumpedFont15\">documente<\/span><\/span><span class=\"s4\"><span class=\"bumpedFont15\">:copie<\/span><\/span><span class=\"s4\"><span class=\"bumpedFont15\"> CI <\/span><\/span><\/p>\n<div class=\"s8\"><span class=\"s7\">\u2022 <\/span><span class=\"s4\"><span class=\"bumpedFont15\">copie<\/span><\/span><span class=\"s4\"><span class=\"bumpedFont15\"> CUI <\/span><\/span><\/div>\n<div class=\"s8\"><span class=\"s7\">\u2022 <\/span><span class=\"s4\"><span class=\"bumpedFont15\">certificat<\/span><\/span> <span class=\"s4\"><span class=\"bumpedFont15\">constatator<\/span><\/span><span class=\"s4\"><span class=\"bumpedFont15\"> care <\/span><\/span><span class=\"s4\"><span class=\"bumpedFont15\">s\u0103<\/span><\/span> <span class=\"s4\"><span class=\"bumpedFont15\">ateste<\/span><\/span> <span class=\"s4\"><span class=\"bumpedFont15\">activitatea<\/span><\/span> <span class=\"s4\"><span class=\"bumpedFont15\">\u00een<\/span><\/span> <span class=\"s4\"><span class=\"bumpedFont15\">domeniul<\/span><\/span><span class=\"s4\"><span class=\"bumpedFont15\">alimenta\u021biei<\/span><\/span> <span class=\"s4\"><span class=\"bumpedFont15\">publice<\/span><\/span><span class=\"s4\"><span class=\"bumpedFont15\"> (fast-food, restaurant etc.) <\/span><\/span><\/div>\n<div class=\"s8\"><span class=\"s7\">\u2022 <\/span><span class=\"s4\"><span class=\"bumpedFont15\">document DSV <\/span><\/span><span class=\"s4\"><span class=\"bumpedFont15\">pentru<\/span><\/span> <span class=\"s4\"><span class=\"bumpedFont15\">unitate<\/span><\/span> <span class=\"s4\"><span class=\"bumpedFont15\">mobil\u0103<\/span><\/span><\/div>\n<p class=\"s5\">\u00a0<span class=\"s4\"><span class=\"bumpedFont15\">Important: <\/span><\/span><span class=\"s4\"><span class=\"bumpedFont15\">Comercian\u021bii<\/span><\/span> <span class=\"s4\"><span class=\"bumpedFont15\">trebuie<\/span><\/span> <span class=\"s4\"><span class=\"bumpedFont15\">s\u0103<\/span><\/span> <span class=\"s4\"><span class=\"bumpedFont15\">asigure<\/span><\/span> <span class=\"s4\"><span class=\"bumpedFont15\">surs\u0103<\/span><\/span> <span class=\"s4\"><span class=\"bumpedFont15\">proprie<\/span><\/span><span class=\"s4\"><span class=\"bumpedFont15\"> de <\/span><\/span><span class=\"s4\"><span class=\"bumpedFont15\">energie<\/span><\/span> <span class=\"s4\"><span class=\"bumpedFont15\">electric\u0103<\/span><\/span><span class=\"s4\"><span class=\"bumpedFont15\">, <\/span><\/span><span class=\"s4\"><span class=\"bumpedFont15\">deoarece<\/span><\/span><span class=\"s4\"><span class=\"bumpedFont15\"> \u00a0nu<\/span><\/span> <span class=\"s4\"><span class=\"bumpedFont15\">exist\u0103<\/span><\/span> <span class=\"s4\"><span class=\"bumpedFont15\">posibilitatea<\/span><\/span><span class=\"s4\"><span class=\"bumpedFont15\"> de <\/span><\/span><span class=\"s4\"><span class=\"bumpedFont15\">bran\u0219are<\/span><\/span><span class=\"s4\"><span class=\"bumpedFont15\"> la <\/span><\/span><span class=\"s4\"><span class=\"bumpedFont15\">re\u021beaua<\/span><\/span> <span class=\"s4\"><span class=\"bumpedFont15\">electric\u0103<\/span><\/span><span class=\"s4\"><span class=\"bumpedFont15\"> de <\/span><\/span><span class=\"s4\"><span class=\"bumpedFont15\">c\u0103tre<\/span><\/span> <span class=\"s4\"><span class=\"bumpedFont15\">organizator<\/span><\/span><span class=\"s4\"><span class=\"bumpedFont15\">.<\/span><\/span><\/p>\n<p class=\"s5\"><span class=\"s4\"><span class=\"bumpedFont15\">Prim\u0103ria<\/span><\/span> <span class=\"s4\"><span class=\"bumpedFont15\">Municipiului<\/span><\/span><span class=\"s4\"><span class=\"bumpedFont15\"> Deva <\/span><\/span><span class=\"s4\"><span class=\"bumpedFont15\">\u00eei<\/span><\/span> <span class=\"s4\"><span class=\"bumpedFont15\">invit\u0103<\/span><\/span> <span class=\"s4\"><span class=\"bumpedFont15\">pe<\/span><\/span> <span class=\"s4\"><span class=\"bumpedFont15\">to\u021bi<\/span><\/span> <span class=\"s4\"><span class=\"bumpedFont15\">devenii<\/span><\/span> <span class=\"s4\"><span class=\"bumpedFont15\">\u0219i<\/span><\/span> <span class=\"s4\"><span class=\"bumpedFont15\">pe<\/span><\/span> <span class=\"s4\"><span class=\"bumpedFont15\">cei<\/span><\/span><span class=\"s4\"><span class=\"bumpedFont15\"> din <\/span><\/span><span class=\"s4\"><span class=\"bumpedFont15\">\u00eemprejurimi<\/span><\/span> <span class=\"s4\"><span class=\"bumpedFont15\">s\u0103<\/span><\/span> <span class=\"s4\"><span class=\"bumpedFont15\">parti<\/span><\/span><span class=\"s4\"><span class=\"bumpedFont15\">cipe<\/span><\/span><span class=\"s4\"><span class=\"bumpedFont15\"> la <\/span><\/span><span class=\"s4\"><span class=\"bumpedFont15\">petrecerea<\/span><\/span><span class=\"s4\"><span class=\"bumpedFont15\"> de 1 Mai de <\/span><\/span><span class=\"s4\"><span class=\"bumpedFont15\">la<\/span><\/span><span class=\"s4\"><span class=\"bumpedFont15\">P\u0103durea<\/span><\/span><span class=\"s4\"><span class=\"bumpedFont15\">Bejan<\/span><\/span><span class=\"s4\"><span class=\"bumpedFont15\">, <\/span><\/span><span class=\"s4\"><span class=\"bumpedFont15\">pentru<\/span><\/span><span class=\"s4\"><span class=\"bumpedFont15\"> o <\/span><\/span><span class=\"s4\"><span class=\"bumpedFont15\">zi<\/span><\/span> <span class=\"s4\"><span class=\"bumpedFont15\">plin\u0103<\/span><\/span><span class=\"s4\"><span class=\"bumpedFont15\"> de <\/span><\/span><span class=\"s4\"><span class=\"bumpedFont15\">voie<\/span><\/span> <span class=\"s4\"><span class=\"bumpedFont15\">bun\u0103<\/span><\/span><span class=\"s4\"><span class=\"bumpedFont15\">, <\/span><\/span><span class=\"s4\"><span class=\"bumpedFont15\">muzic\u0103<\/span><\/span> <span class=\"s4\"><span class=\"bumpedFont15\">\u0219i<\/span><\/span> <span class=\"s4\"><span class=\"bumpedFont15\">preparate<\/span><\/span><span class=\"s4\"><span class=\"bumpedFont15\">tradi\u021bionale<\/span><\/span><span class=\"s4\"><span class=\"bumpedFont15\">.<\/span><\/span><\/p>\n<p class=\"s5\"><span class=\"s4\"><span class=\"bumpedFont15\">V\u0103<\/span><\/span> <span class=\"s4\"><span class=\"bumpedFont15\">a\u0219tept\u0103m<\/span><\/span> <span class=\"s4\"><span class=\"bumpedFont15\">s\u0103<\/span><\/span> <span class=\"s4\"><span class=\"bumpedFont15\">s\u0103rb\u0103torim<\/span><\/span> <span class=\"s4\"><span class=\"bumpedFont15\">\u00eempreun\u0103<\/span><\/span><span class=\"s4\"><span class=\"bumpedFont15\">, <\/span><\/span><span class=\"s4\"><span class=\"bumpedFont15\">\u00eentr<\/span><\/span><span class=\"s4\"><span class=\"bumpedFont15\">-o <\/span><\/span><span class=\"s4\"><span class=\"bumpedFont15\">atmosfer\u0103<\/span><\/span> <span class=\"s4\"><span class=\"bumpedFont15\">relaxant\u0103<\/span><\/span><span class=\"s4\"><span class=\"bumpedFont15\">, <\/span><\/span><span class=\"s4\"><span class=\"bumpedFont15\">specific\u0103<\/span><\/span> <span class=\"s4\"><span class=\"bumpedFont15\">acestei<\/span><\/span> <span class=\"s4\"><span class=\"bumpedFont15\">zile<\/span><\/span><span class=\"s4\"><span class=\"bumpedFont15\">!\u00a0<\/span><\/span><\/p>\n<p class=\"s5\"><span class=\"s9\">\u00a0<\/span><\/p>\n<p class=\"s5\"><span class=\"s9\"><span class=\"bumpedFont15\">Compartimentul<\/span><\/span><span class=\"s9\"><span class=\"bumpedFont15\"> de <\/span><\/span><span class=\"s9\"><span class=\"bumpedFont15\">pres<\/span><\/span><span class=\"s10\"><span class=\"bumpedFont15\">\u0103<\/span><\/span><span class=\"s10\"><span class=\"bumpedFont15\"> al <\/span><\/span><span class=\"s10\"><span class=\"bumpedFont15\">Prim\u0103riei<\/span><\/span> <span class=\"s10\"><span class=\"bumpedFont15\">Municipiului<\/span><\/span> <span class=\"s10\"><span class=\"bumpedFont15\">DEva<\/span><\/span><\/p>\n","protected":false},"excerpt":{"rendered":"<p>Prim\u0103ria Municipiului Deva organizeaz\u0103, cu ocazia zilei de 1 Mai, o petrecere \u00een aer liber,&#8230;<\/p>\n","protected":false},"author":1,"featured_media":8025,"comment_status":"closed","ping_status":"closed","sticky":false,"template":"","format":"standard","meta":{"footnotes":""},"categories":[1,6],"tags":[],"class_list":["post-8023","post","type-post","status-publish","format-standard","has-post-thumbnail","hentry","category-actual","category-administratie"],"yoast_head":"<!-- This site is optimized with the Yoast SEO plugin v25.3.1 - https:\/\/yoast.com\/wordpress\/plugins\/seo\/ -->\n<title>Deva se preg\u0103te\u0219te de 1 Mai \u2013 comercian\u021bii se pot \u00eenscrie pentru eveniment -<\/title>\n<meta name=\"robots\" content=\"index, follow, max-snippet:-1, max-image-preview:large, max-video-preview:-1\" \/>\n<link rel=\"canonical\" href=\"https:\/\/cronicahd.ro\/?p=8023\" \/>\n<meta property=\"og:locale\" content=\"ro_RO\" \/>\n<meta property=\"og:type\" content=\"article\" \/>\n<meta property=\"og:title\" content=\"Deva se preg\u0103te\u0219te de 1 Mai \u2013 comercian\u021bii se pot \u00eenscrie pentru eveniment -\" \/>\n<meta property=\"og:description\" content=\"Prim\u0103ria Municipiului Deva organizeaz\u0103, cu ocazia zilei de 1 Mai, o petrecere \u00een aer liber,...\" \/>\n<meta property=\"og:url\" content=\"https:\/\/cronicahd.ro\/?p=8023\" \/>\n<meta property=\"article:published_time\" content=\"2026-04-18T04:47:15+00:00\" \/>\n<meta property=\"og:image\" content=\"https:\/\/cronicahd.ro\/wp-content\/uploads\/2026\/04\/545611459_1154031173609948_7665730083030669496_n.jpeg\" \/>\n\t<meta property=\"og:image:width\" content=\"1600\" \/>\n\t<meta property=\"og:image:height\" content=\"900\" \/>\n\t<meta property=\"og:image:type\" content=\"image\/jpeg\" \/>\n<meta name=\"author\" content=\"admin\" \/>\n<meta name=\"twitter:card\" content=\"summary_large_image\" \/>\n<meta name=\"twitter:label1\" content=\"Scris de\" \/>\n\t<meta name=\"twitter:data1\" content=\"admin\" \/>\n\t<meta name=\"twitter:label2\" content=\"Timp estimat pentru citire\" \/>\n\t<meta name=\"twitter:data2\" content=\"2 minute\" \/>\n<script type=\"application\/ld+json\" class=\"yoast-schema-graph\">{\"@context\":\"https:\/\/schema.org\",\"@graph\":[{\"@type\":\"WebPage\",\"@id\":\"https:\/\/cronicahd.ro\/?p=8023\",\"url\":\"https:\/\/cronicahd.ro\/?p=8023\",\"name\":\"Deva se preg\u0103te\u0219te de 1 Mai \u2013 comercian\u021bii se pot \u00eenscrie pentru eveniment -\",\"isPartOf\":{\"@id\":\"https:\/\/cronicahd.ro\/#website\"},\"primaryImageOfPage\":{\"@id\":\"https:\/\/cronicahd.ro\/?p=8023#primaryimage\"},\"image\":{\"@id\":\"https:\/\/cronicahd.ro\/?p=8023#primaryimage\"},\"thumbnailUrl\":\"https:\/\/cronicahd.ro\/wp-content\/uploads\/2026\/04\/545611459_1154031173609948_7665730083030669496_n.jpeg\",\"datePublished\":\"2026-04-18T04:47:15+00:00\",\"author\":{\"@id\":\"https:\/\/cronicahd.ro\/#\/schema\/person\/d1a1277a8cd166610328e17aaf58bf46\"},\"breadcrumb\":{\"@id\":\"https:\/\/cronicahd.ro\/?p=8023#breadcrumb\"},\"inLanguage\":\"ro-RO\",\"potentialAction\":[{\"@type\":\"ReadAction\",\"target\":[\"https:\/\/cronicahd.ro\/?p=8023\"]}]},{\"@type\":\"ImageObject\",\"inLanguage\":\"ro-RO\",\"@id\":\"https:\/\/cronicahd.ro\/?p=8023#primaryimage\",\"url\":\"https:\/\/cronicahd.ro\/wp-content\/uploads\/2026\/04\/545611459_1154031173609948_7665730083030669496_n.jpeg\",\"contentUrl\":\"https:\/\/cronicahd.ro\/wp-content\/uploads\/2026\/04\/545611459_1154031173609948_7665730083030669496_n.jpeg\",\"width\":1600,\"height\":900},{\"@type\":\"BreadcrumbList\",\"@id\":\"https:\/\/cronicahd.ro\/?p=8023#breadcrumb\",\"itemListElement\":[{\"@type\":\"ListItem\",\"position\":1,\"name\":\"Prima pagin\u0103\",\"item\":\"https:\/\/cronicahd.ro\/\"},{\"@type\":\"ListItem\",\"position\":2,\"name\":\"Deva se preg\u0103te\u0219te de 1 Mai \u2013 comercian\u021bii se pot \u00eenscrie pentru eveniment\"}]},{\"@type\":\"WebSite\",\"@id\":\"https:\/\/cronicahd.ro\/#website\",\"url\":\"https:\/\/cronicahd.ro\/\",\"name\":\"\",\"description\":\"\",\"potentialAction\":[{\"@type\":\"SearchAction\",\"target\":{\"@type\":\"EntryPoint\",\"urlTemplate\":\"https:\/\/cronicahd.ro\/?s={search_term_string}\"},\"query-input\":{\"@type\":\"PropertyValueSpecification\",\"valueRequired\":true,\"valueName\":\"search_term_string\"}}],\"inLanguage\":\"ro-RO\"},{\"@type\":\"Person\",\"@id\":\"https:\/\/cronicahd.ro\/#\/schema\/person\/d1a1277a8cd166610328e17aaf58bf46\",\"name\":\"admin\",\"image\":{\"@type\":\"ImageObject\",\"inLanguage\":\"ro-RO\",\"@id\":\"https:\/\/cronicahd.ro\/#\/schema\/person\/image\/\",\"url\":\"https:\/\/secure.gravatar.com\/avatar\/24700337280d10898c2e0d19d44a05316bff9fccc941ecc5570ffe41668203f7?s=96&d=mm&r=g\",\"contentUrl\":\"https:\/\/secure.gravatar.com\/avatar\/24700337280d10898c2e0d19d44a05316bff9fccc941ecc5570ffe41668203f7?s=96&d=mm&r=g\",\"caption\":\"admin\"},\"sameAs\":[\"https:\/\/cronicavj.ro\"],\"url\":\"https:\/\/cronicahd.ro\/?author=1\"}]}<\/script>\n<!-- \/ Yoast SEO plugin. -->","yoast_head_json":{"title":"Deva se preg\u0103te\u0219te de 1 Mai \u2013 comercian\u021bii se pot \u00eenscrie pentru eveniment -","robots":{"index":"index","follow":"follow","max-snippet":"max-snippet:-1","max-image-preview":"max-image-preview:large","max-video-preview":"max-video-preview:-1"},"canonical":"https:\/\/cronicahd.ro\/?p=8023","og_locale":"ro_RO","og_type":"article","og_title":"Deva se preg\u0103te\u0219te de 1 Mai \u2013 comercian\u021bii se pot \u00eenscrie pentru eveniment -","og_description":"Prim\u0103ria Municipiului Deva organizeaz\u0103, cu ocazia zilei de 1 Mai, o petrecere \u00een aer liber,...","og_url":"https:\/\/cronicahd.ro\/?p=8023","article_published_time":"2026-04-18T04:47:15+00:00","og_image":[{"width":1600,"height":900,"url":"https:\/\/cronicahd.ro\/wp-content\/uploads\/2026\/04\/545611459_1154031173609948_7665730083030669496_n.jpeg","type":"image\/jpeg"}],"author":"admin","twitter_card":"summary_large_image","twitter_misc":{"Scris de":"admin","Timp estimat pentru citire":"2 minute"},"schema":{"@context":"https:\/\/schema.org","@graph":[{"@type":"WebPage","@id":"https:\/\/cronicahd.ro\/?p=8023","url":"https:\/\/cronicahd.ro\/?p=8023","name":"Deva se preg\u0103te\u0219te de 1 Mai \u2013 comercian\u021bii se pot \u00eenscrie pentru eveniment -","isPartOf":{"@id":"https:\/\/cronicahd.ro\/#website"},"primaryImageOfPage":{"@id":"https:\/\/cronicahd.ro\/?p=8023#primaryimage"},"image":{"@id":"https:\/\/cronicahd.ro\/?p=8023#primaryimage"},"thumbnailUrl":"https:\/\/cronicahd.ro\/wp-content\/uploads\/2026\/04\/545611459_1154031173609948_7665730083030669496_n.jpeg","datePublished":"2026-04-18T04:47:15+00:00","author":{"@id":"https:\/\/cronicahd.ro\/#\/schema\/person\/d1a1277a8cd166610328e17aaf58bf46"},"breadcrumb":{"@id":"https:\/\/cronicahd.ro\/?p=8023#breadcrumb"},"inLanguage":"ro-RO","potentialAction":[{"@type":"ReadAction","target":["https:\/\/cronicahd.ro\/?p=8023"]}]},{"@type":"ImageObject","inLanguage":"ro-RO","@id":"https:\/\/cronicahd.ro\/?p=8023#primaryimage","url":"https:\/\/cronicahd.ro\/wp-content\/uploads\/2026\/04\/545611459_1154031173609948_7665730083030669496_n.jpeg","contentUrl":"https:\/\/cronicahd.ro\/wp-content\/uploads\/2026\/04\/545611459_1154031173609948_7665730083030669496_n.jpeg","width":1600,"height":900},{"@type":"BreadcrumbList","@id":"https:\/\/cronicahd.ro\/?p=8023#breadcrumb","itemListElement":[{"@type":"ListItem","position":1,"name":"Prima pagin\u0103","item":"https:\/\/cronicahd.ro\/"},{"@type":"ListItem","position":2,"name":"Deva se preg\u0103te\u0219te de 1 Mai \u2013 comercian\u021bii se pot \u00eenscrie pentru eveniment"}]},{"@type":"WebSite","@id":"https:\/\/cronicahd.ro\/#website","url":"https:\/\/cronicahd.ro\/","name":"","description":"","potentialAction":[{"@type":"SearchAction","target":{"@type":"EntryPoint","urlTemplate":"https:\/\/cronicahd.ro\/?s={search_term_string}"},"query-input":{"@type":"PropertyValueSpecification","valueRequired":true,"valueName":"search_term_string"}}],"inLanguage":"ro-RO"},{"@type":"Person","@id":"https:\/\/cronicahd.ro\/#\/schema\/person\/d1a1277a8cd166610328e17aaf58bf46","name":"admin","image":{"@type":"ImageObject","inLanguage":"ro-RO","@id":"https:\/\/cronicahd.ro\/#\/schema\/person\/image\/","url":"https:\/\/secure.gravatar.com\/avatar\/24700337280d10898c2e0d19d44a05316bff9fccc941ecc5570ffe41668203f7?s=96&d=mm&r=g","contentUrl":"https:\/\/secure.gravatar.com\/avatar\/24700337280d10898c2e0d19d44a05316bff9fccc941ecc5570ffe41668203f7?s=96&d=mm&r=g","caption":"admin"},"sameAs":["https:\/\/cronicavj.ro"],"url":"https:\/\/cronicahd.ro\/?author=1"}]}},"_links":{"self":[{"href":"https:\/\/cronicahd.ro\/index.php?rest_route=\/wp\/v2\/posts\/8023","targetHints":{"allow":["GET"]}}],"collection":[{"href":"https:\/\/cronicahd.ro\/index.php?rest_route=\/wp\/v2\/posts"}],"about":[{"href":"https:\/\/cronicahd.ro\/index.php?rest_route=\/wp\/v2\/types\/post"}],"author":[{"embeddable":true,"href":"https:\/\/cronicahd.ro\/index.php?rest_route=\/wp\/v2\/users\/1"}],"replies":[{"embeddable":true,"href":"https:\/\/cronicahd.ro\/index.php?rest_route=%2Fwp%2Fv2%2Fcomments&post=8023"}],"version-history":[{"count":2,"href":"https:\/\/cronicahd.ro\/index.php?rest_route=\/wp\/v2\/posts\/8023\/revisions"}],"predecessor-version":[{"id":8026,"href":"https:\/\/cronicahd.ro\/index.php?rest_route=\/wp\/v2\/posts\/8023\/revisions\/8026"}],"wp:featuredmedia":[{"embeddable":true,"href":"https:\/\/cronicahd.ro\/index.php?rest_route=\/wp\/v2\/media\/8025"}],"wp:attachment":[{"href":"https:\/\/cronicahd.ro\/index.php?rest_route=%2Fwp%2Fv2%2Fmedia&parent=8023"}],"wp:term":[{"taxonomy":"category","embeddable":true,"href":"https:\/\/cronicahd.ro\/index.php?rest_route=%2Fwp%2Fv2%2Fcategories&post=8023"},{"taxonomy":"post_tag","embeddable":true,"href":"https:\/\/cronicahd.ro\/index.php?rest_route=%2Fwp%2Fv2%2Ftags&post=8023"}],"curies":[{"name":"wp","href":"https:\/\/api.w.org\/{rel}","templated":true}]}}