{"id":8020,"date":"2026-04-18T02:53:46","date_gmt":"2026-04-18T02:53:46","guid":{"rendered":"https:\/\/cronicahd.ro\/?p=8020"},"modified":"2026-04-18T02:53:46","modified_gmt":"2026-04-18T02:53:46","slug":"ministrul-energiei-bogdan-ivan-in-vizita-de-lucru-la-centrala-mass-mintia","status":"publish","type":"post","link":"https:\/\/cronicahd.ro\/?p=8020","title":{"rendered":"Ministrul Energiei, Bogdan Ivan, \u00een vizit\u0103 de lucru la centrala MASS Mintia"},"content":{"rendered":"<p>&nbsp;<\/p>\n<p>Ast\u0103zi, 18 aprilie 2026, ministrul Energiei, Bogdan Ivan, efectueaz\u0103 o vizit\u0103 de lucru la centrala electric\u0103 Mass Mintia Power Plant, situat\u0103 \u00een comuna Ve\u021bel, sat Mintia.<\/p>\n<p>Vizita are ca obiectiv principal evaluarea stadiului implement\u0103rii investi\u021biei, unul dintre cele mai importante proiecte energetice aflate \u00een dezvoltare la nivel na\u021bional. Ministrul va analiza, \u00eempreun\u0103 cu reprezentan\u021bii Mass Global Energy Rom\u00e2nia, dar \u0219i ai Transgaz \u0219i Transelectrica, progresul lucr\u0103rilor, precum \u0219i principalele componente tehnice \u0219i opera\u021bionale ale proiectului.<\/p>\n<p>Centrala MASS Mintia, cu o putere instalat\u0103 de aproximativ 1.700 MW, este considerat\u0103 cea mai mare central\u0103 pe gaz aflat\u0103 \u00een construc\u021bie din Europa. Proiectul are un rol strategic \u00een consolidarea securit\u0103\u021bii energetice a Rom\u00e2niei, contribuind la diversificarea surselor de energie \u0219i la reducerea dependen\u021bei de resursele tradi\u021bionale poluante.<\/p>\n<p>Totodat\u0103, investi\u021bia de la Mintia este a\u0219teptat\u0103 s\u0103 genereze un impact economic semnificativ la nivel regional, prin crearea de locuri de munc\u0103 \u0219i dezvoltarea infrastructurii energetice din jude\u021bul Hunedoara.<\/p>\n<p>&nbsp;<\/p>\n","protected":false},"excerpt":{"rendered":"<p>&nbsp; Ast\u0103zi, 18 aprilie 2026, ministrul Energiei, Bogdan Ivan, efectueaz\u0103 o vizit\u0103 de lucru la&#8230;<\/p>\n","protected":false},"author":1,"featured_media":8021,"comment_status":"closed","ping_status":"closed","sticky":false,"template":"","format":"standard","meta":{"footnotes":""},"categories":[1,18],"tags":[],"class_list":["post-8020","post","type-post","status-publish","format-standard","has-post-thumbnail","hentry","category-actual","category-economic"],"yoast_head":"<!-- This site is optimized with the Yoast SEO plugin v25.3.1 - https:\/\/yoast.com\/wordpress\/plugins\/seo\/ -->\n<title>Ministrul Energiei, Bogdan Ivan, \u00een vizit\u0103 de lucru la centrala MASS Mintia -<\/title>\n<meta name=\"robots\" content=\"index, follow, max-snippet:-1, max-image-preview:large, max-video-preview:-1\" \/>\n<link rel=\"canonical\" href=\"https:\/\/cronicahd.ro\/?p=8020\" \/>\n<meta property=\"og:locale\" content=\"ro_RO\" \/>\n<meta property=\"og:type\" content=\"article\" \/>\n<meta property=\"og:title\" content=\"Ministrul Energiei, Bogdan Ivan, \u00een vizit\u0103 de lucru la centrala MASS Mintia -\" \/>\n<meta property=\"og:description\" content=\"&nbsp; Ast\u0103zi, 18 aprilie 2026, ministrul Energiei, Bogdan Ivan, efectueaz\u0103 o vizit\u0103 de lucru la...\" \/>\n<meta property=\"og:url\" content=\"https:\/\/cronicahd.ro\/?p=8020\" \/>\n<meta property=\"article:published_time\" content=\"2026-04-18T02:53:46+00:00\" \/>\n<meta property=\"og:image\" content=\"https:\/\/cronicahd.ro\/wp-content\/uploads\/2026\/04\/IMG_6600.jpeg\" \/>\n\t<meta property=\"og:image:width\" content=\"447\" \/>\n\t<meta property=\"og:image:height\" content=\"447\" \/>\n\t<meta property=\"og:image:type\" content=\"image\/jpeg\" \/>\n<meta name=\"author\" content=\"admin\" \/>\n<meta name=\"twitter:card\" content=\"summary_large_image\" \/>\n<meta name=\"twitter:label1\" content=\"Scris de\" \/>\n\t<meta name=\"twitter:data1\" content=\"admin\" \/>\n\t<meta name=\"twitter:label2\" content=\"Timp estimat pentru citire\" \/>\n\t<meta name=\"twitter:data2\" content=\"2 minute\" \/>\n<script type=\"application\/ld+json\" class=\"yoast-schema-graph\">{\"@context\":\"https:\/\/schema.org\",\"@graph\":[{\"@type\":\"WebPage\",\"@id\":\"https:\/\/cronicahd.ro\/?p=8020\",\"url\":\"https:\/\/cronicahd.ro\/?p=8020\",\"name\":\"Ministrul Energiei, Bogdan Ivan, \u00een vizit\u0103 de lucru la centrala MASS Mintia -\",\"isPartOf\":{\"@id\":\"https:\/\/cronicahd.ro\/#website\"},\"primaryImageOfPage\":{\"@id\":\"https:\/\/cronicahd.ro\/?p=8020#primaryimage\"},\"image\":{\"@id\":\"https:\/\/cronicahd.ro\/?p=8020#primaryimage\"},\"thumbnailUrl\":\"https:\/\/cronicahd.ro\/wp-content\/uploads\/2026\/04\/IMG_6600.jpeg\",\"datePublished\":\"2026-04-18T02:53:46+00:00\",\"author\":{\"@id\":\"https:\/\/cronicahd.ro\/#\/schema\/person\/d1a1277a8cd166610328e17aaf58bf46\"},\"breadcrumb\":{\"@id\":\"https:\/\/cronicahd.ro\/?p=8020#breadcrumb\"},\"inLanguage\":\"ro-RO\",\"potentialAction\":[{\"@type\":\"ReadAction\",\"target\":[\"https:\/\/cronicahd.ro\/?p=8020\"]}]},{\"@type\":\"ImageObject\",\"inLanguage\":\"ro-RO\",\"@id\":\"https:\/\/cronicahd.ro\/?p=8020#primaryimage\",\"url\":\"https:\/\/cronicahd.ro\/wp-content\/uploads\/2026\/04\/IMG_6600.jpeg\",\"contentUrl\":\"https:\/\/cronicahd.ro\/wp-content\/uploads\/2026\/04\/IMG_6600.jpeg\",\"width\":447,\"height\":447},{\"@type\":\"BreadcrumbList\",\"@id\":\"https:\/\/cronicahd.ro\/?p=8020#breadcrumb\",\"itemListElement\":[{\"@type\":\"ListItem\",\"position\":1,\"name\":\"Prima pagin\u0103\",\"item\":\"https:\/\/cronicahd.ro\/\"},{\"@type\":\"ListItem\",\"position\":2,\"name\":\"Ministrul Energiei, Bogdan Ivan, \u00een vizit\u0103 de lucru la centrala MASS Mintia\"}]},{\"@type\":\"WebSite\",\"@id\":\"https:\/\/cronicahd.ro\/#website\",\"url\":\"https:\/\/cronicahd.ro\/\",\"name\":\"\",\"description\":\"\",\"potentialAction\":[{\"@type\":\"SearchAction\",\"target\":{\"@type\":\"EntryPoint\",\"urlTemplate\":\"https:\/\/cronicahd.ro\/?s={search_term_string}\"},\"query-input\":{\"@type\":\"PropertyValueSpecification\",\"valueRequired\":true,\"valueName\":\"search_term_string\"}}],\"inLanguage\":\"ro-RO\"},{\"@type\":\"Person\",\"@id\":\"https:\/\/cronicahd.ro\/#\/schema\/person\/d1a1277a8cd166610328e17aaf58bf46\",\"name\":\"admin\",\"image\":{\"@type\":\"ImageObject\",\"inLanguage\":\"ro-RO\",\"@id\":\"https:\/\/cronicahd.ro\/#\/schema\/person\/image\/\",\"url\":\"https:\/\/secure.gravatar.com\/avatar\/24700337280d10898c2e0d19d44a05316bff9fccc941ecc5570ffe41668203f7?s=96&d=mm&r=g\",\"contentUrl\":\"https:\/\/secure.gravatar.com\/avatar\/24700337280d10898c2e0d19d44a05316bff9fccc941ecc5570ffe41668203f7?s=96&d=mm&r=g\",\"caption\":\"admin\"},\"sameAs\":[\"https:\/\/cronicavj.ro\"],\"url\":\"https:\/\/cronicahd.ro\/?author=1\"}]}<\/script>\n<!-- \/ Yoast SEO plugin. -->","yoast_head_json":{"title":"Ministrul Energiei, Bogdan Ivan, \u00een vizit\u0103 de lucru la centrala MASS Mintia -","robots":{"index":"index","follow":"follow","max-snippet":"max-snippet:-1","max-image-preview":"max-image-preview:large","max-video-preview":"max-video-preview:-1"},"canonical":"https:\/\/cronicahd.ro\/?p=8020","og_locale":"ro_RO","og_type":"article","og_title":"Ministrul Energiei, Bogdan Ivan, \u00een vizit\u0103 de lucru la centrala MASS Mintia -","og_description":"&nbsp; Ast\u0103zi, 18 aprilie 2026, ministrul Energiei, Bogdan Ivan, efectueaz\u0103 o vizit\u0103 de lucru la...","og_url":"https:\/\/cronicahd.ro\/?p=8020","article_published_time":"2026-04-18T02:53:46+00:00","og_image":[{"width":447,"height":447,"url":"https:\/\/cronicahd.ro\/wp-content\/uploads\/2026\/04\/IMG_6600.jpeg","type":"image\/jpeg"}],"author":"admin","twitter_card":"summary_large_image","twitter_misc":{"Scris de":"admin","Timp estimat pentru citire":"2 minute"},"schema":{"@context":"https:\/\/schema.org","@graph":[{"@type":"WebPage","@id":"https:\/\/cronicahd.ro\/?p=8020","url":"https:\/\/cronicahd.ro\/?p=8020","name":"Ministrul Energiei, Bogdan Ivan, \u00een vizit\u0103 de lucru la centrala MASS Mintia -","isPartOf":{"@id":"https:\/\/cronicahd.ro\/#website"},"primaryImageOfPage":{"@id":"https:\/\/cronicahd.ro\/?p=8020#primaryimage"},"image":{"@id":"https:\/\/cronicahd.ro\/?p=8020#primaryimage"},"thumbnailUrl":"https:\/\/cronicahd.ro\/wp-content\/uploads\/2026\/04\/IMG_6600.jpeg","datePublished":"2026-04-18T02:53:46+00:00","author":{"@id":"https:\/\/cronicahd.ro\/#\/schema\/person\/d1a1277a8cd166610328e17aaf58bf46"},"breadcrumb":{"@id":"https:\/\/cronicahd.ro\/?p=8020#breadcrumb"},"inLanguage":"ro-RO","potentialAction":[{"@type":"ReadAction","target":["https:\/\/cronicahd.ro\/?p=8020"]}]},{"@type":"ImageObject","inLanguage":"ro-RO","@id":"https:\/\/cronicahd.ro\/?p=8020#primaryimage","url":"https:\/\/cronicahd.ro\/wp-content\/uploads\/2026\/04\/IMG_6600.jpeg","contentUrl":"https:\/\/cronicahd.ro\/wp-content\/uploads\/2026\/04\/IMG_6600.jpeg","width":447,"height":447},{"@type":"BreadcrumbList","@id":"https:\/\/cronicahd.ro\/?p=8020#breadcrumb","itemListElement":[{"@type":"ListItem","position":1,"name":"Prima pagin\u0103","item":"https:\/\/cronicahd.ro\/"},{"@type":"ListItem","position":2,"name":"Ministrul Energiei, Bogdan Ivan, \u00een vizit\u0103 de lucru la centrala MASS Mintia"}]},{"@type":"WebSite","@id":"https:\/\/cronicahd.ro\/#website","url":"https:\/\/cronicahd.ro\/","name":"","description":"","potentialAction":[{"@type":"SearchAction","target":{"@type":"EntryPoint","urlTemplate":"https:\/\/cronicahd.ro\/?s={search_term_string}"},"query-input":{"@type":"PropertyValueSpecification","valueRequired":true,"valueName":"search_term_string"}}],"inLanguage":"ro-RO"},{"@type":"Person","@id":"https:\/\/cronicahd.ro\/#\/schema\/person\/d1a1277a8cd166610328e17aaf58bf46","name":"admin","image":{"@type":"ImageObject","inLanguage":"ro-RO","@id":"https:\/\/cronicahd.ro\/#\/schema\/person\/image\/","url":"https:\/\/secure.gravatar.com\/avatar\/24700337280d10898c2e0d19d44a05316bff9fccc941ecc5570ffe41668203f7?s=96&d=mm&r=g","contentUrl":"https:\/\/secure.gravatar.com\/avatar\/24700337280d10898c2e0d19d44a05316bff9fccc941ecc5570ffe41668203f7?s=96&d=mm&r=g","caption":"admin"},"sameAs":["https:\/\/cronicavj.ro"],"url":"https:\/\/cronicahd.ro\/?author=1"}]}},"_links":{"self":[{"href":"https:\/\/cronicahd.ro\/index.php?rest_route=\/wp\/v2\/posts\/8020","targetHints":{"allow":["GET"]}}],"collection":[{"href":"https:\/\/cronicahd.ro\/index.php?rest_route=\/wp\/v2\/posts"}],"about":[{"href":"https:\/\/cronicahd.ro\/index.php?rest_route=\/wp\/v2\/types\/post"}],"author":[{"embeddable":true,"href":"https:\/\/cronicahd.ro\/index.php?rest_route=\/wp\/v2\/users\/1"}],"replies":[{"embeddable":true,"href":"https:\/\/cronicahd.ro\/index.php?rest_route=%2Fwp%2Fv2%2Fcomments&post=8020"}],"version-history":[{"count":1,"href":"https:\/\/cronicahd.ro\/index.php?rest_route=\/wp\/v2\/posts\/8020\/revisions"}],"predecessor-version":[{"id":8022,"href":"https:\/\/cronicahd.ro\/index.php?rest_route=\/wp\/v2\/posts\/8020\/revisions\/8022"}],"wp:featuredmedia":[{"embeddable":true,"href":"https:\/\/cronicahd.ro\/index.php?rest_route=\/wp\/v2\/media\/8021"}],"wp:attachment":[{"href":"https:\/\/cronicahd.ro\/index.php?rest_route=%2Fwp%2Fv2%2Fmedia&parent=8020"}],"wp:term":[{"taxonomy":"category","embeddable":true,"href":"https:\/\/cronicahd.ro\/index.php?rest_route=%2Fwp%2Fv2%2Fcategories&post=8020"},{"taxonomy":"post_tag","embeddable":true,"href":"https:\/\/cronicahd.ro\/index.php?rest_route=%2Fwp%2Fv2%2Ftags&post=8020"}],"curies":[{"name":"wp","href":"https:\/\/api.w.org\/{rel}","templated":true}]}}