{"id":8014,"date":"2026-04-17T14:07:26","date_gmt":"2026-04-17T14:07:26","guid":{"rendered":"https:\/\/cronicahd.ro\/?p=8014"},"modified":"2026-04-17T14:07:26","modified_gmt":"2026-04-17T14:07:26","slug":"incendiu-puternic-in-orastie-mai-multe-constructii-afectate-pompierii-au-salvat-inclusiv-animale","status":"publish","type":"post","link":"https:\/\/cronicahd.ro\/?p=8014","title":{"rendered":"Incendiu puternic \u00een Or\u0103\u0219tie: mai multe construc\u021bii afectate, pompierii au salvat inclusiv animale"},"content":{"rendered":"<p>Un incendiu de amploare a izbucnit, \u00een aceast\u0103 dup\u0103-amiaz\u0103, pe strada Plantelor din municipiul Or\u0103\u0219tie, mobiliz\u00e2nd de urgen\u021b\u0103 echipajele de interven\u021bie ale Deta\u0219amentului de pompieri.<\/p>\n<p><img loading=\"lazy\" decoding=\"async\" class=\"alignnone size-full wp-image-8017\" src=\"https:\/\/cronicahd.ro\/wp-content\/uploads\/2026\/04\/dea22b3f-c2ea-429f-912c-bec7a41b35df.jpeg\" alt=\"\" width=\"900\" height=\"1600\" srcset=\"https:\/\/cronicahd.ro\/wp-content\/uploads\/2026\/04\/dea22b3f-c2ea-429f-912c-bec7a41b35df.jpeg 900w, https:\/\/cronicahd.ro\/wp-content\/uploads\/2026\/04\/dea22b3f-c2ea-429f-912c-bec7a41b35df-169x300.jpeg 169w, https:\/\/cronicahd.ro\/wp-content\/uploads\/2026\/04\/dea22b3f-c2ea-429f-912c-bec7a41b35df-576x1024.jpeg 576w, https:\/\/cronicahd.ro\/wp-content\/uploads\/2026\/04\/dea22b3f-c2ea-429f-912c-bec7a41b35df-768x1365.jpeg 768w, https:\/\/cronicahd.ro\/wp-content\/uploads\/2026\/04\/dea22b3f-c2ea-429f-912c-bec7a41b35df-864x1536.jpeg 864w\" sizes=\"auto, (max-width: 900px) 100vw, 900px\" \/><\/p>\n<p>La sosirea salvatorilor, fl\u0103c\u0103rile se manifestau violent la o magazie utilizat\u0103 pentru uscarea lemnelor, pe o suprafa\u021b\u0103 de aproximativ 250 de metri p\u0103tra\u021bi, dar \u0219i la trei construc\u021bii tip barac\u0103, \u00een care erau amenajate 17 camere de locuit.<\/p>\n<p><img loading=\"lazy\" decoding=\"async\" class=\"alignnone size-full wp-image-8016\" src=\"https:\/\/cronicahd.ro\/wp-content\/uploads\/2026\/04\/cc977a1e-1ade-47b6-958f-de5ca407db96.jpeg\" alt=\"\" width=\"900\" height=\"1600\" srcset=\"https:\/\/cronicahd.ro\/wp-content\/uploads\/2026\/04\/cc977a1e-1ade-47b6-958f-de5ca407db96.jpeg 900w, https:\/\/cronicahd.ro\/wp-content\/uploads\/2026\/04\/cc977a1e-1ade-47b6-958f-de5ca407db96-169x300.jpeg 169w, https:\/\/cronicahd.ro\/wp-content\/uploads\/2026\/04\/cc977a1e-1ade-47b6-958f-de5ca407db96-576x1024.jpeg 576w, https:\/\/cronicahd.ro\/wp-content\/uploads\/2026\/04\/cc977a1e-1ade-47b6-958f-de5ca407db96-768x1365.jpeg 768w, https:\/\/cronicahd.ro\/wp-content\/uploads\/2026\/04\/cc977a1e-1ade-47b6-958f-de5ca407db96-864x1536.jpeg 864w\" sizes=\"auto, (max-width: 900px) 100vw, 900px\" \/><\/p>\n<p>Din fericire, \u00een urma verific\u0103rilor efectuate de pompieri, s-a constatat c\u0103 toate persoanele aflate \u00een acele spa\u021bii s-au autoevacuat la timp, evit\u00e2ndu-se astfel o tragedie. \u00cen timpul interven\u021biei, pompierii au reu\u0219it s\u0103 salveze patru c\u0103\u021belu\u0219i surprin\u0219i de fum \u0219i fl\u0103c\u0103ri \u00een interiorul magaziei. Totodat\u0103, dintr-una dintre \u00eenc\u0103perile afectate au fost extrase dou\u0103 butelii de aragaz, exist\u00e2nd un risc major de explozie.<\/p>\n<p><img loading=\"lazy\" decoding=\"async\" class=\"alignnone size-full wp-image-8015\" src=\"https:\/\/cronicahd.ro\/wp-content\/uploads\/2026\/04\/817f02e3-daaa-4987-9424-a2321b04a6b2.jpeg\" alt=\"\" width=\"1600\" height=\"1200\" srcset=\"https:\/\/cronicahd.ro\/wp-content\/uploads\/2026\/04\/817f02e3-daaa-4987-9424-a2321b04a6b2.jpeg 1600w, https:\/\/cronicahd.ro\/wp-content\/uploads\/2026\/04\/817f02e3-daaa-4987-9424-a2321b04a6b2-300x225.jpeg 300w, https:\/\/cronicahd.ro\/wp-content\/uploads\/2026\/04\/817f02e3-daaa-4987-9424-a2321b04a6b2-1024x768.jpeg 1024w, https:\/\/cronicahd.ro\/wp-content\/uploads\/2026\/04\/817f02e3-daaa-4987-9424-a2321b04a6b2-768x576.jpeg 768w, https:\/\/cronicahd.ro\/wp-content\/uploads\/2026\/04\/817f02e3-daaa-4987-9424-a2321b04a6b2-1536x1152.jpeg 1536w\" sizes=\"auto, (max-width: 1600px) 100vw, 1600px\" \/><\/p>\n<p>\u00cenc\u0103 de la \u00eenceput, echipajele au ac\u021bionat simultan din mai multe direc\u021bii pentru a limita extinderea incendiului la locuin\u021bele din apropiere, aflate \u00een pericol iminent. Dup\u0103 localizarea focului, interven\u021bia a continuat pentru lichidarea complet\u0103 a incendiului \u0219i \u00eenl\u0103turarea focarelor ascunse.<\/p>\n<p>La fa\u021ba locului au intervenit trei autospeciale de stingere cu ap\u0103 \u0219i spum\u0103, precum \u0219i un echipaj medical SMURD. Din fericire, nicio persoan\u0103 nu a necesitat \u00eengrijiri medicale.<\/p>\n<p>\u00cen urma incendiului s-au \u00eenregistrat pagube materiale \u00eensemnate, fiind afectate mai multe \u00eenc\u0103peri din ansamblurile de locuit cuprinse de fl\u0103c\u0103ri. Dup\u0103 stingerea incendiului, zona a r\u0103mas sub supravegherea pompierilor, pentru prevenirea reaprinderii.<\/p>\n<p>Cauza probabil\u0103 a izbucnirii incendiului urmeaz\u0103 s\u0103 fie stabilit\u0103 de speciali\u0219ti.<\/p>\n","protected":false},"excerpt":{"rendered":"<p>Un incendiu de amploare a izbucnit, \u00een aceast\u0103 dup\u0103-amiaz\u0103, pe strada Plantelor din municipiul Or\u0103\u0219tie,&#8230;<\/p>\n","protected":false},"author":1,"featured_media":8018,"comment_status":"closed","ping_status":"closed","sticky":false,"template":"","format":"standard","meta":{"footnotes":""},"categories":[1,15],"tags":[],"class_list":["post-8014","post","type-post","status-publish","format-standard","has-post-thumbnail","hentry","category-actual","category-eveniment"],"yoast_head":"<!-- This site is optimized with the Yoast SEO plugin v25.3.1 - https:\/\/yoast.com\/wordpress\/plugins\/seo\/ -->\n<title>Incendiu puternic \u00een Or\u0103\u0219tie: mai multe construc\u021bii afectate, pompierii au salvat inclusiv animale -<\/title>\n<meta name=\"robots\" content=\"index, follow, max-snippet:-1, max-image-preview:large, max-video-preview:-1\" \/>\n<link rel=\"canonical\" href=\"https:\/\/cronicahd.ro\/?p=8014\" \/>\n<meta property=\"og:locale\" content=\"ro_RO\" \/>\n<meta property=\"og:type\" content=\"article\" \/>\n<meta property=\"og:title\" content=\"Incendiu puternic \u00een Or\u0103\u0219tie: mai multe construc\u021bii afectate, pompierii au salvat inclusiv animale -\" \/>\n<meta property=\"og:description\" content=\"Un incendiu de amploare a izbucnit, \u00een aceast\u0103 dup\u0103-amiaz\u0103, pe strada Plantelor din municipiul Or\u0103\u0219tie,...\" \/>\n<meta property=\"og:url\" content=\"https:\/\/cronicahd.ro\/?p=8014\" \/>\n<meta property=\"article:published_time\" content=\"2026-04-17T14:07:26+00:00\" \/>\n<meta property=\"og:image\" content=\"https:\/\/cronicahd.ro\/wp-content\/uploads\/2026\/04\/d083e23b-1b13-4583-9a1b-be18559e7a51.jpeg\" \/>\n\t<meta property=\"og:image:width\" content=\"900\" \/>\n\t<meta property=\"og:image:height\" content=\"1600\" \/>\n\t<meta property=\"og:image:type\" content=\"image\/jpeg\" \/>\n<meta name=\"author\" content=\"admin\" \/>\n<meta name=\"twitter:card\" content=\"summary_large_image\" \/>\n<meta name=\"twitter:label1\" content=\"Scris de\" \/>\n\t<meta name=\"twitter:data1\" content=\"admin\" \/>\n\t<meta name=\"twitter:label2\" content=\"Timp estimat pentru citire\" \/>\n\t<meta name=\"twitter:data2\" content=\"3 minute\" \/>\n<script type=\"application\/ld+json\" class=\"yoast-schema-graph\">{\"@context\":\"https:\/\/schema.org\",\"@graph\":[{\"@type\":\"WebPage\",\"@id\":\"https:\/\/cronicahd.ro\/?p=8014\",\"url\":\"https:\/\/cronicahd.ro\/?p=8014\",\"name\":\"Incendiu puternic \u00een Or\u0103\u0219tie: mai multe construc\u021bii afectate, pompierii au salvat inclusiv animale -\",\"isPartOf\":{\"@id\":\"https:\/\/cronicahd.ro\/#website\"},\"primaryImageOfPage\":{\"@id\":\"https:\/\/cronicahd.ro\/?p=8014#primaryimage\"},\"image\":{\"@id\":\"https:\/\/cronicahd.ro\/?p=8014#primaryimage\"},\"thumbnailUrl\":\"https:\/\/cronicahd.ro\/wp-content\/uploads\/2026\/04\/d083e23b-1b13-4583-9a1b-be18559e7a51.jpeg\",\"datePublished\":\"2026-04-17T14:07:26+00:00\",\"author\":{\"@id\":\"https:\/\/cronicahd.ro\/#\/schema\/person\/d1a1277a8cd166610328e17aaf58bf46\"},\"breadcrumb\":{\"@id\":\"https:\/\/cronicahd.ro\/?p=8014#breadcrumb\"},\"inLanguage\":\"ro-RO\",\"potentialAction\":[{\"@type\":\"ReadAction\",\"target\":[\"https:\/\/cronicahd.ro\/?p=8014\"]}]},{\"@type\":\"ImageObject\",\"inLanguage\":\"ro-RO\",\"@id\":\"https:\/\/cronicahd.ro\/?p=8014#primaryimage\",\"url\":\"https:\/\/cronicahd.ro\/wp-content\/uploads\/2026\/04\/d083e23b-1b13-4583-9a1b-be18559e7a51.jpeg\",\"contentUrl\":\"https:\/\/cronicahd.ro\/wp-content\/uploads\/2026\/04\/d083e23b-1b13-4583-9a1b-be18559e7a51.jpeg\",\"width\":900,\"height\":1600},{\"@type\":\"BreadcrumbList\",\"@id\":\"https:\/\/cronicahd.ro\/?p=8014#breadcrumb\",\"itemListElement\":[{\"@type\":\"ListItem\",\"position\":1,\"name\":\"Prima pagin\u0103\",\"item\":\"https:\/\/cronicahd.ro\/\"},{\"@type\":\"ListItem\",\"position\":2,\"name\":\"Incendiu puternic \u00een Or\u0103\u0219tie: mai multe construc\u021bii afectate, pompierii au salvat inclusiv animale\"}]},{\"@type\":\"WebSite\",\"@id\":\"https:\/\/cronicahd.ro\/#website\",\"url\":\"https:\/\/cronicahd.ro\/\",\"name\":\"\",\"description\":\"\",\"potentialAction\":[{\"@type\":\"SearchAction\",\"target\":{\"@type\":\"EntryPoint\",\"urlTemplate\":\"https:\/\/cronicahd.ro\/?s={search_term_string}\"},\"query-input\":{\"@type\":\"PropertyValueSpecification\",\"valueRequired\":true,\"valueName\":\"search_term_string\"}}],\"inLanguage\":\"ro-RO\"},{\"@type\":\"Person\",\"@id\":\"https:\/\/cronicahd.ro\/#\/schema\/person\/d1a1277a8cd166610328e17aaf58bf46\",\"name\":\"admin\",\"image\":{\"@type\":\"ImageObject\",\"inLanguage\":\"ro-RO\",\"@id\":\"https:\/\/cronicahd.ro\/#\/schema\/person\/image\/\",\"url\":\"https:\/\/secure.gravatar.com\/avatar\/24700337280d10898c2e0d19d44a05316bff9fccc941ecc5570ffe41668203f7?s=96&d=mm&r=g\",\"contentUrl\":\"https:\/\/secure.gravatar.com\/avatar\/24700337280d10898c2e0d19d44a05316bff9fccc941ecc5570ffe41668203f7?s=96&d=mm&r=g\",\"caption\":\"admin\"},\"sameAs\":[\"https:\/\/cronicavj.ro\"],\"url\":\"https:\/\/cronicahd.ro\/?author=1\"}]}<\/script>\n<!-- \/ Yoast SEO plugin. -->","yoast_head_json":{"title":"Incendiu puternic \u00een Or\u0103\u0219tie: mai multe construc\u021bii afectate, pompierii au salvat inclusiv animale -","robots":{"index":"index","follow":"follow","max-snippet":"max-snippet:-1","max-image-preview":"max-image-preview:large","max-video-preview":"max-video-preview:-1"},"canonical":"https:\/\/cronicahd.ro\/?p=8014","og_locale":"ro_RO","og_type":"article","og_title":"Incendiu puternic \u00een Or\u0103\u0219tie: mai multe construc\u021bii afectate, pompierii au salvat inclusiv animale -","og_description":"Un incendiu de amploare a izbucnit, \u00een aceast\u0103 dup\u0103-amiaz\u0103, pe strada Plantelor din municipiul Or\u0103\u0219tie,...","og_url":"https:\/\/cronicahd.ro\/?p=8014","article_published_time":"2026-04-17T14:07:26+00:00","og_image":[{"width":900,"height":1600,"url":"https:\/\/cronicahd.ro\/wp-content\/uploads\/2026\/04\/d083e23b-1b13-4583-9a1b-be18559e7a51.jpeg","type":"image\/jpeg"}],"author":"admin","twitter_card":"summary_large_image","twitter_misc":{"Scris de":"admin","Timp estimat pentru citire":"3 minute"},"schema":{"@context":"https:\/\/schema.org","@graph":[{"@type":"WebPage","@id":"https:\/\/cronicahd.ro\/?p=8014","url":"https:\/\/cronicahd.ro\/?p=8014","name":"Incendiu puternic \u00een Or\u0103\u0219tie: mai multe construc\u021bii afectate, pompierii au salvat inclusiv animale -","isPartOf":{"@id":"https:\/\/cronicahd.ro\/#website"},"primaryImageOfPage":{"@id":"https:\/\/cronicahd.ro\/?p=8014#primaryimage"},"image":{"@id":"https:\/\/cronicahd.ro\/?p=8014#primaryimage"},"thumbnailUrl":"https:\/\/cronicahd.ro\/wp-content\/uploads\/2026\/04\/d083e23b-1b13-4583-9a1b-be18559e7a51.jpeg","datePublished":"2026-04-17T14:07:26+00:00","author":{"@id":"https:\/\/cronicahd.ro\/#\/schema\/person\/d1a1277a8cd166610328e17aaf58bf46"},"breadcrumb":{"@id":"https:\/\/cronicahd.ro\/?p=8014#breadcrumb"},"inLanguage":"ro-RO","potentialAction":[{"@type":"ReadAction","target":["https:\/\/cronicahd.ro\/?p=8014"]}]},{"@type":"ImageObject","inLanguage":"ro-RO","@id":"https:\/\/cronicahd.ro\/?p=8014#primaryimage","url":"https:\/\/cronicahd.ro\/wp-content\/uploads\/2026\/04\/d083e23b-1b13-4583-9a1b-be18559e7a51.jpeg","contentUrl":"https:\/\/cronicahd.ro\/wp-content\/uploads\/2026\/04\/d083e23b-1b13-4583-9a1b-be18559e7a51.jpeg","width":900,"height":1600},{"@type":"BreadcrumbList","@id":"https:\/\/cronicahd.ro\/?p=8014#breadcrumb","itemListElement":[{"@type":"ListItem","position":1,"name":"Prima pagin\u0103","item":"https:\/\/cronicahd.ro\/"},{"@type":"ListItem","position":2,"name":"Incendiu puternic \u00een Or\u0103\u0219tie: mai multe construc\u021bii afectate, pompierii au salvat inclusiv animale"}]},{"@type":"WebSite","@id":"https:\/\/cronicahd.ro\/#website","url":"https:\/\/cronicahd.ro\/","name":"","description":"","potentialAction":[{"@type":"SearchAction","target":{"@type":"EntryPoint","urlTemplate":"https:\/\/cronicahd.ro\/?s={search_term_string}"},"query-input":{"@type":"PropertyValueSpecification","valueRequired":true,"valueName":"search_term_string"}}],"inLanguage":"ro-RO"},{"@type":"Person","@id":"https:\/\/cronicahd.ro\/#\/schema\/person\/d1a1277a8cd166610328e17aaf58bf46","name":"admin","image":{"@type":"ImageObject","inLanguage":"ro-RO","@id":"https:\/\/cronicahd.ro\/#\/schema\/person\/image\/","url":"https:\/\/secure.gravatar.com\/avatar\/24700337280d10898c2e0d19d44a05316bff9fccc941ecc5570ffe41668203f7?s=96&d=mm&r=g","contentUrl":"https:\/\/secure.gravatar.com\/avatar\/24700337280d10898c2e0d19d44a05316bff9fccc941ecc5570ffe41668203f7?s=96&d=mm&r=g","caption":"admin"},"sameAs":["https:\/\/cronicavj.ro"],"url":"https:\/\/cronicahd.ro\/?author=1"}]}},"_links":{"self":[{"href":"https:\/\/cronicahd.ro\/index.php?rest_route=\/wp\/v2\/posts\/8014","targetHints":{"allow":["GET"]}}],"collection":[{"href":"https:\/\/cronicahd.ro\/index.php?rest_route=\/wp\/v2\/posts"}],"about":[{"href":"https:\/\/cronicahd.ro\/index.php?rest_route=\/wp\/v2\/types\/post"}],"author":[{"embeddable":true,"href":"https:\/\/cronicahd.ro\/index.php?rest_route=\/wp\/v2\/users\/1"}],"replies":[{"embeddable":true,"href":"https:\/\/cronicahd.ro\/index.php?rest_route=%2Fwp%2Fv2%2Fcomments&post=8014"}],"version-history":[{"count":1,"href":"https:\/\/cronicahd.ro\/index.php?rest_route=\/wp\/v2\/posts\/8014\/revisions"}],"predecessor-version":[{"id":8019,"href":"https:\/\/cronicahd.ro\/index.php?rest_route=\/wp\/v2\/posts\/8014\/revisions\/8019"}],"wp:featuredmedia":[{"embeddable":true,"href":"https:\/\/cronicahd.ro\/index.php?rest_route=\/wp\/v2\/media\/8018"}],"wp:attachment":[{"href":"https:\/\/cronicahd.ro\/index.php?rest_route=%2Fwp%2Fv2%2Fmedia&parent=8014"}],"wp:term":[{"taxonomy":"category","embeddable":true,"href":"https:\/\/cronicahd.ro\/index.php?rest_route=%2Fwp%2Fv2%2Fcategories&post=8014"},{"taxonomy":"post_tag","embeddable":true,"href":"https:\/\/cronicahd.ro\/index.php?rest_route=%2Fwp%2Fv2%2Ftags&post=8014"}],"curies":[{"name":"wp","href":"https:\/\/api.w.org\/{rel}","templated":true}]}}