{"id":8010,"date":"2026-04-17T12:31:22","date_gmt":"2026-04-17T12:31:22","guid":{"rendered":"https:\/\/cronicahd.ro\/?p=8010"},"modified":"2026-04-17T12:31:22","modified_gmt":"2026-04-17T12:31:22","slug":"doua-trenuri-intarziate-la-petrosani","status":"publish","type":"post","link":"https:\/\/cronicahd.ro\/?p=8010","title":{"rendered":"Dou\u0103 trenuri \u00eent\u00e2rziate la Petro\u0219ani"},"content":{"rendered":"<p class=\"s3\">\n<p class=\"s3\"><span class=\"s2\"><span class=\"bumpedFont15\">Dou\u0103 garnituri de tren au \u00eent\u00e2rzieri, dup\u0103 ce au r\u0103mas, vineri dup\u0103 pr\u00e2nz, minute bune \u00een sta\u021bia CFR Petro\u0219ani. Vorbim despre Regio 2084 care trebuia s\u0103 plece din Petro\u0219ani la Craiova \u0219i Inter Regio 1836, care a plecat cu 35 de minute \u00eent\u00e2rziere din sta\u021bia Petro\u0219ani \u0219i se \u00eendreapt\u0103 spre Cluj Napoca.<\/span><\/span><\/p>\n<p><img loading=\"lazy\" decoding=\"async\" class=\"alignnone size-full wp-image-8011\" src=\"https:\/\/cronicahd.ro\/wp-content\/uploads\/2026\/04\/att.BZorYeULgiWf5wqhl1n-eR2PnkqVVTvuJ64503XNtrI.jpeg\" alt=\"\" width=\"1530\" height=\"2040\" srcset=\"https:\/\/cronicahd.ro\/wp-content\/uploads\/2026\/04\/att.BZorYeULgiWf5wqhl1n-eR2PnkqVVTvuJ64503XNtrI.jpeg 1530w, https:\/\/cronicahd.ro\/wp-content\/uploads\/2026\/04\/att.BZorYeULgiWf5wqhl1n-eR2PnkqVVTvuJ64503XNtrI-225x300.jpeg 225w, https:\/\/cronicahd.ro\/wp-content\/uploads\/2026\/04\/att.BZorYeULgiWf5wqhl1n-eR2PnkqVVTvuJ64503XNtrI-768x1024.jpeg 768w, https:\/\/cronicahd.ro\/wp-content\/uploads\/2026\/04\/att.BZorYeULgiWf5wqhl1n-eR2PnkqVVTvuJ64503XNtrI-1152x1536.jpeg 1152w, https:\/\/cronicahd.ro\/wp-content\/uploads\/2026\/04\/att.BZorYeULgiWf5wqhl1n-eR2PnkqVVTvuJ64503XNtrI-1024x1365.jpeg 1024w\" sizes=\"auto, (max-width: 1530px) 100vw, 1530px\" \/><\/p>\n<p class=\"s3\"><span class=\"s2\"><span class=\"bumpedFont15\">Garnitura spre Craiova este defect\u0103, spun cei din gar\u0103, iar \u00een tren sunt pu\u021bini c\u0103l\u0103tori. Vagoanele trebuiau s\u0103 plece la 14.46 \u0219i nu au plecat nici la 15.22. Se pare c\u0103 a intervenit o defec\u021biune \u0219i \u00eenc\u0103 nu se \u0219tie dac\u0103 \u00a0acest tren va putea pleca<\/span><\/span><\/p>\n","protected":false},"excerpt":{"rendered":"<p>Dou\u0103 garnituri de tren au \u00eent\u00e2rzieri, dup\u0103 ce au r\u0103mas, vineri dup\u0103 pr\u00e2nz, minute bune&#8230;<\/p>\n","protected":false},"author":1,"featured_media":8012,"comment_status":"closed","ping_status":"closed","sticky":false,"template":"","format":"standard","meta":{"footnotes":""},"categories":[1,15],"tags":[],"class_list":["post-8010","post","type-post","status-publish","format-standard","has-post-thumbnail","hentry","category-actual","category-eveniment"],"yoast_head":"<!-- This site is optimized with the Yoast SEO plugin v25.3.1 - https:\/\/yoast.com\/wordpress\/plugins\/seo\/ -->\n<title>Dou\u0103 trenuri \u00eent\u00e2rziate la Petro\u0219ani -<\/title>\n<meta name=\"robots\" content=\"index, follow, max-snippet:-1, max-image-preview:large, max-video-preview:-1\" \/>\n<link rel=\"canonical\" href=\"https:\/\/cronicahd.ro\/?p=8010\" \/>\n<meta property=\"og:locale\" content=\"ro_RO\" \/>\n<meta property=\"og:type\" content=\"article\" \/>\n<meta property=\"og:title\" content=\"Dou\u0103 trenuri \u00eent\u00e2rziate la Petro\u0219ani -\" \/>\n<meta property=\"og:description\" content=\"Dou\u0103 garnituri de tren au \u00eent\u00e2rzieri, dup\u0103 ce au r\u0103mas, vineri dup\u0103 pr\u00e2nz, minute bune...\" \/>\n<meta property=\"og:url\" content=\"https:\/\/cronicahd.ro\/?p=8010\" \/>\n<meta property=\"article:published_time\" content=\"2026-04-17T12:31:22+00:00\" \/>\n<meta property=\"og:image\" content=\"https:\/\/cronicahd.ro\/wp-content\/uploads\/2026\/04\/att.KKP2mw48UjiXZfZu5h1iAICo4qP8yBkR07V4k4ZEGV8.jpeg\" \/>\n\t<meta property=\"og:image:width\" content=\"1530\" \/>\n\t<meta property=\"og:image:height\" content=\"2040\" \/>\n\t<meta property=\"og:image:type\" content=\"image\/jpeg\" \/>\n<meta name=\"author\" content=\"admin\" \/>\n<meta name=\"twitter:card\" content=\"summary_large_image\" \/>\n<meta name=\"twitter:label1\" content=\"Scris de\" \/>\n\t<meta name=\"twitter:data1\" content=\"admin\" \/>\n\t<meta name=\"twitter:label2\" content=\"Timp estimat pentru citire\" \/>\n\t<meta name=\"twitter:data2\" content=\"1 minut\" \/>\n<script type=\"application\/ld+json\" class=\"yoast-schema-graph\">{\"@context\":\"https:\/\/schema.org\",\"@graph\":[{\"@type\":\"WebPage\",\"@id\":\"https:\/\/cronicahd.ro\/?p=8010\",\"url\":\"https:\/\/cronicahd.ro\/?p=8010\",\"name\":\"Dou\u0103 trenuri \u00eent\u00e2rziate la Petro\u0219ani -\",\"isPartOf\":{\"@id\":\"https:\/\/cronicahd.ro\/#website\"},\"primaryImageOfPage\":{\"@id\":\"https:\/\/cronicahd.ro\/?p=8010#primaryimage\"},\"image\":{\"@id\":\"https:\/\/cronicahd.ro\/?p=8010#primaryimage\"},\"thumbnailUrl\":\"https:\/\/cronicahd.ro\/wp-content\/uploads\/2026\/04\/att.KKP2mw48UjiXZfZu5h1iAICo4qP8yBkR07V4k4ZEGV8.jpeg\",\"datePublished\":\"2026-04-17T12:31:22+00:00\",\"author\":{\"@id\":\"https:\/\/cronicahd.ro\/#\/schema\/person\/d1a1277a8cd166610328e17aaf58bf46\"},\"breadcrumb\":{\"@id\":\"https:\/\/cronicahd.ro\/?p=8010#breadcrumb\"},\"inLanguage\":\"ro-RO\",\"potentialAction\":[{\"@type\":\"ReadAction\",\"target\":[\"https:\/\/cronicahd.ro\/?p=8010\"]}]},{\"@type\":\"ImageObject\",\"inLanguage\":\"ro-RO\",\"@id\":\"https:\/\/cronicahd.ro\/?p=8010#primaryimage\",\"url\":\"https:\/\/cronicahd.ro\/wp-content\/uploads\/2026\/04\/att.KKP2mw48UjiXZfZu5h1iAICo4qP8yBkR07V4k4ZEGV8.jpeg\",\"contentUrl\":\"https:\/\/cronicahd.ro\/wp-content\/uploads\/2026\/04\/att.KKP2mw48UjiXZfZu5h1iAICo4qP8yBkR07V4k4ZEGV8.jpeg\",\"width\":1530,\"height\":2040},{\"@type\":\"BreadcrumbList\",\"@id\":\"https:\/\/cronicahd.ro\/?p=8010#breadcrumb\",\"itemListElement\":[{\"@type\":\"ListItem\",\"position\":1,\"name\":\"Prima pagin\u0103\",\"item\":\"https:\/\/cronicahd.ro\/\"},{\"@type\":\"ListItem\",\"position\":2,\"name\":\"Dou\u0103 trenuri \u00eent\u00e2rziate la Petro\u0219ani\"}]},{\"@type\":\"WebSite\",\"@id\":\"https:\/\/cronicahd.ro\/#website\",\"url\":\"https:\/\/cronicahd.ro\/\",\"name\":\"\",\"description\":\"\",\"potentialAction\":[{\"@type\":\"SearchAction\",\"target\":{\"@type\":\"EntryPoint\",\"urlTemplate\":\"https:\/\/cronicahd.ro\/?s={search_term_string}\"},\"query-input\":{\"@type\":\"PropertyValueSpecification\",\"valueRequired\":true,\"valueName\":\"search_term_string\"}}],\"inLanguage\":\"ro-RO\"},{\"@type\":\"Person\",\"@id\":\"https:\/\/cronicahd.ro\/#\/schema\/person\/d1a1277a8cd166610328e17aaf58bf46\",\"name\":\"admin\",\"image\":{\"@type\":\"ImageObject\",\"inLanguage\":\"ro-RO\",\"@id\":\"https:\/\/cronicahd.ro\/#\/schema\/person\/image\/\",\"url\":\"https:\/\/secure.gravatar.com\/avatar\/24700337280d10898c2e0d19d44a05316bff9fccc941ecc5570ffe41668203f7?s=96&d=mm&r=g\",\"contentUrl\":\"https:\/\/secure.gravatar.com\/avatar\/24700337280d10898c2e0d19d44a05316bff9fccc941ecc5570ffe41668203f7?s=96&d=mm&r=g\",\"caption\":\"admin\"},\"sameAs\":[\"https:\/\/cronicavj.ro\"],\"url\":\"https:\/\/cronicahd.ro\/?author=1\"}]}<\/script>\n<!-- \/ Yoast SEO plugin. -->","yoast_head_json":{"title":"Dou\u0103 trenuri \u00eent\u00e2rziate la Petro\u0219ani -","robots":{"index":"index","follow":"follow","max-snippet":"max-snippet:-1","max-image-preview":"max-image-preview:large","max-video-preview":"max-video-preview:-1"},"canonical":"https:\/\/cronicahd.ro\/?p=8010","og_locale":"ro_RO","og_type":"article","og_title":"Dou\u0103 trenuri \u00eent\u00e2rziate la Petro\u0219ani -","og_description":"Dou\u0103 garnituri de tren au \u00eent\u00e2rzieri, dup\u0103 ce au r\u0103mas, vineri dup\u0103 pr\u00e2nz, minute bune...","og_url":"https:\/\/cronicahd.ro\/?p=8010","article_published_time":"2026-04-17T12:31:22+00:00","og_image":[{"width":1530,"height":2040,"url":"https:\/\/cronicahd.ro\/wp-content\/uploads\/2026\/04\/att.KKP2mw48UjiXZfZu5h1iAICo4qP8yBkR07V4k4ZEGV8.jpeg","type":"image\/jpeg"}],"author":"admin","twitter_card":"summary_large_image","twitter_misc":{"Scris de":"admin","Timp estimat pentru citire":"1 minut"},"schema":{"@context":"https:\/\/schema.org","@graph":[{"@type":"WebPage","@id":"https:\/\/cronicahd.ro\/?p=8010","url":"https:\/\/cronicahd.ro\/?p=8010","name":"Dou\u0103 trenuri \u00eent\u00e2rziate la Petro\u0219ani -","isPartOf":{"@id":"https:\/\/cronicahd.ro\/#website"},"primaryImageOfPage":{"@id":"https:\/\/cronicahd.ro\/?p=8010#primaryimage"},"image":{"@id":"https:\/\/cronicahd.ro\/?p=8010#primaryimage"},"thumbnailUrl":"https:\/\/cronicahd.ro\/wp-content\/uploads\/2026\/04\/att.KKP2mw48UjiXZfZu5h1iAICo4qP8yBkR07V4k4ZEGV8.jpeg","datePublished":"2026-04-17T12:31:22+00:00","author":{"@id":"https:\/\/cronicahd.ro\/#\/schema\/person\/d1a1277a8cd166610328e17aaf58bf46"},"breadcrumb":{"@id":"https:\/\/cronicahd.ro\/?p=8010#breadcrumb"},"inLanguage":"ro-RO","potentialAction":[{"@type":"ReadAction","target":["https:\/\/cronicahd.ro\/?p=8010"]}]},{"@type":"ImageObject","inLanguage":"ro-RO","@id":"https:\/\/cronicahd.ro\/?p=8010#primaryimage","url":"https:\/\/cronicahd.ro\/wp-content\/uploads\/2026\/04\/att.KKP2mw48UjiXZfZu5h1iAICo4qP8yBkR07V4k4ZEGV8.jpeg","contentUrl":"https:\/\/cronicahd.ro\/wp-content\/uploads\/2026\/04\/att.KKP2mw48UjiXZfZu5h1iAICo4qP8yBkR07V4k4ZEGV8.jpeg","width":1530,"height":2040},{"@type":"BreadcrumbList","@id":"https:\/\/cronicahd.ro\/?p=8010#breadcrumb","itemListElement":[{"@type":"ListItem","position":1,"name":"Prima pagin\u0103","item":"https:\/\/cronicahd.ro\/"},{"@type":"ListItem","position":2,"name":"Dou\u0103 trenuri \u00eent\u00e2rziate la Petro\u0219ani"}]},{"@type":"WebSite","@id":"https:\/\/cronicahd.ro\/#website","url":"https:\/\/cronicahd.ro\/","name":"","description":"","potentialAction":[{"@type":"SearchAction","target":{"@type":"EntryPoint","urlTemplate":"https:\/\/cronicahd.ro\/?s={search_term_string}"},"query-input":{"@type":"PropertyValueSpecification","valueRequired":true,"valueName":"search_term_string"}}],"inLanguage":"ro-RO"},{"@type":"Person","@id":"https:\/\/cronicahd.ro\/#\/schema\/person\/d1a1277a8cd166610328e17aaf58bf46","name":"admin","image":{"@type":"ImageObject","inLanguage":"ro-RO","@id":"https:\/\/cronicahd.ro\/#\/schema\/person\/image\/","url":"https:\/\/secure.gravatar.com\/avatar\/24700337280d10898c2e0d19d44a05316bff9fccc941ecc5570ffe41668203f7?s=96&d=mm&r=g","contentUrl":"https:\/\/secure.gravatar.com\/avatar\/24700337280d10898c2e0d19d44a05316bff9fccc941ecc5570ffe41668203f7?s=96&d=mm&r=g","caption":"admin"},"sameAs":["https:\/\/cronicavj.ro"],"url":"https:\/\/cronicahd.ro\/?author=1"}]}},"_links":{"self":[{"href":"https:\/\/cronicahd.ro\/index.php?rest_route=\/wp\/v2\/posts\/8010","targetHints":{"allow":["GET"]}}],"collection":[{"href":"https:\/\/cronicahd.ro\/index.php?rest_route=\/wp\/v2\/posts"}],"about":[{"href":"https:\/\/cronicahd.ro\/index.php?rest_route=\/wp\/v2\/types\/post"}],"author":[{"embeddable":true,"href":"https:\/\/cronicahd.ro\/index.php?rest_route=\/wp\/v2\/users\/1"}],"replies":[{"embeddable":true,"href":"https:\/\/cronicahd.ro\/index.php?rest_route=%2Fwp%2Fv2%2Fcomments&post=8010"}],"version-history":[{"count":1,"href":"https:\/\/cronicahd.ro\/index.php?rest_route=\/wp\/v2\/posts\/8010\/revisions"}],"predecessor-version":[{"id":8013,"href":"https:\/\/cronicahd.ro\/index.php?rest_route=\/wp\/v2\/posts\/8010\/revisions\/8013"}],"wp:featuredmedia":[{"embeddable":true,"href":"https:\/\/cronicahd.ro\/index.php?rest_route=\/wp\/v2\/media\/8012"}],"wp:attachment":[{"href":"https:\/\/cronicahd.ro\/index.php?rest_route=%2Fwp%2Fv2%2Fmedia&parent=8010"}],"wp:term":[{"taxonomy":"category","embeddable":true,"href":"https:\/\/cronicahd.ro\/index.php?rest_route=%2Fwp%2Fv2%2Fcategories&post=8010"},{"taxonomy":"post_tag","embeddable":true,"href":"https:\/\/cronicahd.ro\/index.php?rest_route=%2Fwp%2Fv2%2Ftags&post=8010"}],"curies":[{"name":"wp","href":"https:\/\/api.w.org\/{rel}","templated":true}]}}