{"id":8007,"date":"2026-04-17T12:29:54","date_gmt":"2026-04-17T12:29:54","guid":{"rendered":"https:\/\/cronicahd.ro\/?p=8007"},"modified":"2026-04-17T12:29:54","modified_gmt":"2026-04-17T12:29:54","slug":"ministrul-dezvoltarii-cseke-attila-zoltan-inaugureaza-luni-la-santamaria-orlea-a-65-a-cresa-realizata-prin-pnrr","status":"publish","type":"post","link":"https:\/\/cronicahd.ro\/?p=8007","title":{"rendered":"Ministrul Dezvolt\u0103rii, Cseke Attila Zoltan inaugureaz\u0103 luni la Santamaria Orlea a 65-a cre\u0219\u0103 realizat\u0103 prin PNRR"},"content":{"rendered":"<p class=\"p1\"><span class=\"s1\">Ministrul Dezvolt\u0103rii, Lucr\u0103rilor Publice \u0219i Administra\u021biei, Cseke Attila Zoltan, va efectua luni, 20 aprilie 2026, o vizit\u0103 de lucru \u00een localitatea S\u00e2nt\u0103m\u0103ria Orlea, jude\u021bul Hunedoara, cu prilejul inaugur\u0103rii celei de-a 65-a cre\u0219e realizate \u00een cadrul Programului guvernamental \u201eSf\u00e2nta Ana\u201d, finan\u021bat prin Planul Na\u021bional de Redresare \u0219i Rezilien\u021b\u0103 (PNRR).<\/span><\/p>\n<p class=\"p1\"><span class=\"s1\">\u00a0Noua cre\u0219\u0103 este construit\u0103 pentru un num\u0103r de 40 de copii \u0219i are regim de \u00een\u0103l\u021bime parter. Cl\u0103direa este organizat\u0103 \u00een trei nuclee func\u021bionale distincte: nucleul administrativ (zona de acces), nucleul destinat copiilor \u0219i nucleul tehnico-gospod\u0103resc.<\/span><\/p>\n<p class=\"p1\"><span class=\"s1\">Construc\u021bia are o l\u0103\u021bime de 34,10 m \u0219i o lungime total\u0103 de 47,90 m, iar \u00een\u0103l\u021bimea maxim\u0103 a acoperi\u0219ului \u00eenclinat este de 7,75 m. Accesul \u00een cl\u0103dire este separat pentru copii \u0219i personal, asigur\u00e2nd un flux func\u021bional eficient.<\/span><\/p>\n<p class=\"p1\"><span class=\"s1\">Cre\u0219a este proiectat\u0103 pentru a permite accesul persoanelor cu dizabilit\u0103\u021bi, fiind dotat\u0103 cu ramp\u0103 de acces, grupuri sanitare adaptate \u0219i circula\u021bii corespunz\u0103toare.<\/span><\/p>\n<p class=\"p1\"><span class=\"s1\">Terenul aferent este amenajat cu spa\u021bii verzi \u0219i locuri de joac\u0103 pentru copii, oferind un mediu sigur \u0219i prietenos pentru activit\u0103\u021bi educa\u021bionale \u0219i recreative. De asemenea, cl\u0103direa este echipat\u0103 cu panouri fotovoltaice \u0219i panouri solare, contribuind la eficien\u021ba energetic\u0103 \u0219i sustenabilitatea investi\u021biei.<\/span><\/p>\n<p class=\"p1\"><span class=\"s1\">Contractul de proiectare \u0219i execu\u021bie a fost semnat \u00een data de 16 iunie 2023, iar durata de realizare a investi\u021biei a fost de 2 luni pentru proiectare \u0219i 12 luni pentru execu\u021bie. Lucr\u0103rile au fost finalizate la \u00eenceputul anului 2026, stadiul fizic al investi\u021biei fiind de 100%.<\/span><\/p>\n<p class=\"p1\"><span class=\"s1\">Valoarea total\u0103 a investi\u021biei se ridic\u0103 la peste 11,3 milioane lei (cu TVA).<\/span><\/p>\n","protected":false},"excerpt":{"rendered":"<p>Ministrul Dezvolt\u0103rii, Lucr\u0103rilor Publice \u0219i Administra\u021biei, Cseke Attila Zoltan, va efectua luni, 20 aprilie 2026,&#8230;<\/p>\n","protected":false},"author":1,"featured_media":8008,"comment_status":"closed","ping_status":"closed","sticky":false,"template":"","format":"standard","meta":{"footnotes":""},"categories":[1,6],"tags":[],"class_list":["post-8007","post","type-post","status-publish","format-standard","has-post-thumbnail","hentry","category-actual","category-administratie"],"yoast_head":"<!-- This site is optimized with the Yoast SEO plugin v25.3.1 - https:\/\/yoast.com\/wordpress\/plugins\/seo\/ -->\n<title>Ministrul Dezvolt\u0103rii, Cseke Attila Zoltan inaugureaz\u0103 luni la Santamaria Orlea a 65-a cre\u0219\u0103 realizat\u0103 prin PNRR -<\/title>\n<meta name=\"robots\" content=\"index, follow, max-snippet:-1, max-image-preview:large, max-video-preview:-1\" \/>\n<link rel=\"canonical\" href=\"https:\/\/cronicahd.ro\/?p=8007\" \/>\n<meta property=\"og:locale\" content=\"ro_RO\" \/>\n<meta property=\"og:type\" content=\"article\" \/>\n<meta property=\"og:title\" content=\"Ministrul Dezvolt\u0103rii, Cseke Attila Zoltan inaugureaz\u0103 luni la Santamaria Orlea a 65-a cre\u0219\u0103 realizat\u0103 prin PNRR -\" \/>\n<meta property=\"og:description\" content=\"Ministrul Dezvolt\u0103rii, Lucr\u0103rilor Publice \u0219i Administra\u021biei, Cseke Attila Zoltan, va efectua luni, 20 aprilie 2026,...\" \/>\n<meta property=\"og:url\" content=\"https:\/\/cronicahd.ro\/?p=8007\" \/>\n<meta property=\"article:published_time\" content=\"2026-04-17T12:29:54+00:00\" \/>\n<meta property=\"og:image\" content=\"https:\/\/cronicahd.ro\/wp-content\/uploads\/2026\/04\/att.cinuBY-_kw8qNkSrF-KICyjdrLwUfdg2vnHLOk0713w.jpeg\" \/>\n\t<meta property=\"og:image:width\" content=\"846\" \/>\n\t<meta property=\"og:image:height\" content=\"720\" \/>\n\t<meta property=\"og:image:type\" content=\"image\/jpeg\" \/>\n<meta name=\"author\" content=\"admin\" \/>\n<meta name=\"twitter:card\" content=\"summary_large_image\" \/>\n<meta name=\"twitter:label1\" content=\"Scris de\" \/>\n\t<meta name=\"twitter:data1\" content=\"admin\" \/>\n\t<meta name=\"twitter:label2\" content=\"Timp estimat pentru citire\" \/>\n\t<meta name=\"twitter:data2\" content=\"2 minute\" \/>\n<script type=\"application\/ld+json\" class=\"yoast-schema-graph\">{\"@context\":\"https:\/\/schema.org\",\"@graph\":[{\"@type\":\"WebPage\",\"@id\":\"https:\/\/cronicahd.ro\/?p=8007\",\"url\":\"https:\/\/cronicahd.ro\/?p=8007\",\"name\":\"Ministrul Dezvolt\u0103rii, Cseke Attila Zoltan inaugureaz\u0103 luni la Santamaria Orlea a 65-a cre\u0219\u0103 realizat\u0103 prin PNRR -\",\"isPartOf\":{\"@id\":\"https:\/\/cronicahd.ro\/#website\"},\"primaryImageOfPage\":{\"@id\":\"https:\/\/cronicahd.ro\/?p=8007#primaryimage\"},\"image\":{\"@id\":\"https:\/\/cronicahd.ro\/?p=8007#primaryimage\"},\"thumbnailUrl\":\"https:\/\/cronicahd.ro\/wp-content\/uploads\/2026\/04\/att.cinuBY-_kw8qNkSrF-KICyjdrLwUfdg2vnHLOk0713w.jpeg\",\"datePublished\":\"2026-04-17T12:29:54+00:00\",\"author\":{\"@id\":\"https:\/\/cronicahd.ro\/#\/schema\/person\/d1a1277a8cd166610328e17aaf58bf46\"},\"breadcrumb\":{\"@id\":\"https:\/\/cronicahd.ro\/?p=8007#breadcrumb\"},\"inLanguage\":\"ro-RO\",\"potentialAction\":[{\"@type\":\"ReadAction\",\"target\":[\"https:\/\/cronicahd.ro\/?p=8007\"]}]},{\"@type\":\"ImageObject\",\"inLanguage\":\"ro-RO\",\"@id\":\"https:\/\/cronicahd.ro\/?p=8007#primaryimage\",\"url\":\"https:\/\/cronicahd.ro\/wp-content\/uploads\/2026\/04\/att.cinuBY-_kw8qNkSrF-KICyjdrLwUfdg2vnHLOk0713w.jpeg\",\"contentUrl\":\"https:\/\/cronicahd.ro\/wp-content\/uploads\/2026\/04\/att.cinuBY-_kw8qNkSrF-KICyjdrLwUfdg2vnHLOk0713w.jpeg\",\"width\":846,\"height\":720},{\"@type\":\"BreadcrumbList\",\"@id\":\"https:\/\/cronicahd.ro\/?p=8007#breadcrumb\",\"itemListElement\":[{\"@type\":\"ListItem\",\"position\":1,\"name\":\"Prima pagin\u0103\",\"item\":\"https:\/\/cronicahd.ro\/\"},{\"@type\":\"ListItem\",\"position\":2,\"name\":\"Ministrul Dezvolt\u0103rii, Cseke Attila Zoltan inaugureaz\u0103 luni la Santamaria Orlea a 65-a cre\u0219\u0103 realizat\u0103 prin PNRR\"}]},{\"@type\":\"WebSite\",\"@id\":\"https:\/\/cronicahd.ro\/#website\",\"url\":\"https:\/\/cronicahd.ro\/\",\"name\":\"\",\"description\":\"\",\"potentialAction\":[{\"@type\":\"SearchAction\",\"target\":{\"@type\":\"EntryPoint\",\"urlTemplate\":\"https:\/\/cronicahd.ro\/?s={search_term_string}\"},\"query-input\":{\"@type\":\"PropertyValueSpecification\",\"valueRequired\":true,\"valueName\":\"search_term_string\"}}],\"inLanguage\":\"ro-RO\"},{\"@type\":\"Person\",\"@id\":\"https:\/\/cronicahd.ro\/#\/schema\/person\/d1a1277a8cd166610328e17aaf58bf46\",\"name\":\"admin\",\"image\":{\"@type\":\"ImageObject\",\"inLanguage\":\"ro-RO\",\"@id\":\"https:\/\/cronicahd.ro\/#\/schema\/person\/image\/\",\"url\":\"https:\/\/secure.gravatar.com\/avatar\/24700337280d10898c2e0d19d44a05316bff9fccc941ecc5570ffe41668203f7?s=96&d=mm&r=g\",\"contentUrl\":\"https:\/\/secure.gravatar.com\/avatar\/24700337280d10898c2e0d19d44a05316bff9fccc941ecc5570ffe41668203f7?s=96&d=mm&r=g\",\"caption\":\"admin\"},\"sameAs\":[\"https:\/\/cronicavj.ro\"],\"url\":\"https:\/\/cronicahd.ro\/?author=1\"}]}<\/script>\n<!-- \/ Yoast SEO plugin. -->","yoast_head_json":{"title":"Ministrul Dezvolt\u0103rii, Cseke Attila Zoltan inaugureaz\u0103 luni la Santamaria Orlea a 65-a cre\u0219\u0103 realizat\u0103 prin PNRR -","robots":{"index":"index","follow":"follow","max-snippet":"max-snippet:-1","max-image-preview":"max-image-preview:large","max-video-preview":"max-video-preview:-1"},"canonical":"https:\/\/cronicahd.ro\/?p=8007","og_locale":"ro_RO","og_type":"article","og_title":"Ministrul Dezvolt\u0103rii, Cseke Attila Zoltan inaugureaz\u0103 luni la Santamaria Orlea a 65-a cre\u0219\u0103 realizat\u0103 prin PNRR -","og_description":"Ministrul Dezvolt\u0103rii, Lucr\u0103rilor Publice \u0219i Administra\u021biei, Cseke Attila Zoltan, va efectua luni, 20 aprilie 2026,...","og_url":"https:\/\/cronicahd.ro\/?p=8007","article_published_time":"2026-04-17T12:29:54+00:00","og_image":[{"width":846,"height":720,"url":"https:\/\/cronicahd.ro\/wp-content\/uploads\/2026\/04\/att.cinuBY-_kw8qNkSrF-KICyjdrLwUfdg2vnHLOk0713w.jpeg","type":"image\/jpeg"}],"author":"admin","twitter_card":"summary_large_image","twitter_misc":{"Scris de":"admin","Timp estimat pentru citire":"2 minute"},"schema":{"@context":"https:\/\/schema.org","@graph":[{"@type":"WebPage","@id":"https:\/\/cronicahd.ro\/?p=8007","url":"https:\/\/cronicahd.ro\/?p=8007","name":"Ministrul Dezvolt\u0103rii, Cseke Attila Zoltan inaugureaz\u0103 luni la Santamaria Orlea a 65-a cre\u0219\u0103 realizat\u0103 prin PNRR -","isPartOf":{"@id":"https:\/\/cronicahd.ro\/#website"},"primaryImageOfPage":{"@id":"https:\/\/cronicahd.ro\/?p=8007#primaryimage"},"image":{"@id":"https:\/\/cronicahd.ro\/?p=8007#primaryimage"},"thumbnailUrl":"https:\/\/cronicahd.ro\/wp-content\/uploads\/2026\/04\/att.cinuBY-_kw8qNkSrF-KICyjdrLwUfdg2vnHLOk0713w.jpeg","datePublished":"2026-04-17T12:29:54+00:00","author":{"@id":"https:\/\/cronicahd.ro\/#\/schema\/person\/d1a1277a8cd166610328e17aaf58bf46"},"breadcrumb":{"@id":"https:\/\/cronicahd.ro\/?p=8007#breadcrumb"},"inLanguage":"ro-RO","potentialAction":[{"@type":"ReadAction","target":["https:\/\/cronicahd.ro\/?p=8007"]}]},{"@type":"ImageObject","inLanguage":"ro-RO","@id":"https:\/\/cronicahd.ro\/?p=8007#primaryimage","url":"https:\/\/cronicahd.ro\/wp-content\/uploads\/2026\/04\/att.cinuBY-_kw8qNkSrF-KICyjdrLwUfdg2vnHLOk0713w.jpeg","contentUrl":"https:\/\/cronicahd.ro\/wp-content\/uploads\/2026\/04\/att.cinuBY-_kw8qNkSrF-KICyjdrLwUfdg2vnHLOk0713w.jpeg","width":846,"height":720},{"@type":"BreadcrumbList","@id":"https:\/\/cronicahd.ro\/?p=8007#breadcrumb","itemListElement":[{"@type":"ListItem","position":1,"name":"Prima pagin\u0103","item":"https:\/\/cronicahd.ro\/"},{"@type":"ListItem","position":2,"name":"Ministrul Dezvolt\u0103rii, Cseke Attila Zoltan inaugureaz\u0103 luni la Santamaria Orlea a 65-a cre\u0219\u0103 realizat\u0103 prin PNRR"}]},{"@type":"WebSite","@id":"https:\/\/cronicahd.ro\/#website","url":"https:\/\/cronicahd.ro\/","name":"","description":"","potentialAction":[{"@type":"SearchAction","target":{"@type":"EntryPoint","urlTemplate":"https:\/\/cronicahd.ro\/?s={search_term_string}"},"query-input":{"@type":"PropertyValueSpecification","valueRequired":true,"valueName":"search_term_string"}}],"inLanguage":"ro-RO"},{"@type":"Person","@id":"https:\/\/cronicahd.ro\/#\/schema\/person\/d1a1277a8cd166610328e17aaf58bf46","name":"admin","image":{"@type":"ImageObject","inLanguage":"ro-RO","@id":"https:\/\/cronicahd.ro\/#\/schema\/person\/image\/","url":"https:\/\/secure.gravatar.com\/avatar\/24700337280d10898c2e0d19d44a05316bff9fccc941ecc5570ffe41668203f7?s=96&d=mm&r=g","contentUrl":"https:\/\/secure.gravatar.com\/avatar\/24700337280d10898c2e0d19d44a05316bff9fccc941ecc5570ffe41668203f7?s=96&d=mm&r=g","caption":"admin"},"sameAs":["https:\/\/cronicavj.ro"],"url":"https:\/\/cronicahd.ro\/?author=1"}]}},"_links":{"self":[{"href":"https:\/\/cronicahd.ro\/index.php?rest_route=\/wp\/v2\/posts\/8007","targetHints":{"allow":["GET"]}}],"collection":[{"href":"https:\/\/cronicahd.ro\/index.php?rest_route=\/wp\/v2\/posts"}],"about":[{"href":"https:\/\/cronicahd.ro\/index.php?rest_route=\/wp\/v2\/types\/post"}],"author":[{"embeddable":true,"href":"https:\/\/cronicahd.ro\/index.php?rest_route=\/wp\/v2\/users\/1"}],"replies":[{"embeddable":true,"href":"https:\/\/cronicahd.ro\/index.php?rest_route=%2Fwp%2Fv2%2Fcomments&post=8007"}],"version-history":[{"count":1,"href":"https:\/\/cronicahd.ro\/index.php?rest_route=\/wp\/v2\/posts\/8007\/revisions"}],"predecessor-version":[{"id":8009,"href":"https:\/\/cronicahd.ro\/index.php?rest_route=\/wp\/v2\/posts\/8007\/revisions\/8009"}],"wp:featuredmedia":[{"embeddable":true,"href":"https:\/\/cronicahd.ro\/index.php?rest_route=\/wp\/v2\/media\/8008"}],"wp:attachment":[{"href":"https:\/\/cronicahd.ro\/index.php?rest_route=%2Fwp%2Fv2%2Fmedia&parent=8007"}],"wp:term":[{"taxonomy":"category","embeddable":true,"href":"https:\/\/cronicahd.ro\/index.php?rest_route=%2Fwp%2Fv2%2Fcategories&post=8007"},{"taxonomy":"post_tag","embeddable":true,"href":"https:\/\/cronicahd.ro\/index.php?rest_route=%2Fwp%2Fv2%2Ftags&post=8007"}],"curies":[{"name":"wp","href":"https:\/\/api.w.org\/{rel}","templated":true}]}}