{"id":7985,"date":"2026-04-17T09:13:02","date_gmt":"2026-04-17T09:13:02","guid":{"rendered":"https:\/\/cronicahd.ro\/?p=7985"},"modified":"2026-04-17T09:13:02","modified_gmt":"2026-04-17T09:13:02","slug":"mina-aninoasa-s-a-inchis-acum-20-de-ani","status":"publish","type":"post","link":"https:\/\/cronicahd.ro\/?p=7985","title":{"rendered":"Mina Aninoasa s-a \u00eenchis acum 20 de ani"},"content":{"rendered":"<p><img loading=\"lazy\" decoding=\"async\" class=\"alignnone size-full wp-image-7987\" src=\"https:\/\/cronicahd.ro\/wp-content\/uploads\/2026\/04\/a1.jpg\" alt=\"\" width=\"2048\" height=\"1536\" srcset=\"https:\/\/cronicahd.ro\/wp-content\/uploads\/2026\/04\/a1.jpg 2048w, https:\/\/cronicahd.ro\/wp-content\/uploads\/2026\/04\/a1-300x225.jpg 300w, https:\/\/cronicahd.ro\/wp-content\/uploads\/2026\/04\/a1-1024x768.jpg 1024w, https:\/\/cronicahd.ro\/wp-content\/uploads\/2026\/04\/a1-768x576.jpg 768w, https:\/\/cronicahd.ro\/wp-content\/uploads\/2026\/04\/a1-1536x1152.jpg 1536w\" sizes=\"auto, (max-width: 2048px) 100vw, 2048px\" \/>17 APRILIE 2006 scrie pe ultimul vagonet de c\u0103rbune care a fost scos din mina Aninoasa acum fix dou\u0103 decenii. Am ajuns acum, la ani distan\u021b\u0103 de momentul care a condamnat ora\u0219ul la istorica intrare \u00een faliment \u0219i am g\u0103sit totul \u0219i mai degradant.<br \/>\nDar oamenii nu \u0219i-au pierdut speran\u021ba. Printre ruinele n\u0103p\u0103dite de mizerii \u0219i de\u0219euri, ale vechilor cl\u0103diri, \u00een containerele modulare amplasate dup\u0103 cutremur, am g\u0103sit oameni uita\u021bi parc\u0103 de timp. F\u0103r\u0103 din\u021bi, cu c\u00e2te un bidon de plastic \u00een care c\u0103rau ap\u0103, ca s\u0103 fac\u0103 ceva de m\u00e2ncare pe un re\u0219ou electric, \u0219i primarul ora\u0219ului, care c\u0103uta solu\u021bii s\u0103 trag\u0103 de banii din buget, ca s\u0103 \u00eei ajung\u0103.<\/p>\n<p>&nbsp;<\/p>\n<p>Mina Aninoasa a fost totul pentru localnici<\/p>\n<p>Sus, pe dealul ce c\u00e2ndva ad\u0103postea cl\u0103dirile administra\u021biei minei, a mai r\u0103mas o instala\u021bie veche \u0219i imaginea unuia dintre cei mai cunoscu\u021bi brigadieri ai ora\u0219ului, Toni, a\u0219a cum l-a surprins \u00een muralul s\u0103u, artistul Cristian Scutaru.<br \/>\nDincolo de asta, pe mesele din fa\u021ba containerelor am g\u0103sit buc\u0103\u021bi de p\u00e2ine r\u0103mase de la vreun pr\u00e2nz, copii \u00eembr\u0103ca\u021bi s\u0103r\u0103c\u0103cios, femei care mi-au spus c\u0103 sunt \u201ev\u0103dane toate\u201d \u0219i c\u00e2\u021biva oameni care \u00eencercau s\u0103 supravie\u021buiasc\u0103 \u0219i acestei zile. \u00cen rest, multe haine puse la uscat \u00eentre dou\u0103 bar\u0103ci, un miros \u00een\u021bep\u0103tor ce venea din latrine \u0219i c\u00e2ini despre care oamenii de aici spun c\u0103 \u00eei \u021bin ca s\u0103 alunge \u0219acalii sau ur\u0219ii ce coboar\u0103, uneori, p\u00e2n\u0103 la containerele lor.<\/p>\n<p><img loading=\"lazy\" decoding=\"async\" class=\"alignnone size-full wp-image-7994\" src=\"https:\/\/cronicahd.ro\/wp-content\/uploads\/2026\/04\/a8.jpg\" alt=\"\" width=\"1536\" height=\"2048\" srcset=\"https:\/\/cronicahd.ro\/wp-content\/uploads\/2026\/04\/a8.jpg 1536w, https:\/\/cronicahd.ro\/wp-content\/uploads\/2026\/04\/a8-225x300.jpg 225w, https:\/\/cronicahd.ro\/wp-content\/uploads\/2026\/04\/a8-768x1024.jpg 768w, https:\/\/cronicahd.ro\/wp-content\/uploads\/2026\/04\/a8-1152x1536.jpg 1152w, https:\/\/cronicahd.ro\/wp-content\/uploads\/2026\/04\/a8-1024x1365.jpg 1024w\" sizes=\"auto, (max-width: 1536px) 100vw, 1536px\" \/><br \/>\n\u201eSo\u021bul meu a lucrat aici la min\u0103. Mul\u021bi lucrau. De aici ne-am c\u00e2\u0219tigat masa. Am tr\u0103it bine. Dar acum s-a dus totul, odat\u0103 cu \u00eenchiderea mineri. Nou\u0103 ne-a d\u0103r\u00e2mat coloniile \u0219i a\u0219tept s\u0103 m\u0103 mute la bloc. Cum au trecut 20 de ani? Greu, foarte greu. Nu mai e ce a fost \u00eenainte. Cine a zis c\u0103 Valea Jiului e Valea pl\u00e2ngerii a avut dreptate\u201d, mi-a spus o femeie care st\u0103tea afar\u0103, cu o feti\u021b\u0103 mic\u0103 de m\u00e2n\u0103.<br \/>\nAl\u021bi copii se i\u021beau pe la geamurile containerelor modulare, curio\u0219i s\u0103 vad\u0103 cine a ajuns acolo, \u00een timp ce pentru al\u021bii, spa\u021biul de joac\u0103 reprezenta un morman de fiare vechi, adunate \u00een spatele unor containere.<\/p>\n<p><img loading=\"lazy\" decoding=\"async\" class=\"alignnone size-full wp-image-7992\" src=\"https:\/\/cronicahd.ro\/wp-content\/uploads\/2026\/04\/a6.jpg\" alt=\"\" width=\"2048\" height=\"1536\" srcset=\"https:\/\/cronicahd.ro\/wp-content\/uploads\/2026\/04\/a6.jpg 2048w, https:\/\/cronicahd.ro\/wp-content\/uploads\/2026\/04\/a6-300x225.jpg 300w, https:\/\/cronicahd.ro\/wp-content\/uploads\/2026\/04\/a6-1024x768.jpg 1024w, https:\/\/cronicahd.ro\/wp-content\/uploads\/2026\/04\/a6-768x576.jpg 768w, https:\/\/cronicahd.ro\/wp-content\/uploads\/2026\/04\/a6-1536x1152.jpg 1536w\" sizes=\"auto, (max-width: 2048px) 100vw, 2048px\" \/><br \/>\n\u201eAm lucrat la mina Aninoasa, peste 6 ani. Am ie\u0219it cu Ordonan\u021ba, c\u0103 ne-au spus c\u0103 dac\u0103 nu ie\u0219im, nici bani nu mai lu\u0103m de ordonan\u021b\u0103. Dar e greu acum. Am lucrat apoi \u00een Cehia, unde am lucrat. Nu v\u0103d logica. \u00cen Rom\u00e2nia noastr\u0103 este totul un dezastru. Am lucrat acolo, era bine, lucram pe \u0219antier, dar la noi nu erau. De ce s\u0103 plec\u0103m? Rom\u00e2nia e frumoas\u0103, dar nu avem grij\u0103 de ea\u201d, a spus un alt b\u0103rbat, care ie\u0219ise s\u0103 ia ap\u0103, din containerul pe care l-a numit barac\u0103, cu dou\u0103 bidoane de 5 l de ap\u0103. A zis c\u0103 g\u0103te\u0219te \u00een\u0103untru, pe un re\u0219ou \u0219i asta e via\u021ba lui acum.<br \/>\n\u201eAici a lucrat \u0219i so\u021bul meu, la min\u0103. A murit \u0219i am r\u0103mas doar eu. A dus o via\u021b\u0103 de miner. Ne-au evacuat din colonia veche \u0219i st\u0103m \u00een aceste containere. So\u021bul meu a tr\u0103it foarte greu dup\u0103 ce s-a \u00eenchis mina. A lucrat 35 de ani, dar nu a mai putut suporta\u201d, a spus o alt\u0103 femeie.<\/p>\n<p><img loading=\"lazy\" decoding=\"async\" class=\"alignnone size-full wp-image-7990\" src=\"https:\/\/cronicahd.ro\/wp-content\/uploads\/2026\/04\/a4.jpg\" alt=\"\" width=\"2048\" height=\"1536\" srcset=\"https:\/\/cronicahd.ro\/wp-content\/uploads\/2026\/04\/a4.jpg 2048w, https:\/\/cronicahd.ro\/wp-content\/uploads\/2026\/04\/a4-300x225.jpg 300w, https:\/\/cronicahd.ro\/wp-content\/uploads\/2026\/04\/a4-1024x768.jpg 1024w, https:\/\/cronicahd.ro\/wp-content\/uploads\/2026\/04\/a4-768x576.jpg 768w, https:\/\/cronicahd.ro\/wp-content\/uploads\/2026\/04\/a4-1536x1152.jpg 1536w\" sizes=\"auto, (max-width: 2048px) 100vw, 2048px\" \/><br \/>\nLa prim\u0103rie, Nicolae Dunca, primarul actual al ora\u0219ului care a fost primul \u0219i singurul care a intrat \u00een insolven\u021b\u0103 din Rom\u00e2nia, lucra la buget. L-am dus la vagonetul pe care scrie 17 aprilie 2006, l\u00e2ng\u0103 una dintre cele mai mari cl\u0103diri din acest ora\u0219, acum cu geamurile sparte \u0219i u\u0219ile furate, sau date la perete. Aici, c\u00e2ndva era un adev\u0103rat centru comercial.<br \/>\n\u201eMina a fost \u00eenchis\u0103 \u00een 17 aprilie 2006, ecologizat\u0103 \u0219i de aici a \u00eenceput declinul. Popula\u021bia e tot mai mic\u0103, veniturile noastre \u0219i mai mici. Eu sunt foarte nemul\u021bumit c\u0103 vina mare o are statul rom\u00e2n, care, prin ac\u021biunile cunoscute, au adus zeci de mii de mineri \u00een Valea Jiului. Iar apoi, au desfiin\u021bat minele tot ei, iar \u00een loc nu au pus nimic. Este regretabil \u0219i azi-m\u00e2ine, se vor \u00eenchide toate minele din Valea Jiului, iar soarta ar putea fi aceea\u0219i\u201d, a spus Nicolae Dunca.<\/p>\n<p><img loading=\"lazy\" decoding=\"async\" class=\"alignnone size-full wp-image-7993\" src=\"https:\/\/cronicahd.ro\/wp-content\/uploads\/2026\/04\/a7.jpg\" alt=\"\" width=\"1996\" height=\"1536\" srcset=\"https:\/\/cronicahd.ro\/wp-content\/uploads\/2026\/04\/a7.jpg 1996w, https:\/\/cronicahd.ro\/wp-content\/uploads\/2026\/04\/a7-300x231.jpg 300w, https:\/\/cronicahd.ro\/wp-content\/uploads\/2026\/04\/a7-1024x788.jpg 1024w, https:\/\/cronicahd.ro\/wp-content\/uploads\/2026\/04\/a7-768x591.jpg 768w, https:\/\/cronicahd.ro\/wp-content\/uploads\/2026\/04\/a7-1536x1182.jpg 1536w\" sizes=\"auto, (max-width: 1996px) 100vw, 1996px\" \/><br \/>\n\u0218i Aninoasa pare re\u021beta standard care a ar\u0103tat c\u0103 ac\u021biunile lui Ceau\u0219escu au f\u0103cut r\u0103u atunci, ca mai apoi, to\u021bi oamenii adu\u0219i din toate col\u021burile \u021b\u0103rii, s\u0103 r\u0103m\u00e2n\u0103 pe drumuri, cu o brum\u0103 de bani luat\u0103 la momentul disponibiliz\u0103rilor. Zona s-a degradat, cl\u0103dirile s-au n\u0103ruit, de vechi ce erau \u0219i ajutate de cutremurele recente, iar aici, ca \u00een Infern, speran\u021ba moare ultima.<br \/>\n\u201eDup\u0103 recens\u0103m\u00e2nt, nu mai avem nici 4000 de oameni, at\u00e2t c\u00e2t erau numai angaja\u021bii la mina Aninoasa. Tinerii au plecat. Noi am accesat bani europeni \u0219i avem un proiect c\u00e2\u0219tigat pe zona fostei mine, pe regenerare urban\u0103 pe ADR Vest. O scoatem la licita\u021bie \u0219i sus am v\u00e2ndut o bucat\u0103 de teren unui investitor care vrea s\u0103 deschid\u0103 o fabric\u0103 \u00een viitor. Mai avem un alt investitor care are o hal\u0103 concesionat\u0103, acum vrea s\u0103 o cumpere, ca s\u0103 depun\u0103 o cerere s\u0103 acceseze \u0219i el fonduri europene. Deci, pe viitor, eu zic c\u0103 s-ar putea crea, \u00eencet-\u00eencet, locuri de munc\u0103 \u0219i tinerii s\u0103 nu mai plece din ora\u0219\u201d, a conchis, cu optimism, Nicolae Dunca.<\/p>\n<p><img loading=\"lazy\" decoding=\"async\" class=\"alignnone size-full wp-image-7988\" src=\"https:\/\/cronicahd.ro\/wp-content\/uploads\/2026\/04\/a2.jpg\" alt=\"\" width=\"2048\" height=\"1536\" srcset=\"https:\/\/cronicahd.ro\/wp-content\/uploads\/2026\/04\/a2.jpg 2048w, https:\/\/cronicahd.ro\/wp-content\/uploads\/2026\/04\/a2-300x225.jpg 300w, https:\/\/cronicahd.ro\/wp-content\/uploads\/2026\/04\/a2-1024x768.jpg 1024w, https:\/\/cronicahd.ro\/wp-content\/uploads\/2026\/04\/a2-768x576.jpg 768w, https:\/\/cronicahd.ro\/wp-content\/uploads\/2026\/04\/a2-1536x1152.jpg 1536w\" sizes=\"auto, (max-width: 2048px) 100vw, 2048px\" \/><br \/>\nAninoasa e primul ora\u0219 al V\u0103ii Jiului care a suferit dup\u0103 ce s-a \u00eenchis mina\u0219i tot primul \u00een care, dup\u0103 cutremur, oamenii au fost muta\u021bi \u00een containerele amplasate pe vechia platform\u0103 a minei. \u0218i lucrurile par \u00eencremenite, la dou\u0103 decenii distan\u021b\u0103 de momentul \u00een care de aici s-a scos ultimul vagon de huil\u0103.<\/p>\n<p>Diana Mitrache<\/p>\n","protected":false},"excerpt":{"rendered":"<p>17 APRILIE 2006 scrie pe ultimul vagonet de c\u0103rbune care a fost scos din mina&#8230;<\/p>\n","protected":false},"author":1,"featured_media":7986,"comment_status":"closed","ping_status":"closed","sticky":false,"template":"","format":"standard","meta":{"footnotes":""},"categories":[1,11],"tags":[],"class_list":["post-7985","post","type-post","status-publish","format-standard","has-post-thumbnail","hentry","category-actual","category-reportaj"],"yoast_head":"<!-- This site is optimized with the Yoast SEO plugin v25.3.1 - https:\/\/yoast.com\/wordpress\/plugins\/seo\/ -->\n<title>Mina Aninoasa s-a \u00eenchis acum 20 de ani -<\/title>\n<meta name=\"robots\" content=\"index, follow, max-snippet:-1, max-image-preview:large, max-video-preview:-1\" \/>\n<link rel=\"canonical\" href=\"https:\/\/cronicahd.ro\/?p=7985\" \/>\n<meta property=\"og:locale\" content=\"ro_RO\" \/>\n<meta property=\"og:type\" content=\"article\" \/>\n<meta property=\"og:title\" content=\"Mina Aninoasa s-a \u00eenchis acum 20 de ani -\" \/>\n<meta property=\"og:description\" content=\"17 APRILIE 2006 scrie pe ultimul vagonet de c\u0103rbune care a fost scos din mina...\" \/>\n<meta property=\"og:url\" content=\"https:\/\/cronicahd.ro\/?p=7985\" \/>\n<meta property=\"article:published_time\" content=\"2026-04-17T09:13:02+00:00\" \/>\n<meta property=\"og:image\" content=\"https:\/\/cronicahd.ro\/wp-content\/uploads\/2026\/04\/a0.jpg\" \/>\n\t<meta property=\"og:image:width\" content=\"2048\" \/>\n\t<meta property=\"og:image:height\" content=\"1536\" \/>\n\t<meta property=\"og:image:type\" content=\"image\/jpeg\" \/>\n<meta name=\"author\" content=\"admin\" \/>\n<meta name=\"twitter:card\" content=\"summary_large_image\" \/>\n<meta name=\"twitter:label1\" content=\"Scris de\" \/>\n\t<meta name=\"twitter:data1\" content=\"admin\" \/>\n\t<meta name=\"twitter:label2\" content=\"Timp estimat pentru citire\" \/>\n\t<meta name=\"twitter:data2\" content=\"7 minute\" \/>\n<script type=\"application\/ld+json\" class=\"yoast-schema-graph\">{\"@context\":\"https:\/\/schema.org\",\"@graph\":[{\"@type\":\"WebPage\",\"@id\":\"https:\/\/cronicahd.ro\/?p=7985\",\"url\":\"https:\/\/cronicahd.ro\/?p=7985\",\"name\":\"Mina Aninoasa s-a \u00eenchis acum 20 de ani -\",\"isPartOf\":{\"@id\":\"https:\/\/cronicahd.ro\/#website\"},\"primaryImageOfPage\":{\"@id\":\"https:\/\/cronicahd.ro\/?p=7985#primaryimage\"},\"image\":{\"@id\":\"https:\/\/cronicahd.ro\/?p=7985#primaryimage\"},\"thumbnailUrl\":\"https:\/\/cronicahd.ro\/wp-content\/uploads\/2026\/04\/a0.jpg\",\"datePublished\":\"2026-04-17T09:13:02+00:00\",\"author\":{\"@id\":\"https:\/\/cronicahd.ro\/#\/schema\/person\/d1a1277a8cd166610328e17aaf58bf46\"},\"breadcrumb\":{\"@id\":\"https:\/\/cronicahd.ro\/?p=7985#breadcrumb\"},\"inLanguage\":\"ro-RO\",\"potentialAction\":[{\"@type\":\"ReadAction\",\"target\":[\"https:\/\/cronicahd.ro\/?p=7985\"]}]},{\"@type\":\"ImageObject\",\"inLanguage\":\"ro-RO\",\"@id\":\"https:\/\/cronicahd.ro\/?p=7985#primaryimage\",\"url\":\"https:\/\/cronicahd.ro\/wp-content\/uploads\/2026\/04\/a0.jpg\",\"contentUrl\":\"https:\/\/cronicahd.ro\/wp-content\/uploads\/2026\/04\/a0.jpg\",\"width\":2048,\"height\":1536},{\"@type\":\"BreadcrumbList\",\"@id\":\"https:\/\/cronicahd.ro\/?p=7985#breadcrumb\",\"itemListElement\":[{\"@type\":\"ListItem\",\"position\":1,\"name\":\"Prima pagin\u0103\",\"item\":\"https:\/\/cronicahd.ro\/\"},{\"@type\":\"ListItem\",\"position\":2,\"name\":\"Mina Aninoasa s-a \u00eenchis acum 20 de ani\"}]},{\"@type\":\"WebSite\",\"@id\":\"https:\/\/cronicahd.ro\/#website\",\"url\":\"https:\/\/cronicahd.ro\/\",\"name\":\"\",\"description\":\"\",\"potentialAction\":[{\"@type\":\"SearchAction\",\"target\":{\"@type\":\"EntryPoint\",\"urlTemplate\":\"https:\/\/cronicahd.ro\/?s={search_term_string}\"},\"query-input\":{\"@type\":\"PropertyValueSpecification\",\"valueRequired\":true,\"valueName\":\"search_term_string\"}}],\"inLanguage\":\"ro-RO\"},{\"@type\":\"Person\",\"@id\":\"https:\/\/cronicahd.ro\/#\/schema\/person\/d1a1277a8cd166610328e17aaf58bf46\",\"name\":\"admin\",\"image\":{\"@type\":\"ImageObject\",\"inLanguage\":\"ro-RO\",\"@id\":\"https:\/\/cronicahd.ro\/#\/schema\/person\/image\/\",\"url\":\"https:\/\/secure.gravatar.com\/avatar\/24700337280d10898c2e0d19d44a05316bff9fccc941ecc5570ffe41668203f7?s=96&d=mm&r=g\",\"contentUrl\":\"https:\/\/secure.gravatar.com\/avatar\/24700337280d10898c2e0d19d44a05316bff9fccc941ecc5570ffe41668203f7?s=96&d=mm&r=g\",\"caption\":\"admin\"},\"sameAs\":[\"https:\/\/cronicavj.ro\"],\"url\":\"https:\/\/cronicahd.ro\/?author=1\"}]}<\/script>\n<!-- \/ Yoast SEO plugin. -->","yoast_head_json":{"title":"Mina Aninoasa s-a \u00eenchis acum 20 de ani -","robots":{"index":"index","follow":"follow","max-snippet":"max-snippet:-1","max-image-preview":"max-image-preview:large","max-video-preview":"max-video-preview:-1"},"canonical":"https:\/\/cronicahd.ro\/?p=7985","og_locale":"ro_RO","og_type":"article","og_title":"Mina Aninoasa s-a \u00eenchis acum 20 de ani -","og_description":"17 APRILIE 2006 scrie pe ultimul vagonet de c\u0103rbune care a fost scos din mina...","og_url":"https:\/\/cronicahd.ro\/?p=7985","article_published_time":"2026-04-17T09:13:02+00:00","og_image":[{"width":2048,"height":1536,"url":"https:\/\/cronicahd.ro\/wp-content\/uploads\/2026\/04\/a0.jpg","type":"image\/jpeg"}],"author":"admin","twitter_card":"summary_large_image","twitter_misc":{"Scris de":"admin","Timp estimat pentru citire":"7 minute"},"schema":{"@context":"https:\/\/schema.org","@graph":[{"@type":"WebPage","@id":"https:\/\/cronicahd.ro\/?p=7985","url":"https:\/\/cronicahd.ro\/?p=7985","name":"Mina Aninoasa s-a \u00eenchis acum 20 de ani -","isPartOf":{"@id":"https:\/\/cronicahd.ro\/#website"},"primaryImageOfPage":{"@id":"https:\/\/cronicahd.ro\/?p=7985#primaryimage"},"image":{"@id":"https:\/\/cronicahd.ro\/?p=7985#primaryimage"},"thumbnailUrl":"https:\/\/cronicahd.ro\/wp-content\/uploads\/2026\/04\/a0.jpg","datePublished":"2026-04-17T09:13:02+00:00","author":{"@id":"https:\/\/cronicahd.ro\/#\/schema\/person\/d1a1277a8cd166610328e17aaf58bf46"},"breadcrumb":{"@id":"https:\/\/cronicahd.ro\/?p=7985#breadcrumb"},"inLanguage":"ro-RO","potentialAction":[{"@type":"ReadAction","target":["https:\/\/cronicahd.ro\/?p=7985"]}]},{"@type":"ImageObject","inLanguage":"ro-RO","@id":"https:\/\/cronicahd.ro\/?p=7985#primaryimage","url":"https:\/\/cronicahd.ro\/wp-content\/uploads\/2026\/04\/a0.jpg","contentUrl":"https:\/\/cronicahd.ro\/wp-content\/uploads\/2026\/04\/a0.jpg","width":2048,"height":1536},{"@type":"BreadcrumbList","@id":"https:\/\/cronicahd.ro\/?p=7985#breadcrumb","itemListElement":[{"@type":"ListItem","position":1,"name":"Prima pagin\u0103","item":"https:\/\/cronicahd.ro\/"},{"@type":"ListItem","position":2,"name":"Mina Aninoasa s-a \u00eenchis acum 20 de ani"}]},{"@type":"WebSite","@id":"https:\/\/cronicahd.ro\/#website","url":"https:\/\/cronicahd.ro\/","name":"","description":"","potentialAction":[{"@type":"SearchAction","target":{"@type":"EntryPoint","urlTemplate":"https:\/\/cronicahd.ro\/?s={search_term_string}"},"query-input":{"@type":"PropertyValueSpecification","valueRequired":true,"valueName":"search_term_string"}}],"inLanguage":"ro-RO"},{"@type":"Person","@id":"https:\/\/cronicahd.ro\/#\/schema\/person\/d1a1277a8cd166610328e17aaf58bf46","name":"admin","image":{"@type":"ImageObject","inLanguage":"ro-RO","@id":"https:\/\/cronicahd.ro\/#\/schema\/person\/image\/","url":"https:\/\/secure.gravatar.com\/avatar\/24700337280d10898c2e0d19d44a05316bff9fccc941ecc5570ffe41668203f7?s=96&d=mm&r=g","contentUrl":"https:\/\/secure.gravatar.com\/avatar\/24700337280d10898c2e0d19d44a05316bff9fccc941ecc5570ffe41668203f7?s=96&d=mm&r=g","caption":"admin"},"sameAs":["https:\/\/cronicavj.ro"],"url":"https:\/\/cronicahd.ro\/?author=1"}]}},"_links":{"self":[{"href":"https:\/\/cronicahd.ro\/index.php?rest_route=\/wp\/v2\/posts\/7985","targetHints":{"allow":["GET"]}}],"collection":[{"href":"https:\/\/cronicahd.ro\/index.php?rest_route=\/wp\/v2\/posts"}],"about":[{"href":"https:\/\/cronicahd.ro\/index.php?rest_route=\/wp\/v2\/types\/post"}],"author":[{"embeddable":true,"href":"https:\/\/cronicahd.ro\/index.php?rest_route=\/wp\/v2\/users\/1"}],"replies":[{"embeddable":true,"href":"https:\/\/cronicahd.ro\/index.php?rest_route=%2Fwp%2Fv2%2Fcomments&post=7985"}],"version-history":[{"count":1,"href":"https:\/\/cronicahd.ro\/index.php?rest_route=\/wp\/v2\/posts\/7985\/revisions"}],"predecessor-version":[{"id":7995,"href":"https:\/\/cronicahd.ro\/index.php?rest_route=\/wp\/v2\/posts\/7985\/revisions\/7995"}],"wp:featuredmedia":[{"embeddable":true,"href":"https:\/\/cronicahd.ro\/index.php?rest_route=\/wp\/v2\/media\/7986"}],"wp:attachment":[{"href":"https:\/\/cronicahd.ro\/index.php?rest_route=%2Fwp%2Fv2%2Fmedia&parent=7985"}],"wp:term":[{"taxonomy":"category","embeddable":true,"href":"https:\/\/cronicahd.ro\/index.php?rest_route=%2Fwp%2Fv2%2Fcategories&post=7985"},{"taxonomy":"post_tag","embeddable":true,"href":"https:\/\/cronicahd.ro\/index.php?rest_route=%2Fwp%2Fv2%2Ftags&post=7985"}],"curies":[{"name":"wp","href":"https:\/\/api.w.org\/{rel}","templated":true}]}}