{"id":7979,"date":"2026-04-17T08:27:47","date_gmt":"2026-04-17T08:27:47","guid":{"rendered":"https:\/\/cronicahd.ro\/?p=7979"},"modified":"2026-04-17T08:27:47","modified_gmt":"2026-04-17T08:27:47","slug":"psd-hunedoara-cere-schimbarea-urgenta-a-directiei-guvernarii","status":"publish","type":"post","link":"https:\/\/cronicahd.ro\/?p=7979","title":{"rendered":"PSD Hunedoara cere schimbarea urgent\u0103 a direc\u021biei guvern\u0103rii"},"content":{"rendered":"<p>&nbsp;<\/p>\n<p>Datele recente confirm\u0103 realitatea resim\u021bit\u0103 zilnic de hunedoreni: economia este \u00een declin, iar Rom\u00e2nia se confrunt\u0103 deja cu o criz\u0103 profund\u0103 \u0219i semne clare de recesiune. \u00cen aceste condi\u021bii, se impun m\u0103suri urgente pentru redresare.<\/p>\n<p>Partidul Social Democrat, Organiza\u021bia Jude\u021bean\u0103 Hunedoara, atrage aten\u021bia c\u0103 este nevoie urgent\u0103 de o schimbare de direc\u021bie \u00een actul de guvernare. Continuarea unei strategii care \u0219i-a demonstrat e\u0219ecul nu poate dec\u00e2t s\u0103 agraveze situa\u021bia economic\u0103 \u0219i social\u0103.<\/p>\n<p>Un partid responsabil intervine atunci c\u00e2nd economia este afectat\u0103 \u0219i c\u00e2nd nivelul de trai al cet\u0103\u021benilor se degradeaz\u0103. Din p\u0103cate, actualele politici guvernamentale au produs efecte grave, resim\u021bite \u00een mod direct de milioane de rom\u00e2ni.<\/p>\n<p>Principalele efecte ale deciziilor gre\u0219ite ale premierului Ilie Bolojan:<br \/>\n\u2022 Austeritatea a pus povara aproape exclusiv pe rom\u00e2nii cu venituri mici \u0219i medii, accentu\u00e2nd inegalit\u0103\u021bile sociale.<br \/>\n\u2022 Puterea de cump\u0103rare a salaria\u021bilor a \u00eenregistrat cea mai sever\u0103 sc\u0103dere din ultimii 15 ani, cu un declin general de 8,2% \u00een ultimele 8 luni.<br \/>\n\u2022 \u00cen sectoare esen\u021biale precum Educa\u021bia, Administra\u021bia \u0219i S\u0103n\u0103tatea, sc\u0103derile au ajuns la niveluri alarmante: p\u00e2n\u0103 la 15% \u00een cazul profesorilor.<br \/>\n\u2022 Pensionarii se confrunt\u0103 cu cea mai puternic\u0103 depreciere a puterii de cump\u0103rare din ultimii 25 de ani, pe fondul exploziei infla\u021biei generate de m\u0103surile de austeritate.<\/p>\n<p>Majorarea TVA \u0219i a accizelor, precum \u0219i alte m\u0103suri fiscale regresive au afectat \u00een mod dispropor\u021bionat categoriile vulnerabile. Cet\u0103\u021benii cu venituri reduse au fost \u00eempin\u0219i c\u0103tre deprivare material\u0103 sever\u0103, fiind nevoi\u021bi s\u0103 reduc\u0103 cheltuieli esen\u021biale, inclusiv pentru hran\u0103 \u0219i medicamente. \u00cen acela\u0219i timp, clasa de mijloc a fost sl\u0103bit\u0103 semnificativ, iar tensiunile sociale au crescut, f\u0103r\u0103 ca aceste sacrificii s\u0103 aduc\u0103 beneficii reale la bugetul de stat.<\/p>\n<p>PSD s-a opus constant acestor politici \u0219i a propus solu\u021bii alternative pentru evitarea actualei situa\u021bii, \u00eens\u0103 nu guverneaz\u0103 singur, iar strategia executiv\u0103 apar\u021bine premierului, care, \u00een mod repetat, a respins sau a ignorat propunerile social-democrate f\u0103r\u0103 explica\u021bii \u0219i cu \u00eenc\u0103lcarea acordului politic ce prevede adoptarea deciziilor majore prin consens, inclusiv \u00een cazuri precum introducerea CASS pentru mame \u0219i veterani f\u0103r\u0103 acordul PSD, tentativa de suspendare a plafon\u0103rii adaosului comercial la alimente, \u00eent\u00e2rzierea cu \u0219ase luni a programului de stimulare economic\u0103, sus\u021binerea Acordului Mercosur f\u0103r\u0103 garan\u021bii pentru fermierii rom\u00e2ni, refuzul includerii \u00een buget a programului de solidaritate social\u0103, am\u00e2narea m\u0103surilor pentru combaterea cre\u0219terii pre\u021burilor la carburan\u021bi \u0219i ignorarea ini\u021biativei \u201eMotorin\u0103 ieftin\u0103 pentru agricultur\u0103\u201d, care risc\u0103 s\u0103 lase necultivat\u0103 o parte semnificativ\u0103 din suprafa\u021ba agricol\u0103 \u0219i s\u0103 genereze cre\u0219teri de pre\u021buri la alimente.<\/p>\n<p>PSD a propus solu\u021bii concrete \u0219i echilibrate, inclusiv introducerea impozit\u0103rii progresive, m\u0103sur\u0103 sus\u021binut\u0103 de organisme financiare interna\u021bionale \u0219i evaluat\u0103 la nivel european ca av\u00e2nd un poten\u021bial semnificativ de cre\u0219tere a veniturilor bugetare \u0219i de reducere a inegalit\u0103\u021bilor sociale.<\/p>\n<p>Aceast\u0103 abordare defectuoas\u0103 impune o schimbare urgent\u0103 \u00een modul de func\u021bionare al Guvernului \u0219i al coali\u021biei de guvernare. De aceea, pe 20 aprilie 2026, spunem ferm: Ajunge. P\u00e2n\u0103 aici.<\/p>\n<p>Biroul de pres\u0103<br \/>\nPSD Organiza\u021bia Jude\u021bean\u0103 Hunedoara<\/p>\n<p>&nbsp;<\/p>\n","protected":false},"excerpt":{"rendered":"<p>&nbsp; Datele recente confirm\u0103 realitatea resim\u021bit\u0103 zilnic de hunedoreni: economia este \u00een declin, iar Rom\u00e2nia&#8230;<\/p>\n","protected":false},"author":1,"featured_media":7980,"comment_status":"closed","ping_status":"closed","sticky":false,"template":"","format":"standard","meta":{"footnotes":""},"categories":[1,16],"tags":[],"class_list":["post-7979","post","type-post","status-publish","format-standard","has-post-thumbnail","hentry","category-actual","category-politic"],"yoast_head":"<!-- This site is optimized with the Yoast SEO plugin v25.3.1 - https:\/\/yoast.com\/wordpress\/plugins\/seo\/ -->\n<title>PSD Hunedoara cere schimbarea urgent\u0103 a direc\u021biei guvern\u0103rii -<\/title>\n<meta name=\"robots\" content=\"index, follow, max-snippet:-1, max-image-preview:large, max-video-preview:-1\" \/>\n<link rel=\"canonical\" href=\"https:\/\/cronicahd.ro\/?p=7979\" \/>\n<meta property=\"og:locale\" content=\"ro_RO\" \/>\n<meta property=\"og:type\" content=\"article\" \/>\n<meta property=\"og:title\" content=\"PSD Hunedoara cere schimbarea urgent\u0103 a direc\u021biei guvern\u0103rii -\" \/>\n<meta property=\"og:description\" content=\"&nbsp; Datele recente confirm\u0103 realitatea resim\u021bit\u0103 zilnic de hunedoreni: economia este \u00een declin, iar Rom\u00e2nia...\" \/>\n<meta property=\"og:url\" content=\"https:\/\/cronicahd.ro\/?p=7979\" \/>\n<meta property=\"article:published_time\" content=\"2026-04-17T08:27:47+00:00\" \/>\n<meta property=\"og:image\" content=\"https:\/\/cronicahd.ro\/wp-content\/uploads\/2026\/04\/IMG_6566.jpeg\" \/>\n\t<meta property=\"og:image:width\" content=\"1080\" \/>\n\t<meta property=\"og:image:height\" content=\"1350\" \/>\n\t<meta property=\"og:image:type\" content=\"image\/jpeg\" \/>\n<meta name=\"author\" content=\"admin\" \/>\n<meta name=\"twitter:card\" content=\"summary_large_image\" \/>\n<meta name=\"twitter:label1\" content=\"Scris de\" \/>\n\t<meta name=\"twitter:data1\" content=\"admin\" \/>\n\t<meta name=\"twitter:label2\" content=\"Timp estimat pentru citire\" \/>\n\t<meta name=\"twitter:data2\" content=\"3 minute\" \/>\n<script type=\"application\/ld+json\" class=\"yoast-schema-graph\">{\"@context\":\"https:\/\/schema.org\",\"@graph\":[{\"@type\":\"WebPage\",\"@id\":\"https:\/\/cronicahd.ro\/?p=7979\",\"url\":\"https:\/\/cronicahd.ro\/?p=7979\",\"name\":\"PSD Hunedoara cere schimbarea urgent\u0103 a direc\u021biei guvern\u0103rii -\",\"isPartOf\":{\"@id\":\"https:\/\/cronicahd.ro\/#website\"},\"primaryImageOfPage\":{\"@id\":\"https:\/\/cronicahd.ro\/?p=7979#primaryimage\"},\"image\":{\"@id\":\"https:\/\/cronicahd.ro\/?p=7979#primaryimage\"},\"thumbnailUrl\":\"https:\/\/cronicahd.ro\/wp-content\/uploads\/2026\/04\/IMG_6566.jpeg\",\"datePublished\":\"2026-04-17T08:27:47+00:00\",\"author\":{\"@id\":\"https:\/\/cronicahd.ro\/#\/schema\/person\/d1a1277a8cd166610328e17aaf58bf46\"},\"breadcrumb\":{\"@id\":\"https:\/\/cronicahd.ro\/?p=7979#breadcrumb\"},\"inLanguage\":\"ro-RO\",\"potentialAction\":[{\"@type\":\"ReadAction\",\"target\":[\"https:\/\/cronicahd.ro\/?p=7979\"]}]},{\"@type\":\"ImageObject\",\"inLanguage\":\"ro-RO\",\"@id\":\"https:\/\/cronicahd.ro\/?p=7979#primaryimage\",\"url\":\"https:\/\/cronicahd.ro\/wp-content\/uploads\/2026\/04\/IMG_6566.jpeg\",\"contentUrl\":\"https:\/\/cronicahd.ro\/wp-content\/uploads\/2026\/04\/IMG_6566.jpeg\",\"width\":1080,\"height\":1350},{\"@type\":\"BreadcrumbList\",\"@id\":\"https:\/\/cronicahd.ro\/?p=7979#breadcrumb\",\"itemListElement\":[{\"@type\":\"ListItem\",\"position\":1,\"name\":\"Prima pagin\u0103\",\"item\":\"https:\/\/cronicahd.ro\/\"},{\"@type\":\"ListItem\",\"position\":2,\"name\":\"PSD Hunedoara cere schimbarea urgent\u0103 a direc\u021biei guvern\u0103rii\"}]},{\"@type\":\"WebSite\",\"@id\":\"https:\/\/cronicahd.ro\/#website\",\"url\":\"https:\/\/cronicahd.ro\/\",\"name\":\"\",\"description\":\"\",\"potentialAction\":[{\"@type\":\"SearchAction\",\"target\":{\"@type\":\"EntryPoint\",\"urlTemplate\":\"https:\/\/cronicahd.ro\/?s={search_term_string}\"},\"query-input\":{\"@type\":\"PropertyValueSpecification\",\"valueRequired\":true,\"valueName\":\"search_term_string\"}}],\"inLanguage\":\"ro-RO\"},{\"@type\":\"Person\",\"@id\":\"https:\/\/cronicahd.ro\/#\/schema\/person\/d1a1277a8cd166610328e17aaf58bf46\",\"name\":\"admin\",\"image\":{\"@type\":\"ImageObject\",\"inLanguage\":\"ro-RO\",\"@id\":\"https:\/\/cronicahd.ro\/#\/schema\/person\/image\/\",\"url\":\"https:\/\/secure.gravatar.com\/avatar\/24700337280d10898c2e0d19d44a05316bff9fccc941ecc5570ffe41668203f7?s=96&d=mm&r=g\",\"contentUrl\":\"https:\/\/secure.gravatar.com\/avatar\/24700337280d10898c2e0d19d44a05316bff9fccc941ecc5570ffe41668203f7?s=96&d=mm&r=g\",\"caption\":\"admin\"},\"sameAs\":[\"https:\/\/cronicavj.ro\"],\"url\":\"https:\/\/cronicahd.ro\/?author=1\"}]}<\/script>\n<!-- \/ Yoast SEO plugin. -->","yoast_head_json":{"title":"PSD Hunedoara cere schimbarea urgent\u0103 a direc\u021biei guvern\u0103rii -","robots":{"index":"index","follow":"follow","max-snippet":"max-snippet:-1","max-image-preview":"max-image-preview:large","max-video-preview":"max-video-preview:-1"},"canonical":"https:\/\/cronicahd.ro\/?p=7979","og_locale":"ro_RO","og_type":"article","og_title":"PSD Hunedoara cere schimbarea urgent\u0103 a direc\u021biei guvern\u0103rii -","og_description":"&nbsp; Datele recente confirm\u0103 realitatea resim\u021bit\u0103 zilnic de hunedoreni: economia este \u00een declin, iar Rom\u00e2nia...","og_url":"https:\/\/cronicahd.ro\/?p=7979","article_published_time":"2026-04-17T08:27:47+00:00","og_image":[{"width":1080,"height":1350,"url":"https:\/\/cronicahd.ro\/wp-content\/uploads\/2026\/04\/IMG_6566.jpeg","type":"image\/jpeg"}],"author":"admin","twitter_card":"summary_large_image","twitter_misc":{"Scris de":"admin","Timp estimat pentru citire":"3 minute"},"schema":{"@context":"https:\/\/schema.org","@graph":[{"@type":"WebPage","@id":"https:\/\/cronicahd.ro\/?p=7979","url":"https:\/\/cronicahd.ro\/?p=7979","name":"PSD Hunedoara cere schimbarea urgent\u0103 a direc\u021biei guvern\u0103rii -","isPartOf":{"@id":"https:\/\/cronicahd.ro\/#website"},"primaryImageOfPage":{"@id":"https:\/\/cronicahd.ro\/?p=7979#primaryimage"},"image":{"@id":"https:\/\/cronicahd.ro\/?p=7979#primaryimage"},"thumbnailUrl":"https:\/\/cronicahd.ro\/wp-content\/uploads\/2026\/04\/IMG_6566.jpeg","datePublished":"2026-04-17T08:27:47+00:00","author":{"@id":"https:\/\/cronicahd.ro\/#\/schema\/person\/d1a1277a8cd166610328e17aaf58bf46"},"breadcrumb":{"@id":"https:\/\/cronicahd.ro\/?p=7979#breadcrumb"},"inLanguage":"ro-RO","potentialAction":[{"@type":"ReadAction","target":["https:\/\/cronicahd.ro\/?p=7979"]}]},{"@type":"ImageObject","inLanguage":"ro-RO","@id":"https:\/\/cronicahd.ro\/?p=7979#primaryimage","url":"https:\/\/cronicahd.ro\/wp-content\/uploads\/2026\/04\/IMG_6566.jpeg","contentUrl":"https:\/\/cronicahd.ro\/wp-content\/uploads\/2026\/04\/IMG_6566.jpeg","width":1080,"height":1350},{"@type":"BreadcrumbList","@id":"https:\/\/cronicahd.ro\/?p=7979#breadcrumb","itemListElement":[{"@type":"ListItem","position":1,"name":"Prima pagin\u0103","item":"https:\/\/cronicahd.ro\/"},{"@type":"ListItem","position":2,"name":"PSD Hunedoara cere schimbarea urgent\u0103 a direc\u021biei guvern\u0103rii"}]},{"@type":"WebSite","@id":"https:\/\/cronicahd.ro\/#website","url":"https:\/\/cronicahd.ro\/","name":"","description":"","potentialAction":[{"@type":"SearchAction","target":{"@type":"EntryPoint","urlTemplate":"https:\/\/cronicahd.ro\/?s={search_term_string}"},"query-input":{"@type":"PropertyValueSpecification","valueRequired":true,"valueName":"search_term_string"}}],"inLanguage":"ro-RO"},{"@type":"Person","@id":"https:\/\/cronicahd.ro\/#\/schema\/person\/d1a1277a8cd166610328e17aaf58bf46","name":"admin","image":{"@type":"ImageObject","inLanguage":"ro-RO","@id":"https:\/\/cronicahd.ro\/#\/schema\/person\/image\/","url":"https:\/\/secure.gravatar.com\/avatar\/24700337280d10898c2e0d19d44a05316bff9fccc941ecc5570ffe41668203f7?s=96&d=mm&r=g","contentUrl":"https:\/\/secure.gravatar.com\/avatar\/24700337280d10898c2e0d19d44a05316bff9fccc941ecc5570ffe41668203f7?s=96&d=mm&r=g","caption":"admin"},"sameAs":["https:\/\/cronicavj.ro"],"url":"https:\/\/cronicahd.ro\/?author=1"}]}},"_links":{"self":[{"href":"https:\/\/cronicahd.ro\/index.php?rest_route=\/wp\/v2\/posts\/7979","targetHints":{"allow":["GET"]}}],"collection":[{"href":"https:\/\/cronicahd.ro\/index.php?rest_route=\/wp\/v2\/posts"}],"about":[{"href":"https:\/\/cronicahd.ro\/index.php?rest_route=\/wp\/v2\/types\/post"}],"author":[{"embeddable":true,"href":"https:\/\/cronicahd.ro\/index.php?rest_route=\/wp\/v2\/users\/1"}],"replies":[{"embeddable":true,"href":"https:\/\/cronicahd.ro\/index.php?rest_route=%2Fwp%2Fv2%2Fcomments&post=7979"}],"version-history":[{"count":1,"href":"https:\/\/cronicahd.ro\/index.php?rest_route=\/wp\/v2\/posts\/7979\/revisions"}],"predecessor-version":[{"id":7981,"href":"https:\/\/cronicahd.ro\/index.php?rest_route=\/wp\/v2\/posts\/7979\/revisions\/7981"}],"wp:featuredmedia":[{"embeddable":true,"href":"https:\/\/cronicahd.ro\/index.php?rest_route=\/wp\/v2\/media\/7980"}],"wp:attachment":[{"href":"https:\/\/cronicahd.ro\/index.php?rest_route=%2Fwp%2Fv2%2Fmedia&parent=7979"}],"wp:term":[{"taxonomy":"category","embeddable":true,"href":"https:\/\/cronicahd.ro\/index.php?rest_route=%2Fwp%2Fv2%2Fcategories&post=7979"},{"taxonomy":"post_tag","embeddable":true,"href":"https:\/\/cronicahd.ro\/index.php?rest_route=%2Fwp%2Fv2%2Ftags&post=7979"}],"curies":[{"name":"wp","href":"https:\/\/api.w.org\/{rel}","templated":true}]}}