{"id":7976,"date":"2026-04-17T08:19:03","date_gmt":"2026-04-17T08:19:03","guid":{"rendered":"https:\/\/cronicahd.ro\/?p=7976"},"modified":"2026-04-17T08:19:03","modified_gmt":"2026-04-17T08:19:03","slug":"violenta-in-plina-strada-la-petrosani-un-tanar-retinut-alte-doua-persoane-sub-control-judiciar","status":"publish","type":"post","link":"https:\/\/cronicahd.ro\/?p=7976","title":{"rendered":"VIOLEN\u021a\u0102 \u00ceN PLIN\u0102 STRAD\u0102 LA PETRO\u0218ANI: UN T\u00c2N\u0102R RE\u021aINUT, ALTE DOU\u0102 PERSOANE SUB CONTROL JUDICIAR"},"content":{"rendered":"<p>&nbsp;<\/p>\n<p>Un conflict violent izbucnit \u00een municipiul Petro\u0219ani s-a \u00eencheiat cu interven\u021bia rapid\u0103 a poli\u021bi\u0219tilor \u0219i luarea unor m\u0103suri ferme \u00eempotriva celor implica\u021bi. Un t\u00e2n\u0103r de 22 de ani a fost re\u021binut pentru 24 de ore, iar alte dou\u0103 persoane au fost plasate sub control judiciar pentru 60 de zile.<\/p>\n<p>Incidentul a avut loc \u00een seara zilei de 15 aprilie, \u00een jurul orei 21:30, c\u00e2nd poli\u021bi\u0219tii au fost alerta\u021bi printr-un apel la 112 despre izbucnirea unui conflict \u00eentre mai multe persoane. Ajun\u0219i de urgen\u021b\u0103 la fa\u021ba locului, oamenii legii au stabilit c\u0103 alterca\u021bia \u00eencepuse cu aproximativ o or\u0103 \u0219i jum\u0103tate mai devreme.<\/p>\n<p>Potrivit anchetatorilor, un b\u0103rbat de 30 de ani, din Petro\u0219ani, ar fi fost implicat \u00eentr-un scandal cu mai multe persoane. \u00cen timpul conflictului, asupra acestuia ar fi fost folosit un spray paralizant, dup\u0103 care ar fi fost imobilizat \u0219i agresat fizic.<\/p>\n<p>Victima a primit \u00eengrijiri medicale la fa\u021ba locului, fiind solicitat un echipaj de ambulan\u021b\u0103 pentru interven\u021bie.<\/p>\n<p>\u00cen urma cercet\u0103rilor, poli\u021bi\u0219tii din cadrul Biroului de Investiga\u021bii Criminale au identificat trei suspec\u021bi, cu v\u00e2rste \u00eentre 22 \u0219i 43 de ani, to\u021bi din Petro\u0219ani. \u00cen cauz\u0103 a fost \u00eentocmit un dosar penal pentru lipsire de libertate \u00een mod ilegal, loviri sau alte violen\u021be \u0219i folosirea f\u0103r\u0103 drept de obiecte periculoase.<\/p>\n<p>Procurorul de caz a dispus punerea \u00een mi\u0219care a ac\u021biunii penale fa\u021b\u0103 de doi dintre suspec\u021bi, ambii \u00een v\u00e2rst\u0103 de 43 de ani, care au fost plasa\u021bi sub control judiciar pentru 60 de zile.<\/p>\n<p>\u00cen ceea ce \u00eel prive\u0219te pe t\u00e2n\u0103rul de 22 de ani, acesta a fost re\u021binut pentru 24 de ore \u0219i urmeaz\u0103 s\u0103 fie prezentat Judec\u0103toriei Petro\u0219ani cu propunere de arestare preventiv\u0103.<\/p>\n<p>Cercet\u0103rile continu\u0103 pentru stabilirea tuturor \u00eemprejur\u0103rilor \u00een care s-a produs incidentul.<\/p>\n","protected":false},"excerpt":{"rendered":"<p>&nbsp; Un conflict violent izbucnit \u00een municipiul Petro\u0219ani s-a \u00eencheiat cu interven\u021bia rapid\u0103 a poli\u021bi\u0219tilor&#8230;<\/p>\n","protected":false},"author":1,"featured_media":7977,"comment_status":"closed","ping_status":"closed","sticky":false,"template":"","format":"standard","meta":{"footnotes":""},"categories":[1,15],"tags":[],"class_list":["post-7976","post","type-post","status-publish","format-standard","has-post-thumbnail","hentry","category-actual","category-eveniment"],"yoast_head":"<!-- This site is optimized with the Yoast SEO plugin v25.3.1 - https:\/\/yoast.com\/wordpress\/plugins\/seo\/ -->\n<title>VIOLEN\u021a\u0102 \u00ceN PLIN\u0102 STRAD\u0102 LA PETRO\u0218ANI: UN T\u00c2N\u0102R RE\u021aINUT, ALTE DOU\u0102 PERSOANE SUB CONTROL JUDICIAR -<\/title>\n<meta name=\"robots\" content=\"index, follow, max-snippet:-1, max-image-preview:large, max-video-preview:-1\" \/>\n<link rel=\"canonical\" href=\"https:\/\/cronicahd.ro\/?p=7976\" \/>\n<meta property=\"og:locale\" content=\"ro_RO\" \/>\n<meta property=\"og:type\" content=\"article\" \/>\n<meta property=\"og:title\" content=\"VIOLEN\u021a\u0102 \u00ceN PLIN\u0102 STRAD\u0102 LA PETRO\u0218ANI: UN T\u00c2N\u0102R RE\u021aINUT, ALTE DOU\u0102 PERSOANE SUB CONTROL JUDICIAR -\" \/>\n<meta property=\"og:description\" content=\"&nbsp; Un conflict violent izbucnit \u00een municipiul Petro\u0219ani s-a \u00eencheiat cu interven\u021bia rapid\u0103 a poli\u021bi\u0219tilor...\" \/>\n<meta property=\"og:url\" content=\"https:\/\/cronicahd.ro\/?p=7976\" \/>\n<meta property=\"article:published_time\" content=\"2026-04-17T08:19:03+00:00\" \/>\n<meta property=\"og:image\" content=\"https:\/\/cronicahd.ro\/wp-content\/uploads\/2026\/04\/IMG_6565.jpeg\" \/>\n\t<meta property=\"og:image:width\" content=\"1125\" \/>\n\t<meta property=\"og:image:height\" content=\"1555\" \/>\n\t<meta property=\"og:image:type\" content=\"image\/jpeg\" \/>\n<meta name=\"author\" content=\"admin\" \/>\n<meta name=\"twitter:card\" content=\"summary_large_image\" \/>\n<meta name=\"twitter:label1\" content=\"Scris de\" \/>\n\t<meta name=\"twitter:data1\" content=\"admin\" \/>\n\t<meta name=\"twitter:label2\" content=\"Timp estimat pentru citire\" \/>\n\t<meta name=\"twitter:data2\" content=\"2 minute\" \/>\n<script type=\"application\/ld+json\" class=\"yoast-schema-graph\">{\"@context\":\"https:\/\/schema.org\",\"@graph\":[{\"@type\":\"WebPage\",\"@id\":\"https:\/\/cronicahd.ro\/?p=7976\",\"url\":\"https:\/\/cronicahd.ro\/?p=7976\",\"name\":\"VIOLEN\u021a\u0102 \u00ceN PLIN\u0102 STRAD\u0102 LA PETRO\u0218ANI: UN T\u00c2N\u0102R RE\u021aINUT, ALTE DOU\u0102 PERSOANE SUB CONTROL JUDICIAR -\",\"isPartOf\":{\"@id\":\"https:\/\/cronicahd.ro\/#website\"},\"primaryImageOfPage\":{\"@id\":\"https:\/\/cronicahd.ro\/?p=7976#primaryimage\"},\"image\":{\"@id\":\"https:\/\/cronicahd.ro\/?p=7976#primaryimage\"},\"thumbnailUrl\":\"https:\/\/cronicahd.ro\/wp-content\/uploads\/2026\/04\/IMG_6565.jpeg\",\"datePublished\":\"2026-04-17T08:19:03+00:00\",\"author\":{\"@id\":\"https:\/\/cronicahd.ro\/#\/schema\/person\/d1a1277a8cd166610328e17aaf58bf46\"},\"breadcrumb\":{\"@id\":\"https:\/\/cronicahd.ro\/?p=7976#breadcrumb\"},\"inLanguage\":\"ro-RO\",\"potentialAction\":[{\"@type\":\"ReadAction\",\"target\":[\"https:\/\/cronicahd.ro\/?p=7976\"]}]},{\"@type\":\"ImageObject\",\"inLanguage\":\"ro-RO\",\"@id\":\"https:\/\/cronicahd.ro\/?p=7976#primaryimage\",\"url\":\"https:\/\/cronicahd.ro\/wp-content\/uploads\/2026\/04\/IMG_6565.jpeg\",\"contentUrl\":\"https:\/\/cronicahd.ro\/wp-content\/uploads\/2026\/04\/IMG_6565.jpeg\",\"width\":1125,\"height\":1555,\"caption\":\"Screenshot\"},{\"@type\":\"BreadcrumbList\",\"@id\":\"https:\/\/cronicahd.ro\/?p=7976#breadcrumb\",\"itemListElement\":[{\"@type\":\"ListItem\",\"position\":1,\"name\":\"Prima pagin\u0103\",\"item\":\"https:\/\/cronicahd.ro\/\"},{\"@type\":\"ListItem\",\"position\":2,\"name\":\"VIOLEN\u021a\u0102 \u00ceN PLIN\u0102 STRAD\u0102 LA PETRO\u0218ANI: UN T\u00c2N\u0102R RE\u021aINUT, ALTE DOU\u0102 PERSOANE SUB CONTROL JUDICIAR\"}]},{\"@type\":\"WebSite\",\"@id\":\"https:\/\/cronicahd.ro\/#website\",\"url\":\"https:\/\/cronicahd.ro\/\",\"name\":\"\",\"description\":\"\",\"potentialAction\":[{\"@type\":\"SearchAction\",\"target\":{\"@type\":\"EntryPoint\",\"urlTemplate\":\"https:\/\/cronicahd.ro\/?s={search_term_string}\"},\"query-input\":{\"@type\":\"PropertyValueSpecification\",\"valueRequired\":true,\"valueName\":\"search_term_string\"}}],\"inLanguage\":\"ro-RO\"},{\"@type\":\"Person\",\"@id\":\"https:\/\/cronicahd.ro\/#\/schema\/person\/d1a1277a8cd166610328e17aaf58bf46\",\"name\":\"admin\",\"image\":{\"@type\":\"ImageObject\",\"inLanguage\":\"ro-RO\",\"@id\":\"https:\/\/cronicahd.ro\/#\/schema\/person\/image\/\",\"url\":\"https:\/\/secure.gravatar.com\/avatar\/24700337280d10898c2e0d19d44a05316bff9fccc941ecc5570ffe41668203f7?s=96&d=mm&r=g\",\"contentUrl\":\"https:\/\/secure.gravatar.com\/avatar\/24700337280d10898c2e0d19d44a05316bff9fccc941ecc5570ffe41668203f7?s=96&d=mm&r=g\",\"caption\":\"admin\"},\"sameAs\":[\"https:\/\/cronicavj.ro\"],\"url\":\"https:\/\/cronicahd.ro\/?author=1\"}]}<\/script>\n<!-- \/ Yoast SEO plugin. -->","yoast_head_json":{"title":"VIOLEN\u021a\u0102 \u00ceN PLIN\u0102 STRAD\u0102 LA PETRO\u0218ANI: UN T\u00c2N\u0102R RE\u021aINUT, ALTE DOU\u0102 PERSOANE SUB CONTROL JUDICIAR -","robots":{"index":"index","follow":"follow","max-snippet":"max-snippet:-1","max-image-preview":"max-image-preview:large","max-video-preview":"max-video-preview:-1"},"canonical":"https:\/\/cronicahd.ro\/?p=7976","og_locale":"ro_RO","og_type":"article","og_title":"VIOLEN\u021a\u0102 \u00ceN PLIN\u0102 STRAD\u0102 LA PETRO\u0218ANI: UN T\u00c2N\u0102R RE\u021aINUT, ALTE DOU\u0102 PERSOANE SUB CONTROL JUDICIAR -","og_description":"&nbsp; Un conflict violent izbucnit \u00een municipiul Petro\u0219ani s-a \u00eencheiat cu interven\u021bia rapid\u0103 a poli\u021bi\u0219tilor...","og_url":"https:\/\/cronicahd.ro\/?p=7976","article_published_time":"2026-04-17T08:19:03+00:00","og_image":[{"width":1125,"height":1555,"url":"https:\/\/cronicahd.ro\/wp-content\/uploads\/2026\/04\/IMG_6565.jpeg","type":"image\/jpeg"}],"author":"admin","twitter_card":"summary_large_image","twitter_misc":{"Scris de":"admin","Timp estimat pentru citire":"2 minute"},"schema":{"@context":"https:\/\/schema.org","@graph":[{"@type":"WebPage","@id":"https:\/\/cronicahd.ro\/?p=7976","url":"https:\/\/cronicahd.ro\/?p=7976","name":"VIOLEN\u021a\u0102 \u00ceN PLIN\u0102 STRAD\u0102 LA PETRO\u0218ANI: UN T\u00c2N\u0102R RE\u021aINUT, ALTE DOU\u0102 PERSOANE SUB CONTROL JUDICIAR -","isPartOf":{"@id":"https:\/\/cronicahd.ro\/#website"},"primaryImageOfPage":{"@id":"https:\/\/cronicahd.ro\/?p=7976#primaryimage"},"image":{"@id":"https:\/\/cronicahd.ro\/?p=7976#primaryimage"},"thumbnailUrl":"https:\/\/cronicahd.ro\/wp-content\/uploads\/2026\/04\/IMG_6565.jpeg","datePublished":"2026-04-17T08:19:03+00:00","author":{"@id":"https:\/\/cronicahd.ro\/#\/schema\/person\/d1a1277a8cd166610328e17aaf58bf46"},"breadcrumb":{"@id":"https:\/\/cronicahd.ro\/?p=7976#breadcrumb"},"inLanguage":"ro-RO","potentialAction":[{"@type":"ReadAction","target":["https:\/\/cronicahd.ro\/?p=7976"]}]},{"@type":"ImageObject","inLanguage":"ro-RO","@id":"https:\/\/cronicahd.ro\/?p=7976#primaryimage","url":"https:\/\/cronicahd.ro\/wp-content\/uploads\/2026\/04\/IMG_6565.jpeg","contentUrl":"https:\/\/cronicahd.ro\/wp-content\/uploads\/2026\/04\/IMG_6565.jpeg","width":1125,"height":1555,"caption":"Screenshot"},{"@type":"BreadcrumbList","@id":"https:\/\/cronicahd.ro\/?p=7976#breadcrumb","itemListElement":[{"@type":"ListItem","position":1,"name":"Prima pagin\u0103","item":"https:\/\/cronicahd.ro\/"},{"@type":"ListItem","position":2,"name":"VIOLEN\u021a\u0102 \u00ceN PLIN\u0102 STRAD\u0102 LA PETRO\u0218ANI: UN T\u00c2N\u0102R RE\u021aINUT, ALTE DOU\u0102 PERSOANE SUB CONTROL JUDICIAR"}]},{"@type":"WebSite","@id":"https:\/\/cronicahd.ro\/#website","url":"https:\/\/cronicahd.ro\/","name":"","description":"","potentialAction":[{"@type":"SearchAction","target":{"@type":"EntryPoint","urlTemplate":"https:\/\/cronicahd.ro\/?s={search_term_string}"},"query-input":{"@type":"PropertyValueSpecification","valueRequired":true,"valueName":"search_term_string"}}],"inLanguage":"ro-RO"},{"@type":"Person","@id":"https:\/\/cronicahd.ro\/#\/schema\/person\/d1a1277a8cd166610328e17aaf58bf46","name":"admin","image":{"@type":"ImageObject","inLanguage":"ro-RO","@id":"https:\/\/cronicahd.ro\/#\/schema\/person\/image\/","url":"https:\/\/secure.gravatar.com\/avatar\/24700337280d10898c2e0d19d44a05316bff9fccc941ecc5570ffe41668203f7?s=96&d=mm&r=g","contentUrl":"https:\/\/secure.gravatar.com\/avatar\/24700337280d10898c2e0d19d44a05316bff9fccc941ecc5570ffe41668203f7?s=96&d=mm&r=g","caption":"admin"},"sameAs":["https:\/\/cronicavj.ro"],"url":"https:\/\/cronicahd.ro\/?author=1"}]}},"_links":{"self":[{"href":"https:\/\/cronicahd.ro\/index.php?rest_route=\/wp\/v2\/posts\/7976","targetHints":{"allow":["GET"]}}],"collection":[{"href":"https:\/\/cronicahd.ro\/index.php?rest_route=\/wp\/v2\/posts"}],"about":[{"href":"https:\/\/cronicahd.ro\/index.php?rest_route=\/wp\/v2\/types\/post"}],"author":[{"embeddable":true,"href":"https:\/\/cronicahd.ro\/index.php?rest_route=\/wp\/v2\/users\/1"}],"replies":[{"embeddable":true,"href":"https:\/\/cronicahd.ro\/index.php?rest_route=%2Fwp%2Fv2%2Fcomments&post=7976"}],"version-history":[{"count":1,"href":"https:\/\/cronicahd.ro\/index.php?rest_route=\/wp\/v2\/posts\/7976\/revisions"}],"predecessor-version":[{"id":7978,"href":"https:\/\/cronicahd.ro\/index.php?rest_route=\/wp\/v2\/posts\/7976\/revisions\/7978"}],"wp:featuredmedia":[{"embeddable":true,"href":"https:\/\/cronicahd.ro\/index.php?rest_route=\/wp\/v2\/media\/7977"}],"wp:attachment":[{"href":"https:\/\/cronicahd.ro\/index.php?rest_route=%2Fwp%2Fv2%2Fmedia&parent=7976"}],"wp:term":[{"taxonomy":"category","embeddable":true,"href":"https:\/\/cronicahd.ro\/index.php?rest_route=%2Fwp%2Fv2%2Fcategories&post=7976"},{"taxonomy":"post_tag","embeddable":true,"href":"https:\/\/cronicahd.ro\/index.php?rest_route=%2Fwp%2Fv2%2Ftags&post=7976"}],"curies":[{"name":"wp","href":"https:\/\/api.w.org\/{rel}","templated":true}]}}