{"id":7973,"date":"2026-04-17T07:18:18","date_gmt":"2026-04-17T07:18:18","guid":{"rendered":"https:\/\/cronicahd.ro\/?p=7973"},"modified":"2026-04-17T07:18:18","modified_gmt":"2026-04-17T07:18:18","slug":"tanar-prins-beat-la-volan-fara-permis-si-cu-masina-neinmatriculata","status":"publish","type":"post","link":"https:\/\/cronicahd.ro\/?p=7973","title":{"rendered":"T\u00e2n\u0103r prins beat la volan, f\u0103r\u0103 permis \u0219i cu ma\u0219in\u0103 ne\u00eenmatriculat\u0103"},"content":{"rendered":"<p>&nbsp;<\/p>\n<p>Un t\u00e2n\u0103r \u00een v\u00e2rst\u0103 de 26 de ani, din ora\u0219ul Aninoasa, a fost re\u021binut de poli\u021bi\u0219tii din Petro\u0219ani, dup\u0103 ce a fost prins \u00een flagrant \u00een timp ce conducea un autoturism f\u0103r\u0103 a de\u021bine permis de conducere \u0219i sub influen\u021ba alcoolului.<\/p>\n<p>Incidentul a avut loc \u00een noaptea de 13 aprilie, \u00een jurul orei 00:00, pe o strad\u0103 din municipiul Petro\u0219ani. Poli\u021bi\u0219tii au observat \u00een trafic autoturismul condus de t\u00e2n\u0103r, iar acesta ar fi \u00eencercat s\u0103 evite controlul. Oamenii legii au reu\u0219it \u00eens\u0103 s\u0103 \u00eel opreasc\u0103 \u0219i s\u0103 \u00eel testeze.<\/p>\n<p>Rezultatul etilotestului a indicat o alcoolemie de 0,44 mg\/l alcool pur \u00een aerul expirat. \u00cen urma verific\u0103rilor efectuate \u00een bazele de date, poli\u021bi\u0219tii au constatat c\u0103 b\u0103rbatul nu de\u021bine permis de conducere.<\/p>\n<p>Mai mult, autoturismul pe care \u00eel conducea figura ca fiind radiat, nefiind \u00eenmatriculat, iar numerele de \u00eenmatriculare montate apar\u021bineau unui alt vehicul.<\/p>\n<p>Pe numele acestuia a fost \u00eentocmit dosar penal pentru mai multe infrac\u021biuni: conducerea unui autovehicul f\u0103r\u0103 permis, conducerea sub influen\u021ba alcoolului, conducerea unui vehicul ne\u00eenmatriculat \u0219i folosirea de numere false de \u00eenmatriculare.<\/p>\n<p>\u00cen data de 16 aprilie, \u00een urma probatoriului administrat, poli\u021bi\u0219tii au dispus re\u021binerea acestuia pentru 24 de ore, fiind introdus \u00een Centrul de Re\u021binere \u0219i Arestare Preventiv\u0103 Deva.<\/p>\n<p>T\u00e2n\u0103rul urmeaz\u0103 s\u0103 fie prezentat procurorului de caz, care va decide m\u0103surile legale ce se impun \u00een continuare.<\/p>\n","protected":false},"excerpt":{"rendered":"<p>&nbsp; Un t\u00e2n\u0103r \u00een v\u00e2rst\u0103 de 26 de ani, din ora\u0219ul Aninoasa, a fost re\u021binut&#8230;<\/p>\n","protected":false},"author":1,"featured_media":7974,"comment_status":"closed","ping_status":"closed","sticky":false,"template":"","format":"standard","meta":{"footnotes":""},"categories":[1,15],"tags":[],"class_list":["post-7973","post","type-post","status-publish","format-standard","has-post-thumbnail","hentry","category-actual","category-eveniment"],"yoast_head":"<!-- This site is optimized with the Yoast SEO plugin v25.3.1 - https:\/\/yoast.com\/wordpress\/plugins\/seo\/ -->\n<title>T\u00e2n\u0103r prins beat la volan, f\u0103r\u0103 permis \u0219i cu ma\u0219in\u0103 ne\u00eenmatriculat\u0103 -<\/title>\n<meta name=\"robots\" content=\"index, follow, max-snippet:-1, max-image-preview:large, max-video-preview:-1\" \/>\n<link rel=\"canonical\" href=\"https:\/\/cronicahd.ro\/?p=7973\" \/>\n<meta property=\"og:locale\" content=\"ro_RO\" \/>\n<meta property=\"og:type\" content=\"article\" \/>\n<meta property=\"og:title\" content=\"T\u00e2n\u0103r prins beat la volan, f\u0103r\u0103 permis \u0219i cu ma\u0219in\u0103 ne\u00eenmatriculat\u0103 -\" \/>\n<meta property=\"og:description\" content=\"&nbsp; Un t\u00e2n\u0103r \u00een v\u00e2rst\u0103 de 26 de ani, din ora\u0219ul Aninoasa, a fost re\u021binut...\" \/>\n<meta property=\"og:url\" content=\"https:\/\/cronicahd.ro\/?p=7973\" \/>\n<meta property=\"article:published_time\" content=\"2026-04-17T07:18:18+00:00\" \/>\n<meta property=\"og:image\" content=\"https:\/\/cronicahd.ro\/wp-content\/uploads\/2026\/04\/IMG_6563.jpeg\" \/>\n\t<meta property=\"og:image:width\" content=\"1124\" \/>\n\t<meta property=\"og:image:height\" content=\"1533\" \/>\n\t<meta property=\"og:image:type\" content=\"image\/jpeg\" \/>\n<meta name=\"author\" content=\"admin\" \/>\n<meta name=\"twitter:card\" content=\"summary_large_image\" \/>\n<meta name=\"twitter:label1\" content=\"Scris de\" \/>\n\t<meta name=\"twitter:data1\" content=\"admin\" \/>\n\t<meta name=\"twitter:label2\" content=\"Timp estimat pentru citire\" \/>\n\t<meta name=\"twitter:data2\" content=\"2 minute\" \/>\n<script type=\"application\/ld+json\" class=\"yoast-schema-graph\">{\"@context\":\"https:\/\/schema.org\",\"@graph\":[{\"@type\":\"WebPage\",\"@id\":\"https:\/\/cronicahd.ro\/?p=7973\",\"url\":\"https:\/\/cronicahd.ro\/?p=7973\",\"name\":\"T\u00e2n\u0103r prins beat la volan, f\u0103r\u0103 permis \u0219i cu ma\u0219in\u0103 ne\u00eenmatriculat\u0103 -\",\"isPartOf\":{\"@id\":\"https:\/\/cronicahd.ro\/#website\"},\"primaryImageOfPage\":{\"@id\":\"https:\/\/cronicahd.ro\/?p=7973#primaryimage\"},\"image\":{\"@id\":\"https:\/\/cronicahd.ro\/?p=7973#primaryimage\"},\"thumbnailUrl\":\"https:\/\/cronicahd.ro\/wp-content\/uploads\/2026\/04\/IMG_6563.jpeg\",\"datePublished\":\"2026-04-17T07:18:18+00:00\",\"author\":{\"@id\":\"https:\/\/cronicahd.ro\/#\/schema\/person\/d1a1277a8cd166610328e17aaf58bf46\"},\"breadcrumb\":{\"@id\":\"https:\/\/cronicahd.ro\/?p=7973#breadcrumb\"},\"inLanguage\":\"ro-RO\",\"potentialAction\":[{\"@type\":\"ReadAction\",\"target\":[\"https:\/\/cronicahd.ro\/?p=7973\"]}]},{\"@type\":\"ImageObject\",\"inLanguage\":\"ro-RO\",\"@id\":\"https:\/\/cronicahd.ro\/?p=7973#primaryimage\",\"url\":\"https:\/\/cronicahd.ro\/wp-content\/uploads\/2026\/04\/IMG_6563.jpeg\",\"contentUrl\":\"https:\/\/cronicahd.ro\/wp-content\/uploads\/2026\/04\/IMG_6563.jpeg\",\"width\":1124,\"height\":1533,\"caption\":\"Screenshot\"},{\"@type\":\"BreadcrumbList\",\"@id\":\"https:\/\/cronicahd.ro\/?p=7973#breadcrumb\",\"itemListElement\":[{\"@type\":\"ListItem\",\"position\":1,\"name\":\"Prima pagin\u0103\",\"item\":\"https:\/\/cronicahd.ro\/\"},{\"@type\":\"ListItem\",\"position\":2,\"name\":\"T\u00e2n\u0103r prins beat la volan, f\u0103r\u0103 permis \u0219i cu ma\u0219in\u0103 ne\u00eenmatriculat\u0103\"}]},{\"@type\":\"WebSite\",\"@id\":\"https:\/\/cronicahd.ro\/#website\",\"url\":\"https:\/\/cronicahd.ro\/\",\"name\":\"\",\"description\":\"\",\"potentialAction\":[{\"@type\":\"SearchAction\",\"target\":{\"@type\":\"EntryPoint\",\"urlTemplate\":\"https:\/\/cronicahd.ro\/?s={search_term_string}\"},\"query-input\":{\"@type\":\"PropertyValueSpecification\",\"valueRequired\":true,\"valueName\":\"search_term_string\"}}],\"inLanguage\":\"ro-RO\"},{\"@type\":\"Person\",\"@id\":\"https:\/\/cronicahd.ro\/#\/schema\/person\/d1a1277a8cd166610328e17aaf58bf46\",\"name\":\"admin\",\"image\":{\"@type\":\"ImageObject\",\"inLanguage\":\"ro-RO\",\"@id\":\"https:\/\/cronicahd.ro\/#\/schema\/person\/image\/\",\"url\":\"https:\/\/secure.gravatar.com\/avatar\/24700337280d10898c2e0d19d44a05316bff9fccc941ecc5570ffe41668203f7?s=96&d=mm&r=g\",\"contentUrl\":\"https:\/\/secure.gravatar.com\/avatar\/24700337280d10898c2e0d19d44a05316bff9fccc941ecc5570ffe41668203f7?s=96&d=mm&r=g\",\"caption\":\"admin\"},\"sameAs\":[\"https:\/\/cronicavj.ro\"],\"url\":\"https:\/\/cronicahd.ro\/?author=1\"}]}<\/script>\n<!-- \/ Yoast SEO plugin. -->","yoast_head_json":{"title":"T\u00e2n\u0103r prins beat la volan, f\u0103r\u0103 permis \u0219i cu ma\u0219in\u0103 ne\u00eenmatriculat\u0103 -","robots":{"index":"index","follow":"follow","max-snippet":"max-snippet:-1","max-image-preview":"max-image-preview:large","max-video-preview":"max-video-preview:-1"},"canonical":"https:\/\/cronicahd.ro\/?p=7973","og_locale":"ro_RO","og_type":"article","og_title":"T\u00e2n\u0103r prins beat la volan, f\u0103r\u0103 permis \u0219i cu ma\u0219in\u0103 ne\u00eenmatriculat\u0103 -","og_description":"&nbsp; Un t\u00e2n\u0103r \u00een v\u00e2rst\u0103 de 26 de ani, din ora\u0219ul Aninoasa, a fost re\u021binut...","og_url":"https:\/\/cronicahd.ro\/?p=7973","article_published_time":"2026-04-17T07:18:18+00:00","og_image":[{"width":1124,"height":1533,"url":"https:\/\/cronicahd.ro\/wp-content\/uploads\/2026\/04\/IMG_6563.jpeg","type":"image\/jpeg"}],"author":"admin","twitter_card":"summary_large_image","twitter_misc":{"Scris de":"admin","Timp estimat pentru citire":"2 minute"},"schema":{"@context":"https:\/\/schema.org","@graph":[{"@type":"WebPage","@id":"https:\/\/cronicahd.ro\/?p=7973","url":"https:\/\/cronicahd.ro\/?p=7973","name":"T\u00e2n\u0103r prins beat la volan, f\u0103r\u0103 permis \u0219i cu ma\u0219in\u0103 ne\u00eenmatriculat\u0103 -","isPartOf":{"@id":"https:\/\/cronicahd.ro\/#website"},"primaryImageOfPage":{"@id":"https:\/\/cronicahd.ro\/?p=7973#primaryimage"},"image":{"@id":"https:\/\/cronicahd.ro\/?p=7973#primaryimage"},"thumbnailUrl":"https:\/\/cronicahd.ro\/wp-content\/uploads\/2026\/04\/IMG_6563.jpeg","datePublished":"2026-04-17T07:18:18+00:00","author":{"@id":"https:\/\/cronicahd.ro\/#\/schema\/person\/d1a1277a8cd166610328e17aaf58bf46"},"breadcrumb":{"@id":"https:\/\/cronicahd.ro\/?p=7973#breadcrumb"},"inLanguage":"ro-RO","potentialAction":[{"@type":"ReadAction","target":["https:\/\/cronicahd.ro\/?p=7973"]}]},{"@type":"ImageObject","inLanguage":"ro-RO","@id":"https:\/\/cronicahd.ro\/?p=7973#primaryimage","url":"https:\/\/cronicahd.ro\/wp-content\/uploads\/2026\/04\/IMG_6563.jpeg","contentUrl":"https:\/\/cronicahd.ro\/wp-content\/uploads\/2026\/04\/IMG_6563.jpeg","width":1124,"height":1533,"caption":"Screenshot"},{"@type":"BreadcrumbList","@id":"https:\/\/cronicahd.ro\/?p=7973#breadcrumb","itemListElement":[{"@type":"ListItem","position":1,"name":"Prima pagin\u0103","item":"https:\/\/cronicahd.ro\/"},{"@type":"ListItem","position":2,"name":"T\u00e2n\u0103r prins beat la volan, f\u0103r\u0103 permis \u0219i cu ma\u0219in\u0103 ne\u00eenmatriculat\u0103"}]},{"@type":"WebSite","@id":"https:\/\/cronicahd.ro\/#website","url":"https:\/\/cronicahd.ro\/","name":"","description":"","potentialAction":[{"@type":"SearchAction","target":{"@type":"EntryPoint","urlTemplate":"https:\/\/cronicahd.ro\/?s={search_term_string}"},"query-input":{"@type":"PropertyValueSpecification","valueRequired":true,"valueName":"search_term_string"}}],"inLanguage":"ro-RO"},{"@type":"Person","@id":"https:\/\/cronicahd.ro\/#\/schema\/person\/d1a1277a8cd166610328e17aaf58bf46","name":"admin","image":{"@type":"ImageObject","inLanguage":"ro-RO","@id":"https:\/\/cronicahd.ro\/#\/schema\/person\/image\/","url":"https:\/\/secure.gravatar.com\/avatar\/24700337280d10898c2e0d19d44a05316bff9fccc941ecc5570ffe41668203f7?s=96&d=mm&r=g","contentUrl":"https:\/\/secure.gravatar.com\/avatar\/24700337280d10898c2e0d19d44a05316bff9fccc941ecc5570ffe41668203f7?s=96&d=mm&r=g","caption":"admin"},"sameAs":["https:\/\/cronicavj.ro"],"url":"https:\/\/cronicahd.ro\/?author=1"}]}},"_links":{"self":[{"href":"https:\/\/cronicahd.ro\/index.php?rest_route=\/wp\/v2\/posts\/7973","targetHints":{"allow":["GET"]}}],"collection":[{"href":"https:\/\/cronicahd.ro\/index.php?rest_route=\/wp\/v2\/posts"}],"about":[{"href":"https:\/\/cronicahd.ro\/index.php?rest_route=\/wp\/v2\/types\/post"}],"author":[{"embeddable":true,"href":"https:\/\/cronicahd.ro\/index.php?rest_route=\/wp\/v2\/users\/1"}],"replies":[{"embeddable":true,"href":"https:\/\/cronicahd.ro\/index.php?rest_route=%2Fwp%2Fv2%2Fcomments&post=7973"}],"version-history":[{"count":1,"href":"https:\/\/cronicahd.ro\/index.php?rest_route=\/wp\/v2\/posts\/7973\/revisions"}],"predecessor-version":[{"id":7975,"href":"https:\/\/cronicahd.ro\/index.php?rest_route=\/wp\/v2\/posts\/7973\/revisions\/7975"}],"wp:featuredmedia":[{"embeddable":true,"href":"https:\/\/cronicahd.ro\/index.php?rest_route=\/wp\/v2\/media\/7974"}],"wp:attachment":[{"href":"https:\/\/cronicahd.ro\/index.php?rest_route=%2Fwp%2Fv2%2Fmedia&parent=7973"}],"wp:term":[{"taxonomy":"category","embeddable":true,"href":"https:\/\/cronicahd.ro\/index.php?rest_route=%2Fwp%2Fv2%2Fcategories&post=7973"},{"taxonomy":"post_tag","embeddable":true,"href":"https:\/\/cronicahd.ro\/index.php?rest_route=%2Fwp%2Fv2%2Ftags&post=7973"}],"curies":[{"name":"wp","href":"https:\/\/api.w.org\/{rel}","templated":true}]}}