{"id":7970,"date":"2026-04-17T02:53:27","date_gmt":"2026-04-17T02:53:27","guid":{"rendered":"https:\/\/cronicahd.ro\/?p=7970"},"modified":"2026-04-17T02:53:27","modified_gmt":"2026-04-17T02:53:27","slug":"barbat-banuit-de-incitare-la-violenta-ura-sau-discriminare-retinut-de-politistii-serviciului-de-investigatii-criminale","status":"publish","type":"post","link":"https:\/\/cronicahd.ro\/?p=7970","title":{"rendered":"B\u0103rbat b\u0103nuit de incitare la violen\u021b\u0103, ur\u0103 sau discriminare, re\u021binut de poli\u021bi\u0219tii Serviciului de Investiga\u021bii Criminale"},"content":{"rendered":"<p>Un b\u0103rbat din municipiul Hunedara a fost re\u021binut pentru 24 de ore \u00een urma unei perchezi\u021bii domiciliare, fiind b\u0103nuit de comiterea infractiunilor de incitare la violen\u021b\u0103, ur\u0103 sau discriminare, dup\u0103 ce ar fi publicat materiale cu con\u021binut extremist pe re\u021belele sociale.<\/p>\n<p>Av\u00e2nd \u00een vedere cercet\u0103rile efectuate \u00een cadrul unui dosar penal aflat sub supravegherea Parchetului de pe l\u00e2ng\u0103 Judec\u0103toria Hunedoara, poli\u021bi\u0219tii din cadrul I.P.J. Hunedoara \u2013 Serviciul de Investiga\u021bii Criminale, \u00eempreun\u0103 cu cei ai I.G.P.R. \u2013 Direc\u021bia de Investiga\u021bii Criminale, au pus \u00een executare, la data de 16 aprilie a.c., un mandat de perchezi\u021bie domiciliar\u0103 \u00een municipiul Bucure\u0219ti, la locuin\u021ba unui b\u0103rbat de 28 de ani, b\u0103nuit de comiterea mai multor infrac\u021biuni, printre care incitare la violen\u021b\u0103, ur\u0103 sau discriminare.<\/p>\n<p>Potrivit probatoriului administrat, faptele ar fi fost s\u0103v\u00e2r\u0219ite prin intermediul unor post\u0103ri publicate \u00een luna martie a.c. pe diverse platforme din mediul online.<\/p>\n<p>Din cercet\u0103ri a reie\u0219it c\u0103 b\u0103rbatul ar fi incitat la ur\u0103 \u0219i violen\u021b\u0103 \u00eempotriva unei categorii de persoane (evrei), ar fi confec\u021bionat, de\u021binut \u0219i utilizat \u00een public simboluri fasciste \u0219i ar fi pus la dispozi\u021bia publicului materiale cu caracter antisemit.<\/p>\n<p>De asemenea, acesta este b\u0103nuit c\u0103 ar fi promovat cultul unor persoane vinovate de genocid \u0219i crime \u00eempotriva umanit\u0103\u021bii.<\/p>\n<p>\u00cen urma descinderii de azi, au fost descoperite mai multe bunuri care prezint\u0103 \u00eensemne naziste, precum banderole, inele \u0219i materiale fasciste, precum \u0219i suporturi optice \u0219i de stocare a datelor, bunuri ridicate \u00een vederea continu\u0103rii cercet\u0103rilor.<\/p>\n<p>B\u0103rbatul a fost condus la sediul I.P.J. Hunedoara pentru audieri, iar fa\u021b\u0103 de acesta a fost dispus\u0103 m\u0103sura re\u021binerii pentru 24 de ore, fiind introdus \u00een Centrul de Re\u021binere \u0219i Arestare Preventiv\u0103 Deva, urm\u00e2nd a fi prezentat procurorului de caz pentru dispunerea m\u0103surilor legale care se impun.<\/p>\n<p>Ac\u021biunea a beneficiat de sprijinul structurilor de suport \u0219i al Serviciului pentru Ac\u021biuni Speciale din cadrul Direc\u021biei Generale de Poli\u021bie a Municipiului Bucure\u0219ti.<br \/>\nsursa IPJ Hunedoara<\/p>\n","protected":false},"excerpt":{"rendered":"<p>Un b\u0103rbat din municipiul Hunedara a fost re\u021binut pentru 24 de ore \u00een urma unei&#8230;<\/p>\n","protected":false},"author":1,"featured_media":7971,"comment_status":"closed","ping_status":"closed","sticky":false,"template":"","format":"standard","meta":{"footnotes":""},"categories":[1,15],"tags":[],"class_list":["post-7970","post","type-post","status-publish","format-standard","has-post-thumbnail","hentry","category-actual","category-eveniment"],"yoast_head":"<!-- This site is optimized with the Yoast SEO plugin v25.3.1 - https:\/\/yoast.com\/wordpress\/plugins\/seo\/ -->\n<title>B\u0103rbat b\u0103nuit de incitare la violen\u021b\u0103, ur\u0103 sau discriminare, re\u021binut de poli\u021bi\u0219tii Serviciului de Investiga\u021bii Criminale -<\/title>\n<meta name=\"robots\" content=\"index, follow, max-snippet:-1, max-image-preview:large, max-video-preview:-1\" \/>\n<link rel=\"canonical\" href=\"https:\/\/cronicahd.ro\/?p=7970\" \/>\n<meta property=\"og:locale\" content=\"ro_RO\" \/>\n<meta property=\"og:type\" content=\"article\" \/>\n<meta property=\"og:title\" content=\"B\u0103rbat b\u0103nuit de incitare la violen\u021b\u0103, ur\u0103 sau discriminare, re\u021binut de poli\u021bi\u0219tii Serviciului de Investiga\u021bii Criminale -\" \/>\n<meta property=\"og:description\" content=\"Un b\u0103rbat din municipiul Hunedara a fost re\u021binut pentru 24 de ore \u00een urma unei...\" \/>\n<meta property=\"og:url\" content=\"https:\/\/cronicahd.ro\/?p=7970\" \/>\n<meta property=\"article:published_time\" content=\"2026-04-17T02:53:27+00:00\" \/>\n<meta property=\"og:image\" content=\"https:\/\/cronicahd.ro\/wp-content\/uploads\/2026\/04\/IMG_6560.jpeg\" \/>\n\t<meta property=\"og:image:width\" content=\"1125\" \/>\n\t<meta property=\"og:image:height\" content=\"1490\" \/>\n\t<meta property=\"og:image:type\" content=\"image\/jpeg\" \/>\n<meta name=\"author\" content=\"admin\" \/>\n<meta name=\"twitter:card\" content=\"summary_large_image\" \/>\n<meta name=\"twitter:label1\" content=\"Scris de\" \/>\n\t<meta name=\"twitter:data1\" content=\"admin\" \/>\n\t<meta name=\"twitter:label2\" content=\"Timp estimat pentru citire\" \/>\n\t<meta name=\"twitter:data2\" content=\"2 minute\" \/>\n<script type=\"application\/ld+json\" class=\"yoast-schema-graph\">{\"@context\":\"https:\/\/schema.org\",\"@graph\":[{\"@type\":\"WebPage\",\"@id\":\"https:\/\/cronicahd.ro\/?p=7970\",\"url\":\"https:\/\/cronicahd.ro\/?p=7970\",\"name\":\"B\u0103rbat b\u0103nuit de incitare la violen\u021b\u0103, ur\u0103 sau discriminare, re\u021binut de poli\u021bi\u0219tii Serviciului de Investiga\u021bii Criminale -\",\"isPartOf\":{\"@id\":\"https:\/\/cronicahd.ro\/#website\"},\"primaryImageOfPage\":{\"@id\":\"https:\/\/cronicahd.ro\/?p=7970#primaryimage\"},\"image\":{\"@id\":\"https:\/\/cronicahd.ro\/?p=7970#primaryimage\"},\"thumbnailUrl\":\"https:\/\/cronicahd.ro\/wp-content\/uploads\/2026\/04\/IMG_6560.jpeg\",\"datePublished\":\"2026-04-17T02:53:27+00:00\",\"author\":{\"@id\":\"https:\/\/cronicahd.ro\/#\/schema\/person\/d1a1277a8cd166610328e17aaf58bf46\"},\"breadcrumb\":{\"@id\":\"https:\/\/cronicahd.ro\/?p=7970#breadcrumb\"},\"inLanguage\":\"ro-RO\",\"potentialAction\":[{\"@type\":\"ReadAction\",\"target\":[\"https:\/\/cronicahd.ro\/?p=7970\"]}]},{\"@type\":\"ImageObject\",\"inLanguage\":\"ro-RO\",\"@id\":\"https:\/\/cronicahd.ro\/?p=7970#primaryimage\",\"url\":\"https:\/\/cronicahd.ro\/wp-content\/uploads\/2026\/04\/IMG_6560.jpeg\",\"contentUrl\":\"https:\/\/cronicahd.ro\/wp-content\/uploads\/2026\/04\/IMG_6560.jpeg\",\"width\":1125,\"height\":1490,\"caption\":\"Screenshot\"},{\"@type\":\"BreadcrumbList\",\"@id\":\"https:\/\/cronicahd.ro\/?p=7970#breadcrumb\",\"itemListElement\":[{\"@type\":\"ListItem\",\"position\":1,\"name\":\"Prima pagin\u0103\",\"item\":\"https:\/\/cronicahd.ro\/\"},{\"@type\":\"ListItem\",\"position\":2,\"name\":\"B\u0103rbat b\u0103nuit de incitare la violen\u021b\u0103, ur\u0103 sau discriminare, re\u021binut de poli\u021bi\u0219tii Serviciului de Investiga\u021bii Criminale\"}]},{\"@type\":\"WebSite\",\"@id\":\"https:\/\/cronicahd.ro\/#website\",\"url\":\"https:\/\/cronicahd.ro\/\",\"name\":\"\",\"description\":\"\",\"potentialAction\":[{\"@type\":\"SearchAction\",\"target\":{\"@type\":\"EntryPoint\",\"urlTemplate\":\"https:\/\/cronicahd.ro\/?s={search_term_string}\"},\"query-input\":{\"@type\":\"PropertyValueSpecification\",\"valueRequired\":true,\"valueName\":\"search_term_string\"}}],\"inLanguage\":\"ro-RO\"},{\"@type\":\"Person\",\"@id\":\"https:\/\/cronicahd.ro\/#\/schema\/person\/d1a1277a8cd166610328e17aaf58bf46\",\"name\":\"admin\",\"image\":{\"@type\":\"ImageObject\",\"inLanguage\":\"ro-RO\",\"@id\":\"https:\/\/cronicahd.ro\/#\/schema\/person\/image\/\",\"url\":\"https:\/\/secure.gravatar.com\/avatar\/24700337280d10898c2e0d19d44a05316bff9fccc941ecc5570ffe41668203f7?s=96&d=mm&r=g\",\"contentUrl\":\"https:\/\/secure.gravatar.com\/avatar\/24700337280d10898c2e0d19d44a05316bff9fccc941ecc5570ffe41668203f7?s=96&d=mm&r=g\",\"caption\":\"admin\"},\"sameAs\":[\"https:\/\/cronicavj.ro\"],\"url\":\"https:\/\/cronicahd.ro\/?author=1\"}]}<\/script>\n<!-- \/ Yoast SEO plugin. -->","yoast_head_json":{"title":"B\u0103rbat b\u0103nuit de incitare la violen\u021b\u0103, ur\u0103 sau discriminare, re\u021binut de poli\u021bi\u0219tii Serviciului de Investiga\u021bii Criminale -","robots":{"index":"index","follow":"follow","max-snippet":"max-snippet:-1","max-image-preview":"max-image-preview:large","max-video-preview":"max-video-preview:-1"},"canonical":"https:\/\/cronicahd.ro\/?p=7970","og_locale":"ro_RO","og_type":"article","og_title":"B\u0103rbat b\u0103nuit de incitare la violen\u021b\u0103, ur\u0103 sau discriminare, re\u021binut de poli\u021bi\u0219tii Serviciului de Investiga\u021bii Criminale -","og_description":"Un b\u0103rbat din municipiul Hunedara a fost re\u021binut pentru 24 de ore \u00een urma unei...","og_url":"https:\/\/cronicahd.ro\/?p=7970","article_published_time":"2026-04-17T02:53:27+00:00","og_image":[{"width":1125,"height":1490,"url":"https:\/\/cronicahd.ro\/wp-content\/uploads\/2026\/04\/IMG_6560.jpeg","type":"image\/jpeg"}],"author":"admin","twitter_card":"summary_large_image","twitter_misc":{"Scris de":"admin","Timp estimat pentru citire":"2 minute"},"schema":{"@context":"https:\/\/schema.org","@graph":[{"@type":"WebPage","@id":"https:\/\/cronicahd.ro\/?p=7970","url":"https:\/\/cronicahd.ro\/?p=7970","name":"B\u0103rbat b\u0103nuit de incitare la violen\u021b\u0103, ur\u0103 sau discriminare, re\u021binut de poli\u021bi\u0219tii Serviciului de Investiga\u021bii Criminale -","isPartOf":{"@id":"https:\/\/cronicahd.ro\/#website"},"primaryImageOfPage":{"@id":"https:\/\/cronicahd.ro\/?p=7970#primaryimage"},"image":{"@id":"https:\/\/cronicahd.ro\/?p=7970#primaryimage"},"thumbnailUrl":"https:\/\/cronicahd.ro\/wp-content\/uploads\/2026\/04\/IMG_6560.jpeg","datePublished":"2026-04-17T02:53:27+00:00","author":{"@id":"https:\/\/cronicahd.ro\/#\/schema\/person\/d1a1277a8cd166610328e17aaf58bf46"},"breadcrumb":{"@id":"https:\/\/cronicahd.ro\/?p=7970#breadcrumb"},"inLanguage":"ro-RO","potentialAction":[{"@type":"ReadAction","target":["https:\/\/cronicahd.ro\/?p=7970"]}]},{"@type":"ImageObject","inLanguage":"ro-RO","@id":"https:\/\/cronicahd.ro\/?p=7970#primaryimage","url":"https:\/\/cronicahd.ro\/wp-content\/uploads\/2026\/04\/IMG_6560.jpeg","contentUrl":"https:\/\/cronicahd.ro\/wp-content\/uploads\/2026\/04\/IMG_6560.jpeg","width":1125,"height":1490,"caption":"Screenshot"},{"@type":"BreadcrumbList","@id":"https:\/\/cronicahd.ro\/?p=7970#breadcrumb","itemListElement":[{"@type":"ListItem","position":1,"name":"Prima pagin\u0103","item":"https:\/\/cronicahd.ro\/"},{"@type":"ListItem","position":2,"name":"B\u0103rbat b\u0103nuit de incitare la violen\u021b\u0103, ur\u0103 sau discriminare, re\u021binut de poli\u021bi\u0219tii Serviciului de Investiga\u021bii Criminale"}]},{"@type":"WebSite","@id":"https:\/\/cronicahd.ro\/#website","url":"https:\/\/cronicahd.ro\/","name":"","description":"","potentialAction":[{"@type":"SearchAction","target":{"@type":"EntryPoint","urlTemplate":"https:\/\/cronicahd.ro\/?s={search_term_string}"},"query-input":{"@type":"PropertyValueSpecification","valueRequired":true,"valueName":"search_term_string"}}],"inLanguage":"ro-RO"},{"@type":"Person","@id":"https:\/\/cronicahd.ro\/#\/schema\/person\/d1a1277a8cd166610328e17aaf58bf46","name":"admin","image":{"@type":"ImageObject","inLanguage":"ro-RO","@id":"https:\/\/cronicahd.ro\/#\/schema\/person\/image\/","url":"https:\/\/secure.gravatar.com\/avatar\/24700337280d10898c2e0d19d44a05316bff9fccc941ecc5570ffe41668203f7?s=96&d=mm&r=g","contentUrl":"https:\/\/secure.gravatar.com\/avatar\/24700337280d10898c2e0d19d44a05316bff9fccc941ecc5570ffe41668203f7?s=96&d=mm&r=g","caption":"admin"},"sameAs":["https:\/\/cronicavj.ro"],"url":"https:\/\/cronicahd.ro\/?author=1"}]}},"_links":{"self":[{"href":"https:\/\/cronicahd.ro\/index.php?rest_route=\/wp\/v2\/posts\/7970","targetHints":{"allow":["GET"]}}],"collection":[{"href":"https:\/\/cronicahd.ro\/index.php?rest_route=\/wp\/v2\/posts"}],"about":[{"href":"https:\/\/cronicahd.ro\/index.php?rest_route=\/wp\/v2\/types\/post"}],"author":[{"embeddable":true,"href":"https:\/\/cronicahd.ro\/index.php?rest_route=\/wp\/v2\/users\/1"}],"replies":[{"embeddable":true,"href":"https:\/\/cronicahd.ro\/index.php?rest_route=%2Fwp%2Fv2%2Fcomments&post=7970"}],"version-history":[{"count":1,"href":"https:\/\/cronicahd.ro\/index.php?rest_route=\/wp\/v2\/posts\/7970\/revisions"}],"predecessor-version":[{"id":7972,"href":"https:\/\/cronicahd.ro\/index.php?rest_route=\/wp\/v2\/posts\/7970\/revisions\/7972"}],"wp:featuredmedia":[{"embeddable":true,"href":"https:\/\/cronicahd.ro\/index.php?rest_route=\/wp\/v2\/media\/7971"}],"wp:attachment":[{"href":"https:\/\/cronicahd.ro\/index.php?rest_route=%2Fwp%2Fv2%2Fmedia&parent=7970"}],"wp:term":[{"taxonomy":"category","embeddable":true,"href":"https:\/\/cronicahd.ro\/index.php?rest_route=%2Fwp%2Fv2%2Fcategories&post=7970"},{"taxonomy":"post_tag","embeddable":true,"href":"https:\/\/cronicahd.ro\/index.php?rest_route=%2Fwp%2Fv2%2Ftags&post=7970"}],"curies":[{"name":"wp","href":"https:\/\/api.w.org\/{rel}","templated":true}]}}