{"id":7959,"date":"2026-04-16T17:59:14","date_gmt":"2026-04-16T17:59:14","guid":{"rendered":"https:\/\/cronicahd.ro\/?p=7959"},"modified":"2026-04-16T18:00:38","modified_gmt":"2026-04-16T18:00:38","slug":"eveniment-cultural-de-exceptie-la-petrosani","status":"publish","type":"post","link":"https:\/\/cronicahd.ro\/?p=7959","title":{"rendered":"Eveniment cultural de excep\u021bie la Petro\u0219ani"},"content":{"rendered":"<p class=\"s3\"><span class=\"s4\"><span class=\"bumpedFont15\">Eleganta cl\u0103dire <\/span><\/span><span class=\"s4\"><span class=\"bumpedFont15\">La Belle Epoque din Petro\u0219ani<\/span><\/span><span class=\"s4\"><span class=\"bumpedFont15\"> g\u0103zdui<\/span><\/span><span class=\"s4\"><span class=\"bumpedFont15\">e\u0219te \u00een <\/span><\/span><span class=\"s4\"><span class=\"bumpedFont15\">pe<\/span><\/span><span class=\"s4\"><span class=\"bumpedFont15\">rioada 16-17 aprilie 2026 <\/span><\/span><span class=\"s5\"><span class=\"bumpedFont15\">Colocviu<\/span><\/span><span class=\"s5\"><span class=\"bumpedFont15\">l<\/span><\/span><span class=\"s5\"><span class=\"bumpedFont15\"> Na\u021bional de Memorialistic\u0103 \u0219i Eseu\u00a0\u201eI<\/span><\/span><span class=\"s5\"><span class=\"bumpedFont15\">on<\/span><\/span><span class=\"s5\"><span class=\"bumpedFont15\"> D. S\u00eerbu\u201d. <\/span><\/span><span class=\"s5\"><span class=\"bumpedFont15\">Ini\u021biativa acestui <\/span><\/span><span class=\"s5\"><span class=\"bumpedFont15\">important <\/span><\/span><span class=\"s5\"><span class=\"bumpedFont15\">demers cultural le<\/span><\/span><span class=\"s5\"><span class=\"bumpedFont15\"> apar\u021bine d<\/span><\/span><span class=\"s5\"><span class=\"bumpedFont15\">omnilor Costel Avram, administratorul public al Consiliului Jude\u021bean Hunedoara, \u0219i <\/span><\/span><span class=\"s5\"><span class=\"bumpedFont15\">Varujan Vosganian, <\/span><\/span><span class=\"s5\"><span class=\"bumpedFont15\">pre\u0219edintele Uniunii Scriitorilor din Rom\u00e2nia<\/span><\/span><span class=\"s5\"><span class=\"bumpedFont15\">,<\/span><\/span> <span class=\"s5\"><span class=\"bumpedFont15\">cu acordul domnului Lauren\u021biu Nistor, pre\u0219edintele Consiliului Jude\u021bean Hunedoara.<\/span><\/span><\/p>\n<p><img loading=\"lazy\" decoding=\"async\" class=\"alignnone size-full wp-image-7966\" src=\"https:\/\/cronicahd.ro\/wp-content\/uploads\/2026\/04\/IMG_6551.jpeg\" alt=\"\" width=\"720\" height=\"1080\" srcset=\"https:\/\/cronicahd.ro\/wp-content\/uploads\/2026\/04\/IMG_6551.jpeg 720w, https:\/\/cronicahd.ro\/wp-content\/uploads\/2026\/04\/IMG_6551-200x300.jpeg 200w, https:\/\/cronicahd.ro\/wp-content\/uploads\/2026\/04\/IMG_6551-683x1024.jpeg 683w\" sizes=\"auto, (max-width: 720px) 100vw, 720px\" \/><\/p>\n<p class=\"s6\"><span class=\"s4\"><span class=\"bumpedFont15\">Suntem deosebit de onora\u021bi s\u0103 lu\u0103m parte ca organizatori la acest<\/span><\/span><span class=\"s4\"><span class=\"bumpedFont15\"> proiect cultura<\/span><\/span><span class=\"s4\"><span class=\"bumpedFont15\">l,<\/span><\/span><span class=\"s4\"><span class=\"bumpedFont15\"> realizat de<\/span><\/span><span class=\"s4\"><span class=\"bumpedFont15\"> Consiliul<\/span><\/span><span class=\"s4\"><span class=\"bumpedFont15\"> Jude\u021bean Hunedoara<\/span><\/span><span class=\"s4\"><span class=\"bumpedFont15\">, <\/span><\/span><span class=\"s4\"><span class=\"bumpedFont15\">prin Biblioteca Jude\u021bean\u0103 \u201eOvid Densusianu\u201d Hunedoara \u2013 Deva, \u00een parteneriat cu Uniunea Scriitorilor din Rom\u00e2nia.<\/span><\/span><\/p>\n<p><img loading=\"lazy\" decoding=\"async\" class=\"alignnone size-full wp-image-7965\" src=\"https:\/\/cronicahd.ro\/wp-content\/uploads\/2026\/04\/IMG_6554.jpeg\" alt=\"\" width=\"1500\" height=\"1000\" srcset=\"https:\/\/cronicahd.ro\/wp-content\/uploads\/2026\/04\/IMG_6554.jpeg 1500w, https:\/\/cronicahd.ro\/wp-content\/uploads\/2026\/04\/IMG_6554-300x200.jpeg 300w, https:\/\/cronicahd.ro\/wp-content\/uploads\/2026\/04\/IMG_6554-1024x683.jpeg 1024w, https:\/\/cronicahd.ro\/wp-content\/uploads\/2026\/04\/IMG_6554-768x512.jpeg 768w\" sizes=\"auto, (max-width: 1500px) 100vw, 1500px\" \/><\/p>\n<p class=\"s6\"><span class=\"s4\"><span class=\"bumpedFont15\">Premiul<\/span><\/span> <span class=\"s4\"><span class=\"bumpedFont15\">Na\u021bional <\/span><\/span><span class=\"s2\"><span class=\"bumpedFont15\">Opera Omnia<\/span><\/span> <span class=\"s4\"><span class=\"bumpedFont15\">\u201eIon<\/span><\/span><span class=\"s4\"><span class=\"bumpedFont15\"> D. S\u00eerbu<\/span><\/span><span class=\"s4\"><span class=\"bumpedFont15\">\u201d<\/span><\/span><span class=\"s4\"><span class=\"bumpedFont15\"> pentru<\/span><\/span><span class=\"s4\"><span class=\"bumpedFont15\">M<\/span><\/span><span class=\"s4\"><span class=\"bumpedFont15\">emorialistic\u0103<\/span><\/span><span class=\"s4\"><span class=\"bumpedFont15\"> \u0219i Eseu<\/span><\/span><span class=\"s4\"><span class=\"bumpedFont15\"> est<\/span><\/span><span class=\"s4\"><span class=\"bumpedFont15\">e<\/span><\/span><span class=\"s4\"><span class=\"bumpedFont15\"> un premiu <\/span><\/span><span class=\"s4\"><span class=\"bumpedFont15\">de egal\u0103 importan\u021b\u0103 cu Premiul N<\/span><\/span><span class=\"s4\"><span class=\"bumpedFont15\">a\u021bional <\/span><\/span><span class=\"s4\"><span class=\"bumpedFont15\">pentru P<\/span><\/span><span class=\"s4\"><span class=\"bumpedFont15\">oezie <\/span><\/span><span class=\"s4\"><span class=\"bumpedFont15\">\u201eMihai <\/span><\/span><span class=\"s4\"><span class=\"bumpedFont15\">Eminescu<\/span><\/span><span class=\"s4\"><span class=\"bumpedFont15\">\u201d \u0219i cu P<\/span><\/span><span class=\"s4\"><span class=\"bumpedFont15\">remiul<\/span><\/span><span class=\"s4\"><span class=\"bumpedFont15\">N<\/span><\/span><span class=\"s4\"><span class=\"bumpedFont15\">a\u021bional<\/span><\/span> <span class=\"s4\"><span class=\"bumpedFont15\">pentru Proz\u0103<\/span><\/span> <span class=\"s4\"><span class=\"bumpedFont15\">\u201e<\/span><\/span><span class=\"s4\"><span class=\"bumpedFont15\">Ion Creang\u0103<\/span><\/span><span class=\"s4\"><span class=\"bumpedFont15\">\u201d<\/span><\/span><span class=\"s4\"><span class=\"bumpedFont15\">. Acest premiu va r\u0103spl\u0103ti crea\u021bia \u00een domeniul memorialistic\u0103<\/span><\/span><span class=\"s4\"><span class=\"bumpedFont15\"> \u2013 <\/span><\/span><span class=\"s4\"><span class=\"bumpedFont15\">eseu, domeniu cu multiple valen\u021be \u00een peisajul literar rom\u00e2nesc.<\/span><\/span><\/p>\n<p><img loading=\"lazy\" decoding=\"async\" class=\"alignnone size-full wp-image-7964\" src=\"https:\/\/cronicahd.ro\/wp-content\/uploads\/2026\/04\/IMG_6553.jpeg\" alt=\"\" width=\"1500\" height=\"1000\" srcset=\"https:\/\/cronicahd.ro\/wp-content\/uploads\/2026\/04\/IMG_6553.jpeg 1500w, https:\/\/cronicahd.ro\/wp-content\/uploads\/2026\/04\/IMG_6553-300x200.jpeg 300w, https:\/\/cronicahd.ro\/wp-content\/uploads\/2026\/04\/IMG_6553-1024x683.jpeg 1024w, https:\/\/cronicahd.ro\/wp-content\/uploads\/2026\/04\/IMG_6553-768x512.jpeg 768w\" sizes=\"auto, (max-width: 1500px) 100vw, 1500px\" \/><\/p>\n<p class=\"s6\"><span class=\"s4\"><span class=\"bumpedFont15\">Pentru noi, pentru via\u021ba cultural\u0103 a jude\u021bului Hunedoara, orga<\/span><\/span><span class=\"s4\"><span class=\"bumpedFont15\">nizare<\/span><\/span><span class=\"s4\"><span class=\"bumpedFont15\">a acestui colocviu<\/span><\/span><span class=\"s4\"><span class=\"bumpedFont15\"> \u0219i instituirea prestigiosului P<\/span><\/span><span class=\"s4\"><span class=\"bumpedFont15\">rem<\/span><\/span><span class=\"s4\"><span class=\"bumpedFont15\">iu \u201eIon<\/span><\/span><span class=\"s4\"><span class=\"bumpedFont15\"> D. S\u00eerbu\u201d reprezint\u0103 un excelent prilej de a i se oferi jude\u021bului nostru, \u00een mod deosebit V\u0103ii Jiului, un binemeritat loc de prim\u0103 importan\u021b\u0103 pe harta cultural\u0103 a Rom\u00e2niei.<\/span><\/span><\/p>\n<p><img loading=\"lazy\" decoding=\"async\" class=\"alignnone size-full wp-image-7963\" src=\"https:\/\/cronicahd.ro\/wp-content\/uploads\/2026\/04\/IMG_6552.jpeg\" alt=\"\" width=\"1500\" height=\"1000\" srcset=\"https:\/\/cronicahd.ro\/wp-content\/uploads\/2026\/04\/IMG_6552.jpeg 1500w, https:\/\/cronicahd.ro\/wp-content\/uploads\/2026\/04\/IMG_6552-300x200.jpeg 300w, https:\/\/cronicahd.ro\/wp-content\/uploads\/2026\/04\/IMG_6552-1024x683.jpeg 1024w, https:\/\/cronicahd.ro\/wp-content\/uploads\/2026\/04\/IMG_6552-768x512.jpeg 768w\" sizes=\"auto, (max-width: 1500px) 100vw, 1500px\" \/><\/p>\n<p class=\"s6\"><span class=\"s5\"><span class=\"bumpedFont15\">Temati<\/span><\/span><span class=\"s5\"><span class=\"bumpedFont15\">ca<\/span><\/span> <span class=\"s5\"><span class=\"bumpedFont15\">Colocviu<\/span><\/span><span class=\"s5\"><span class=\"bumpedFont15\">lui<\/span><\/span><span class=\"s5\"><span class=\"bumpedFont15\"> Na\u021bional de Memorialistic\u0103 \u0219i Eseu\u00a0\u201eI<\/span><\/span><span class=\"s5\"><span class=\"bumpedFont15\">on<\/span><\/span><span class=\"s5\"><span class=\"bumpedFont15\"> D. S\u00eerbu\u201d <\/span><\/span><span class=\"s5\"><span class=\"bumpedFont15\">este<\/span><\/span> <span class=\"s5\"><span class=\"bumpedFont15\">\u201e<\/span><\/span><span class=\"s5\"><span class=\"bumpedFont15\">Literatura memoriei. Ion D. S\u00eerbu, N. Steinhardt, Ion Ioanid, Florin-Constantin Pavlovici<\/span><\/span><span class=\"s5\"><span class=\"bumpedFont15\">\u201d. <\/span><\/span><span class=\"s5\"><span class=\"bumpedFont15\">L<\/span><\/span><span class=\"s5\"><span class=\"bumpedFont15\">a <\/span><\/span><span class=\"s5\"><span class=\"bumpedFont15\">acest \u00a0colocviu<\/span><\/span><span class=\"s5\"><span class=\"bumpedFont15\"> se va acorda <\/span><\/span><span class=\"s5\"><span class=\"bumpedFont15\">un Premiu N<\/span><\/span><span class=\"s5\"><span class=\"bumpedFont15\">a\u021bional <\/span><\/span><span class=\"s7\"><span class=\"bumpedFont15\">Opera omnia<\/span><\/span> <span class=\"s5\"><span class=\"bumpedFont15\">\u201eIon D. S\u00eerbu\u201d<\/span><\/span> <span class=\"s5\"><span class=\"bumpedFont15\">unui scriitor <\/span><\/span><span class=\"s5\"><span class=\"bumpedFont15\">pentru cea mai valoroas\u0103 lucrare din categoria memorialistic\u0103<\/span><\/span> <span class=\"s5\"><span class=\"bumpedFont15\">\u2013<\/span><\/span> <span class=\"s5\"><span class=\"bumpedFont15\">eseu.<\/span><\/span><\/p>\n<p><img loading=\"lazy\" decoding=\"async\" class=\"alignnone size-full wp-image-7962\" src=\"https:\/\/cronicahd.ro\/wp-content\/uploads\/2026\/04\/IMG_6555.jpeg\" alt=\"\" width=\"1500\" height=\"1000\" srcset=\"https:\/\/cronicahd.ro\/wp-content\/uploads\/2026\/04\/IMG_6555.jpeg 1500w, https:\/\/cronicahd.ro\/wp-content\/uploads\/2026\/04\/IMG_6555-300x200.jpeg 300w, https:\/\/cronicahd.ro\/wp-content\/uploads\/2026\/04\/IMG_6555-1024x683.jpeg 1024w, https:\/\/cronicahd.ro\/wp-content\/uploads\/2026\/04\/IMG_6555-768x512.jpeg 768w\" sizes=\"auto, (max-width: 1500px) 100vw, 1500px\" \/><\/p>\n<p class=\"s6\"><span class=\"s5\"><span class=\"bumpedFont15\">P<\/span><\/span><span class=\"s5\"><span class=\"bumpedFont15\">rintre participan\u021bi<\/span><\/span><span class=\"s5\"><span class=\"bumpedFont15\">i la colocviu<\/span><\/span> <span class=\"s5\"><span class=\"bumpedFont15\">s<\/span><\/span><span class=\"s5\"><span class=\"bumpedFont15\">e<\/span><\/span> <span class=\"s5\"><span class=\"bumpedFont15\">num\u0103r<\/span><\/span><span class=\"s5\"><span class=\"bumpedFont15\">\u0103<\/span><\/span> <span class=\"s5\"><span class=\"bumpedFont15\">scriitori<\/span><\/span><span class=\"s5\"><span class=\"bumpedFont15\">, critici literari, profesori universitari, jurnali\u0219ti<\/span><\/span><span class=\"s5\"><span class=\"bumpedFont15\"> din Rom\u00e2nia<\/span><\/span><span class=\"s5\"><span class=\"bumpedFont15\">, buni cunosc\u0103tori ai operei lui I<\/span><\/span><span class=\"s5\"><span class=\"bumpedFont15\">on<\/span><\/span><span class=\"s5\"><span class=\"bumpedFont15\">. D. S\u00eerbu<\/span><\/span><span class=\"s5\"><span class=\"bumpedFont15\">:<\/span><\/span><span class=\"s5\"><span class=\"bumpedFont15\"> Adrian Alui Gheorghe, Vlad Alui Gheorghe, <\/span><\/span><span class=\"s5\"><span class=\"bumpedFont15\">Mihai Barbu, <\/span><\/span><span class=\"s5\"><span class=\"bumpedFont15\">Gabriel Chifu, Daniel C<\/span><\/span><span class=\"s5\"><span class=\"bumpedFont15\">ristea-Enache<\/span><\/span><span class=\"s5\"><span class=\"bumpedFont15\">, Horia G\u00e2rbea, C<\/span><\/span><span class=\"s5\"><span class=\"bumpedFont15\">lara Mare\u0219<\/span><\/span><span class=\"s5\"><span class=\"bumpedFont15\">, Mircea Mih\u0103ie\u0219, Angelo Mitchievici, Antonio Patra\u0219, Nicolae Opr<\/span><\/span><span class=\"s5\"><span class=\"bumpedFont15\">ea, Cri<\/span><\/span><span class=\"s5\"><span class=\"bumpedFont15\">stian P\u0103tr\u0103\u0219coniu<\/span><\/span><span class=\"s5\"><span class=\"bumpedFont15\">, Vasile Spiridon, Liviu Ioan Stoiciu, Adrian Tudurachi, Toma Velici, Varujan Vosganian.<\/span><\/span><\/p>\n<p><img loading=\"lazy\" decoding=\"async\" class=\"alignnone size-full wp-image-7961\" src=\"https:\/\/cronicahd.ro\/wp-content\/uploads\/2026\/04\/IMG_6556.jpeg\" alt=\"\" width=\"1500\" height=\"1000\" srcset=\"https:\/\/cronicahd.ro\/wp-content\/uploads\/2026\/04\/IMG_6556.jpeg 1500w, https:\/\/cronicahd.ro\/wp-content\/uploads\/2026\/04\/IMG_6556-300x200.jpeg 300w, https:\/\/cronicahd.ro\/wp-content\/uploads\/2026\/04\/IMG_6556-1024x683.jpeg 1024w, https:\/\/cronicahd.ro\/wp-content\/uploads\/2026\/04\/IMG_6556-768x512.jpeg 768w\" sizes=\"auto, (max-width: 1500px) 100vw, 1500px\" \/><\/p>\n<p class=\"s6\"><span class=\"s4\"><span class=\"bumpedFont15\">De men\u021bionat este faptul c\u0103, dintre scriitorii prezen\u021bi la colocviu, <\/span><\/span><span class=\"s4\"><span class=\"bumpedFont15\">Mihai Barbu, <\/span><\/span><span class=\"s4\"><span class=\"bumpedFont15\">Clara Mare\u0219 \u0219i Antonio Patra\u0219 sunt autorii <\/span><\/span><span class=\"s4\"><span class=\"bumpedFont15\">a trei<\/span><\/span><span class=\"s4\"><span class=\"bumpedFont15\"> c\u0103r\u021bi despre via\u021ba plin\u0103 de \u00eencerc\u0103ri a lui I<\/span><\/span><span class=\"s4\"><span class=\"bumpedFont15\">on <\/span><\/span><span class=\"s4\"><span class=\"bumpedFont15\">D. S\u00eerbu: \u201eMemoriile lui Ion D. S\u00eerbu. O reconstituire\u201d,<\/span><\/span> <span class=\"s4\"><span class=\"bumpedFont15\">\u201e<\/span><\/span><span class=\"s4\"><span class=\"bumpedFont15\">Zidul de sticl\u0103. Ion D. S\u00eerbu \u00een arhivele Securit\u0103\u021bii<\/span><\/span><span class=\"s4\"><span class=\"bumpedFont15\">\u201d<\/span><\/span><span class=\"s4\"><span class=\"bumpedFont15\"> \u0219i, respectiv, <\/span><\/span><span class=\"s4\"><span class=\"bumpedFont15\">\u201e<\/span><\/span><span class=\"s4\"><span class=\"bumpedFont15\">Ion D. S\u00eerbu <\/span><\/span><span class=\"s4\"><span class=\"bumpedFont15\">\u2013<\/span><\/span><span class=\"s4\"><span class=\"bumpedFont15\"> de veghe \u00een noaptea totalitar\u0103<\/span><\/span><span class=\"s4\"><span class=\"bumpedFont15\">\u201d<\/span><\/span><span class=\"s4\"><span class=\"bumpedFont15\">. <\/span><\/span><br \/>\n<img loading=\"lazy\" decoding=\"async\" class=\"alignnone size-full wp-image-7960\" src=\"https:\/\/cronicahd.ro\/wp-content\/uploads\/2026\/04\/IMG_6557.jpeg\" alt=\"\" width=\"1080\" height=\"720\" srcset=\"https:\/\/cronicahd.ro\/wp-content\/uploads\/2026\/04\/IMG_6557.jpeg 1080w, https:\/\/cronicahd.ro\/wp-content\/uploads\/2026\/04\/IMG_6557-300x200.jpeg 300w, https:\/\/cronicahd.ro\/wp-content\/uploads\/2026\/04\/IMG_6557-1024x683.jpeg 1024w, https:\/\/cronicahd.ro\/wp-content\/uploads\/2026\/04\/IMG_6557-768x512.jpeg 768w\" sizes=\"auto, (max-width: 1080px) 100vw, 1080px\" \/><\/p>\n<p class=\"s6\"><span class=\"s4\"><span class=\"bumpedFont15\">Ne-a onorat cu prezen\u021ba domnul Constantin Fulga, prefectul jude\u021bului Hunedoara, iar din partea Institu\u021biei Prefectului \u2013 Jude\u021bul Hunedoara un cuv\u00e2nt de salut a fost rostit de domnul L<\/span><\/span><span class=\"s8\"><span class=\"bumpedFont15\">\u00f6<\/span><\/span><span class=\"s4\"><span class=\"bumpedFont15\">rincz Sz<\/span><\/span><span class=\"s8\"><span class=\"bumpedFont15\">\u00e9<\/span><\/span><span class=\"s4\"><span class=\"bumpedFont15\">ll, subprefectul jude\u021bului Hunedoara.<\/span><\/span><\/p>\n<p class=\"s6\"><span class=\"s4\"><span class=\"bumpedFont15\">\u00cen deschiderea lucr\u0103rilor col<\/span><\/span><span class=\"s4\"><span class=\"bumpedFont15\">ocviului, domnul<\/span><\/span><span class=\"s4\"><span class=\"bumpedFont15\"> Costel Avram<\/span><\/span><span class=\"s4\"><span class=\"bumpedFont15\">,<\/span><\/span><span class=\"s4\"><span class=\"bumpedFont15\"> administratorul public al Consil<\/span><\/span><span class=\"s4\"><span class=\"bumpedFont15\">iului Jude\u021bean Hunedoara,<\/span><\/span><span class=\"s4\"><span class=\"bumpedFont15\"> s-a adresat celor prezen\u021bi, accentu\u00e2nd necesitatea \u0219i importan\u021ba acestui eveniment cultural pentru jude\u021bul Hunedoara <\/span><\/span><span class=\"s4\"><span class=\"bumpedFont15\">\u0219i pentru Valea Jiului. <img loading=\"lazy\" decoding=\"async\" class=\"alignnone size-full wp-image-7954\" src=\"https:\/\/cronicahd.ro\/wp-content\/uploads\/2026\/04\/att.ow8C_CJXlAFKQbT_ecmSgVL0702oDFDWtdrrA3tSiCM.jpeg\" alt=\"\" width=\"1536\" height=\"2048\" srcset=\"https:\/\/cronicahd.ro\/wp-content\/uploads\/2026\/04\/att.ow8C_CJXlAFKQbT_ecmSgVL0702oDFDWtdrrA3tSiCM.jpeg 1536w, https:\/\/cronicahd.ro\/wp-content\/uploads\/2026\/04\/att.ow8C_CJXlAFKQbT_ecmSgVL0702oDFDWtdrrA3tSiCM-225x300.jpeg 225w, https:\/\/cronicahd.ro\/wp-content\/uploads\/2026\/04\/att.ow8C_CJXlAFKQbT_ecmSgVL0702oDFDWtdrrA3tSiCM-768x1024.jpeg 768w, https:\/\/cronicahd.ro\/wp-content\/uploads\/2026\/04\/att.ow8C_CJXlAFKQbT_ecmSgVL0702oDFDWtdrrA3tSiCM-1152x1536.jpeg 1152w, https:\/\/cronicahd.ro\/wp-content\/uploads\/2026\/04\/att.ow8C_CJXlAFKQbT_ecmSgVL0702oDFDWtdrrA3tSiCM-1024x1365.jpeg 1024w\" sizes=\"auto, (max-width: 1536px) 100vw, 1536px\" \/><\/span><\/span><\/p>\n<p class=\"s9\"><span class=\"s4\"><span class=\"bumpedFont15\">Adresez calde mul\u021bumiri domnului Lauren\u021biu Nistor, pre\u0219edintele Consiliului Jude\u021bean Hunedoara, \u0219i domnului Costel Avram, administratorul public al Consiliului Jude\u021bean Hunedoara, care ne-au sprijinit ca de fiecare dat\u0103 \u0219i \u00een acest ambi\u021bios proiect cultural care este<\/span><\/span><span class=\"s4\"><span class=\"bumpedFont15\"> Colocviul Na\u021bional de Memorialistic\u0103 \u0219i Eseu \u201eIon D. S\u00eerbu\u201d.<\/span><\/span><\/p>\n<p class=\"s6\"><span class=\"s5\"><span class=\"bumpedFont15\">Mesajul domnului Varujan Vosganian, pre\u0219edintele Uniunii Scriitorilor din Rom\u00e2nia<\/span><\/span><span class=\"s5\"><span class=\"bumpedFont15\">,<\/span><\/span><span class=\"s5\"><span class=\"bumpedFont15\"> a fost axat pe argumentarea motiva\u021biei care a determinat ini\u021biativa organiz\u0103rii acestui colocviu \u0219i a acor<\/span><\/span><span class=\"s5\"><span class=\"bumpedFont15\">d\u0103rii prestigiosului P<\/span><\/span><span class=\"s5\"><span class=\"bumpedFont15\">remiu \u201eIon <\/span><\/span><span class=\"s5\"><span class=\"bumpedFont15\">D. S\u00eerbu\u201d. <\/span><\/span><\/p>\n<p class=\"s6\"><span class=\"s5\"><span class=\"bumpedFont15\">Au urmat comunic\u0103ri sus\u021binute \u00een cadrul lucr\u0103rilor \u00een plen, comunic\u0103ri sus\u021binute de prestigio\u0219i scriitori \u0219i critici literari care au prezentat mo\u0219tenirea cultural\u0103 a lui Ion D. S\u00eerbu, biografia sa marcat\u0103 de suferin\u021b\u0103 \u0219i permanent\u0103 represiune din partea unui regim totalitar. \u00a0Lucr\u0103rile au fost moderate de C<\/span><\/span><span class=\"s5\"><span class=\"bumpedFont15\">ristian P\u0103tr\u0103\u0219coniu, <\/span><\/span><span class=\"s4\"><span class=\"bumpedFont15\">redactor-\u0219ef adjunct al revistei \u201eRom\u00e2nia literar\u0103\u201d<\/span><\/span><span class=\"s4\"><span class=\"bumpedFont15\">.<\/span><\/span><\/p>\n<p><img loading=\"lazy\" decoding=\"async\" class=\"alignnone size-full wp-image-7950\" src=\"https:\/\/cronicahd.ro\/wp-content\/uploads\/2026\/04\/att.4191y7E8VoK35GQoyTYE0CAL9Aw35IUpDegJCjocaD0.jpeg\" alt=\"\" width=\"2048\" height=\"1536\" srcset=\"https:\/\/cronicahd.ro\/wp-content\/uploads\/2026\/04\/att.4191y7E8VoK35GQoyTYE0CAL9Aw35IUpDegJCjocaD0.jpeg 2048w, https:\/\/cronicahd.ro\/wp-content\/uploads\/2026\/04\/att.4191y7E8VoK35GQoyTYE0CAL9Aw35IUpDegJCjocaD0-300x225.jpeg 300w, https:\/\/cronicahd.ro\/wp-content\/uploads\/2026\/04\/att.4191y7E8VoK35GQoyTYE0CAL9Aw35IUpDegJCjocaD0-1024x768.jpeg 1024w, https:\/\/cronicahd.ro\/wp-content\/uploads\/2026\/04\/att.4191y7E8VoK35GQoyTYE0CAL9Aw35IUpDegJCjocaD0-768x576.jpeg 768w, https:\/\/cronicahd.ro\/wp-content\/uploads\/2026\/04\/att.4191y7E8VoK35GQoyTYE0CAL9Aw35IUpDegJCjocaD0-1536x1152.jpeg 1536w\" sizes=\"auto, (max-width: 2048px) 100vw, 2048px\" \/><\/p>\n<p class=\"s6\"><span class=\"s5\"><span class=\"bumpedFont15\">\u00cen a doua zi a colocviului<\/span><\/span><span class=\"s5\"><span class=\"bumpedFont15\">,<\/span><\/span><span class=\"s5\"><span class=\"bumpedFont15\"> la colegiile <\/span><\/span><span class=\"s4\"><span class=\"bumpedFont15\">\u201eHermes\u201d, \u201eMihai Eminescu\u201d <\/span><\/span><span class=\"s4\"><span class=\"bumpedFont15\">\u0219i \u201eCarmen Sylva\u201d din <\/span><\/span><span class=\"s4\"><span class=\"bumpedFont15\">P<\/span><\/span><span class=\"s4\"><span class=\"bumpedFont15\">etro\u0219ani<\/span><\/span><span class=\"s4\"><span class=\"bumpedFont15\">,<\/span><\/span><span class=\"s4\"><span class=\"bumpedFont15\"> participan\u021bii la <\/span><\/span><span class=\"s4\"><span class=\"bumpedFont15\">colocviu vor sus\u021bine<\/span><\/span><span class=\"s4\"><span class=\"bumpedFont15\"> lecturi pu<\/span><\/span><span class=\"s4\"><span class=\"bumpedFont15\">b<\/span><\/span><span class=\"s4\"><span class=\"bumpedFont15\">lice.<\/span><\/span><\/p>\n<p class=\"s6\"><span class=\"s4\"><span class=\"bumpedFont15\">\u00ce<\/span><\/span><span class=\"s5\"><span class=\"bumpedFont15\">n <\/span><\/span><span class=\"s5\"><span class=\"bumpedFont15\">seara zilei de 17 aprilie <\/span><\/span><span class=\"s5\"><span class=\"bumpedFont15\">v<\/span><\/span><span class=\"s5\"><span class=\"bumpedFont15\">a <\/span><\/span><span class=\"s5\"><span class=\"bumpedFont15\">av<\/span><\/span><span class=\"s5\"><span class=\"bumpedFont15\">ea<\/span><\/span><span class=\"s5\"><span class=\"bumpedFont15\"> loc mult a\u0219teptata ceremonie de decernare a <\/span><\/span><span class=\"s5\"><span class=\"bumpedFont15\">Premiului<\/span><\/span><span class=\"s5\"><span class=\"bumpedFont15\"> Na\u021bional <\/span><\/span><span class=\"s7\"><span class=\"bumpedFont15\">Opera Omnia<\/span><\/span><span class=\"s5\"><span class=\"bumpedFont15\"> \u201eIon<\/span><\/span><span class=\"s5\"><span class=\"bumpedFont15\">D. S\u00eerbu\u201d<\/span><\/span><span class=\"s5\"><span class=\"bumpedFont15\"> pentru M<\/span><\/span><span class=\"s5\"><span class=\"bumpedFont15\">emorialistic\u0103<\/span><\/span> <span class=\"s5\"><span class=\"bumpedFont15\">\u0219i<\/span><\/span> <span class=\"s5\"><span class=\"bumpedFont15\">E<\/span><\/span><span class=\"s5\"><span class=\"bumpedFont15\">seu. <\/span><\/span><\/p>\n<p class=\"s6\"><span class=\"s5\"><span class=\"bumpedFont15\">\u00cen final, participan\u021bii la <\/span><\/span><span class=\"s5\"><span class=\"bumpedFont15\">Colocviul<\/span><\/span> <span class=\"s5\"><span class=\"bumpedFont15\">Na\u021bion<\/span><\/span><span class=\"s5\"><span class=\"bumpedFont15\">al de Memorialistic\u0103 \u0219i Eseu\u00a0\u201eIon<\/span><\/span><span class=\"s5\"><span class=\"bumpedFont15\"> D. S\u00eerbu\u201d vor viziona<\/span><\/span><span class=\"s5\"><span class=\"bumpedFont15\"> piesa de t<\/span><\/span><span class=\"s5\"><span class=\"bumpedFont15\">eatru \u201e<\/span><\/span><span class=\"s10\"><span class=\"bumpedFont15\">Bietul meu suflet, c\u0103rbune\u201d, dup\u0103 \u201ePovestiri petrilene\u201d de Ion D. S\u00eerbu, <\/span><\/span><span class=\"s10\"><span class=\"bumpedFont15\">spectacol pus \u00een scen\u0103 de regizorul <\/span><\/span><span class=\"s10\"><span class=\"bumpedFont15\">Constantin Radu Tudosie<\/span><\/span><span class=\"s10\"><span class=\"bumpedFont15\">. <\/span><\/span><\/p>\n<p class=\"s6\"><span class=\"s5\"><span class=\"bumpedFont15\">Biblioteca Jude\u021bean\u0103 \u201eOvid Densusianu\u201d<\/span><\/span><span class=\"s5\"><span class=\"bumpedFont15\"> Hunedoara<\/span><\/span> <span class=\"s5\"><span class=\"bumpedFont15\">&#8211;<\/span><\/span> <span class=\"s5\"><span class=\"bumpedFont15\">Deva este onorat\u0103 s\u0103 fie partener\u0103 la acest inedit proiect cultural <\/span><\/span><span class=\"s5\"><span class=\"bumpedFont15\">care este un incontestabil c\u00e2\u0219tig pentru profilul cultural al jude\u021bului Hunedoara <\/span><\/span><span class=\"s5\"><span class=\"bumpedFont15\">\u0219i se va im<\/span><\/span><span class=\"s5\"><span class=\"bumpedFont15\">plica <\/span><\/span><span class=\"s5\"><span class=\"bumpedFont15\">la fiecare edi\u021bie, <\/span><\/span><span class=\"s5\"><span class=\"bumpedFont15\">cu tot profesionalismul<\/span><\/span><span class=\"s5\"><span class=\"bumpedFont15\">,<\/span><\/span> <span class=\"s5\"><span class=\"bumpedFont15\">\u00een <\/span><\/span><span class=\"s5\"><span class=\"bumpedFont15\">buna organizare a <\/span><\/span><span class=\"s5\"><span class=\"bumpedFont15\">acestuia. <\/span><\/span><\/p>\n<p class=\"s11\"><span class=\"s4\"><span class=\"bumpedFont15\">Manager,<\/span><\/span><\/p>\n<p class=\"s11\"><span class=\"s4\"><span class=\"bumpedFont15\">Ioan Sebastian Bara<\/span><\/span><\/p>\n","protected":false},"excerpt":{"rendered":"<p>Eleganta cl\u0103dire La Belle Epoque din Petro\u0219ani g\u0103zduie\u0219te \u00een perioada 16-17 aprilie 2026 Colocviul Na\u021bional&#8230;<\/p>\n","protected":false},"author":1,"featured_media":7960,"comment_status":"closed","ping_status":"closed","sticky":false,"template":"","format":"standard","meta":{"footnotes":""},"categories":[1,17],"tags":[],"class_list":["post-7959","post","type-post","status-publish","format-standard","has-post-thumbnail","hentry","category-actual","category-cultura"],"yoast_head":"<!-- This site is optimized with the Yoast SEO plugin v25.3.1 - https:\/\/yoast.com\/wordpress\/plugins\/seo\/ -->\n<title>Eveniment cultural de excep\u021bie la Petro\u0219ani -<\/title>\n<meta name=\"robots\" content=\"index, follow, max-snippet:-1, max-image-preview:large, max-video-preview:-1\" \/>\n<link rel=\"canonical\" href=\"https:\/\/cronicahd.ro\/?p=7959\" \/>\n<meta property=\"og:locale\" content=\"ro_RO\" \/>\n<meta property=\"og:type\" content=\"article\" \/>\n<meta property=\"og:title\" content=\"Eveniment cultural de excep\u021bie la Petro\u0219ani -\" \/>\n<meta property=\"og:description\" content=\"Eleganta cl\u0103dire La Belle Epoque din Petro\u0219ani g\u0103zduie\u0219te \u00een perioada 16-17 aprilie 2026 Colocviul Na\u021bional...\" \/>\n<meta property=\"og:url\" content=\"https:\/\/cronicahd.ro\/?p=7959\" \/>\n<meta property=\"article:published_time\" content=\"2026-04-16T17:59:14+00:00\" \/>\n<meta property=\"article:modified_time\" content=\"2026-04-16T18:00:38+00:00\" \/>\n<meta property=\"og:image\" content=\"https:\/\/cronicahd.ro\/wp-content\/uploads\/2026\/04\/IMG_6557.jpeg\" \/>\n\t<meta property=\"og:image:width\" content=\"1080\" \/>\n\t<meta property=\"og:image:height\" content=\"720\" \/>\n\t<meta property=\"og:image:type\" content=\"image\/jpeg\" \/>\n<meta name=\"author\" content=\"admin\" \/>\n<meta name=\"twitter:card\" content=\"summary_large_image\" \/>\n<meta name=\"twitter:label1\" content=\"Scris de\" \/>\n\t<meta name=\"twitter:data1\" content=\"admin\" \/>\n\t<meta name=\"twitter:label2\" content=\"Timp estimat pentru citire\" \/>\n\t<meta name=\"twitter:data2\" content=\"6 minute\" \/>\n<script type=\"application\/ld+json\" class=\"yoast-schema-graph\">{\"@context\":\"https:\/\/schema.org\",\"@graph\":[{\"@type\":\"WebPage\",\"@id\":\"https:\/\/cronicahd.ro\/?p=7959\",\"url\":\"https:\/\/cronicahd.ro\/?p=7959\",\"name\":\"Eveniment cultural de excep\u021bie la Petro\u0219ani -\",\"isPartOf\":{\"@id\":\"https:\/\/cronicahd.ro\/#website\"},\"primaryImageOfPage\":{\"@id\":\"https:\/\/cronicahd.ro\/?p=7959#primaryimage\"},\"image\":{\"@id\":\"https:\/\/cronicahd.ro\/?p=7959#primaryimage\"},\"thumbnailUrl\":\"https:\/\/cronicahd.ro\/wp-content\/uploads\/2026\/04\/IMG_6557.jpeg\",\"datePublished\":\"2026-04-16T17:59:14+00:00\",\"dateModified\":\"2026-04-16T18:00:38+00:00\",\"author\":{\"@id\":\"https:\/\/cronicahd.ro\/#\/schema\/person\/d1a1277a8cd166610328e17aaf58bf46\"},\"breadcrumb\":{\"@id\":\"https:\/\/cronicahd.ro\/?p=7959#breadcrumb\"},\"inLanguage\":\"ro-RO\",\"potentialAction\":[{\"@type\":\"ReadAction\",\"target\":[\"https:\/\/cronicahd.ro\/?p=7959\"]}]},{\"@type\":\"ImageObject\",\"inLanguage\":\"ro-RO\",\"@id\":\"https:\/\/cronicahd.ro\/?p=7959#primaryimage\",\"url\":\"https:\/\/cronicahd.ro\/wp-content\/uploads\/2026\/04\/IMG_6557.jpeg\",\"contentUrl\":\"https:\/\/cronicahd.ro\/wp-content\/uploads\/2026\/04\/IMG_6557.jpeg\",\"width\":1080,\"height\":720},{\"@type\":\"BreadcrumbList\",\"@id\":\"https:\/\/cronicahd.ro\/?p=7959#breadcrumb\",\"itemListElement\":[{\"@type\":\"ListItem\",\"position\":1,\"name\":\"Prima pagin\u0103\",\"item\":\"https:\/\/cronicahd.ro\/\"},{\"@type\":\"ListItem\",\"position\":2,\"name\":\"Eveniment cultural de excep\u021bie la Petro\u0219ani\"}]},{\"@type\":\"WebSite\",\"@id\":\"https:\/\/cronicahd.ro\/#website\",\"url\":\"https:\/\/cronicahd.ro\/\",\"name\":\"\",\"description\":\"\",\"potentialAction\":[{\"@type\":\"SearchAction\",\"target\":{\"@type\":\"EntryPoint\",\"urlTemplate\":\"https:\/\/cronicahd.ro\/?s={search_term_string}\"},\"query-input\":{\"@type\":\"PropertyValueSpecification\",\"valueRequired\":true,\"valueName\":\"search_term_string\"}}],\"inLanguage\":\"ro-RO\"},{\"@type\":\"Person\",\"@id\":\"https:\/\/cronicahd.ro\/#\/schema\/person\/d1a1277a8cd166610328e17aaf58bf46\",\"name\":\"admin\",\"image\":{\"@type\":\"ImageObject\",\"inLanguage\":\"ro-RO\",\"@id\":\"https:\/\/cronicahd.ro\/#\/schema\/person\/image\/\",\"url\":\"https:\/\/secure.gravatar.com\/avatar\/24700337280d10898c2e0d19d44a05316bff9fccc941ecc5570ffe41668203f7?s=96&d=mm&r=g\",\"contentUrl\":\"https:\/\/secure.gravatar.com\/avatar\/24700337280d10898c2e0d19d44a05316bff9fccc941ecc5570ffe41668203f7?s=96&d=mm&r=g\",\"caption\":\"admin\"},\"sameAs\":[\"https:\/\/cronicavj.ro\"],\"url\":\"https:\/\/cronicahd.ro\/?author=1\"}]}<\/script>\n<!-- \/ Yoast SEO plugin. -->","yoast_head_json":{"title":"Eveniment cultural de excep\u021bie la Petro\u0219ani -","robots":{"index":"index","follow":"follow","max-snippet":"max-snippet:-1","max-image-preview":"max-image-preview:large","max-video-preview":"max-video-preview:-1"},"canonical":"https:\/\/cronicahd.ro\/?p=7959","og_locale":"ro_RO","og_type":"article","og_title":"Eveniment cultural de excep\u021bie la Petro\u0219ani -","og_description":"Eleganta cl\u0103dire La Belle Epoque din Petro\u0219ani g\u0103zduie\u0219te \u00een perioada 16-17 aprilie 2026 Colocviul Na\u021bional...","og_url":"https:\/\/cronicahd.ro\/?p=7959","article_published_time":"2026-04-16T17:59:14+00:00","article_modified_time":"2026-04-16T18:00:38+00:00","og_image":[{"width":1080,"height":720,"url":"https:\/\/cronicahd.ro\/wp-content\/uploads\/2026\/04\/IMG_6557.jpeg","type":"image\/jpeg"}],"author":"admin","twitter_card":"summary_large_image","twitter_misc":{"Scris de":"admin","Timp estimat pentru citire":"6 minute"},"schema":{"@context":"https:\/\/schema.org","@graph":[{"@type":"WebPage","@id":"https:\/\/cronicahd.ro\/?p=7959","url":"https:\/\/cronicahd.ro\/?p=7959","name":"Eveniment cultural de excep\u021bie la Petro\u0219ani -","isPartOf":{"@id":"https:\/\/cronicahd.ro\/#website"},"primaryImageOfPage":{"@id":"https:\/\/cronicahd.ro\/?p=7959#primaryimage"},"image":{"@id":"https:\/\/cronicahd.ro\/?p=7959#primaryimage"},"thumbnailUrl":"https:\/\/cronicahd.ro\/wp-content\/uploads\/2026\/04\/IMG_6557.jpeg","datePublished":"2026-04-16T17:59:14+00:00","dateModified":"2026-04-16T18:00:38+00:00","author":{"@id":"https:\/\/cronicahd.ro\/#\/schema\/person\/d1a1277a8cd166610328e17aaf58bf46"},"breadcrumb":{"@id":"https:\/\/cronicahd.ro\/?p=7959#breadcrumb"},"inLanguage":"ro-RO","potentialAction":[{"@type":"ReadAction","target":["https:\/\/cronicahd.ro\/?p=7959"]}]},{"@type":"ImageObject","inLanguage":"ro-RO","@id":"https:\/\/cronicahd.ro\/?p=7959#primaryimage","url":"https:\/\/cronicahd.ro\/wp-content\/uploads\/2026\/04\/IMG_6557.jpeg","contentUrl":"https:\/\/cronicahd.ro\/wp-content\/uploads\/2026\/04\/IMG_6557.jpeg","width":1080,"height":720},{"@type":"BreadcrumbList","@id":"https:\/\/cronicahd.ro\/?p=7959#breadcrumb","itemListElement":[{"@type":"ListItem","position":1,"name":"Prima pagin\u0103","item":"https:\/\/cronicahd.ro\/"},{"@type":"ListItem","position":2,"name":"Eveniment cultural de excep\u021bie la Petro\u0219ani"}]},{"@type":"WebSite","@id":"https:\/\/cronicahd.ro\/#website","url":"https:\/\/cronicahd.ro\/","name":"","description":"","potentialAction":[{"@type":"SearchAction","target":{"@type":"EntryPoint","urlTemplate":"https:\/\/cronicahd.ro\/?s={search_term_string}"},"query-input":{"@type":"PropertyValueSpecification","valueRequired":true,"valueName":"search_term_string"}}],"inLanguage":"ro-RO"},{"@type":"Person","@id":"https:\/\/cronicahd.ro\/#\/schema\/person\/d1a1277a8cd166610328e17aaf58bf46","name":"admin","image":{"@type":"ImageObject","inLanguage":"ro-RO","@id":"https:\/\/cronicahd.ro\/#\/schema\/person\/image\/","url":"https:\/\/secure.gravatar.com\/avatar\/24700337280d10898c2e0d19d44a05316bff9fccc941ecc5570ffe41668203f7?s=96&d=mm&r=g","contentUrl":"https:\/\/secure.gravatar.com\/avatar\/24700337280d10898c2e0d19d44a05316bff9fccc941ecc5570ffe41668203f7?s=96&d=mm&r=g","caption":"admin"},"sameAs":["https:\/\/cronicavj.ro"],"url":"https:\/\/cronicahd.ro\/?author=1"}]}},"_links":{"self":[{"href":"https:\/\/cronicahd.ro\/index.php?rest_route=\/wp\/v2\/posts\/7959","targetHints":{"allow":["GET"]}}],"collection":[{"href":"https:\/\/cronicahd.ro\/index.php?rest_route=\/wp\/v2\/posts"}],"about":[{"href":"https:\/\/cronicahd.ro\/index.php?rest_route=\/wp\/v2\/types\/post"}],"author":[{"embeddable":true,"href":"https:\/\/cronicahd.ro\/index.php?rest_route=\/wp\/v2\/users\/1"}],"replies":[{"embeddable":true,"href":"https:\/\/cronicahd.ro\/index.php?rest_route=%2Fwp%2Fv2%2Fcomments&post=7959"}],"version-history":[{"count":3,"href":"https:\/\/cronicahd.ro\/index.php?rest_route=\/wp\/v2\/posts\/7959\/revisions"}],"predecessor-version":[{"id":7969,"href":"https:\/\/cronicahd.ro\/index.php?rest_route=\/wp\/v2\/posts\/7959\/revisions\/7969"}],"wp:featuredmedia":[{"embeddable":true,"href":"https:\/\/cronicahd.ro\/index.php?rest_route=\/wp\/v2\/media\/7960"}],"wp:attachment":[{"href":"https:\/\/cronicahd.ro\/index.php?rest_route=%2Fwp%2Fv2%2Fmedia&parent=7959"}],"wp:term":[{"taxonomy":"category","embeddable":true,"href":"https:\/\/cronicahd.ro\/index.php?rest_route=%2Fwp%2Fv2%2Fcategories&post=7959"},{"taxonomy":"post_tag","embeddable":true,"href":"https:\/\/cronicahd.ro\/index.php?rest_route=%2Fwp%2Fv2%2Ftags&post=7959"}],"curies":[{"name":"wp","href":"https:\/\/api.w.org\/{rel}","templated":true}]}}