{"id":7947,"date":"2026-04-16T15:21:00","date_gmt":"2026-04-16T15:21:00","guid":{"rendered":"https:\/\/cronicahd.ro\/?p=7947"},"modified":"2026-04-16T15:27:44","modified_gmt":"2026-04-16T15:27:44","slug":"ion-dezideriu-sirbu-omagiat-intr-un-colocviu-unic-la-petrosani","status":"publish","type":"post","link":"https:\/\/cronicahd.ro\/?p=7947","title":{"rendered":"Ion Dezideriu S\u00eerbu, omagiat \u00eentr-un colocviu unic, la Petro\u0219ani"},"content":{"rendered":"<p class=\"s3\"><span class=\"s2\"><span class=\"bumpedFont15\">La Petro\u0219ani au loc lucr\u0103rile Colocviului Na\u021bional<\/span><\/span><span class=\"s2\"><span class=\"bumpedFont15\">\u00a0de Memorialistic\u0103 \u0219i Eseu \u201eI. D. S\u00eerbu\u201d<\/span><\/span><span class=\"s2\"><span class=\"bumpedFont15\">, <\/span><\/span><span class=\"s2\"><span class=\"bumpedFont15\">un eveniment care <\/span><\/span><span class=\"s2\"><span class=\"bumpedFont15\">a adus aici <\/span><\/span><span class=\"s2\"><span class=\"bumpedFont15\">scriitori \u0219i critici literari importan\u021bi, \u00een jurul temei \u201eliteratura memoriei\u201d. <\/span><\/span><span class=\"s2\"><span class=\"bumpedFont15\">A venit \u00eensu\u0219i pre\u0219edintele Uniunii Scriitorilor din Rom\u00e2nia, Varujan Vosganian, <\/span><\/span><span class=\"s2\"><span class=\"bumpedFont15\">care a men\u021bionat importan\u021ba, \u00een literatura rom\u00e2neasc\u0103 a celui care a fost Ion Dezideriu S\u00eerbu.<\/span><\/span><\/p>\n<p><img loading=\"lazy\" decoding=\"async\" class=\"alignnone size-full wp-image-7949\" src=\"https:\/\/cronicahd.ro\/wp-content\/uploads\/2026\/04\/att.OUb5z_zeZ7dj8XGpBiaWzDW3H1j3z7I2ZN49_qyJmJw.jpeg\" alt=\"\" width=\"2048\" height=\"1536\" srcset=\"https:\/\/cronicahd.ro\/wp-content\/uploads\/2026\/04\/att.OUb5z_zeZ7dj8XGpBiaWzDW3H1j3z7I2ZN49_qyJmJw.jpeg 2048w, https:\/\/cronicahd.ro\/wp-content\/uploads\/2026\/04\/att.OUb5z_zeZ7dj8XGpBiaWzDW3H1j3z7I2ZN49_qyJmJw-300x225.jpeg 300w, https:\/\/cronicahd.ro\/wp-content\/uploads\/2026\/04\/att.OUb5z_zeZ7dj8XGpBiaWzDW3H1j3z7I2ZN49_qyJmJw-1024x768.jpeg 1024w, https:\/\/cronicahd.ro\/wp-content\/uploads\/2026\/04\/att.OUb5z_zeZ7dj8XGpBiaWzDW3H1j3z7I2ZN49_qyJmJw-768x576.jpeg 768w, https:\/\/cronicahd.ro\/wp-content\/uploads\/2026\/04\/att.OUb5z_zeZ7dj8XGpBiaWzDW3H1j3z7I2ZN49_qyJmJw-1536x1152.jpeg 1536w\" sizes=\"auto, (max-width: 2048px) 100vw, 2048px\" \/> <img loading=\"lazy\" decoding=\"async\" class=\"alignnone size-full wp-image-7950\" src=\"https:\/\/cronicahd.ro\/wp-content\/uploads\/2026\/04\/att.4191y7E8VoK35GQoyTYE0CAL9Aw35IUpDegJCjocaD0.jpeg\" alt=\"\" width=\"2048\" height=\"1536\" srcset=\"https:\/\/cronicahd.ro\/wp-content\/uploads\/2026\/04\/att.4191y7E8VoK35GQoyTYE0CAL9Aw35IUpDegJCjocaD0.jpeg 2048w, https:\/\/cronicahd.ro\/wp-content\/uploads\/2026\/04\/att.4191y7E8VoK35GQoyTYE0CAL9Aw35IUpDegJCjocaD0-300x225.jpeg 300w, https:\/\/cronicahd.ro\/wp-content\/uploads\/2026\/04\/att.4191y7E8VoK35GQoyTYE0CAL9Aw35IUpDegJCjocaD0-1024x768.jpeg 1024w, https:\/\/cronicahd.ro\/wp-content\/uploads\/2026\/04\/att.4191y7E8VoK35GQoyTYE0CAL9Aw35IUpDegJCjocaD0-768x576.jpeg 768w, https:\/\/cronicahd.ro\/wp-content\/uploads\/2026\/04\/att.4191y7E8VoK35GQoyTYE0CAL9Aw35IUpDegJCjocaD0-1536x1152.jpeg 1536w\" sizes=\"auto, (max-width: 2048px) 100vw, 2048px\" \/><\/p>\n<p class=\"s3\"><span class=\"s2\"><span class=\"bumpedFont15\">\u201eCeea ce se petrece aici, ast\u0103zi, dep\u0103\u0219e\u0219te oarecum simbolul pe care \u00eel reprezint\u0103 I.D S\u00eerbu. Prin I.D S\u00eerbu noi vrem s\u0103 \u00a0onor\u0103m o \u00eentreag\u0103 literatur\u0103 care a supravie\u021buit \u0219i a biruit comunismul. E vorba despre a\u0219a-numita literatur\u0103 memorialistic\u0103, una care a fost \u00eentr-o condi\u021bie secret\u0103 \u00een timpul comunismului. Nimeni nu a \u0219tiut ce lucruri se scriu. Noi, dup\u0103 1990, am a\u0219teptat surprizele literare, care nu au venit. Dar au venit prin aceste jurnale. Unele sunt ale celor care nu au supravie\u021buit dup\u0103 1990, \u0219i care sunt de o sinceritate absolut\u0103 \u0219i altele care au supravie\u021buit, prin autorii lor, dar care sunt la fel de tulbur\u0103toare. (&#8230;) \u00a0<\/span><\/span><span class=\"s2\"><span class=\"bumpedFont15\">El \u00eei iubea \u00a0pe mineri \u0219i a vorbit at\u00e2t de frumos despre climatul de aici pe care l-a \u00eenv\u0103\u021bat \u00een familie, despre tat\u0103l lui, care \u0219i el a fost aici \u0219i dorin\u021ba tat\u0103lui ca el s\u0103 fie aici. El \u0219i-a suportat cu b\u0103rb\u0103\u021bie condi\u021bia \u0219i nu a luat-o ca pe o pedeaps\u0103, ci ca pe o \u0219ans\u0103, iar jurnalul lui dovede\u0219te comunicarea pe care a avut-o cu minerii<\/span><\/span><span class=\"s2\"><span class=\"bumpedFont15\">\u201d<\/span><\/span><span class=\"s2\"><span class=\"bumpedFont15\">, a spus Varujan Vosganian, \u00een deschiderea Colocviului.<\/span><\/span><\/p>\n<p><img loading=\"lazy\" decoding=\"async\" class=\"alignnone size-full wp-image-7941\" src=\"https:\/\/cronicahd.ro\/wp-content\/uploads\/2026\/04\/IMG_6525-scaled.jpeg\" alt=\"\" width=\"2560\" height=\"1579\" srcset=\"https:\/\/cronicahd.ro\/wp-content\/uploads\/2026\/04\/IMG_6525-scaled.jpeg 2560w, https:\/\/cronicahd.ro\/wp-content\/uploads\/2026\/04\/IMG_6525-300x185.jpeg 300w, https:\/\/cronicahd.ro\/wp-content\/uploads\/2026\/04\/IMG_6525-1024x632.jpeg 1024w, https:\/\/cronicahd.ro\/wp-content\/uploads\/2026\/04\/IMG_6525-768x474.jpeg 768w, https:\/\/cronicahd.ro\/wp-content\/uploads\/2026\/04\/IMG_6525-1536x948.jpeg 1536w, https:\/\/cronicahd.ro\/wp-content\/uploads\/2026\/04\/IMG_6525-2048x1263.jpeg 2048w\" sizes=\"auto, (max-width: 2560px) 100vw, 2560px\" \/><\/p>\n<p class=\"s3\"><span class=\"s2\"><span class=\"bumpedFont15\">De opera lui S\u00eerbu s-a ocupat, temeinic Toma <\/span><\/span><span class=\"s2\"><span class=\"bumpedFont15\">Velici<\/span><\/span><span class=\"s2\"><span class=\"bumpedFont15\">, prezent \u0219i el la acest colocviu ce a adus la aceea\u0219i mas\u0103 <\/span><\/span><span class=\"s2\"><span class=\"bumpedFont15\">pasiona\u021bi ai operei acestui incredibil scriitor al V\u0103ii Jiului. \u201eS-a ajuns la momentul pe care S\u00eerbu \u00eel vedea \u00eemplinit. El anticipase, \u00eenc\u0103 din 1985, c\u0103 opera sa va ajunge cunoscut\u0103, pentru c\u0103 se considera un pictor, care vedea, pe zidurile interioare ale piramidei faraonului care va muri, opera lui. \u201eFARAONUL VA MURI, IAR EU VOI DURA C\u00c2T PIATRA PIRAMIDEI\u201d Cred c\u0103 s-a ajuns la momentul c\u00e2nd desenele \u0219i semnele lui I.D S\u00eerbu demonstreaz\u0103 c\u0103 valoarea operei sale este peren\u0103 \u0219i trebuie s\u0103 ajung\u0103, cu adev\u0103rat, la cititori. \u0218i nu la cititorul profesionist, ci la cititorul obi\u0219nuit\u201d, a spus Toma <\/span><\/span><span class=\"s2\"><span class=\"bumpedFont15\">Velici<\/span><\/span><span class=\"s2\"><span class=\"bumpedFont15\">.<\/span><\/span><\/p>\n<p><img loading=\"lazy\" decoding=\"async\" class=\"alignnone size-full wp-image-7951\" src=\"https:\/\/cronicahd.ro\/wp-content\/uploads\/2026\/04\/att.wLsxCybsXi8H1ilvk_51-NcbIn-f_Wlq4K5j132n26U.jpeg\" alt=\"\" width=\"1536\" height=\"2048\" srcset=\"https:\/\/cronicahd.ro\/wp-content\/uploads\/2026\/04\/att.wLsxCybsXi8H1ilvk_51-NcbIn-f_Wlq4K5j132n26U.jpeg 1536w, https:\/\/cronicahd.ro\/wp-content\/uploads\/2026\/04\/att.wLsxCybsXi8H1ilvk_51-NcbIn-f_Wlq4K5j132n26U-225x300.jpeg 225w, https:\/\/cronicahd.ro\/wp-content\/uploads\/2026\/04\/att.wLsxCybsXi8H1ilvk_51-NcbIn-f_Wlq4K5j132n26U-768x1024.jpeg 768w, https:\/\/cronicahd.ro\/wp-content\/uploads\/2026\/04\/att.wLsxCybsXi8H1ilvk_51-NcbIn-f_Wlq4K5j132n26U-1152x1536.jpeg 1152w, https:\/\/cronicahd.ro\/wp-content\/uploads\/2026\/04\/att.wLsxCybsXi8H1ilvk_51-NcbIn-f_Wlq4K5j132n26U-1024x1365.jpeg 1024w\" sizes=\"auto, (max-width: 1536px) 100vw, 1536px\" \/><\/p>\n<p class=\"s3\"><span class=\"s2\"><span class=\"bumpedFont15\">\u00centrunirea a fost organizat\u0103 de Uniunea Scriitorilor, \u00een colaborare cu Consiliul Jude\u021bean Hunedoara \u0219i Biblioteca Jude\u021bean\u0103 \u201eOvid Densu\u0219ianu\u201d din Deva.<\/span><\/span><\/p>\n<p><img loading=\"lazy\" decoding=\"async\" class=\"alignnone size-full wp-image-7952\" src=\"https:\/\/cronicahd.ro\/wp-content\/uploads\/2026\/04\/att.IMI16RSdadjexqAehsh40i_8lBGCze3VqjjaQfG7FiM.jpeg\" alt=\"\" width=\"1536\" height=\"2048\" srcset=\"https:\/\/cronicahd.ro\/wp-content\/uploads\/2026\/04\/att.IMI16RSdadjexqAehsh40i_8lBGCze3VqjjaQfG7FiM.jpeg 1536w, https:\/\/cronicahd.ro\/wp-content\/uploads\/2026\/04\/att.IMI16RSdadjexqAehsh40i_8lBGCze3VqjjaQfG7FiM-225x300.jpeg 225w, https:\/\/cronicahd.ro\/wp-content\/uploads\/2026\/04\/att.IMI16RSdadjexqAehsh40i_8lBGCze3VqjjaQfG7FiM-768x1024.jpeg 768w, https:\/\/cronicahd.ro\/wp-content\/uploads\/2026\/04\/att.IMI16RSdadjexqAehsh40i_8lBGCze3VqjjaQfG7FiM-1152x1536.jpeg 1152w, https:\/\/cronicahd.ro\/wp-content\/uploads\/2026\/04\/att.IMI16RSdadjexqAehsh40i_8lBGCze3VqjjaQfG7FiM-1024x1365.jpeg 1024w\" sizes=\"auto, (max-width: 1536px) 100vw, 1536px\" \/><\/p>\n<p class=\"s3\"><span class=\"s2\"><span class=\"bumpedFont15\">\u201ePentru noi, pentru via\u021ba cultural\u0103 a jude\u021bului Hunedoara, organizarea colocviului \u0219i instituirea Premiului Na\u021bional Ion D. S\u00eerbu este un argument \u0219i o mare realizare, pentru c\u0103, datorit\u0103 acestui premiu, jude\u021bul Hunedoara va ocupa un loc de cinste \u00a0pe harta cultural\u0103 a Rom\u00e2niei. Este un loc care ne onoreaz\u0103, dar ne \u0219i oblig\u0103 \u00een egal\u0103 m\u0103sur\u0103. Premiul este o recunoa\u0219tere \u0219i un binemeritat semn de pre\u021buire pentru tot ce a \u00eensemnat Ion Dezideriu S\u00eerbu \u00een rezisten\u021ba anticomunist\u0103. Este la fel de important ca \u0219i Premiul Mihai Eminescu pentru poezie \u0219i Premiul Ion Creang\u0103 pentru proz\u0103\u201d, a spus Sebastian Bara, directorul Bibliotecii Jude\u021bene Ovid Densu\u0219ianu.<\/span><\/span><\/p>\n<p><img loading=\"lazy\" decoding=\"async\" class=\"alignnone size-full wp-image-7953\" src=\"https:\/\/cronicahd.ro\/wp-content\/uploads\/2026\/04\/att.E6MzETfeOhVUZ4Awkx41x83rqOx-TiLYLBvcKGim0OE.jpeg\" alt=\"\" width=\"1536\" height=\"2048\" srcset=\"https:\/\/cronicahd.ro\/wp-content\/uploads\/2026\/04\/att.E6MzETfeOhVUZ4Awkx41x83rqOx-TiLYLBvcKGim0OE.jpeg 1536w, https:\/\/cronicahd.ro\/wp-content\/uploads\/2026\/04\/att.E6MzETfeOhVUZ4Awkx41x83rqOx-TiLYLBvcKGim0OE-225x300.jpeg 225w, https:\/\/cronicahd.ro\/wp-content\/uploads\/2026\/04\/att.E6MzETfeOhVUZ4Awkx41x83rqOx-TiLYLBvcKGim0OE-768x1024.jpeg 768w, https:\/\/cronicahd.ro\/wp-content\/uploads\/2026\/04\/att.E6MzETfeOhVUZ4Awkx41x83rqOx-TiLYLBvcKGim0OE-1152x1536.jpeg 1152w, https:\/\/cronicahd.ro\/wp-content\/uploads\/2026\/04\/att.E6MzETfeOhVUZ4Awkx41x83rqOx-TiLYLBvcKGim0OE-1024x1365.jpeg 1024w\" sizes=\"auto, (max-width: 1536px) 100vw, 1536px\" \/><\/p>\n<p class=\"s3\"><span class=\"s2\"><span class=\"bumpedFont15\">\u201eDac\u0103 \u00een 2012 venea domnul Manolescu, cu comitetul director al Uniunii Scriitorilor, acum, \u00een 2026, vine domnul Vosganian pentru a-l onora pe I.D S\u00eerbu. <\/span><\/span><span class=\"s2\"><span class=\"bumpedFont15\">Ast\u0103zi suntem aici la acest simpozion, pentru care \u00eei mul\u021bumim \u00a0\u0219i pre\u0219edintelui Lauren\u021biu Nistor, care a fost de acord ca, la Petro\u0219ani, s\u0103 fie acum acest parteneriat<\/span><\/span><span class=\"s2\"><span class=\"bumpedFont15\">\u201d<\/span><\/span><span class=\"s2\"><span class=\"bumpedFont15\">, a spus \u0219i Costel Avram, administrator public al Consiliului Jude\u021bean Hunedoara.<\/span><\/span><\/p>\n<p><img loading=\"lazy\" decoding=\"async\" class=\"alignnone size-full wp-image-7954\" src=\"https:\/\/cronicahd.ro\/wp-content\/uploads\/2026\/04\/att.ow8C_CJXlAFKQbT_ecmSgVL0702oDFDWtdrrA3tSiCM.jpeg\" alt=\"\" width=\"1536\" height=\"2048\" srcset=\"https:\/\/cronicahd.ro\/wp-content\/uploads\/2026\/04\/att.ow8C_CJXlAFKQbT_ecmSgVL0702oDFDWtdrrA3tSiCM.jpeg 1536w, https:\/\/cronicahd.ro\/wp-content\/uploads\/2026\/04\/att.ow8C_CJXlAFKQbT_ecmSgVL0702oDFDWtdrrA3tSiCM-225x300.jpeg 225w, https:\/\/cronicahd.ro\/wp-content\/uploads\/2026\/04\/att.ow8C_CJXlAFKQbT_ecmSgVL0702oDFDWtdrrA3tSiCM-768x1024.jpeg 768w, https:\/\/cronicahd.ro\/wp-content\/uploads\/2026\/04\/att.ow8C_CJXlAFKQbT_ecmSgVL0702oDFDWtdrrA3tSiCM-1152x1536.jpeg 1152w, https:\/\/cronicahd.ro\/wp-content\/uploads\/2026\/04\/att.ow8C_CJXlAFKQbT_ecmSgVL0702oDFDWtdrrA3tSiCM-1024x1365.jpeg 1024w\" sizes=\"auto, (max-width: 1536px) 100vw, 1536px\" \/><\/p>\n<p class=\"s3\"><span class=\"s2\">\u00a0<\/span><\/p>\n<p class=\"s3\"><span class=\"s2\"><span class=\"bumpedFont15\">Diana Mitrache<\/span><\/span><\/p>\n","protected":false},"excerpt":{"rendered":"<p>La Petro\u0219ani au loc lucr\u0103rile Colocviului Na\u021bional\u00a0de Memorialistic\u0103 \u0219i Eseu \u201eI. D. S\u00eerbu\u201d, un eveniment&#8230;<\/p>\n","protected":false},"author":1,"featured_media":7948,"comment_status":"closed","ping_status":"closed","sticky":false,"template":"","format":"standard","meta":{"footnotes":""},"categories":[1,17],"tags":[],"class_list":["post-7947","post","type-post","status-publish","format-standard","has-post-thumbnail","hentry","category-actual","category-cultura"],"yoast_head":"<!-- This site is optimized with the Yoast SEO plugin v25.3.1 - https:\/\/yoast.com\/wordpress\/plugins\/seo\/ -->\n<title>Ion Dezideriu S\u00eerbu, omagiat \u00eentr-un colocviu unic, la Petro\u0219ani -<\/title>\n<meta name=\"robots\" content=\"index, follow, max-snippet:-1, max-image-preview:large, max-video-preview:-1\" \/>\n<link rel=\"canonical\" href=\"https:\/\/cronicahd.ro\/?p=7947\" \/>\n<meta property=\"og:locale\" content=\"ro_RO\" \/>\n<meta property=\"og:type\" content=\"article\" \/>\n<meta property=\"og:title\" content=\"Ion Dezideriu S\u00eerbu, omagiat \u00eentr-un colocviu unic, la Petro\u0219ani -\" \/>\n<meta property=\"og:description\" content=\"La Petro\u0219ani au loc lucr\u0103rile Colocviului Na\u021bional\u00a0de Memorialistic\u0103 \u0219i Eseu \u201eI. D. S\u00eerbu\u201d, un eveniment...\" \/>\n<meta property=\"og:url\" content=\"https:\/\/cronicahd.ro\/?p=7947\" \/>\n<meta property=\"article:published_time\" content=\"2026-04-16T15:21:00+00:00\" \/>\n<meta property=\"article:modified_time\" content=\"2026-04-16T15:27:44+00:00\" \/>\n<meta property=\"og:image\" content=\"https:\/\/cronicahd.ro\/wp-content\/uploads\/2026\/04\/att.-X-JkJf13otTolP64F34sVTmXif6H5nCt-pylZyic5c.jpeg\" \/>\n\t<meta property=\"og:image:width\" content=\"2048\" \/>\n\t<meta property=\"og:image:height\" content=\"1536\" \/>\n\t<meta property=\"og:image:type\" content=\"image\/jpeg\" \/>\n<meta name=\"author\" content=\"admin\" \/>\n<meta name=\"twitter:card\" content=\"summary_large_image\" \/>\n<meta name=\"twitter:label1\" content=\"Scris de\" \/>\n\t<meta name=\"twitter:data1\" content=\"admin\" \/>\n\t<meta name=\"twitter:label2\" content=\"Timp estimat pentru citire\" \/>\n\t<meta name=\"twitter:data2\" content=\"5 minute\" \/>\n<script type=\"application\/ld+json\" class=\"yoast-schema-graph\">{\"@context\":\"https:\/\/schema.org\",\"@graph\":[{\"@type\":\"WebPage\",\"@id\":\"https:\/\/cronicahd.ro\/?p=7947\",\"url\":\"https:\/\/cronicahd.ro\/?p=7947\",\"name\":\"Ion Dezideriu S\u00eerbu, omagiat \u00eentr-un colocviu unic, la Petro\u0219ani -\",\"isPartOf\":{\"@id\":\"https:\/\/cronicahd.ro\/#website\"},\"primaryImageOfPage\":{\"@id\":\"https:\/\/cronicahd.ro\/?p=7947#primaryimage\"},\"image\":{\"@id\":\"https:\/\/cronicahd.ro\/?p=7947#primaryimage\"},\"thumbnailUrl\":\"https:\/\/cronicahd.ro\/wp-content\/uploads\/2026\/04\/att.-X-JkJf13otTolP64F34sVTmXif6H5nCt-pylZyic5c.jpeg\",\"datePublished\":\"2026-04-16T15:21:00+00:00\",\"dateModified\":\"2026-04-16T15:27:44+00:00\",\"author\":{\"@id\":\"https:\/\/cronicahd.ro\/#\/schema\/person\/d1a1277a8cd166610328e17aaf58bf46\"},\"breadcrumb\":{\"@id\":\"https:\/\/cronicahd.ro\/?p=7947#breadcrumb\"},\"inLanguage\":\"ro-RO\",\"potentialAction\":[{\"@type\":\"ReadAction\",\"target\":[\"https:\/\/cronicahd.ro\/?p=7947\"]}]},{\"@type\":\"ImageObject\",\"inLanguage\":\"ro-RO\",\"@id\":\"https:\/\/cronicahd.ro\/?p=7947#primaryimage\",\"url\":\"https:\/\/cronicahd.ro\/wp-content\/uploads\/2026\/04\/att.-X-JkJf13otTolP64F34sVTmXif6H5nCt-pylZyic5c.jpeg\",\"contentUrl\":\"https:\/\/cronicahd.ro\/wp-content\/uploads\/2026\/04\/att.-X-JkJf13otTolP64F34sVTmXif6H5nCt-pylZyic5c.jpeg\",\"width\":2048,\"height\":1536},{\"@type\":\"BreadcrumbList\",\"@id\":\"https:\/\/cronicahd.ro\/?p=7947#breadcrumb\",\"itemListElement\":[{\"@type\":\"ListItem\",\"position\":1,\"name\":\"Prima pagin\u0103\",\"item\":\"https:\/\/cronicahd.ro\/\"},{\"@type\":\"ListItem\",\"position\":2,\"name\":\"Ion Dezideriu S\u00eerbu, omagiat \u00eentr-un colocviu unic, la Petro\u0219ani\"}]},{\"@type\":\"WebSite\",\"@id\":\"https:\/\/cronicahd.ro\/#website\",\"url\":\"https:\/\/cronicahd.ro\/\",\"name\":\"\",\"description\":\"\",\"potentialAction\":[{\"@type\":\"SearchAction\",\"target\":{\"@type\":\"EntryPoint\",\"urlTemplate\":\"https:\/\/cronicahd.ro\/?s={search_term_string}\"},\"query-input\":{\"@type\":\"PropertyValueSpecification\",\"valueRequired\":true,\"valueName\":\"search_term_string\"}}],\"inLanguage\":\"ro-RO\"},{\"@type\":\"Person\",\"@id\":\"https:\/\/cronicahd.ro\/#\/schema\/person\/d1a1277a8cd166610328e17aaf58bf46\",\"name\":\"admin\",\"image\":{\"@type\":\"ImageObject\",\"inLanguage\":\"ro-RO\",\"@id\":\"https:\/\/cronicahd.ro\/#\/schema\/person\/image\/\",\"url\":\"https:\/\/secure.gravatar.com\/avatar\/24700337280d10898c2e0d19d44a05316bff9fccc941ecc5570ffe41668203f7?s=96&d=mm&r=g\",\"contentUrl\":\"https:\/\/secure.gravatar.com\/avatar\/24700337280d10898c2e0d19d44a05316bff9fccc941ecc5570ffe41668203f7?s=96&d=mm&r=g\",\"caption\":\"admin\"},\"sameAs\":[\"https:\/\/cronicavj.ro\"],\"url\":\"https:\/\/cronicahd.ro\/?author=1\"}]}<\/script>\n<!-- \/ Yoast SEO plugin. -->","yoast_head_json":{"title":"Ion Dezideriu S\u00eerbu, omagiat \u00eentr-un colocviu unic, la Petro\u0219ani -","robots":{"index":"index","follow":"follow","max-snippet":"max-snippet:-1","max-image-preview":"max-image-preview:large","max-video-preview":"max-video-preview:-1"},"canonical":"https:\/\/cronicahd.ro\/?p=7947","og_locale":"ro_RO","og_type":"article","og_title":"Ion Dezideriu S\u00eerbu, omagiat \u00eentr-un colocviu unic, la Petro\u0219ani -","og_description":"La Petro\u0219ani au loc lucr\u0103rile Colocviului Na\u021bional\u00a0de Memorialistic\u0103 \u0219i Eseu \u201eI. D. S\u00eerbu\u201d, un eveniment...","og_url":"https:\/\/cronicahd.ro\/?p=7947","article_published_time":"2026-04-16T15:21:00+00:00","article_modified_time":"2026-04-16T15:27:44+00:00","og_image":[{"width":2048,"height":1536,"url":"https:\/\/cronicahd.ro\/wp-content\/uploads\/2026\/04\/att.-X-JkJf13otTolP64F34sVTmXif6H5nCt-pylZyic5c.jpeg","type":"image\/jpeg"}],"author":"admin","twitter_card":"summary_large_image","twitter_misc":{"Scris de":"admin","Timp estimat pentru citire":"5 minute"},"schema":{"@context":"https:\/\/schema.org","@graph":[{"@type":"WebPage","@id":"https:\/\/cronicahd.ro\/?p=7947","url":"https:\/\/cronicahd.ro\/?p=7947","name":"Ion Dezideriu S\u00eerbu, omagiat \u00eentr-un colocviu unic, la Petro\u0219ani -","isPartOf":{"@id":"https:\/\/cronicahd.ro\/#website"},"primaryImageOfPage":{"@id":"https:\/\/cronicahd.ro\/?p=7947#primaryimage"},"image":{"@id":"https:\/\/cronicahd.ro\/?p=7947#primaryimage"},"thumbnailUrl":"https:\/\/cronicahd.ro\/wp-content\/uploads\/2026\/04\/att.-X-JkJf13otTolP64F34sVTmXif6H5nCt-pylZyic5c.jpeg","datePublished":"2026-04-16T15:21:00+00:00","dateModified":"2026-04-16T15:27:44+00:00","author":{"@id":"https:\/\/cronicahd.ro\/#\/schema\/person\/d1a1277a8cd166610328e17aaf58bf46"},"breadcrumb":{"@id":"https:\/\/cronicahd.ro\/?p=7947#breadcrumb"},"inLanguage":"ro-RO","potentialAction":[{"@type":"ReadAction","target":["https:\/\/cronicahd.ro\/?p=7947"]}]},{"@type":"ImageObject","inLanguage":"ro-RO","@id":"https:\/\/cronicahd.ro\/?p=7947#primaryimage","url":"https:\/\/cronicahd.ro\/wp-content\/uploads\/2026\/04\/att.-X-JkJf13otTolP64F34sVTmXif6H5nCt-pylZyic5c.jpeg","contentUrl":"https:\/\/cronicahd.ro\/wp-content\/uploads\/2026\/04\/att.-X-JkJf13otTolP64F34sVTmXif6H5nCt-pylZyic5c.jpeg","width":2048,"height":1536},{"@type":"BreadcrumbList","@id":"https:\/\/cronicahd.ro\/?p=7947#breadcrumb","itemListElement":[{"@type":"ListItem","position":1,"name":"Prima pagin\u0103","item":"https:\/\/cronicahd.ro\/"},{"@type":"ListItem","position":2,"name":"Ion Dezideriu S\u00eerbu, omagiat \u00eentr-un colocviu unic, la Petro\u0219ani"}]},{"@type":"WebSite","@id":"https:\/\/cronicahd.ro\/#website","url":"https:\/\/cronicahd.ro\/","name":"","description":"","potentialAction":[{"@type":"SearchAction","target":{"@type":"EntryPoint","urlTemplate":"https:\/\/cronicahd.ro\/?s={search_term_string}"},"query-input":{"@type":"PropertyValueSpecification","valueRequired":true,"valueName":"search_term_string"}}],"inLanguage":"ro-RO"},{"@type":"Person","@id":"https:\/\/cronicahd.ro\/#\/schema\/person\/d1a1277a8cd166610328e17aaf58bf46","name":"admin","image":{"@type":"ImageObject","inLanguage":"ro-RO","@id":"https:\/\/cronicahd.ro\/#\/schema\/person\/image\/","url":"https:\/\/secure.gravatar.com\/avatar\/24700337280d10898c2e0d19d44a05316bff9fccc941ecc5570ffe41668203f7?s=96&d=mm&r=g","contentUrl":"https:\/\/secure.gravatar.com\/avatar\/24700337280d10898c2e0d19d44a05316bff9fccc941ecc5570ffe41668203f7?s=96&d=mm&r=g","caption":"admin"},"sameAs":["https:\/\/cronicavj.ro"],"url":"https:\/\/cronicahd.ro\/?author=1"}]}},"_links":{"self":[{"href":"https:\/\/cronicahd.ro\/index.php?rest_route=\/wp\/v2\/posts\/7947","targetHints":{"allow":["GET"]}}],"collection":[{"href":"https:\/\/cronicahd.ro\/index.php?rest_route=\/wp\/v2\/posts"}],"about":[{"href":"https:\/\/cronicahd.ro\/index.php?rest_route=\/wp\/v2\/types\/post"}],"author":[{"embeddable":true,"href":"https:\/\/cronicahd.ro\/index.php?rest_route=\/wp\/v2\/users\/1"}],"replies":[{"embeddable":true,"href":"https:\/\/cronicahd.ro\/index.php?rest_route=%2Fwp%2Fv2%2Fcomments&post=7947"}],"version-history":[{"count":2,"href":"https:\/\/cronicahd.ro\/index.php?rest_route=\/wp\/v2\/posts\/7947\/revisions"}],"predecessor-version":[{"id":7956,"href":"https:\/\/cronicahd.ro\/index.php?rest_route=\/wp\/v2\/posts\/7947\/revisions\/7956"}],"wp:featuredmedia":[{"embeddable":true,"href":"https:\/\/cronicahd.ro\/index.php?rest_route=\/wp\/v2\/media\/7948"}],"wp:attachment":[{"href":"https:\/\/cronicahd.ro\/index.php?rest_route=%2Fwp%2Fv2%2Fmedia&parent=7947"}],"wp:term":[{"taxonomy":"category","embeddable":true,"href":"https:\/\/cronicahd.ro\/index.php?rest_route=%2Fwp%2Fv2%2Fcategories&post=7947"},{"taxonomy":"post_tag","embeddable":true,"href":"https:\/\/cronicahd.ro\/index.php?rest_route=%2Fwp%2Fv2%2Ftags&post=7947"}],"curies":[{"name":"wp","href":"https:\/\/api.w.org\/{rel}","templated":true}]}}