{"id":7940,"date":"2026-04-16T14:56:18","date_gmt":"2026-04-16T14:56:18","guid":{"rendered":"https:\/\/cronicahd.ro\/?p=7940"},"modified":"2026-04-16T15:07:30","modified_gmt":"2026-04-16T15:07:30","slug":"vosganian-minerii-traiesc-un-ritual-al-coborarii-in-pamant-si-al-invierii-in-fiecare-zi","status":"publish","type":"post","link":"https:\/\/cronicahd.ro\/?p=7940","title":{"rendered":"Vosganian: \u201eMinerii tr\u0103iesc un ritual al cobor\u00e2rii \u00een p\u0103m\u00e2nt \u0219i al \u00cenvierii, \u00een fiecare zi\u201d"},"content":{"rendered":"<p class=\"s3\"><span class=\"s2\"><span class=\"bumpedFont15\">Varujan Vosganian, pre\u0219edintele Uniunii Scriitorilor<\/span><\/span><span class=\"s2\"><span class=\"bumpedFont15\"> din Rom\u00e2nia, se afl\u0103 \u00een aceste zile la Petro\u0219ani, unde particip\u0103 la Colocviul National de Memorialistic\u0103 \u0219i Eseu \u201cIon D Sirbu\u201d \u00a0si a rememorat, \u00eentr-un scurt interviu, o vizit\u0103 veche f\u0103cut\u0103 la min\u0103. A fost aplaudat de mineri, a\u0219teptat de Constantin <\/span><\/span><span class=\"s2\"><span class=\"bumpedFont15\">Jujan<\/span><\/span><span class=\"s2\"><span class=\"bumpedFont15\"> \u0219i Zoltan <\/span><\/span><span class=\"s2\"><span class=\"bumpedFont15\">Lacata\u0219<\/span><\/span><span class=\"s2\"><span class=\"bumpedFont15\">, iar revela\u021bia pe care a tr\u0103it-o \u00een min\u0103 ne-a \u00eemp\u0103rt\u0103\u0219it-o \u0219i nou\u0103.<\/span><\/span> <span class=\"s2\"><span class=\"bumpedFont15\">A fost Ministru al Economiei \u0219i Finan\u021belor (decembrie 2006 \u2013 decembrie 2008) \u00een guvernul T\u0103riceanu \u0219i Ministru al Economiei (decembrie 2012 \u2013 octombrie 2013) \u00een guvernul Ponta 2<\/span><\/span><span class=\"s2\"><span class=\"bumpedFont15\">.<\/span><\/span><\/p>\n<p class=\"s3\"><span class=\"s2\"><span class=\"bumpedFont15\">\u201eEu \u00eei admir pe mineri. Am \u0219i o amintire personal\u0103, care mi-a f\u0103cut o \u00a0deschidere c\u0103tre ceea ce \u00eenseamn\u0103 s\u0103 fii miner \u0219i cum se tr\u0103ie\u0219te acolo jos, \u00een subteran. Am cobor\u00e2t \u00een min\u0103 \u0219i dintr-odat\u0103 s-a auzit \u00een p\u0103m\u00e2nt ca \u0219i cum ar fi fost o f\u0103ptur\u0103 uria\u0219\u0103 care se t\u00e2r\u0103\u0219te \u0219i au \u00eenceput s\u0103 se zg\u00e2l\u021b\u00e2ie pere\u021bii \u0219i, din plasele acelea de pe margine, s\u0103 cad\u0103 pietre. Mi-am dat seama c\u0103 ei, \u00eentr-un fel, tr\u0103iesc un ritual al cobor\u00e2rii \u0219i \u00cenvierii, la fiecare \u0219ut. \u0218i este un ritual extraordinar de supravie\u021buire \u0219i, sper eu, \u0219i de m\u00e2ntuire\u201d, a spus, la Petro\u0219ani, Varujan Vosganian, pre\u0219edintele Uniunii Scriitorilor din Rom\u00e2nia.<\/span><\/span><\/p>\n<p>La Petro\u0219ani are loc timp de dou\u0103 zile Colocviul Na\u021bional de Memorialistic\u0103 \u0219i Eseu \u201cIon D S\u00eerbu\u201d, eveniment organizat de Consiliul Jude\u021bean Hunedoara, Biblioteca Jude\u021bean\u0103 Ovid Densusianu Deva-Hunedoara \u0219i Uniunea Scriitorilor din Rom\u00e2nia.<\/p>\n<p class=\"s3\"><span class=\"s2\">\u00a0<\/span><\/p>\n<p class=\"s3\"><span class=\"s2\"><span class=\"bumpedFont15\">Diana Mitrache<\/span><\/span><\/p>\n","protected":false},"excerpt":{"rendered":"<p>Varujan Vosganian, pre\u0219edintele Uniunii Scriitorilor din Rom\u00e2nia, se afl\u0103 \u00een aceste zile la Petro\u0219ani, unde&#8230;<\/p>\n","protected":false},"author":1,"featured_media":7941,"comment_status":"closed","ping_status":"closed","sticky":false,"template":"","format":"standard","meta":{"footnotes":""},"categories":[1,17],"tags":[],"class_list":["post-7940","post","type-post","status-publish","format-standard","has-post-thumbnail","hentry","category-actual","category-cultura"],"yoast_head":"<!-- This site is optimized with the Yoast SEO plugin v25.3.1 - https:\/\/yoast.com\/wordpress\/plugins\/seo\/ -->\n<title>Vosganian: \u201eMinerii tr\u0103iesc un ritual al cobor\u00e2rii \u00een p\u0103m\u00e2nt \u0219i al \u00cenvierii, \u00een fiecare zi\u201d -<\/title>\n<meta name=\"robots\" content=\"index, follow, max-snippet:-1, max-image-preview:large, max-video-preview:-1\" \/>\n<link rel=\"canonical\" href=\"https:\/\/cronicahd.ro\/?p=7940\" \/>\n<meta property=\"og:locale\" content=\"ro_RO\" \/>\n<meta property=\"og:type\" content=\"article\" \/>\n<meta property=\"og:title\" content=\"Vosganian: \u201eMinerii tr\u0103iesc un ritual al cobor\u00e2rii \u00een p\u0103m\u00e2nt \u0219i al \u00cenvierii, \u00een fiecare zi\u201d -\" \/>\n<meta property=\"og:description\" content=\"Varujan Vosganian, pre\u0219edintele Uniunii Scriitorilor din Rom\u00e2nia, se afl\u0103 \u00een aceste zile la Petro\u0219ani, unde...\" \/>\n<meta property=\"og:url\" content=\"https:\/\/cronicahd.ro\/?p=7940\" \/>\n<meta property=\"article:published_time\" content=\"2026-04-16T14:56:18+00:00\" \/>\n<meta property=\"article:modified_time\" content=\"2026-04-16T15:07:30+00:00\" \/>\n<meta property=\"og:image\" content=\"https:\/\/cronicahd.ro\/wp-content\/uploads\/2026\/04\/IMG_6525-scaled.jpeg\" \/>\n\t<meta property=\"og:image:width\" content=\"2560\" \/>\n\t<meta property=\"og:image:height\" content=\"1579\" \/>\n\t<meta property=\"og:image:type\" content=\"image\/jpeg\" \/>\n<meta name=\"author\" content=\"admin\" \/>\n<meta name=\"twitter:card\" content=\"summary_large_image\" \/>\n<meta name=\"twitter:label1\" content=\"Scris de\" \/>\n\t<meta name=\"twitter:data1\" content=\"admin\" \/>\n\t<meta name=\"twitter:label2\" content=\"Timp estimat pentru citire\" \/>\n\t<meta name=\"twitter:data2\" content=\"2 minute\" \/>\n<script type=\"application\/ld+json\" class=\"yoast-schema-graph\">{\"@context\":\"https:\/\/schema.org\",\"@graph\":[{\"@type\":\"WebPage\",\"@id\":\"https:\/\/cronicahd.ro\/?p=7940\",\"url\":\"https:\/\/cronicahd.ro\/?p=7940\",\"name\":\"Vosganian: \u201eMinerii tr\u0103iesc un ritual al cobor\u00e2rii \u00een p\u0103m\u00e2nt \u0219i al \u00cenvierii, \u00een fiecare zi\u201d -\",\"isPartOf\":{\"@id\":\"https:\/\/cronicahd.ro\/#website\"},\"primaryImageOfPage\":{\"@id\":\"https:\/\/cronicahd.ro\/?p=7940#primaryimage\"},\"image\":{\"@id\":\"https:\/\/cronicahd.ro\/?p=7940#primaryimage\"},\"thumbnailUrl\":\"https:\/\/cronicahd.ro\/wp-content\/uploads\/2026\/04\/IMG_6525-scaled.jpeg\",\"datePublished\":\"2026-04-16T14:56:18+00:00\",\"dateModified\":\"2026-04-16T15:07:30+00:00\",\"author\":{\"@id\":\"https:\/\/cronicahd.ro\/#\/schema\/person\/d1a1277a8cd166610328e17aaf58bf46\"},\"breadcrumb\":{\"@id\":\"https:\/\/cronicahd.ro\/?p=7940#breadcrumb\"},\"inLanguage\":\"ro-RO\",\"potentialAction\":[{\"@type\":\"ReadAction\",\"target\":[\"https:\/\/cronicahd.ro\/?p=7940\"]}]},{\"@type\":\"ImageObject\",\"inLanguage\":\"ro-RO\",\"@id\":\"https:\/\/cronicahd.ro\/?p=7940#primaryimage\",\"url\":\"https:\/\/cronicahd.ro\/wp-content\/uploads\/2026\/04\/IMG_6525-scaled.jpeg\",\"contentUrl\":\"https:\/\/cronicahd.ro\/wp-content\/uploads\/2026\/04\/IMG_6525-scaled.jpeg\",\"width\":2560,\"height\":1579},{\"@type\":\"BreadcrumbList\",\"@id\":\"https:\/\/cronicahd.ro\/?p=7940#breadcrumb\",\"itemListElement\":[{\"@type\":\"ListItem\",\"position\":1,\"name\":\"Prima pagin\u0103\",\"item\":\"https:\/\/cronicahd.ro\/\"},{\"@type\":\"ListItem\",\"position\":2,\"name\":\"Vosganian: \u201eMinerii tr\u0103iesc un ritual al cobor\u00e2rii \u00een p\u0103m\u00e2nt \u0219i al \u00cenvierii, \u00een fiecare zi\u201d\"}]},{\"@type\":\"WebSite\",\"@id\":\"https:\/\/cronicahd.ro\/#website\",\"url\":\"https:\/\/cronicahd.ro\/\",\"name\":\"\",\"description\":\"\",\"potentialAction\":[{\"@type\":\"SearchAction\",\"target\":{\"@type\":\"EntryPoint\",\"urlTemplate\":\"https:\/\/cronicahd.ro\/?s={search_term_string}\"},\"query-input\":{\"@type\":\"PropertyValueSpecification\",\"valueRequired\":true,\"valueName\":\"search_term_string\"}}],\"inLanguage\":\"ro-RO\"},{\"@type\":\"Person\",\"@id\":\"https:\/\/cronicahd.ro\/#\/schema\/person\/d1a1277a8cd166610328e17aaf58bf46\",\"name\":\"admin\",\"image\":{\"@type\":\"ImageObject\",\"inLanguage\":\"ro-RO\",\"@id\":\"https:\/\/cronicahd.ro\/#\/schema\/person\/image\/\",\"url\":\"https:\/\/secure.gravatar.com\/avatar\/24700337280d10898c2e0d19d44a05316bff9fccc941ecc5570ffe41668203f7?s=96&d=mm&r=g\",\"contentUrl\":\"https:\/\/secure.gravatar.com\/avatar\/24700337280d10898c2e0d19d44a05316bff9fccc941ecc5570ffe41668203f7?s=96&d=mm&r=g\",\"caption\":\"admin\"},\"sameAs\":[\"https:\/\/cronicavj.ro\"],\"url\":\"https:\/\/cronicahd.ro\/?author=1\"}]}<\/script>\n<!-- \/ Yoast SEO plugin. -->","yoast_head_json":{"title":"Vosganian: \u201eMinerii tr\u0103iesc un ritual al cobor\u00e2rii \u00een p\u0103m\u00e2nt \u0219i al \u00cenvierii, \u00een fiecare zi\u201d -","robots":{"index":"index","follow":"follow","max-snippet":"max-snippet:-1","max-image-preview":"max-image-preview:large","max-video-preview":"max-video-preview:-1"},"canonical":"https:\/\/cronicahd.ro\/?p=7940","og_locale":"ro_RO","og_type":"article","og_title":"Vosganian: \u201eMinerii tr\u0103iesc un ritual al cobor\u00e2rii \u00een p\u0103m\u00e2nt \u0219i al \u00cenvierii, \u00een fiecare zi\u201d -","og_description":"Varujan Vosganian, pre\u0219edintele Uniunii Scriitorilor din Rom\u00e2nia, se afl\u0103 \u00een aceste zile la Petro\u0219ani, unde...","og_url":"https:\/\/cronicahd.ro\/?p=7940","article_published_time":"2026-04-16T14:56:18+00:00","article_modified_time":"2026-04-16T15:07:30+00:00","og_image":[{"width":2560,"height":1579,"url":"https:\/\/cronicahd.ro\/wp-content\/uploads\/2026\/04\/IMG_6525-scaled.jpeg","type":"image\/jpeg"}],"author":"admin","twitter_card":"summary_large_image","twitter_misc":{"Scris de":"admin","Timp estimat pentru citire":"2 minute"},"schema":{"@context":"https:\/\/schema.org","@graph":[{"@type":"WebPage","@id":"https:\/\/cronicahd.ro\/?p=7940","url":"https:\/\/cronicahd.ro\/?p=7940","name":"Vosganian: \u201eMinerii tr\u0103iesc un ritual al cobor\u00e2rii \u00een p\u0103m\u00e2nt \u0219i al \u00cenvierii, \u00een fiecare zi\u201d -","isPartOf":{"@id":"https:\/\/cronicahd.ro\/#website"},"primaryImageOfPage":{"@id":"https:\/\/cronicahd.ro\/?p=7940#primaryimage"},"image":{"@id":"https:\/\/cronicahd.ro\/?p=7940#primaryimage"},"thumbnailUrl":"https:\/\/cronicahd.ro\/wp-content\/uploads\/2026\/04\/IMG_6525-scaled.jpeg","datePublished":"2026-04-16T14:56:18+00:00","dateModified":"2026-04-16T15:07:30+00:00","author":{"@id":"https:\/\/cronicahd.ro\/#\/schema\/person\/d1a1277a8cd166610328e17aaf58bf46"},"breadcrumb":{"@id":"https:\/\/cronicahd.ro\/?p=7940#breadcrumb"},"inLanguage":"ro-RO","potentialAction":[{"@type":"ReadAction","target":["https:\/\/cronicahd.ro\/?p=7940"]}]},{"@type":"ImageObject","inLanguage":"ro-RO","@id":"https:\/\/cronicahd.ro\/?p=7940#primaryimage","url":"https:\/\/cronicahd.ro\/wp-content\/uploads\/2026\/04\/IMG_6525-scaled.jpeg","contentUrl":"https:\/\/cronicahd.ro\/wp-content\/uploads\/2026\/04\/IMG_6525-scaled.jpeg","width":2560,"height":1579},{"@type":"BreadcrumbList","@id":"https:\/\/cronicahd.ro\/?p=7940#breadcrumb","itemListElement":[{"@type":"ListItem","position":1,"name":"Prima pagin\u0103","item":"https:\/\/cronicahd.ro\/"},{"@type":"ListItem","position":2,"name":"Vosganian: \u201eMinerii tr\u0103iesc un ritual al cobor\u00e2rii \u00een p\u0103m\u00e2nt \u0219i al \u00cenvierii, \u00een fiecare zi\u201d"}]},{"@type":"WebSite","@id":"https:\/\/cronicahd.ro\/#website","url":"https:\/\/cronicahd.ro\/","name":"","description":"","potentialAction":[{"@type":"SearchAction","target":{"@type":"EntryPoint","urlTemplate":"https:\/\/cronicahd.ro\/?s={search_term_string}"},"query-input":{"@type":"PropertyValueSpecification","valueRequired":true,"valueName":"search_term_string"}}],"inLanguage":"ro-RO"},{"@type":"Person","@id":"https:\/\/cronicahd.ro\/#\/schema\/person\/d1a1277a8cd166610328e17aaf58bf46","name":"admin","image":{"@type":"ImageObject","inLanguage":"ro-RO","@id":"https:\/\/cronicahd.ro\/#\/schema\/person\/image\/","url":"https:\/\/secure.gravatar.com\/avatar\/24700337280d10898c2e0d19d44a05316bff9fccc941ecc5570ffe41668203f7?s=96&d=mm&r=g","contentUrl":"https:\/\/secure.gravatar.com\/avatar\/24700337280d10898c2e0d19d44a05316bff9fccc941ecc5570ffe41668203f7?s=96&d=mm&r=g","caption":"admin"},"sameAs":["https:\/\/cronicavj.ro"],"url":"https:\/\/cronicahd.ro\/?author=1"}]}},"_links":{"self":[{"href":"https:\/\/cronicahd.ro\/index.php?rest_route=\/wp\/v2\/posts\/7940","targetHints":{"allow":["GET"]}}],"collection":[{"href":"https:\/\/cronicahd.ro\/index.php?rest_route=\/wp\/v2\/posts"}],"about":[{"href":"https:\/\/cronicahd.ro\/index.php?rest_route=\/wp\/v2\/types\/post"}],"author":[{"embeddable":true,"href":"https:\/\/cronicahd.ro\/index.php?rest_route=\/wp\/v2\/users\/1"}],"replies":[{"embeddable":true,"href":"https:\/\/cronicahd.ro\/index.php?rest_route=%2Fwp%2Fv2%2Fcomments&post=7940"}],"version-history":[{"count":5,"href":"https:\/\/cronicahd.ro\/index.php?rest_route=\/wp\/v2\/posts\/7940\/revisions"}],"predecessor-version":[{"id":7946,"href":"https:\/\/cronicahd.ro\/index.php?rest_route=\/wp\/v2\/posts\/7940\/revisions\/7946"}],"wp:featuredmedia":[{"embeddable":true,"href":"https:\/\/cronicahd.ro\/index.php?rest_route=\/wp\/v2\/media\/7941"}],"wp:attachment":[{"href":"https:\/\/cronicahd.ro\/index.php?rest_route=%2Fwp%2Fv2%2Fmedia&parent=7940"}],"wp:term":[{"taxonomy":"category","embeddable":true,"href":"https:\/\/cronicahd.ro\/index.php?rest_route=%2Fwp%2Fv2%2Fcategories&post=7940"},{"taxonomy":"post_tag","embeddable":true,"href":"https:\/\/cronicahd.ro\/index.php?rest_route=%2Fwp%2Fv2%2Ftags&post=7940"}],"curies":[{"name":"wp","href":"https:\/\/api.w.org\/{rel}","templated":true}]}}