{"id":7929,"date":"2026-04-16T09:29:44","date_gmt":"2026-04-16T09:29:44","guid":{"rendered":"https:\/\/cronicahd.ro\/?p=7929"},"modified":"2026-04-16T09:29:44","modified_gmt":"2026-04-16T09:29:44","slug":"34-de-ani-de-administratie-judeteana","status":"publish","type":"post","link":"https:\/\/cronicahd.ro\/?p=7929","title":{"rendered":"34 de ani de administra\u021bie jude\u021bean\u0103"},"content":{"rendered":"<p>Jude\u021bul Hunedoara marcheaz\u0103 ast\u0103zi un moment important \u00een evolu\u021bia sa administrativ\u0103: \u00eemplinirea a 34 de ani de la \u00eenfiin\u021barea Consiliul Jude\u021bean Hunedoara. Cu aceast\u0103 ocazie, pre\u0219edintele institu\u021biei, Lauren\u021biu Nistor, a transmis un mesaj \u00een care subliniaz\u0103 principalele realiz\u0103ri \u0219i direc\u021biile de dezvoltare ale administra\u021biei jude\u021bene.<\/p>\n<p>Potrivit acestuia, aniversarea reflect\u0103 \u201edecenii de eforturi constante\u201d pentru modernizarea infrastructurii, protejarea patrimoniului cultural \u0219i cre\u0219terea calit\u0103\u021bii vie\u021bii locuitorilor din jude\u021b. Consiliul Jude\u021bean a avut, de-a lungul timpului, un rol esen\u021bial \u00een dezvoltarea comunit\u0103\u021bilor locale, prin investi\u021bii importante \u00een reabilitarea drumurilor jude\u021bene \u0219i \u00eembun\u0103t\u0103\u021birea conectivit\u0103\u021bii \u00eentre localit\u0103\u021bi.<\/p>\n<p>Un accent deosebit a fost pus pe sistemul de s\u0103n\u0103tate, considerat o prioritate strategic\u0103. Investi\u021biile realizate \u00een unit\u0103\u021bile medicale din subordine, \u00een special la Spitalul Jude\u021bean de Urgen\u021b\u0103 Deva, au vizat modernizarea infrastructurii, dotarea cu echipamente performante \u0219i extinderea serviciilor medicale, contribuind astfel la cre\u0219terea calit\u0103\u021bii actului medical.<\/p>\n<p>\u00cen mesajul s\u0103u, pre\u0219edintele CJ Hunedoara a eviden\u021biat \u0219i importan\u021ba patrimoniului cultural al jude\u021bului, amintind repere de referin\u021b\u0103 precum Cet\u0103\u021bile Dacice din Mun\u021bii Or\u0103\u0219tiei, Ulpia Traiana Sarmizegetusa, Castelul Nopcsa \u0219i Panteonul Mo\u021bilor de la \u021aebea, subliniind necesitatea continu\u0103rii eforturilor de conservare \u0219i promovare a acestora.<\/p>\n<p>Privind spre viitor, administra\u021bia jude\u021bean\u0103 \u00ee\u0219i propune s\u0103 continue atragerea de fonduri europene, dezvoltarea serviciilor publice moderne \u0219i sus\u021binerea investi\u021biilor durabile, \u00een beneficiul \u00eentregii comunit\u0103\u021bi hunedorene.<\/p>\n<p>\u00cen \u00eencheiere, Lauren\u021biu Nistor a transmis un mesaj de recuno\u0219tin\u021b\u0103 c\u0103tre to\u021bi cei care au contribuit la dezvoltarea institu\u021biei de-a lungul timpului \u2013 fo\u0219ti \u0219i actuali ale\u0219i locali, func\u021bionari publici \u0219i angaja\u021bi \u2013 dar \u0219i c\u0103tre locuitorii jude\u021bului Hunedoara, pentru \u00eencrederea acordat\u0103.<\/p>\n<p>\u201eAceast\u0103 \u00eencredere ne oblig\u0103 s\u0103 continu\u0103m cu seriozitate \u0219i implicare fiecare proiect \u00eenceput\u201d, a subliniat pre\u0219edintele Consiliului Jude\u021bean Hunedoara.<\/p>\n","protected":false},"excerpt":{"rendered":"<p>Jude\u021bul Hunedoara marcheaz\u0103 ast\u0103zi un moment important \u00een evolu\u021bia sa administrativ\u0103: \u00eemplinirea a 34 de&#8230;<\/p>\n","protected":false},"author":1,"featured_media":7930,"comment_status":"closed","ping_status":"closed","sticky":false,"template":"","format":"standard","meta":{"footnotes":""},"categories":[1,6],"tags":[],"class_list":["post-7929","post","type-post","status-publish","format-standard","has-post-thumbnail","hentry","category-actual","category-administratie"],"yoast_head":"<!-- This site is optimized with the Yoast SEO plugin v25.3.1 - https:\/\/yoast.com\/wordpress\/plugins\/seo\/ -->\n<title>34 de ani de administra\u021bie jude\u021bean\u0103 -<\/title>\n<meta name=\"robots\" content=\"index, follow, max-snippet:-1, max-image-preview:large, max-video-preview:-1\" \/>\n<link rel=\"canonical\" href=\"https:\/\/cronicahd.ro\/?p=7929\" \/>\n<meta property=\"og:locale\" content=\"ro_RO\" \/>\n<meta property=\"og:type\" content=\"article\" \/>\n<meta property=\"og:title\" content=\"34 de ani de administra\u021bie jude\u021bean\u0103 -\" \/>\n<meta property=\"og:description\" content=\"Jude\u021bul Hunedoara marcheaz\u0103 ast\u0103zi un moment important \u00een evolu\u021bia sa administrativ\u0103: \u00eemplinirea a 34 de...\" \/>\n<meta property=\"og:url\" content=\"https:\/\/cronicahd.ro\/?p=7929\" \/>\n<meta property=\"article:published_time\" content=\"2026-04-16T09:29:44+00:00\" \/>\n<meta property=\"og:image\" content=\"https:\/\/cronicahd.ro\/wp-content\/uploads\/2026\/04\/IMG_6506.jpeg\" \/>\n\t<meta property=\"og:image:width\" content=\"851\" \/>\n\t<meta property=\"og:image:height\" content=\"315\" \/>\n\t<meta property=\"og:image:type\" content=\"image\/jpeg\" \/>\n<meta name=\"author\" content=\"admin\" \/>\n<meta name=\"twitter:card\" content=\"summary_large_image\" \/>\n<meta name=\"twitter:label1\" content=\"Scris de\" \/>\n\t<meta name=\"twitter:data1\" content=\"admin\" \/>\n\t<meta name=\"twitter:label2\" content=\"Timp estimat pentru citire\" \/>\n\t<meta name=\"twitter:data2\" content=\"2 minute\" \/>\n<script type=\"application\/ld+json\" class=\"yoast-schema-graph\">{\"@context\":\"https:\/\/schema.org\",\"@graph\":[{\"@type\":\"WebPage\",\"@id\":\"https:\/\/cronicahd.ro\/?p=7929\",\"url\":\"https:\/\/cronicahd.ro\/?p=7929\",\"name\":\"34 de ani de administra\u021bie jude\u021bean\u0103 -\",\"isPartOf\":{\"@id\":\"https:\/\/cronicahd.ro\/#website\"},\"primaryImageOfPage\":{\"@id\":\"https:\/\/cronicahd.ro\/?p=7929#primaryimage\"},\"image\":{\"@id\":\"https:\/\/cronicahd.ro\/?p=7929#primaryimage\"},\"thumbnailUrl\":\"https:\/\/cronicahd.ro\/wp-content\/uploads\/2026\/04\/IMG_6506.jpeg\",\"datePublished\":\"2026-04-16T09:29:44+00:00\",\"author\":{\"@id\":\"https:\/\/cronicahd.ro\/#\/schema\/person\/d1a1277a8cd166610328e17aaf58bf46\"},\"breadcrumb\":{\"@id\":\"https:\/\/cronicahd.ro\/?p=7929#breadcrumb\"},\"inLanguage\":\"ro-RO\",\"potentialAction\":[{\"@type\":\"ReadAction\",\"target\":[\"https:\/\/cronicahd.ro\/?p=7929\"]}]},{\"@type\":\"ImageObject\",\"inLanguage\":\"ro-RO\",\"@id\":\"https:\/\/cronicahd.ro\/?p=7929#primaryimage\",\"url\":\"https:\/\/cronicahd.ro\/wp-content\/uploads\/2026\/04\/IMG_6506.jpeg\",\"contentUrl\":\"https:\/\/cronicahd.ro\/wp-content\/uploads\/2026\/04\/IMG_6506.jpeg\",\"width\":851,\"height\":315},{\"@type\":\"BreadcrumbList\",\"@id\":\"https:\/\/cronicahd.ro\/?p=7929#breadcrumb\",\"itemListElement\":[{\"@type\":\"ListItem\",\"position\":1,\"name\":\"Prima pagin\u0103\",\"item\":\"https:\/\/cronicahd.ro\/\"},{\"@type\":\"ListItem\",\"position\":2,\"name\":\"34 de ani de administra\u021bie jude\u021bean\u0103\"}]},{\"@type\":\"WebSite\",\"@id\":\"https:\/\/cronicahd.ro\/#website\",\"url\":\"https:\/\/cronicahd.ro\/\",\"name\":\"\",\"description\":\"\",\"potentialAction\":[{\"@type\":\"SearchAction\",\"target\":{\"@type\":\"EntryPoint\",\"urlTemplate\":\"https:\/\/cronicahd.ro\/?s={search_term_string}\"},\"query-input\":{\"@type\":\"PropertyValueSpecification\",\"valueRequired\":true,\"valueName\":\"search_term_string\"}}],\"inLanguage\":\"ro-RO\"},{\"@type\":\"Person\",\"@id\":\"https:\/\/cronicahd.ro\/#\/schema\/person\/d1a1277a8cd166610328e17aaf58bf46\",\"name\":\"admin\",\"image\":{\"@type\":\"ImageObject\",\"inLanguage\":\"ro-RO\",\"@id\":\"https:\/\/cronicahd.ro\/#\/schema\/person\/image\/\",\"url\":\"https:\/\/secure.gravatar.com\/avatar\/24700337280d10898c2e0d19d44a05316bff9fccc941ecc5570ffe41668203f7?s=96&d=mm&r=g\",\"contentUrl\":\"https:\/\/secure.gravatar.com\/avatar\/24700337280d10898c2e0d19d44a05316bff9fccc941ecc5570ffe41668203f7?s=96&d=mm&r=g\",\"caption\":\"admin\"},\"sameAs\":[\"https:\/\/cronicavj.ro\"],\"url\":\"https:\/\/cronicahd.ro\/?author=1\"}]}<\/script>\n<!-- \/ Yoast SEO plugin. -->","yoast_head_json":{"title":"34 de ani de administra\u021bie jude\u021bean\u0103 -","robots":{"index":"index","follow":"follow","max-snippet":"max-snippet:-1","max-image-preview":"max-image-preview:large","max-video-preview":"max-video-preview:-1"},"canonical":"https:\/\/cronicahd.ro\/?p=7929","og_locale":"ro_RO","og_type":"article","og_title":"34 de ani de administra\u021bie jude\u021bean\u0103 -","og_description":"Jude\u021bul Hunedoara marcheaz\u0103 ast\u0103zi un moment important \u00een evolu\u021bia sa administrativ\u0103: \u00eemplinirea a 34 de...","og_url":"https:\/\/cronicahd.ro\/?p=7929","article_published_time":"2026-04-16T09:29:44+00:00","og_image":[{"width":851,"height":315,"url":"https:\/\/cronicahd.ro\/wp-content\/uploads\/2026\/04\/IMG_6506.jpeg","type":"image\/jpeg"}],"author":"admin","twitter_card":"summary_large_image","twitter_misc":{"Scris de":"admin","Timp estimat pentru citire":"2 minute"},"schema":{"@context":"https:\/\/schema.org","@graph":[{"@type":"WebPage","@id":"https:\/\/cronicahd.ro\/?p=7929","url":"https:\/\/cronicahd.ro\/?p=7929","name":"34 de ani de administra\u021bie jude\u021bean\u0103 -","isPartOf":{"@id":"https:\/\/cronicahd.ro\/#website"},"primaryImageOfPage":{"@id":"https:\/\/cronicahd.ro\/?p=7929#primaryimage"},"image":{"@id":"https:\/\/cronicahd.ro\/?p=7929#primaryimage"},"thumbnailUrl":"https:\/\/cronicahd.ro\/wp-content\/uploads\/2026\/04\/IMG_6506.jpeg","datePublished":"2026-04-16T09:29:44+00:00","author":{"@id":"https:\/\/cronicahd.ro\/#\/schema\/person\/d1a1277a8cd166610328e17aaf58bf46"},"breadcrumb":{"@id":"https:\/\/cronicahd.ro\/?p=7929#breadcrumb"},"inLanguage":"ro-RO","potentialAction":[{"@type":"ReadAction","target":["https:\/\/cronicahd.ro\/?p=7929"]}]},{"@type":"ImageObject","inLanguage":"ro-RO","@id":"https:\/\/cronicahd.ro\/?p=7929#primaryimage","url":"https:\/\/cronicahd.ro\/wp-content\/uploads\/2026\/04\/IMG_6506.jpeg","contentUrl":"https:\/\/cronicahd.ro\/wp-content\/uploads\/2026\/04\/IMG_6506.jpeg","width":851,"height":315},{"@type":"BreadcrumbList","@id":"https:\/\/cronicahd.ro\/?p=7929#breadcrumb","itemListElement":[{"@type":"ListItem","position":1,"name":"Prima pagin\u0103","item":"https:\/\/cronicahd.ro\/"},{"@type":"ListItem","position":2,"name":"34 de ani de administra\u021bie jude\u021bean\u0103"}]},{"@type":"WebSite","@id":"https:\/\/cronicahd.ro\/#website","url":"https:\/\/cronicahd.ro\/","name":"","description":"","potentialAction":[{"@type":"SearchAction","target":{"@type":"EntryPoint","urlTemplate":"https:\/\/cronicahd.ro\/?s={search_term_string}"},"query-input":{"@type":"PropertyValueSpecification","valueRequired":true,"valueName":"search_term_string"}}],"inLanguage":"ro-RO"},{"@type":"Person","@id":"https:\/\/cronicahd.ro\/#\/schema\/person\/d1a1277a8cd166610328e17aaf58bf46","name":"admin","image":{"@type":"ImageObject","inLanguage":"ro-RO","@id":"https:\/\/cronicahd.ro\/#\/schema\/person\/image\/","url":"https:\/\/secure.gravatar.com\/avatar\/24700337280d10898c2e0d19d44a05316bff9fccc941ecc5570ffe41668203f7?s=96&d=mm&r=g","contentUrl":"https:\/\/secure.gravatar.com\/avatar\/24700337280d10898c2e0d19d44a05316bff9fccc941ecc5570ffe41668203f7?s=96&d=mm&r=g","caption":"admin"},"sameAs":["https:\/\/cronicavj.ro"],"url":"https:\/\/cronicahd.ro\/?author=1"}]}},"_links":{"self":[{"href":"https:\/\/cronicahd.ro\/index.php?rest_route=\/wp\/v2\/posts\/7929","targetHints":{"allow":["GET"]}}],"collection":[{"href":"https:\/\/cronicahd.ro\/index.php?rest_route=\/wp\/v2\/posts"}],"about":[{"href":"https:\/\/cronicahd.ro\/index.php?rest_route=\/wp\/v2\/types\/post"}],"author":[{"embeddable":true,"href":"https:\/\/cronicahd.ro\/index.php?rest_route=\/wp\/v2\/users\/1"}],"replies":[{"embeddable":true,"href":"https:\/\/cronicahd.ro\/index.php?rest_route=%2Fwp%2Fv2%2Fcomments&post=7929"}],"version-history":[{"count":1,"href":"https:\/\/cronicahd.ro\/index.php?rest_route=\/wp\/v2\/posts\/7929\/revisions"}],"predecessor-version":[{"id":7931,"href":"https:\/\/cronicahd.ro\/index.php?rest_route=\/wp\/v2\/posts\/7929\/revisions\/7931"}],"wp:featuredmedia":[{"embeddable":true,"href":"https:\/\/cronicahd.ro\/index.php?rest_route=\/wp\/v2\/media\/7930"}],"wp:attachment":[{"href":"https:\/\/cronicahd.ro\/index.php?rest_route=%2Fwp%2Fv2%2Fmedia&parent=7929"}],"wp:term":[{"taxonomy":"category","embeddable":true,"href":"https:\/\/cronicahd.ro\/index.php?rest_route=%2Fwp%2Fv2%2Fcategories&post=7929"},{"taxonomy":"post_tag","embeddable":true,"href":"https:\/\/cronicahd.ro\/index.php?rest_route=%2Fwp%2Fv2%2Ftags&post=7929"}],"curies":[{"name":"wp","href":"https:\/\/api.w.org\/{rel}","templated":true}]}}