{"id":7924,"date":"2026-04-16T09:20:14","date_gmt":"2026-04-16T09:20:14","guid":{"rendered":"https:\/\/cronicahd.ro\/?p=7924"},"modified":"2026-04-16T09:20:14","modified_gmt":"2026-04-16T09:20:14","slug":"premiera-absoluta-bietul-meu-suflet-carbune","status":"publish","type":"post","link":"https:\/\/cronicahd.ro\/?p=7924","title":{"rendered":"Premier\u0103 absolut\u0103: Bietul meu suflet, c\u0103rbune"},"content":{"rendered":"<p class=\"s3\">O poveste incredibil\u0103, despre mun\u021bi \u0219i mineri, desprins\u0103 din paginile scrierilor lui Ion Dezideriu S\u00eerbu ajunge pe scena de la Teatrul Dramatic I.D S\u00eerbu. Dou\u0103 zile, la finele acestei s\u0103pt\u0103m\u00e2ni, suntem a\u0219tepta\u021bi s\u0103 sim\u021bim inima lui S\u00eerbu, a\u0219a cum ne-o vor descrie actorii \u0219i regizorii de la Petro\u0219ani. Este o premier\u0103 absolut\u0103, care red\u0103 c\u00e2teva cr\u00e2mpeie din via\u021b\u0103, preluate din caietele lui S\u00eerbu.<\/p>\n<figure id=\"attachment_7927\" aria-describedby=\"caption-attachment-7927\" style=\"width: 1124px\" class=\"wp-caption alignnone\"><img loading=\"lazy\" decoding=\"async\" class=\"size-full wp-image-7927\" src=\"https:\/\/cronicahd.ro\/wp-content\/uploads\/2026\/04\/IMG_6503.jpeg\" alt=\"\" width=\"1124\" height=\"1533\" srcset=\"https:\/\/cronicahd.ro\/wp-content\/uploads\/2026\/04\/IMG_6503.jpeg 1124w, https:\/\/cronicahd.ro\/wp-content\/uploads\/2026\/04\/IMG_6503-220x300.jpeg 220w, https:\/\/cronicahd.ro\/wp-content\/uploads\/2026\/04\/IMG_6503-751x1024.jpeg 751w, https:\/\/cronicahd.ro\/wp-content\/uploads\/2026\/04\/IMG_6503-768x1047.jpeg 768w, https:\/\/cronicahd.ro\/wp-content\/uploads\/2026\/04\/IMG_6503-1024x1397.jpeg 1024w\" sizes=\"auto, (max-width: 1124px) 100vw, 1124px\" \/><figcaption id=\"caption-attachment-7927\" class=\"wp-caption-text\">Screenshot<\/figcaption><\/figure>\n<p class=\"s3\"><span class=\"s2\"><span class=\"bumpedFont15\">\u201eSuntem foarte bucuro\u0219i c\u0103 putem oferi publicului un spectacol pe texte de I.D S\u00eerbu. E o premier\u0103 absolut\u0103, e prima dat\u0103 c\u00e2nd \u201ePovestirile petrilene\u201d ale lui I.D S\u00eerbu cap\u0103t\u0103 \u00eenf\u0103\u021bi\u0219are scenic\u0103. A fost o onoare pentru mine, \u00een calitate de <\/span><\/span><span class=\"s2\"><span class=\"bumpedFont15\">co<\/span><\/span><span class=\"s2\"><span class=\"bumpedFont15\">-scenarist, al\u0103turi de Radu <\/span><\/span><span class=\"s2\"><span class=\"bumpedFont15\">Tudosie<\/span><\/span><span class=\"s2\"><span class=\"bumpedFont15\">, s\u0103 construim un scenariu dup\u0103 aceste povestiri, care construiesc un spa\u021biu senza\u021bional. Noi am ales 3 dintre ele. Dar toate se preteaz\u0103 la dramatiz\u0103ri \u0219i, pentru mine cel pu\u021bin, e un g\u00e2nd \u0219i de viitor\u201d<\/span><\/span><span class=\"s2\"><span class=\"bumpedFont15\">, a spus Claudiu Groza, secretar literar al Teatrului Dramatic I.D. S\u00eerbu din Petro\u0219ani.<\/span><\/span><\/p>\n<figure id=\"attachment_7926\" aria-describedby=\"caption-attachment-7926\" style=\"width: 1125px\" class=\"wp-caption alignnone\"><img loading=\"lazy\" decoding=\"async\" class=\"size-full wp-image-7926\" src=\"https:\/\/cronicahd.ro\/wp-content\/uploads\/2026\/04\/IMG_6504.jpeg\" alt=\"\" width=\"1125\" height=\"1555\" srcset=\"https:\/\/cronicahd.ro\/wp-content\/uploads\/2026\/04\/IMG_6504.jpeg 1125w, https:\/\/cronicahd.ro\/wp-content\/uploads\/2026\/04\/IMG_6504-217x300.jpeg 217w, https:\/\/cronicahd.ro\/wp-content\/uploads\/2026\/04\/IMG_6504-741x1024.jpeg 741w, https:\/\/cronicahd.ro\/wp-content\/uploads\/2026\/04\/IMG_6504-768x1062.jpeg 768w, https:\/\/cronicahd.ro\/wp-content\/uploads\/2026\/04\/IMG_6504-1111x1536.jpeg 1111w, https:\/\/cronicahd.ro\/wp-content\/uploads\/2026\/04\/IMG_6504-1024x1415.jpeg 1024w\" sizes=\"auto, (max-width: 1125px) 100vw, 1125px\" \/><figcaption id=\"caption-attachment-7926\" class=\"wp-caption-text\">Screenshot<\/figcaption><\/figure>\n<p class=\"s3\"><span class=\"s2\"><span class=\"bumpedFont15\">Spectacolul este \u00een totalitate realizat cu actori, regizori \u0219i scenografi din Petro\u0219ani. Avanpremiera are loc vineri seara de la ora 1<\/span><\/span><span class=\"s2\"><span class=\"bumpedFont15\">9<\/span><\/span><span class=\"s2\"><span class=\"bumpedFont15\">,00, \u00een \u00eencheierea Colocviului Na\u021bional de Memorialistic\u0103 <\/span><\/span><span class=\"s2\"><span class=\"bumpedFont15\">\u0219i Eseu Ion D. S\u00eerbu, aflat la prima edi\u021bie, care se desf\u0103\u0219oar\u0103 la Petro\u0219ani, din ini\u021biativa Consiliului Jude\u021bean Hunedoara \u0219i cu sprijinul Bibliotecii Jude\u021bene Ovid Densu\u0219ianu. <\/span><\/span><\/p>\n<p class=\"s3\"><span class=\"s2\"><span class=\"bumpedFont15\">\u201eEste, poate, una dintre cele mai mari provoc\u0103ri pe care le-am primit \u00een ace\u0219ti ani. Este un lucru care m-a zguduit din temeliile fiin\u021bei mele, ca actor. (&#8230;) <\/span><\/span><span class=\"s2\"><span class=\"bumpedFont15\">Sunt \u00eendr\u0103gostit at\u00e2t de mult de dramaturgia lui S\u00eerbu \u0219i nu am cum s\u0103 nu spun c\u0103 \u00a0s-au f\u0103cut 12 ani de la prima mea colaborare cu acest teatru, culmea, tot cu un text de I.D S\u00eerbu \u0219i atunci. \u00a0\u00cen 2014 aveam parte de prima colaborare \u00een \u201ePragul albastru\u201d \u0219i iat\u0103 c\u0103 s-a f\u0103cut ora 12,00<\/span><\/span><span class=\"s2\"><span class=\"bumpedFont15\">\u201d, a spus Cosmin <\/span><\/span><span class=\"s2\"><span class=\"bumpedFont15\">Brehu\u021b\u0103<\/span><\/span><span class=\"s2\"><span class=\"bumpedFont15\">, unul dintre actorii din pies\u0103.<\/span><\/span><\/p>\n<p class=\"s3\"><span class=\"s2\"><span class=\"bumpedFont15\">\u201eAvem bucuria, onoarea \u0219i pl\u0103cerea de a avea pe scena teatrului nostru o buc\u0103\u021bic\u0103 din sufletul lui Gary. El este prezent aici, cu noi. <\/span><\/span><span class=\"s2\"><span class=\"bumpedFont15\">To\u021bi suntem parte din acela\u0219i buchet al acestor pove\u0219ti frumoase. <\/span><\/span><span class=\"s2\"><span class=\"bumpedFont15\">Gary are o vorb\u0103 a lui \u0219i face mereu compara\u021bie \u00eentre om \u0219i munte. \u0218i tot timpul spunea c\u0103 minerul a \u00eembl\u00e2nzit muntele. \u0218i \u00een textul nostru g\u0103sim o parafrazare a vorbelor lui<\/span><\/span><span class=\"s2\"><span class=\"bumpedFont15\">\u201d<\/span><\/span><span class=\"s2\"><span class=\"bumpedFont15\">, a spus \u0219i Mihai Sima, cel care joac\u0103 rolul lui Gary \u2013 I.D S\u00eerbu.<\/span><\/span><\/p>\n<p class=\"s3\"><span class=\"s2\"><span class=\"bumpedFont15\">\u201e<\/span><\/span><span class=\"s2\"><span class=\"bumpedFont15\">A\u0219a cum a fost \u00eencropit textul, s-a creat o continuitate \u0219i, cumva, Claudiu Groza \u0219i Radu <\/span><\/span><span class=\"s2\"><span class=\"bumpedFont15\">Tudosie<\/span><\/span><span class=\"s2\"><span class=\"bumpedFont15\"> au realizat un fir ro\u0219u al acestui spectacol<\/span><\/span><span class=\"s2\"><span class=\"bumpedFont15\">\u201d, a mai spus \u0219i Mihai <\/span><\/span><span class=\"s2\"><span class=\"bumpedFont15\">R\u0103dulea<\/span><\/span><span class=\"s2\"><span class=\"bumpedFont15\">, un alt actor pe care \u00eel vom reg\u0103si \u00een premiera de vineri \u0219i \u00een cea de s\u00e2mb\u0103t\u0103.<\/span><\/span><\/p>\n<p class=\"s3\"><span class=\"s2\"><span class=\"bumpedFont15\">La finalul spectacolului va fi acordat Premiul I. D S\u00eerbu. \u201eSe va acorda \u0219i un premiu, echivalent cu Premiile Eminescu sau Creang\u0103, care sunt deja consacrate \u0219i absolut onorante pentru orice autor. Premiera oficial\u0103, va avea loc s\u00e2mb\u0103t\u0103, de la ora 18,00, dup\u0103 programul normal al teatrului\u201d, a conchis Claudiu Groza.<\/span><\/span><\/p>\n<p class=\"s3\"><span class=\"s2\">\u00a0<\/span><\/p>\n<p class=\"s3\"><span class=\"s2\"><span class=\"bumpedFont15\">Diana Mitrache<\/span><\/span><\/p>\n","protected":false},"excerpt":{"rendered":"<p>O poveste incredibil\u0103, despre mun\u021bi \u0219i mineri, desprins\u0103 din paginile scrierilor lui Ion Dezideriu S\u00eerbu&#8230;<\/p>\n","protected":false},"author":1,"featured_media":7925,"comment_status":"closed","ping_status":"closed","sticky":false,"template":"","format":"standard","meta":{"footnotes":""},"categories":[1,17],"tags":[],"class_list":["post-7924","post","type-post","status-publish","format-standard","has-post-thumbnail","hentry","category-actual","category-cultura"],"yoast_head":"<!-- This site is optimized with the Yoast SEO plugin v25.3.1 - https:\/\/yoast.com\/wordpress\/plugins\/seo\/ -->\n<title>Premier\u0103 absolut\u0103: Bietul meu suflet, c\u0103rbune -<\/title>\n<meta name=\"robots\" content=\"index, follow, max-snippet:-1, max-image-preview:large, max-video-preview:-1\" \/>\n<link rel=\"canonical\" href=\"https:\/\/cronicahd.ro\/?p=7924\" \/>\n<meta property=\"og:locale\" content=\"ro_RO\" \/>\n<meta property=\"og:type\" content=\"article\" \/>\n<meta property=\"og:title\" content=\"Premier\u0103 absolut\u0103: Bietul meu suflet, c\u0103rbune -\" \/>\n<meta property=\"og:description\" content=\"O poveste incredibil\u0103, despre mun\u021bi \u0219i mineri, desprins\u0103 din paginile scrierilor lui Ion Dezideriu S\u00eerbu...\" \/>\n<meta property=\"og:url\" content=\"https:\/\/cronicahd.ro\/?p=7924\" \/>\n<meta property=\"article:published_time\" content=\"2026-04-16T09:20:14+00:00\" \/>\n<meta property=\"og:image\" content=\"https:\/\/cronicahd.ro\/wp-content\/uploads\/2026\/04\/IMG_6505.jpeg\" \/>\n\t<meta property=\"og:image:width\" content=\"1125\" \/>\n\t<meta property=\"og:image:height\" content=\"1549\" \/>\n\t<meta property=\"og:image:type\" content=\"image\/jpeg\" \/>\n<meta name=\"author\" content=\"admin\" \/>\n<meta name=\"twitter:card\" content=\"summary_large_image\" \/>\n<meta name=\"twitter:label1\" content=\"Scris de\" \/>\n\t<meta name=\"twitter:data1\" content=\"admin\" \/>\n\t<meta name=\"twitter:label2\" content=\"Timp estimat pentru citire\" \/>\n\t<meta name=\"twitter:data2\" content=\"4 minute\" \/>\n<script type=\"application\/ld+json\" class=\"yoast-schema-graph\">{\"@context\":\"https:\/\/schema.org\",\"@graph\":[{\"@type\":\"WebPage\",\"@id\":\"https:\/\/cronicahd.ro\/?p=7924\",\"url\":\"https:\/\/cronicahd.ro\/?p=7924\",\"name\":\"Premier\u0103 absolut\u0103: Bietul meu suflet, c\u0103rbune -\",\"isPartOf\":{\"@id\":\"https:\/\/cronicahd.ro\/#website\"},\"primaryImageOfPage\":{\"@id\":\"https:\/\/cronicahd.ro\/?p=7924#primaryimage\"},\"image\":{\"@id\":\"https:\/\/cronicahd.ro\/?p=7924#primaryimage\"},\"thumbnailUrl\":\"https:\/\/cronicahd.ro\/wp-content\/uploads\/2026\/04\/IMG_6505.jpeg\",\"datePublished\":\"2026-04-16T09:20:14+00:00\",\"author\":{\"@id\":\"https:\/\/cronicahd.ro\/#\/schema\/person\/d1a1277a8cd166610328e17aaf58bf46\"},\"breadcrumb\":{\"@id\":\"https:\/\/cronicahd.ro\/?p=7924#breadcrumb\"},\"inLanguage\":\"ro-RO\",\"potentialAction\":[{\"@type\":\"ReadAction\",\"target\":[\"https:\/\/cronicahd.ro\/?p=7924\"]}]},{\"@type\":\"ImageObject\",\"inLanguage\":\"ro-RO\",\"@id\":\"https:\/\/cronicahd.ro\/?p=7924#primaryimage\",\"url\":\"https:\/\/cronicahd.ro\/wp-content\/uploads\/2026\/04\/IMG_6505.jpeg\",\"contentUrl\":\"https:\/\/cronicahd.ro\/wp-content\/uploads\/2026\/04\/IMG_6505.jpeg\",\"width\":1125,\"height\":1549,\"caption\":\"Screenshot\"},{\"@type\":\"BreadcrumbList\",\"@id\":\"https:\/\/cronicahd.ro\/?p=7924#breadcrumb\",\"itemListElement\":[{\"@type\":\"ListItem\",\"position\":1,\"name\":\"Prima pagin\u0103\",\"item\":\"https:\/\/cronicahd.ro\/\"},{\"@type\":\"ListItem\",\"position\":2,\"name\":\"Premier\u0103 absolut\u0103: Bietul meu suflet, c\u0103rbune\"}]},{\"@type\":\"WebSite\",\"@id\":\"https:\/\/cronicahd.ro\/#website\",\"url\":\"https:\/\/cronicahd.ro\/\",\"name\":\"\",\"description\":\"\",\"potentialAction\":[{\"@type\":\"SearchAction\",\"target\":{\"@type\":\"EntryPoint\",\"urlTemplate\":\"https:\/\/cronicahd.ro\/?s={search_term_string}\"},\"query-input\":{\"@type\":\"PropertyValueSpecification\",\"valueRequired\":true,\"valueName\":\"search_term_string\"}}],\"inLanguage\":\"ro-RO\"},{\"@type\":\"Person\",\"@id\":\"https:\/\/cronicahd.ro\/#\/schema\/person\/d1a1277a8cd166610328e17aaf58bf46\",\"name\":\"admin\",\"image\":{\"@type\":\"ImageObject\",\"inLanguage\":\"ro-RO\",\"@id\":\"https:\/\/cronicahd.ro\/#\/schema\/person\/image\/\",\"url\":\"https:\/\/secure.gravatar.com\/avatar\/24700337280d10898c2e0d19d44a05316bff9fccc941ecc5570ffe41668203f7?s=96&d=mm&r=g\",\"contentUrl\":\"https:\/\/secure.gravatar.com\/avatar\/24700337280d10898c2e0d19d44a05316bff9fccc941ecc5570ffe41668203f7?s=96&d=mm&r=g\",\"caption\":\"admin\"},\"sameAs\":[\"https:\/\/cronicavj.ro\"],\"url\":\"https:\/\/cronicahd.ro\/?author=1\"}]}<\/script>\n<!-- \/ Yoast SEO plugin. -->","yoast_head_json":{"title":"Premier\u0103 absolut\u0103: Bietul meu suflet, c\u0103rbune -","robots":{"index":"index","follow":"follow","max-snippet":"max-snippet:-1","max-image-preview":"max-image-preview:large","max-video-preview":"max-video-preview:-1"},"canonical":"https:\/\/cronicahd.ro\/?p=7924","og_locale":"ro_RO","og_type":"article","og_title":"Premier\u0103 absolut\u0103: Bietul meu suflet, c\u0103rbune -","og_description":"O poveste incredibil\u0103, despre mun\u021bi \u0219i mineri, desprins\u0103 din paginile scrierilor lui Ion Dezideriu S\u00eerbu...","og_url":"https:\/\/cronicahd.ro\/?p=7924","article_published_time":"2026-04-16T09:20:14+00:00","og_image":[{"width":1125,"height":1549,"url":"https:\/\/cronicahd.ro\/wp-content\/uploads\/2026\/04\/IMG_6505.jpeg","type":"image\/jpeg"}],"author":"admin","twitter_card":"summary_large_image","twitter_misc":{"Scris de":"admin","Timp estimat pentru citire":"4 minute"},"schema":{"@context":"https:\/\/schema.org","@graph":[{"@type":"WebPage","@id":"https:\/\/cronicahd.ro\/?p=7924","url":"https:\/\/cronicahd.ro\/?p=7924","name":"Premier\u0103 absolut\u0103: Bietul meu suflet, c\u0103rbune -","isPartOf":{"@id":"https:\/\/cronicahd.ro\/#website"},"primaryImageOfPage":{"@id":"https:\/\/cronicahd.ro\/?p=7924#primaryimage"},"image":{"@id":"https:\/\/cronicahd.ro\/?p=7924#primaryimage"},"thumbnailUrl":"https:\/\/cronicahd.ro\/wp-content\/uploads\/2026\/04\/IMG_6505.jpeg","datePublished":"2026-04-16T09:20:14+00:00","author":{"@id":"https:\/\/cronicahd.ro\/#\/schema\/person\/d1a1277a8cd166610328e17aaf58bf46"},"breadcrumb":{"@id":"https:\/\/cronicahd.ro\/?p=7924#breadcrumb"},"inLanguage":"ro-RO","potentialAction":[{"@type":"ReadAction","target":["https:\/\/cronicahd.ro\/?p=7924"]}]},{"@type":"ImageObject","inLanguage":"ro-RO","@id":"https:\/\/cronicahd.ro\/?p=7924#primaryimage","url":"https:\/\/cronicahd.ro\/wp-content\/uploads\/2026\/04\/IMG_6505.jpeg","contentUrl":"https:\/\/cronicahd.ro\/wp-content\/uploads\/2026\/04\/IMG_6505.jpeg","width":1125,"height":1549,"caption":"Screenshot"},{"@type":"BreadcrumbList","@id":"https:\/\/cronicahd.ro\/?p=7924#breadcrumb","itemListElement":[{"@type":"ListItem","position":1,"name":"Prima pagin\u0103","item":"https:\/\/cronicahd.ro\/"},{"@type":"ListItem","position":2,"name":"Premier\u0103 absolut\u0103: Bietul meu suflet, c\u0103rbune"}]},{"@type":"WebSite","@id":"https:\/\/cronicahd.ro\/#website","url":"https:\/\/cronicahd.ro\/","name":"","description":"","potentialAction":[{"@type":"SearchAction","target":{"@type":"EntryPoint","urlTemplate":"https:\/\/cronicahd.ro\/?s={search_term_string}"},"query-input":{"@type":"PropertyValueSpecification","valueRequired":true,"valueName":"search_term_string"}}],"inLanguage":"ro-RO"},{"@type":"Person","@id":"https:\/\/cronicahd.ro\/#\/schema\/person\/d1a1277a8cd166610328e17aaf58bf46","name":"admin","image":{"@type":"ImageObject","inLanguage":"ro-RO","@id":"https:\/\/cronicahd.ro\/#\/schema\/person\/image\/","url":"https:\/\/secure.gravatar.com\/avatar\/24700337280d10898c2e0d19d44a05316bff9fccc941ecc5570ffe41668203f7?s=96&d=mm&r=g","contentUrl":"https:\/\/secure.gravatar.com\/avatar\/24700337280d10898c2e0d19d44a05316bff9fccc941ecc5570ffe41668203f7?s=96&d=mm&r=g","caption":"admin"},"sameAs":["https:\/\/cronicavj.ro"],"url":"https:\/\/cronicahd.ro\/?author=1"}]}},"_links":{"self":[{"href":"https:\/\/cronicahd.ro\/index.php?rest_route=\/wp\/v2\/posts\/7924","targetHints":{"allow":["GET"]}}],"collection":[{"href":"https:\/\/cronicahd.ro\/index.php?rest_route=\/wp\/v2\/posts"}],"about":[{"href":"https:\/\/cronicahd.ro\/index.php?rest_route=\/wp\/v2\/types\/post"}],"author":[{"embeddable":true,"href":"https:\/\/cronicahd.ro\/index.php?rest_route=\/wp\/v2\/users\/1"}],"replies":[{"embeddable":true,"href":"https:\/\/cronicahd.ro\/index.php?rest_route=%2Fwp%2Fv2%2Fcomments&post=7924"}],"version-history":[{"count":1,"href":"https:\/\/cronicahd.ro\/index.php?rest_route=\/wp\/v2\/posts\/7924\/revisions"}],"predecessor-version":[{"id":7928,"href":"https:\/\/cronicahd.ro\/index.php?rest_route=\/wp\/v2\/posts\/7924\/revisions\/7928"}],"wp:featuredmedia":[{"embeddable":true,"href":"https:\/\/cronicahd.ro\/index.php?rest_route=\/wp\/v2\/media\/7925"}],"wp:attachment":[{"href":"https:\/\/cronicahd.ro\/index.php?rest_route=%2Fwp%2Fv2%2Fmedia&parent=7924"}],"wp:term":[{"taxonomy":"category","embeddable":true,"href":"https:\/\/cronicahd.ro\/index.php?rest_route=%2Fwp%2Fv2%2Fcategories&post=7924"},{"taxonomy":"post_tag","embeddable":true,"href":"https:\/\/cronicahd.ro\/index.php?rest_route=%2Fwp%2Fv2%2Ftags&post=7924"}],"curies":[{"name":"wp","href":"https:\/\/api.w.org\/{rel}","templated":true}]}}