{"id":7908,"date":"2026-04-16T05:51:39","date_gmt":"2026-04-16T05:51:39","guid":{"rendered":"https:\/\/cronicahd.ro\/?p=7908"},"modified":"2026-04-16T06:01:23","modified_gmt":"2026-04-16T06:01:23","slug":"weekend-cu-concerte-si-evenimente-marcante","status":"publish","type":"post","link":"https:\/\/cronicahd.ro\/?p=7908","title":{"rendered":"Weekend cu\u00a0 concerte \u0219i evenimente marcante"},"content":{"rendered":"<p>Cei de la Dirty Shirt vin la Petro\u0219ani \u00een acest weekend \u0219i, tot aici au loc o serie de evenimente culturale ce aduc \u00een Valea Jiului nume importante precum cel al lui Varujan Vosganian, Toma Velici, Ioan Stanomir\u00a0 \u0219i mul\u021bi al\u021bii la Colocviul Na\u021bional de Memorialistic\u0103 \u0219i Eseu \u201eIon de S\u00eerbu\u201d. La teatrul cei \u00eei poart\u0103 numele va fi premiera unui spectacol dedicat lui S\u00eerbu, iar cu acest prilej va fi decernat premiul ce \u00eei poart\u0103 numele \u201ecelui mai iubit dintre p\u0103m\u00e2nteni\u201d.<\/p>\n<p>Joi, 16 aprilie, are loc la Belle Epoque prima parte a manifest\u0103rilor dedicate lui Ion Dezideriu S\u00eerbu, care vor continua \u0219i vineri, culmin\u00e2nd cu premiera teatral\u0103.<\/p>\n<p>&nbsp;<\/p>\n<p><img loading=\"lazy\" decoding=\"async\" class=\"alignnone size-full wp-image-7912\" src=\"https:\/\/cronicahd.ro\/wp-content\/uploads\/2026\/04\/co.jpg\" alt=\"\" width=\"923\" height=\"1337\" srcset=\"https:\/\/cronicahd.ro\/wp-content\/uploads\/2026\/04\/co.jpg 923w, https:\/\/cronicahd.ro\/wp-content\/uploads\/2026\/04\/co-207x300.jpg 207w, https:\/\/cronicahd.ro\/wp-content\/uploads\/2026\/04\/co-707x1024.jpg 707w, https:\/\/cronicahd.ro\/wp-content\/uploads\/2026\/04\/co-768x1112.jpg 768w\" sizes=\"auto, (max-width: 923px) 100vw, 923px\" \/><\/p>\n<p>Dirty Shirt vine la Petro\u0219ani cu concertul \u00a0Dirtylicious Decade Tour, la The Station, duminic\u0103, 19.04.2026. Invita\u021bi cei de la SEDATIV<\/p>\n<p>\u201eCelebr\u0103m 10 ani de Dirtylicious! Dirty Shirt anun\u021b\u0103 cu m\u00e2ndrie DIRTYLICIOUS DECADE TOUR, un turneu special dedicat anivers\u0103rii a 10 ani de la lansarea albumului \u201cDirtylicious\u201d \u2013 materialul discografic care a schimbat definitiv traiectoria trupei \u0219i a redefinit scena rock\/metal rom\u00e2neasc\u0103, consolid\u00e2nd \u00een acela\u0219i timp pozi\u021bia forma\u021biei pe harta interna\u021bional\u0103. Este un eveniment rar, dedicat fanilor din \u021bar\u0103, care vor putea revedea live albumul ce a definit esen\u021ba stilului Dirty Shirt\u201d.<\/p>\n<p><img loading=\"lazy\" decoding=\"async\" class=\"alignnone size-full wp-image-7913\" src=\"https:\/\/cronicahd.ro\/wp-content\/uploads\/2026\/04\/d-1.jpg\" alt=\"\" width=\"2048\" height=\"1072\" srcset=\"https:\/\/cronicahd.ro\/wp-content\/uploads\/2026\/04\/d-1.jpg 2048w, https:\/\/cronicahd.ro\/wp-content\/uploads\/2026\/04\/d-1-300x157.jpg 300w, https:\/\/cronicahd.ro\/wp-content\/uploads\/2026\/04\/d-1-1024x536.jpg 1024w, https:\/\/cronicahd.ro\/wp-content\/uploads\/2026\/04\/d-1-768x402.jpg 768w, https:\/\/cronicahd.ro\/wp-content\/uploads\/2026\/04\/d-1-1536x804.jpg 1536w\" sizes=\"auto, (max-width: 2048px) 100vw, 2048px\" \/><\/p>\n<p>La Lupeni suntem a\u0219tepta\u021bi la o sear\u0103 folk.<\/p>\n<p>C\u00e2ntecul \u0219optit este uneori mai bine auzit dec\u00e2t unul strigat. Organizatorii spun c\u0103 vin \u00een s\u0103 ne ia \u201e\u00eentr-o c\u0103l\u0103torie prin labirintul sufletului\u201d. \u201eAcolo unde ne reg\u0103sim \u00een emo\u021bii neb\u0103nuite \u0219i, tr\u0103ind \u00eempreun\u0103 bucuria vie\u021bii, s\u0103 redescoperim \u00een \u0219oapt\u0103 sensul pe care vuietul vremilor \u00eel acoper\u0103 \u00een vacarm. C\u00e2ntecul nostru este despre iubire ca singur r\u0103spuns pentru toate \u00eentreb\u0103rile noastre \u0219i iertarea ca singur\u0103 cale. Veni\u021bi pe 19 aprilie, la Palatul Cultural Minerul din Lupeni, de la ora 19, s\u0103-l c\u00e2nt\u0103m \u00eempreun\u0103!\u201d<\/p>\n<p><img loading=\"lazy\" decoding=\"async\" class=\"alignnone size-full wp-image-7910\" src=\"https:\/\/cronicahd.ro\/wp-content\/uploads\/2026\/04\/c-1.jpg\" alt=\"\" width=\"1950\" height=\"1005\" srcset=\"https:\/\/cronicahd.ro\/wp-content\/uploads\/2026\/04\/c-1.jpg 1950w, https:\/\/cronicahd.ro\/wp-content\/uploads\/2026\/04\/c-1-300x155.jpg 300w, https:\/\/cronicahd.ro\/wp-content\/uploads\/2026\/04\/c-1-1024x528.jpg 1024w, https:\/\/cronicahd.ro\/wp-content\/uploads\/2026\/04\/c-1-768x396.jpg 768w, https:\/\/cronicahd.ro\/wp-content\/uploads\/2026\/04\/c-1-1536x792.jpg 1536w\" sizes=\"auto, (max-width: 1950px) 100vw, 1950px\" \/><\/p>\n<p>\u0218i, dac\u0103 vre\u021bi cereri \u00een c\u0103s\u0103torie, merge\u021bi la Hunedoara!<\/p>\n<p>CERERI \u00ceN C\u0102S\u0102TORIE, un spectacol 16+, care ne duce \u00een universul lui Cehov, cel ce ne arat\u0103 c\u0103 dragostea nu \u00eencepe niciodat\u0103 \u00een lini\u0219te. Ea izbucne\u0219te \u00een ceart\u0103, \u00een orgoliu, \u00een ridicol \u0219i \u00een acea form\u0103 tandr\u0103 de nebunie pe care oamenii o numesc via\u021b\u0103.<\/p>\n<p>Spectacolul \u201eCereri \u00een c\u0103s\u0103torie\u201d reune\u0219te dou\u0103 dintre cele mai str\u0103lucite farselor ale lui Cehov \u2013 Ursul \u0219i Cerere \u00een c\u0103s\u0103torie \u2013 \u00eentr-un parcurs scenic despre singur\u0103tate, orgoliu \u0219i absurditatea rela\u021biilor umane. Personajele sale sunt oameni aparent respectabili: proprietari de mo\u0219ii, v\u0103duve, vecini, pretenden\u021bi. Dar sub aparen\u021ba polite\u021bii se ascunde o lume de pasiuni explozive, de frustr\u0103ri \u0219i de nevoia disperat\u0103 de a iubi.<\/p>\n<p><img loading=\"lazy\" decoding=\"async\" class=\"alignnone size-full wp-image-7911\" src=\"https:\/\/cronicahd.ro\/wp-content\/uploads\/2026\/04\/ce.jpg\" alt=\"\" width=\"1066\" height=\"1600\" srcset=\"https:\/\/cronicahd.ro\/wp-content\/uploads\/2026\/04\/ce.jpg 1066w, https:\/\/cronicahd.ro\/wp-content\/uploads\/2026\/04\/ce-200x300.jpg 200w, https:\/\/cronicahd.ro\/wp-content\/uploads\/2026\/04\/ce-682x1024.jpg 682w, https:\/\/cronicahd.ro\/wp-content\/uploads\/2026\/04\/ce-768x1153.jpg 768w, https:\/\/cronicahd.ro\/wp-content\/uploads\/2026\/04\/ce-1023x1536.jpg 1023w, https:\/\/cronicahd.ro\/wp-content\/uploads\/2026\/04\/ce-1024x1537.jpg 1024w\" sizes=\"auto, (max-width: 1066px) 100vw, 1066px\" \/><\/p>\n<p>&nbsp;<\/p>\n<p>\u00cen fiecare joi, avem Quiz tematic la Aztek caffe Petro\u0219ani de la 18:30<\/p>\n<p>\u00cen luna aprilie mai avem: S\u0103pt\u0103m\u00e2na 3: MEME CULTURE<\/p>\n<p>Un quiz destinat GEN Z, meme-uri, trenduri \u0219i referin\u021be pe care trebuie s\u0103 le \u0219tii pe loc. S\u0103pt\u0103m\u00e2na 4: MUSIC CULTURE<\/p>\n<p>Ghice\u0219te piesa sau artistul, intr\u0103 \u00een vibe-ul finalului de luna.<\/p>\n<p><img loading=\"lazy\" decoding=\"async\" class=\"alignnone size-full wp-image-7909\" src=\"https:\/\/cronicahd.ro\/wp-content\/uploads\/2026\/04\/az.jpg\" alt=\"\" width=\"1350\" height=\"1688\" srcset=\"https:\/\/cronicahd.ro\/wp-content\/uploads\/2026\/04\/az.jpg 1350w, https:\/\/cronicahd.ro\/wp-content\/uploads\/2026\/04\/az-240x300.jpg 240w, https:\/\/cronicahd.ro\/wp-content\/uploads\/2026\/04\/az-819x1024.jpg 819w, https:\/\/cronicahd.ro\/wp-content\/uploads\/2026\/04\/az-768x960.jpg 768w, https:\/\/cronicahd.ro\/wp-content\/uploads\/2026\/04\/az-1228x1536.jpg 1228w, https:\/\/cronicahd.ro\/wp-content\/uploads\/2026\/04\/az-1024x1280.jpg 1024w\" sizes=\"auto, (max-width: 1350px) 100vw, 1350px\" \/><\/p>\n<p>&nbsp;<\/p>\n<p>Iar dac\u0103 vre\u021bi o drume\u021bie \u00een aer liber, afla\u021bi c\u0103 peste tot au \u00eenflorit br\u00e2ndu\u0219ele, iar pe alocuri \u00eenc\u0103 e z\u0103pad\u0103 la munte.<\/p>\n<p><img loading=\"lazy\" decoding=\"async\" class=\"alignnone size-full wp-image-7914\" src=\"https:\/\/cronicahd.ro\/wp-content\/uploads\/2026\/04\/p-1.jpg\" alt=\"\" width=\"2048\" height=\"1314\" srcset=\"https:\/\/cronicahd.ro\/wp-content\/uploads\/2026\/04\/p-1.jpg 2048w, https:\/\/cronicahd.ro\/wp-content\/uploads\/2026\/04\/p-1-300x192.jpg 300w, https:\/\/cronicahd.ro\/wp-content\/uploads\/2026\/04\/p-1-1024x657.jpg 1024w, https:\/\/cronicahd.ro\/wp-content\/uploads\/2026\/04\/p-1-768x493.jpg 768w, https:\/\/cronicahd.ro\/wp-content\/uploads\/2026\/04\/p-1-1536x986.jpg 1536w, https:\/\/cronicahd.ro\/wp-content\/uploads\/2026\/04\/p-1-1115x715.jpg 1115w\" sizes=\"auto, (max-width: 2048px) 100vw, 2048px\" \/><\/p>\n<p>&nbsp;<\/p>\n<p>Nedeile mom\u00e2rlanilor continu\u0103, iar \u00een comunit\u0103\u021bile de la poalele mun\u021bilor e s\u0103rb\u0103toare, la finalul acestei s\u0103pt\u0103m\u00e2ni.<\/p>\n<p>Mom\u00e2rlanii \u00eencing pirostriile \u0219i horele, fac m\u00e2ncare tradi\u021bional\u0103 \u0219i ne a\u0219teapt\u0103 s\u0103 petrecem al\u0103turi de ei.<\/p>\n<p>Duminic\u0103, 19 aprilie,\u00a0 este nedeie pe S\u0103l\u0103truc \u0219i la D\u00e2lja Mare.<\/p>\n<p><img loading=\"lazy\" decoding=\"async\" class=\"alignnone size-full wp-image-7915\" src=\"https:\/\/cronicahd.ro\/wp-content\/uploads\/2026\/04\/n.jpg\" alt=\"\" width=\"800\" height=\"600\" srcset=\"https:\/\/cronicahd.ro\/wp-content\/uploads\/2026\/04\/n.jpg 800w, https:\/\/cronicahd.ro\/wp-content\/uploads\/2026\/04\/n-300x225.jpg 300w, https:\/\/cronicahd.ro\/wp-content\/uploads\/2026\/04\/n-768x576.jpg 768w\" sizes=\"auto, (max-width: 800px) 100vw, 800px\" \/><\/p>\n<p>&nbsp;<\/p>\n<p><span class=\"html-span xdj266r x14z9mp xat24cr x1lziwak xexx8yu xyri2b x18d9i69 x1c1uobl x1hl2dhg x16tdsg8 x1vvkbs x4k7w5x x1h91t0o x1h9r5lt x1jfb8zj xv2umb2 x1beo9mf xaigb6o x12ejxvf x3igimt xarpa2k xedcshv x1lytzrv x1t2pt76 x7ja8zs x1qrby5j\"><span class=\"x193iq5w xeuugli x13faqbe x1vvkbs x1xmvt09 x1lliihq x1s928wv xhkezso x1gmr53x x1cpjm7i x1fgarty x1943h6x xudqn12 x3x7a5m x6prxxf xvq8zen xo1l8bm x14ctfv\" dir=\"auto\">Iar la Vulcan, un nou eveniment dedicat tinerilor \u0219i pasiona\u021bilor de automobile va avea loc. \u201eTorque Society\u201d, unul dintre cele mai a\u0219teptate evenimente auto ale prim\u0103verii din Valea Jiului, promite s\u0103 adune zeci de participan\u021bi \u0219i sute de spectatori \u00eentr-o atmosfer\u0103 plin\u0103 de energie \u0219i adrenalin\u0103. Evenimentul este programat pentru data de 19 aprilie, \u00eencep\u00e2nd cu ora 12:00, pe bulevardul principal din Vulcan. Organizatorii anun\u021b\u0103 c\u0103 aproximativ 150 de ma\u0219ini \u0219i motociclete vor fi expuse, transform\u00e2nd zona \u00eentr-un punct de atrac\u021bie pentru iubitorii de tuning auto \u0219i nu numai. Ini\u021biativa apar\u021bine Prim\u0103riei Municipiului Vulcan, \u00een parteneriat cu t\u00e2n\u0103rul Darius Dulcescu, fondatorul comunit\u0103\u021bii Torque Society. <\/span><\/span><\/p>\n<p><img loading=\"lazy\" decoding=\"async\" class=\"alignnone size-full wp-image-7865\" src=\"https:\/\/cronicahd.ro\/wp-content\/uploads\/2026\/04\/t1.jpg\" alt=\"\" width=\"1124\" height=\"1295\" srcset=\"https:\/\/cronicahd.ro\/wp-content\/uploads\/2026\/04\/t1.jpg 1124w, https:\/\/cronicahd.ro\/wp-content\/uploads\/2026\/04\/t1-260x300.jpg 260w, https:\/\/cronicahd.ro\/wp-content\/uploads\/2026\/04\/t1-889x1024.jpg 889w, https:\/\/cronicahd.ro\/wp-content\/uploads\/2026\/04\/t1-768x885.jpg 768w, https:\/\/cronicahd.ro\/wp-content\/uploads\/2026\/04\/t1-1024x1180.jpg 1024w\" sizes=\"auto, (max-width: 1124px) 100vw, 1124px\" \/><\/p>\n<p>&nbsp;<\/p>\n<p>&nbsp;<\/p>\n<p>&nbsp;<\/p>\n<p>&nbsp;<\/p>\n<p>&nbsp;<\/p>\n<p>&nbsp;<\/p>\n","protected":false},"excerpt":{"rendered":"<p>Cei de la Dirty Shirt vin la Petro\u0219ani \u00een acest weekend \u0219i, tot aici au&#8230;<\/p>\n","protected":false},"author":1,"featured_media":7912,"comment_status":"closed","ping_status":"closed","sticky":false,"template":"","format":"standard","meta":{"footnotes":""},"categories":[1,19],"tags":[],"class_list":["post-7908","post","type-post","status-publish","format-standard","has-post-thumbnail","hentry","category-actual","category-timp-liber"],"yoast_head":"<!-- This site is optimized with the Yoast SEO plugin v25.3.1 - https:\/\/yoast.com\/wordpress\/plugins\/seo\/ -->\n<title>Weekend cu\u00a0 concerte \u0219i evenimente marcante -<\/title>\n<meta name=\"robots\" content=\"index, follow, max-snippet:-1, max-image-preview:large, max-video-preview:-1\" \/>\n<link rel=\"canonical\" href=\"https:\/\/cronicahd.ro\/?p=7908\" \/>\n<meta property=\"og:locale\" content=\"ro_RO\" \/>\n<meta property=\"og:type\" content=\"article\" \/>\n<meta property=\"og:title\" content=\"Weekend cu\u00a0 concerte \u0219i evenimente marcante -\" \/>\n<meta property=\"og:description\" content=\"Cei de la Dirty Shirt vin la Petro\u0219ani \u00een acest weekend \u0219i, tot aici au...\" \/>\n<meta property=\"og:url\" content=\"https:\/\/cronicahd.ro\/?p=7908\" \/>\n<meta property=\"article:published_time\" content=\"2026-04-16T05:51:39+00:00\" \/>\n<meta property=\"article:modified_time\" content=\"2026-04-16T06:01:23+00:00\" \/>\n<meta property=\"og:image\" content=\"https:\/\/cronicahd.ro\/wp-content\/uploads\/2026\/04\/co.jpg\" \/>\n\t<meta property=\"og:image:width\" content=\"923\" \/>\n\t<meta property=\"og:image:height\" content=\"1337\" \/>\n\t<meta property=\"og:image:type\" content=\"image\/jpeg\" \/>\n<meta name=\"author\" content=\"admin\" \/>\n<meta name=\"twitter:card\" content=\"summary_large_image\" \/>\n<meta name=\"twitter:label1\" content=\"Scris de\" \/>\n\t<meta name=\"twitter:data1\" content=\"admin\" \/>\n\t<meta name=\"twitter:label2\" content=\"Timp estimat pentru citire\" \/>\n\t<meta name=\"twitter:data2\" content=\"6 minute\" \/>\n<script type=\"application\/ld+json\" class=\"yoast-schema-graph\">{\"@context\":\"https:\/\/schema.org\",\"@graph\":[{\"@type\":\"WebPage\",\"@id\":\"https:\/\/cronicahd.ro\/?p=7908\",\"url\":\"https:\/\/cronicahd.ro\/?p=7908\",\"name\":\"Weekend cu\u00a0 concerte \u0219i evenimente marcante -\",\"isPartOf\":{\"@id\":\"https:\/\/cronicahd.ro\/#website\"},\"primaryImageOfPage\":{\"@id\":\"https:\/\/cronicahd.ro\/?p=7908#primaryimage\"},\"image\":{\"@id\":\"https:\/\/cronicahd.ro\/?p=7908#primaryimage\"},\"thumbnailUrl\":\"https:\/\/cronicahd.ro\/wp-content\/uploads\/2026\/04\/co.jpg\",\"datePublished\":\"2026-04-16T05:51:39+00:00\",\"dateModified\":\"2026-04-16T06:01:23+00:00\",\"author\":{\"@id\":\"https:\/\/cronicahd.ro\/#\/schema\/person\/d1a1277a8cd166610328e17aaf58bf46\"},\"breadcrumb\":{\"@id\":\"https:\/\/cronicahd.ro\/?p=7908#breadcrumb\"},\"inLanguage\":\"ro-RO\",\"potentialAction\":[{\"@type\":\"ReadAction\",\"target\":[\"https:\/\/cronicahd.ro\/?p=7908\"]}]},{\"@type\":\"ImageObject\",\"inLanguage\":\"ro-RO\",\"@id\":\"https:\/\/cronicahd.ro\/?p=7908#primaryimage\",\"url\":\"https:\/\/cronicahd.ro\/wp-content\/uploads\/2026\/04\/co.jpg\",\"contentUrl\":\"https:\/\/cronicahd.ro\/wp-content\/uploads\/2026\/04\/co.jpg\",\"width\":923,\"height\":1337},{\"@type\":\"BreadcrumbList\",\"@id\":\"https:\/\/cronicahd.ro\/?p=7908#breadcrumb\",\"itemListElement\":[{\"@type\":\"ListItem\",\"position\":1,\"name\":\"Prima pagin\u0103\",\"item\":\"https:\/\/cronicahd.ro\/\"},{\"@type\":\"ListItem\",\"position\":2,\"name\":\"Weekend cu\u00a0 concerte \u0219i evenimente marcante\"}]},{\"@type\":\"WebSite\",\"@id\":\"https:\/\/cronicahd.ro\/#website\",\"url\":\"https:\/\/cronicahd.ro\/\",\"name\":\"\",\"description\":\"\",\"potentialAction\":[{\"@type\":\"SearchAction\",\"target\":{\"@type\":\"EntryPoint\",\"urlTemplate\":\"https:\/\/cronicahd.ro\/?s={search_term_string}\"},\"query-input\":{\"@type\":\"PropertyValueSpecification\",\"valueRequired\":true,\"valueName\":\"search_term_string\"}}],\"inLanguage\":\"ro-RO\"},{\"@type\":\"Person\",\"@id\":\"https:\/\/cronicahd.ro\/#\/schema\/person\/d1a1277a8cd166610328e17aaf58bf46\",\"name\":\"admin\",\"image\":{\"@type\":\"ImageObject\",\"inLanguage\":\"ro-RO\",\"@id\":\"https:\/\/cronicahd.ro\/#\/schema\/person\/image\/\",\"url\":\"https:\/\/secure.gravatar.com\/avatar\/24700337280d10898c2e0d19d44a05316bff9fccc941ecc5570ffe41668203f7?s=96&d=mm&r=g\",\"contentUrl\":\"https:\/\/secure.gravatar.com\/avatar\/24700337280d10898c2e0d19d44a05316bff9fccc941ecc5570ffe41668203f7?s=96&d=mm&r=g\",\"caption\":\"admin\"},\"sameAs\":[\"https:\/\/cronicavj.ro\"],\"url\":\"https:\/\/cronicahd.ro\/?author=1\"}]}<\/script>\n<!-- \/ Yoast SEO plugin. -->","yoast_head_json":{"title":"Weekend cu\u00a0 concerte \u0219i evenimente marcante -","robots":{"index":"index","follow":"follow","max-snippet":"max-snippet:-1","max-image-preview":"max-image-preview:large","max-video-preview":"max-video-preview:-1"},"canonical":"https:\/\/cronicahd.ro\/?p=7908","og_locale":"ro_RO","og_type":"article","og_title":"Weekend cu\u00a0 concerte \u0219i evenimente marcante -","og_description":"Cei de la Dirty Shirt vin la Petro\u0219ani \u00een acest weekend \u0219i, tot aici au...","og_url":"https:\/\/cronicahd.ro\/?p=7908","article_published_time":"2026-04-16T05:51:39+00:00","article_modified_time":"2026-04-16T06:01:23+00:00","og_image":[{"width":923,"height":1337,"url":"https:\/\/cronicahd.ro\/wp-content\/uploads\/2026\/04\/co.jpg","type":"image\/jpeg"}],"author":"admin","twitter_card":"summary_large_image","twitter_misc":{"Scris de":"admin","Timp estimat pentru citire":"6 minute"},"schema":{"@context":"https:\/\/schema.org","@graph":[{"@type":"WebPage","@id":"https:\/\/cronicahd.ro\/?p=7908","url":"https:\/\/cronicahd.ro\/?p=7908","name":"Weekend cu\u00a0 concerte \u0219i evenimente marcante -","isPartOf":{"@id":"https:\/\/cronicahd.ro\/#website"},"primaryImageOfPage":{"@id":"https:\/\/cronicahd.ro\/?p=7908#primaryimage"},"image":{"@id":"https:\/\/cronicahd.ro\/?p=7908#primaryimage"},"thumbnailUrl":"https:\/\/cronicahd.ro\/wp-content\/uploads\/2026\/04\/co.jpg","datePublished":"2026-04-16T05:51:39+00:00","dateModified":"2026-04-16T06:01:23+00:00","author":{"@id":"https:\/\/cronicahd.ro\/#\/schema\/person\/d1a1277a8cd166610328e17aaf58bf46"},"breadcrumb":{"@id":"https:\/\/cronicahd.ro\/?p=7908#breadcrumb"},"inLanguage":"ro-RO","potentialAction":[{"@type":"ReadAction","target":["https:\/\/cronicahd.ro\/?p=7908"]}]},{"@type":"ImageObject","inLanguage":"ro-RO","@id":"https:\/\/cronicahd.ro\/?p=7908#primaryimage","url":"https:\/\/cronicahd.ro\/wp-content\/uploads\/2026\/04\/co.jpg","contentUrl":"https:\/\/cronicahd.ro\/wp-content\/uploads\/2026\/04\/co.jpg","width":923,"height":1337},{"@type":"BreadcrumbList","@id":"https:\/\/cronicahd.ro\/?p=7908#breadcrumb","itemListElement":[{"@type":"ListItem","position":1,"name":"Prima pagin\u0103","item":"https:\/\/cronicahd.ro\/"},{"@type":"ListItem","position":2,"name":"Weekend cu\u00a0 concerte \u0219i evenimente marcante"}]},{"@type":"WebSite","@id":"https:\/\/cronicahd.ro\/#website","url":"https:\/\/cronicahd.ro\/","name":"","description":"","potentialAction":[{"@type":"SearchAction","target":{"@type":"EntryPoint","urlTemplate":"https:\/\/cronicahd.ro\/?s={search_term_string}"},"query-input":{"@type":"PropertyValueSpecification","valueRequired":true,"valueName":"search_term_string"}}],"inLanguage":"ro-RO"},{"@type":"Person","@id":"https:\/\/cronicahd.ro\/#\/schema\/person\/d1a1277a8cd166610328e17aaf58bf46","name":"admin","image":{"@type":"ImageObject","inLanguage":"ro-RO","@id":"https:\/\/cronicahd.ro\/#\/schema\/person\/image\/","url":"https:\/\/secure.gravatar.com\/avatar\/24700337280d10898c2e0d19d44a05316bff9fccc941ecc5570ffe41668203f7?s=96&d=mm&r=g","contentUrl":"https:\/\/secure.gravatar.com\/avatar\/24700337280d10898c2e0d19d44a05316bff9fccc941ecc5570ffe41668203f7?s=96&d=mm&r=g","caption":"admin"},"sameAs":["https:\/\/cronicavj.ro"],"url":"https:\/\/cronicahd.ro\/?author=1"}]}},"_links":{"self":[{"href":"https:\/\/cronicahd.ro\/index.php?rest_route=\/wp\/v2\/posts\/7908","targetHints":{"allow":["GET"]}}],"collection":[{"href":"https:\/\/cronicahd.ro\/index.php?rest_route=\/wp\/v2\/posts"}],"about":[{"href":"https:\/\/cronicahd.ro\/index.php?rest_route=\/wp\/v2\/types\/post"}],"author":[{"embeddable":true,"href":"https:\/\/cronicahd.ro\/index.php?rest_route=\/wp\/v2\/users\/1"}],"replies":[{"embeddable":true,"href":"https:\/\/cronicahd.ro\/index.php?rest_route=%2Fwp%2Fv2%2Fcomments&post=7908"}],"version-history":[{"count":3,"href":"https:\/\/cronicahd.ro\/index.php?rest_route=\/wp\/v2\/posts\/7908\/revisions"}],"predecessor-version":[{"id":7923,"href":"https:\/\/cronicahd.ro\/index.php?rest_route=\/wp\/v2\/posts\/7908\/revisions\/7923"}],"wp:featuredmedia":[{"embeddable":true,"href":"https:\/\/cronicahd.ro\/index.php?rest_route=\/wp\/v2\/media\/7912"}],"wp:attachment":[{"href":"https:\/\/cronicahd.ro\/index.php?rest_route=%2Fwp%2Fv2%2Fmedia&parent=7908"}],"wp:term":[{"taxonomy":"category","embeddable":true,"href":"https:\/\/cronicahd.ro\/index.php?rest_route=%2Fwp%2Fv2%2Fcategories&post=7908"},{"taxonomy":"post_tag","embeddable":true,"href":"https:\/\/cronicahd.ro\/index.php?rest_route=%2Fwp%2Fv2%2Ftags&post=7908"}],"curies":[{"name":"wp","href":"https:\/\/api.w.org\/{rel}","templated":true}]}}