{"id":7900,"date":"2026-04-16T05:39:18","date_gmt":"2026-04-16T05:39:18","guid":{"rendered":"https:\/\/cronicahd.ro\/?p=7900"},"modified":"2026-04-16T05:39:18","modified_gmt":"2026-04-16T05:39:18","slug":"bazinul-de-inot-din-vulcan-trei-ani-de-performanta-si-educatie-acvatica-pentru-comunitate","status":"publish","type":"post","link":"https:\/\/cronicahd.ro\/?p=7900","title":{"rendered":"Bazinul de \u00eenot din Vulcan, trei ani de performan\u021b\u0103 \u0219i educa\u021bie acvatic\u0103 pentru comunitate"},"content":{"rendered":"<p><span class=\"html-span xdj266r x14z9mp xat24cr x1lziwak xexx8yu xyri2b x18d9i69 x1c1uobl x1hl2dhg x16tdsg8 x1vvkbs x4k7w5x x1h91t0o x1h9r5lt x1jfb8zj xv2umb2 x1beo9mf xaigb6o x12ejxvf x3igimt xarpa2k xedcshv x1lytzrv x1t2pt76 x7ja8zs x1qrby5j\"><span class=\"x193iq5w xeuugli x13faqbe x1vvkbs x1xmvt09 x1lliihq x1s928wv xhkezso x1gmr53x x1cpjm7i x1fgarty x1943h6x xudqn12 x3x7a5m x6prxxf xvq8zen xo1l8bm x14ctfv\" dir=\"auto\">Bazinul de \u00eenot din municipiul Vulcan reprezint\u0103, la trei ani de la inaugurare, unul dintre cele mai importante proiecte dedicate dezvolt\u0103rii infrastructurii sportive locale. <\/span><\/span><span class=\"html-span xdj266r x14z9mp xat24cr x1lziwak xexx8yu xyri2b x18d9i69 x1c1uobl x1hl2dhg x16tdsg8 x1vvkbs x4k7w5x x1h91t0o x1h9r5lt x1jfb8zj xv2umb2 x1beo9mf xaigb6o x12ejxvf x3igimt xarpa2k xedcshv x1lytzrv x1t2pt76 x7ja8zs x1qrby5j\"><span class=\"x193iq5w xeuugli x13faqbe x1vvkbs x1xmvt09 x1lliihq x1s928wv xhkezso x1gmr53x x1cpjm7i x1fgarty x1943h6x xudqn12 x3x7a5m x6prxxf xvq8zen xo1l8bm x14ctfv\" dir=\"auto\">Ini\u021biat \u00een anul 2021, obiectivul a fost conceput ca parte a unei strategii menite s\u0103 \u00eencurajeze mi\u0219carea \u0219i s\u0103 promoveze educa\u021bia acvatic\u0103 \u00een r\u00e2ndul comunit\u0103\u021bii. <\/span><\/span><\/p>\n<p><img loading=\"lazy\" decoding=\"async\" class=\"alignnone size-full wp-image-7905\" src=\"https:\/\/cronicahd.ro\/wp-content\/uploads\/2026\/04\/674946533_3388804421285508_3337111655588999494_n.jpg\" alt=\"\" width=\"960\" height=\"551\" srcset=\"https:\/\/cronicahd.ro\/wp-content\/uploads\/2026\/04\/674946533_3388804421285508_3337111655588999494_n.jpg 960w, https:\/\/cronicahd.ro\/wp-content\/uploads\/2026\/04\/674946533_3388804421285508_3337111655588999494_n-300x172.jpg 300w, https:\/\/cronicahd.ro\/wp-content\/uploads\/2026\/04\/674946533_3388804421285508_3337111655588999494_n-768x441.jpg 768w\" sizes=\"auto, (max-width: 960px) 100vw, 960px\" \/><\/p>\n<p><span class=\"html-span xdj266r x14z9mp xat24cr x1lziwak xexx8yu xyri2b x18d9i69 x1c1uobl x1hl2dhg x16tdsg8 x1vvkbs x4k7w5x x1h91t0o x1h9r5lt x1jfb8zj xv2umb2 x1beo9mf xaigb6o x12ejxvf x3igimt xarpa2k xedcshv x1lytzrv x1t2pt76 x7ja8zs x1qrby5j\"><span class=\"x193iq5w xeuugli x13faqbe x1vvkbs x1xmvt09 x1lliihq x1s928wv xhkezso x1gmr53x x1cpjm7i x1fgarty x1943h6x xudqn12 x3x7a5m x6prxxf xvq8zen xo1l8bm x14ctfv\" dir=\"auto\">Proiectul a r\u0103spuns unei nevoi reale de spa\u021bii moderne \u0219i sigure pentru activit\u0103\u021bi sportive \u0219i recreative, cu accent pe dezvoltarea armonioas\u0103 a copiilor. De la deschiderea oficial\u0103, bazinul ofer\u0103 condi\u021bii optime at\u00e2t pentru antrenamente \u0219i cursuri de \u00eenot, c\u00e2t \u0219i pentru activit\u0103\u021bi de agrement. <\/span><\/span><\/p>\n<p><img loading=\"lazy\" decoding=\"async\" class=\"alignnone size-full wp-image-7904\" src=\"https:\/\/cronicahd.ro\/wp-content\/uploads\/2026\/04\/672676288_3388804644618819_4294046876171122112_n.jpg\" alt=\"\" width=\"1422\" height=\"640\" srcset=\"https:\/\/cronicahd.ro\/wp-content\/uploads\/2026\/04\/672676288_3388804644618819_4294046876171122112_n.jpg 1422w, https:\/\/cronicahd.ro\/wp-content\/uploads\/2026\/04\/672676288_3388804644618819_4294046876171122112_n-300x135.jpg 300w, https:\/\/cronicahd.ro\/wp-content\/uploads\/2026\/04\/672676288_3388804644618819_4294046876171122112_n-1024x461.jpg 1024w, https:\/\/cronicahd.ro\/wp-content\/uploads\/2026\/04\/672676288_3388804644618819_4294046876171122112_n-768x346.jpg 768w\" sizes=\"auto, (max-width: 1422px) 100vw, 1422px\" \/><\/p>\n<p><span class=\"html-span xdj266r x14z9mp xat24cr x1lziwak xexx8yu xyri2b x18d9i69 x1c1uobl x1hl2dhg x16tdsg8 x1vvkbs x4k7w5x x1h91t0o x1h9r5lt x1jfb8zj xv2umb2 x1beo9mf xaigb6o x12ejxvf x3igimt xarpa2k xedcshv x1lytzrv x1t2pt76 x7ja8zs x1qrby5j\"><span class=\"x193iq5w xeuugli x13faqbe x1vvkbs x1xmvt09 x1lliihq x1s928wv xhkezso x1gmr53x x1cpjm7i x1fgarty x1943h6x xudqn12 x3x7a5m x6prxxf xvq8zen xo1l8bm x14ctfv\" dir=\"auto\">Rezultatele nu au \u00eent\u00e2rziat s\u0103 apar\u0103. Peste 700 de copii au \u00eenv\u0103\u021bat s\u0103 \u00eenoate \u00een cadrul programelor organizate aici, sub \u00eendrumarea instructorilor Alin Kontos, Sandor Sebi \u0219i Chivu Simona. Pe l\u00e2ng\u0103 deprinderile esen\u021biale pentru siguran\u021ba personal\u0103, ace\u0219tia au dob\u00e2ndit \u00eencredere, disciplin\u0103 \u0219i au adoptat un stil de via\u021b\u0103 activ. De asemenea, \u00een cei trei ani de activitate, bazinul a g\u0103zduit nu mai pu\u021bin de 20 de competi\u021bii sportive, toate bucur\u00e2ndu-se de un real succes \u0219i contribuind la promovarea nata\u021biei \u00een zon\u0103.<\/span><\/span><\/p>\n<p><img loading=\"lazy\" decoding=\"async\" class=\"alignnone size-full wp-image-7903\" src=\"https:\/\/cronicahd.ro\/wp-content\/uploads\/2026\/04\/672672783_3388804937952123_4349133775657055880_n.jpg\" alt=\"\" width=\"1919\" height=\"957\" srcset=\"https:\/\/cronicahd.ro\/wp-content\/uploads\/2026\/04\/672672783_3388804937952123_4349133775657055880_n.jpg 1919w, https:\/\/cronicahd.ro\/wp-content\/uploads\/2026\/04\/672672783_3388804937952123_4349133775657055880_n-300x150.jpg 300w, https:\/\/cronicahd.ro\/wp-content\/uploads\/2026\/04\/672672783_3388804937952123_4349133775657055880_n-1024x511.jpg 1024w, https:\/\/cronicahd.ro\/wp-content\/uploads\/2026\/04\/672672783_3388804937952123_4349133775657055880_n-768x383.jpg 768w, https:\/\/cronicahd.ro\/wp-content\/uploads\/2026\/04\/672672783_3388804937952123_4349133775657055880_n-1536x766.jpg 1536w\" sizes=\"auto, (max-width: 1919px) 100vw, 1919px\" \/><\/p>\n<p><span class=\"html-span xdj266r x14z9mp xat24cr x1lziwak xexx8yu xyri2b x18d9i69 x1c1uobl x1hl2dhg x16tdsg8 x1vvkbs x4k7w5x x1h91t0o x1h9r5lt x1jfb8zj xv2umb2 x1beo9mf xaigb6o x12ejxvf x3igimt xarpa2k xedcshv x1lytzrv x1t2pt76 x7ja8zs x1qrby5j\"><span class=\"x193iq5w xeuugli x13faqbe x1vvkbs x1xmvt09 x1lliihq x1s928wv xhkezso x1gmr53x x1cpjm7i x1fgarty x1943h6x xudqn12 x3x7a5m x6prxxf xvq8zen xo1l8bm x14ctfv\" dir=\"auto\"> \u201eBazinul continu\u0103 s\u0103 fie un pilon important al comunit\u0103\u021bii, contribuind constant la formarea noilor genera\u021bii \u0219i la promovarea sportului ca element esen\u021bial al unei vie\u021bi echilibrate. <span class=\"x193iq5w xeuugli x13faqbe x1vvkbs x1xmvt09 x1lliihq x1s928wv xhkezso x1gmr53x x1cpjm7i x1fgarty x1943h6x xudqn12 x3x7a5m x6prxxf xvq8zen xo1l8bm xzsf02u x1yc453h\" dir=\"auto\">Statistic vorbind, \u00een 3 ani de activitate am avut nu mai pu\u021bin de 20 de competi\u021bii, toate au fost un real succes<\/span>\u201d, a declarat primarul municipiului Vulcan, Cristian Meri\u0219anu.<\/span><\/span><\/p>\n<p><img loading=\"lazy\" decoding=\"async\" class=\"alignnone size-full wp-image-7901\" src=\"https:\/\/cronicahd.ro\/wp-content\/uploads\/2026\/04\/671751218_3388804887952128_3151173806877947267_n.jpg\" alt=\"\" width=\"1080\" height=\"810\" srcset=\"https:\/\/cronicahd.ro\/wp-content\/uploads\/2026\/04\/671751218_3388804887952128_3151173806877947267_n.jpg 1080w, https:\/\/cronicahd.ro\/wp-content\/uploads\/2026\/04\/671751218_3388804887952128_3151173806877947267_n-300x225.jpg 300w, https:\/\/cronicahd.ro\/wp-content\/uploads\/2026\/04\/671751218_3388804887952128_3151173806877947267_n-1024x768.jpg 1024w, https:\/\/cronicahd.ro\/wp-content\/uploads\/2026\/04\/671751218_3388804887952128_3151173806877947267_n-768x576.jpg 768w\" sizes=\"auto, (max-width: 1080px) 100vw, 1080px\" \/><\/p>\n<p>sursa foto Facebook Cristian Merisanu<\/p>\n","protected":false},"excerpt":{"rendered":"<p>Bazinul de \u00eenot din municipiul Vulcan reprezint\u0103, la trei ani de la inaugurare, unul dintre&#8230;<\/p>\n","protected":false},"author":1,"featured_media":7902,"comment_status":"closed","ping_status":"closed","sticky":false,"template":"","format":"standard","meta":{"footnotes":""},"categories":[1,6],"tags":[],"class_list":["post-7900","post","type-post","status-publish","format-standard","has-post-thumbnail","hentry","category-actual","category-administratie"],"yoast_head":"<!-- This site is optimized with the Yoast SEO plugin v25.3.1 - https:\/\/yoast.com\/wordpress\/plugins\/seo\/ -->\n<title>Bazinul de \u00eenot din Vulcan, trei ani de performan\u021b\u0103 \u0219i educa\u021bie acvatic\u0103 pentru comunitate -<\/title>\n<meta name=\"robots\" content=\"index, follow, max-snippet:-1, max-image-preview:large, max-video-preview:-1\" \/>\n<link rel=\"canonical\" href=\"https:\/\/cronicahd.ro\/?p=7900\" \/>\n<meta property=\"og:locale\" content=\"ro_RO\" \/>\n<meta property=\"og:type\" content=\"article\" \/>\n<meta property=\"og:title\" content=\"Bazinul de \u00eenot din Vulcan, trei ani de performan\u021b\u0103 \u0219i educa\u021bie acvatic\u0103 pentru comunitate -\" \/>\n<meta property=\"og:description\" content=\"Bazinul de \u00eenot din municipiul Vulcan reprezint\u0103, la trei ani de la inaugurare, unul dintre...\" \/>\n<meta property=\"og:url\" content=\"https:\/\/cronicahd.ro\/?p=7900\" \/>\n<meta property=\"article:published_time\" content=\"2026-04-16T05:39:18+00:00\" \/>\n<meta property=\"og:image\" content=\"https:\/\/cronicahd.ro\/wp-content\/uploads\/2026\/04\/672210789_3388804821285468_573741576289469199_n.jpg\" \/>\n\t<meta property=\"og:image:width\" content=\"1536\" \/>\n\t<meta property=\"og:image:height\" content=\"2048\" \/>\n\t<meta property=\"og:image:type\" content=\"image\/jpeg\" \/>\n<meta name=\"author\" content=\"admin\" \/>\n<meta name=\"twitter:card\" content=\"summary_large_image\" \/>\n<meta name=\"twitter:label1\" content=\"Scris de\" \/>\n\t<meta name=\"twitter:data1\" content=\"admin\" \/>\n\t<meta name=\"twitter:label2\" content=\"Timp estimat pentru citire\" \/>\n\t<meta name=\"twitter:data2\" content=\"3 minute\" \/>\n<script type=\"application\/ld+json\" class=\"yoast-schema-graph\">{\"@context\":\"https:\/\/schema.org\",\"@graph\":[{\"@type\":\"WebPage\",\"@id\":\"https:\/\/cronicahd.ro\/?p=7900\",\"url\":\"https:\/\/cronicahd.ro\/?p=7900\",\"name\":\"Bazinul de \u00eenot din Vulcan, trei ani de performan\u021b\u0103 \u0219i educa\u021bie acvatic\u0103 pentru comunitate -\",\"isPartOf\":{\"@id\":\"https:\/\/cronicahd.ro\/#website\"},\"primaryImageOfPage\":{\"@id\":\"https:\/\/cronicahd.ro\/?p=7900#primaryimage\"},\"image\":{\"@id\":\"https:\/\/cronicahd.ro\/?p=7900#primaryimage\"},\"thumbnailUrl\":\"https:\/\/cronicahd.ro\/wp-content\/uploads\/2026\/04\/672210789_3388804821285468_573741576289469199_n.jpg\",\"datePublished\":\"2026-04-16T05:39:18+00:00\",\"author\":{\"@id\":\"https:\/\/cronicahd.ro\/#\/schema\/person\/d1a1277a8cd166610328e17aaf58bf46\"},\"breadcrumb\":{\"@id\":\"https:\/\/cronicahd.ro\/?p=7900#breadcrumb\"},\"inLanguage\":\"ro-RO\",\"potentialAction\":[{\"@type\":\"ReadAction\",\"target\":[\"https:\/\/cronicahd.ro\/?p=7900\"]}]},{\"@type\":\"ImageObject\",\"inLanguage\":\"ro-RO\",\"@id\":\"https:\/\/cronicahd.ro\/?p=7900#primaryimage\",\"url\":\"https:\/\/cronicahd.ro\/wp-content\/uploads\/2026\/04\/672210789_3388804821285468_573741576289469199_n.jpg\",\"contentUrl\":\"https:\/\/cronicahd.ro\/wp-content\/uploads\/2026\/04\/672210789_3388804821285468_573741576289469199_n.jpg\",\"width\":1536,\"height\":2048},{\"@type\":\"BreadcrumbList\",\"@id\":\"https:\/\/cronicahd.ro\/?p=7900#breadcrumb\",\"itemListElement\":[{\"@type\":\"ListItem\",\"position\":1,\"name\":\"Prima pagin\u0103\",\"item\":\"https:\/\/cronicahd.ro\/\"},{\"@type\":\"ListItem\",\"position\":2,\"name\":\"Bazinul de \u00eenot din Vulcan, trei ani de performan\u021b\u0103 \u0219i educa\u021bie acvatic\u0103 pentru comunitate\"}]},{\"@type\":\"WebSite\",\"@id\":\"https:\/\/cronicahd.ro\/#website\",\"url\":\"https:\/\/cronicahd.ro\/\",\"name\":\"\",\"description\":\"\",\"potentialAction\":[{\"@type\":\"SearchAction\",\"target\":{\"@type\":\"EntryPoint\",\"urlTemplate\":\"https:\/\/cronicahd.ro\/?s={search_term_string}\"},\"query-input\":{\"@type\":\"PropertyValueSpecification\",\"valueRequired\":true,\"valueName\":\"search_term_string\"}}],\"inLanguage\":\"ro-RO\"},{\"@type\":\"Person\",\"@id\":\"https:\/\/cronicahd.ro\/#\/schema\/person\/d1a1277a8cd166610328e17aaf58bf46\",\"name\":\"admin\",\"image\":{\"@type\":\"ImageObject\",\"inLanguage\":\"ro-RO\",\"@id\":\"https:\/\/cronicahd.ro\/#\/schema\/person\/image\/\",\"url\":\"https:\/\/secure.gravatar.com\/avatar\/24700337280d10898c2e0d19d44a05316bff9fccc941ecc5570ffe41668203f7?s=96&d=mm&r=g\",\"contentUrl\":\"https:\/\/secure.gravatar.com\/avatar\/24700337280d10898c2e0d19d44a05316bff9fccc941ecc5570ffe41668203f7?s=96&d=mm&r=g\",\"caption\":\"admin\"},\"sameAs\":[\"https:\/\/cronicavj.ro\"],\"url\":\"https:\/\/cronicahd.ro\/?author=1\"}]}<\/script>\n<!-- \/ Yoast SEO plugin. -->","yoast_head_json":{"title":"Bazinul de \u00eenot din Vulcan, trei ani de performan\u021b\u0103 \u0219i educa\u021bie acvatic\u0103 pentru comunitate -","robots":{"index":"index","follow":"follow","max-snippet":"max-snippet:-1","max-image-preview":"max-image-preview:large","max-video-preview":"max-video-preview:-1"},"canonical":"https:\/\/cronicahd.ro\/?p=7900","og_locale":"ro_RO","og_type":"article","og_title":"Bazinul de \u00eenot din Vulcan, trei ani de performan\u021b\u0103 \u0219i educa\u021bie acvatic\u0103 pentru comunitate -","og_description":"Bazinul de \u00eenot din municipiul Vulcan reprezint\u0103, la trei ani de la inaugurare, unul dintre...","og_url":"https:\/\/cronicahd.ro\/?p=7900","article_published_time":"2026-04-16T05:39:18+00:00","og_image":[{"width":1536,"height":2048,"url":"https:\/\/cronicahd.ro\/wp-content\/uploads\/2026\/04\/672210789_3388804821285468_573741576289469199_n.jpg","type":"image\/jpeg"}],"author":"admin","twitter_card":"summary_large_image","twitter_misc":{"Scris de":"admin","Timp estimat pentru citire":"3 minute"},"schema":{"@context":"https:\/\/schema.org","@graph":[{"@type":"WebPage","@id":"https:\/\/cronicahd.ro\/?p=7900","url":"https:\/\/cronicahd.ro\/?p=7900","name":"Bazinul de \u00eenot din Vulcan, trei ani de performan\u021b\u0103 \u0219i educa\u021bie acvatic\u0103 pentru comunitate -","isPartOf":{"@id":"https:\/\/cronicahd.ro\/#website"},"primaryImageOfPage":{"@id":"https:\/\/cronicahd.ro\/?p=7900#primaryimage"},"image":{"@id":"https:\/\/cronicahd.ro\/?p=7900#primaryimage"},"thumbnailUrl":"https:\/\/cronicahd.ro\/wp-content\/uploads\/2026\/04\/672210789_3388804821285468_573741576289469199_n.jpg","datePublished":"2026-04-16T05:39:18+00:00","author":{"@id":"https:\/\/cronicahd.ro\/#\/schema\/person\/d1a1277a8cd166610328e17aaf58bf46"},"breadcrumb":{"@id":"https:\/\/cronicahd.ro\/?p=7900#breadcrumb"},"inLanguage":"ro-RO","potentialAction":[{"@type":"ReadAction","target":["https:\/\/cronicahd.ro\/?p=7900"]}]},{"@type":"ImageObject","inLanguage":"ro-RO","@id":"https:\/\/cronicahd.ro\/?p=7900#primaryimage","url":"https:\/\/cronicahd.ro\/wp-content\/uploads\/2026\/04\/672210789_3388804821285468_573741576289469199_n.jpg","contentUrl":"https:\/\/cronicahd.ro\/wp-content\/uploads\/2026\/04\/672210789_3388804821285468_573741576289469199_n.jpg","width":1536,"height":2048},{"@type":"BreadcrumbList","@id":"https:\/\/cronicahd.ro\/?p=7900#breadcrumb","itemListElement":[{"@type":"ListItem","position":1,"name":"Prima pagin\u0103","item":"https:\/\/cronicahd.ro\/"},{"@type":"ListItem","position":2,"name":"Bazinul de \u00eenot din Vulcan, trei ani de performan\u021b\u0103 \u0219i educa\u021bie acvatic\u0103 pentru comunitate"}]},{"@type":"WebSite","@id":"https:\/\/cronicahd.ro\/#website","url":"https:\/\/cronicahd.ro\/","name":"","description":"","potentialAction":[{"@type":"SearchAction","target":{"@type":"EntryPoint","urlTemplate":"https:\/\/cronicahd.ro\/?s={search_term_string}"},"query-input":{"@type":"PropertyValueSpecification","valueRequired":true,"valueName":"search_term_string"}}],"inLanguage":"ro-RO"},{"@type":"Person","@id":"https:\/\/cronicahd.ro\/#\/schema\/person\/d1a1277a8cd166610328e17aaf58bf46","name":"admin","image":{"@type":"ImageObject","inLanguage":"ro-RO","@id":"https:\/\/cronicahd.ro\/#\/schema\/person\/image\/","url":"https:\/\/secure.gravatar.com\/avatar\/24700337280d10898c2e0d19d44a05316bff9fccc941ecc5570ffe41668203f7?s=96&d=mm&r=g","contentUrl":"https:\/\/secure.gravatar.com\/avatar\/24700337280d10898c2e0d19d44a05316bff9fccc941ecc5570ffe41668203f7?s=96&d=mm&r=g","caption":"admin"},"sameAs":["https:\/\/cronicavj.ro"],"url":"https:\/\/cronicahd.ro\/?author=1"}]}},"_links":{"self":[{"href":"https:\/\/cronicahd.ro\/index.php?rest_route=\/wp\/v2\/posts\/7900","targetHints":{"allow":["GET"]}}],"collection":[{"href":"https:\/\/cronicahd.ro\/index.php?rest_route=\/wp\/v2\/posts"}],"about":[{"href":"https:\/\/cronicahd.ro\/index.php?rest_route=\/wp\/v2\/types\/post"}],"author":[{"embeddable":true,"href":"https:\/\/cronicahd.ro\/index.php?rest_route=\/wp\/v2\/users\/1"}],"replies":[{"embeddable":true,"href":"https:\/\/cronicahd.ro\/index.php?rest_route=%2Fwp%2Fv2%2Fcomments&post=7900"}],"version-history":[{"count":1,"href":"https:\/\/cronicahd.ro\/index.php?rest_route=\/wp\/v2\/posts\/7900\/revisions"}],"predecessor-version":[{"id":7906,"href":"https:\/\/cronicahd.ro\/index.php?rest_route=\/wp\/v2\/posts\/7900\/revisions\/7906"}],"wp:featuredmedia":[{"embeddable":true,"href":"https:\/\/cronicahd.ro\/index.php?rest_route=\/wp\/v2\/media\/7902"}],"wp:attachment":[{"href":"https:\/\/cronicahd.ro\/index.php?rest_route=%2Fwp%2Fv2%2Fmedia&parent=7900"}],"wp:term":[{"taxonomy":"category","embeddable":true,"href":"https:\/\/cronicahd.ro\/index.php?rest_route=%2Fwp%2Fv2%2Fcategories&post=7900"},{"taxonomy":"post_tag","embeddable":true,"href":"https:\/\/cronicahd.ro\/index.php?rest_route=%2Fwp%2Fv2%2Ftags&post=7900"}],"curies":[{"name":"wp","href":"https:\/\/api.w.org\/{rel}","templated":true}]}}