{"id":7887,"date":"2026-04-15T14:54:17","date_gmt":"2026-04-15T14:54:17","guid":{"rendered":"https:\/\/cronicahd.ro\/?p=7887"},"modified":"2026-04-15T14:54:17","modified_gmt":"2026-04-15T14:54:17","slug":"nedeia-traditionala-de-pe-maleia-a-adunat-comunitatea-de-momarlani","status":"publish","type":"post","link":"https:\/\/cronicahd.ro\/?p=7887","title":{"rendered":"Nedeia tradi\u021bional\u0103 de pe Maleia a adunat comunitatea de mom\u00e2rlani"},"content":{"rendered":"<p>&nbsp;<\/p>\n<p>Zona Maleia din municipiul Petro\u0219ani a prins din nou via\u021b\u0103, odat\u0103 cu organizarea tradi\u021bionalei nedei a mom\u00e2rlanilor. \u00centr-o atmosfer\u0103 autentic\u0103, cu soare \u0219i voie bun\u0103, zeci de localnici s-au adunat l\u00e2n\u0103 bisericu\u021ba de pe Maleia pentru a celebra tradi\u021bia, credin\u021ba \u0219i comunitatea. Participan\u021bii, \u00eembr\u0103ca\u021bi \u00een haine de s\u0103rb\u0103toare, au respectat datinile mo\u0219tenite din genera\u021bie \u00een genera\u021bie: au ciocnit ou\u0103 ro\u0219ii, au gustat din bucatele preg\u0103tite la foc de lemne \u0219i sfin\u021bite de preot \u0219i s-au bucurat de revederea cu cei dragi, \u00eentr-un cadru natural deosebit.<\/p>\n<p><img loading=\"lazy\" decoding=\"async\" class=\"alignnone size-full wp-image-7891\" src=\"https:\/\/cronicahd.ro\/wp-content\/uploads\/2026\/04\/673981788_26332299929773703_2780002655510861545_n.jpg\" alt=\"\" width=\"972\" height=\"724\" srcset=\"https:\/\/cronicahd.ro\/wp-content\/uploads\/2026\/04\/673981788_26332299929773703_2780002655510861545_n.jpg 972w, https:\/\/cronicahd.ro\/wp-content\/uploads\/2026\/04\/673981788_26332299929773703_2780002655510861545_n-300x223.jpg 300w, https:\/\/cronicahd.ro\/wp-content\/uploads\/2026\/04\/673981788_26332299929773703_2780002655510861545_n-768x572.jpg 768w\" sizes=\"auto, (max-width: 972px) 100vw, 972px\" \/><\/p>\n<p>\u201eComunitatea de mom\u00e2rlani din zona Maleia a organizat, \u0219i \u00een acest an, tradi\u021bionala nedeie. To\u021bi cei care au luat parte la aceast\u0103 adunare c\u00e2mpeneasc\u0103 s-au bucurat de vremea frumoas\u0103, au ciocnit un ou ro\u0219u \u0219i s-au str\u00e2ns \u00een jurul meselor cu bucate tradi\u021bionale, preg\u0103tite pe foc de lemn \u0219i sfin\u021bite de preot, a\u0219a cum cere tradi\u021bia str\u0103mo\u0219easc\u0103. \u00cei felicit pe organizatori \u0219i pe to\u021bi cei care p\u0103streaz\u0103 \u00een suflet datinile noastre\u201d, a declarat primarul municipiului Petro\u0219ani, Tiberiu Iacob Ridzi.<\/p>\n<p><img loading=\"lazy\" decoding=\"async\" class=\"alignnone size-full wp-image-7890\" src=\"https:\/\/cronicahd.ro\/wp-content\/uploads\/2026\/04\/671436480_26332301953106834_7006386425454469462_n.jpg\" alt=\"\" width=\"738\" height=\"1600\" srcset=\"https:\/\/cronicahd.ro\/wp-content\/uploads\/2026\/04\/671436480_26332301953106834_7006386425454469462_n.jpg 738w, https:\/\/cronicahd.ro\/wp-content\/uploads\/2026\/04\/671436480_26332301953106834_7006386425454469462_n-138x300.jpg 138w, https:\/\/cronicahd.ro\/wp-content\/uploads\/2026\/04\/671436480_26332301953106834_7006386425454469462_n-472x1024.jpg 472w, https:\/\/cronicahd.ro\/wp-content\/uploads\/2026\/04\/671436480_26332301953106834_7006386425454469462_n-708x1536.jpg 708w\" sizes=\"auto, (max-width: 738px) 100vw, 738px\" \/><\/p>\n<p>\u201eVenim \u00een fiecare an, cu copiii \u0219i nepo\u021bii. Aici \u00eenva\u021b\u0103 ce \u00eenseamn\u0103 tradi\u021bia adev\u0103rat\u0103\u201d, a spus o femeie din Petro\u0219ani. Un alt participant spune c\u0103 : \u201eNedeia nu e doar o petrecere, e o leg\u0103tur\u0103 cu r\u0103d\u0103cinile noastre. Dac\u0103 nu le p\u0103str\u0103m, se pierd.\u201d<\/p>\n<p>Nedeia de pe Maleia r\u0103m\u00e2ne \u00a0un simbol al identit\u0103\u021bii locale, o punte \u00eentre trecut \u0219i prezent, unde tradi\u021biile sunt tr\u0103ite cu bucurie \u0219i respect, iar comunitatea se reg\u0103se\u0219te an de an \u00een jurul valorilor autentice.<\/p>\n<p>foto Facebook Tiberiu Iacob Ridzi<\/p>\n","protected":false},"excerpt":{"rendered":"<p>&nbsp; Zona Maleia din municipiul Petro\u0219ani a prins din nou via\u021b\u0103, odat\u0103 cu organizarea tradi\u021bionalei&#8230;<\/p>\n","protected":false},"author":1,"featured_media":7889,"comment_status":"closed","ping_status":"closed","sticky":false,"template":"","format":"standard","meta":{"footnotes":""},"categories":[1,14],"tags":[],"class_list":["post-7887","post","type-post","status-publish","format-standard","has-post-thumbnail","hentry","category-actual","category-social"],"yoast_head":"<!-- This site is optimized with the Yoast SEO plugin v25.3.1 - https:\/\/yoast.com\/wordpress\/plugins\/seo\/ -->\n<title>Nedeia tradi\u021bional\u0103 de pe Maleia a adunat comunitatea de mom\u00e2rlani -<\/title>\n<meta name=\"robots\" content=\"index, follow, max-snippet:-1, max-image-preview:large, max-video-preview:-1\" \/>\n<link rel=\"canonical\" href=\"https:\/\/cronicahd.ro\/?p=7887\" \/>\n<meta property=\"og:locale\" content=\"ro_RO\" \/>\n<meta property=\"og:type\" content=\"article\" \/>\n<meta property=\"og:title\" content=\"Nedeia tradi\u021bional\u0103 de pe Maleia a adunat comunitatea de mom\u00e2rlani -\" \/>\n<meta property=\"og:description\" content=\"&nbsp; Zona Maleia din municipiul Petro\u0219ani a prins din nou via\u021b\u0103, odat\u0103 cu organizarea tradi\u021bionalei...\" \/>\n<meta property=\"og:url\" content=\"https:\/\/cronicahd.ro\/?p=7887\" \/>\n<meta property=\"article:published_time\" content=\"2026-04-15T14:54:17+00:00\" \/>\n<meta property=\"og:image\" content=\"https:\/\/cronicahd.ro\/wp-content\/uploads\/2026\/04\/671395287_26332299576440405_8993607779421755720_n.jpg\" \/>\n\t<meta property=\"og:image:width\" content=\"1600\" \/>\n\t<meta property=\"og:image:height\" content=\"1200\" \/>\n\t<meta property=\"og:image:type\" content=\"image\/jpeg\" \/>\n<meta name=\"author\" content=\"admin\" \/>\n<meta name=\"twitter:card\" content=\"summary_large_image\" \/>\n<meta name=\"twitter:label1\" content=\"Scris de\" \/>\n\t<meta name=\"twitter:data1\" content=\"admin\" \/>\n\t<meta name=\"twitter:label2\" content=\"Timp estimat pentru citire\" \/>\n\t<meta name=\"twitter:data2\" content=\"2 minute\" \/>\n<script type=\"application\/ld+json\" class=\"yoast-schema-graph\">{\"@context\":\"https:\/\/schema.org\",\"@graph\":[{\"@type\":\"WebPage\",\"@id\":\"https:\/\/cronicahd.ro\/?p=7887\",\"url\":\"https:\/\/cronicahd.ro\/?p=7887\",\"name\":\"Nedeia tradi\u021bional\u0103 de pe Maleia a adunat comunitatea de mom\u00e2rlani -\",\"isPartOf\":{\"@id\":\"https:\/\/cronicahd.ro\/#website\"},\"primaryImageOfPage\":{\"@id\":\"https:\/\/cronicahd.ro\/?p=7887#primaryimage\"},\"image\":{\"@id\":\"https:\/\/cronicahd.ro\/?p=7887#primaryimage\"},\"thumbnailUrl\":\"https:\/\/cronicahd.ro\/wp-content\/uploads\/2026\/04\/671395287_26332299576440405_8993607779421755720_n.jpg\",\"datePublished\":\"2026-04-15T14:54:17+00:00\",\"author\":{\"@id\":\"https:\/\/cronicahd.ro\/#\/schema\/person\/d1a1277a8cd166610328e17aaf58bf46\"},\"breadcrumb\":{\"@id\":\"https:\/\/cronicahd.ro\/?p=7887#breadcrumb\"},\"inLanguage\":\"ro-RO\",\"potentialAction\":[{\"@type\":\"ReadAction\",\"target\":[\"https:\/\/cronicahd.ro\/?p=7887\"]}]},{\"@type\":\"ImageObject\",\"inLanguage\":\"ro-RO\",\"@id\":\"https:\/\/cronicahd.ro\/?p=7887#primaryimage\",\"url\":\"https:\/\/cronicahd.ro\/wp-content\/uploads\/2026\/04\/671395287_26332299576440405_8993607779421755720_n.jpg\",\"contentUrl\":\"https:\/\/cronicahd.ro\/wp-content\/uploads\/2026\/04\/671395287_26332299576440405_8993607779421755720_n.jpg\",\"width\":1600,\"height\":1200},{\"@type\":\"BreadcrumbList\",\"@id\":\"https:\/\/cronicahd.ro\/?p=7887#breadcrumb\",\"itemListElement\":[{\"@type\":\"ListItem\",\"position\":1,\"name\":\"Prima pagin\u0103\",\"item\":\"https:\/\/cronicahd.ro\/\"},{\"@type\":\"ListItem\",\"position\":2,\"name\":\"Nedeia tradi\u021bional\u0103 de pe Maleia a adunat comunitatea de mom\u00e2rlani\"}]},{\"@type\":\"WebSite\",\"@id\":\"https:\/\/cronicahd.ro\/#website\",\"url\":\"https:\/\/cronicahd.ro\/\",\"name\":\"\",\"description\":\"\",\"potentialAction\":[{\"@type\":\"SearchAction\",\"target\":{\"@type\":\"EntryPoint\",\"urlTemplate\":\"https:\/\/cronicahd.ro\/?s={search_term_string}\"},\"query-input\":{\"@type\":\"PropertyValueSpecification\",\"valueRequired\":true,\"valueName\":\"search_term_string\"}}],\"inLanguage\":\"ro-RO\"},{\"@type\":\"Person\",\"@id\":\"https:\/\/cronicahd.ro\/#\/schema\/person\/d1a1277a8cd166610328e17aaf58bf46\",\"name\":\"admin\",\"image\":{\"@type\":\"ImageObject\",\"inLanguage\":\"ro-RO\",\"@id\":\"https:\/\/cronicahd.ro\/#\/schema\/person\/image\/\",\"url\":\"https:\/\/secure.gravatar.com\/avatar\/24700337280d10898c2e0d19d44a05316bff9fccc941ecc5570ffe41668203f7?s=96&d=mm&r=g\",\"contentUrl\":\"https:\/\/secure.gravatar.com\/avatar\/24700337280d10898c2e0d19d44a05316bff9fccc941ecc5570ffe41668203f7?s=96&d=mm&r=g\",\"caption\":\"admin\"},\"sameAs\":[\"https:\/\/cronicavj.ro\"],\"url\":\"https:\/\/cronicahd.ro\/?author=1\"}]}<\/script>\n<!-- \/ Yoast SEO plugin. -->","yoast_head_json":{"title":"Nedeia tradi\u021bional\u0103 de pe Maleia a adunat comunitatea de mom\u00e2rlani -","robots":{"index":"index","follow":"follow","max-snippet":"max-snippet:-1","max-image-preview":"max-image-preview:large","max-video-preview":"max-video-preview:-1"},"canonical":"https:\/\/cronicahd.ro\/?p=7887","og_locale":"ro_RO","og_type":"article","og_title":"Nedeia tradi\u021bional\u0103 de pe Maleia a adunat comunitatea de mom\u00e2rlani -","og_description":"&nbsp; Zona Maleia din municipiul Petro\u0219ani a prins din nou via\u021b\u0103, odat\u0103 cu organizarea tradi\u021bionalei...","og_url":"https:\/\/cronicahd.ro\/?p=7887","article_published_time":"2026-04-15T14:54:17+00:00","og_image":[{"width":1600,"height":1200,"url":"https:\/\/cronicahd.ro\/wp-content\/uploads\/2026\/04\/671395287_26332299576440405_8993607779421755720_n.jpg","type":"image\/jpeg"}],"author":"admin","twitter_card":"summary_large_image","twitter_misc":{"Scris de":"admin","Timp estimat pentru citire":"2 minute"},"schema":{"@context":"https:\/\/schema.org","@graph":[{"@type":"WebPage","@id":"https:\/\/cronicahd.ro\/?p=7887","url":"https:\/\/cronicahd.ro\/?p=7887","name":"Nedeia tradi\u021bional\u0103 de pe Maleia a adunat comunitatea de mom\u00e2rlani -","isPartOf":{"@id":"https:\/\/cronicahd.ro\/#website"},"primaryImageOfPage":{"@id":"https:\/\/cronicahd.ro\/?p=7887#primaryimage"},"image":{"@id":"https:\/\/cronicahd.ro\/?p=7887#primaryimage"},"thumbnailUrl":"https:\/\/cronicahd.ro\/wp-content\/uploads\/2026\/04\/671395287_26332299576440405_8993607779421755720_n.jpg","datePublished":"2026-04-15T14:54:17+00:00","author":{"@id":"https:\/\/cronicahd.ro\/#\/schema\/person\/d1a1277a8cd166610328e17aaf58bf46"},"breadcrumb":{"@id":"https:\/\/cronicahd.ro\/?p=7887#breadcrumb"},"inLanguage":"ro-RO","potentialAction":[{"@type":"ReadAction","target":["https:\/\/cronicahd.ro\/?p=7887"]}]},{"@type":"ImageObject","inLanguage":"ro-RO","@id":"https:\/\/cronicahd.ro\/?p=7887#primaryimage","url":"https:\/\/cronicahd.ro\/wp-content\/uploads\/2026\/04\/671395287_26332299576440405_8993607779421755720_n.jpg","contentUrl":"https:\/\/cronicahd.ro\/wp-content\/uploads\/2026\/04\/671395287_26332299576440405_8993607779421755720_n.jpg","width":1600,"height":1200},{"@type":"BreadcrumbList","@id":"https:\/\/cronicahd.ro\/?p=7887#breadcrumb","itemListElement":[{"@type":"ListItem","position":1,"name":"Prima pagin\u0103","item":"https:\/\/cronicahd.ro\/"},{"@type":"ListItem","position":2,"name":"Nedeia tradi\u021bional\u0103 de pe Maleia a adunat comunitatea de mom\u00e2rlani"}]},{"@type":"WebSite","@id":"https:\/\/cronicahd.ro\/#website","url":"https:\/\/cronicahd.ro\/","name":"","description":"","potentialAction":[{"@type":"SearchAction","target":{"@type":"EntryPoint","urlTemplate":"https:\/\/cronicahd.ro\/?s={search_term_string}"},"query-input":{"@type":"PropertyValueSpecification","valueRequired":true,"valueName":"search_term_string"}}],"inLanguage":"ro-RO"},{"@type":"Person","@id":"https:\/\/cronicahd.ro\/#\/schema\/person\/d1a1277a8cd166610328e17aaf58bf46","name":"admin","image":{"@type":"ImageObject","inLanguage":"ro-RO","@id":"https:\/\/cronicahd.ro\/#\/schema\/person\/image\/","url":"https:\/\/secure.gravatar.com\/avatar\/24700337280d10898c2e0d19d44a05316bff9fccc941ecc5570ffe41668203f7?s=96&d=mm&r=g","contentUrl":"https:\/\/secure.gravatar.com\/avatar\/24700337280d10898c2e0d19d44a05316bff9fccc941ecc5570ffe41668203f7?s=96&d=mm&r=g","caption":"admin"},"sameAs":["https:\/\/cronicavj.ro"],"url":"https:\/\/cronicahd.ro\/?author=1"}]}},"_links":{"self":[{"href":"https:\/\/cronicahd.ro\/index.php?rest_route=\/wp\/v2\/posts\/7887","targetHints":{"allow":["GET"]}}],"collection":[{"href":"https:\/\/cronicahd.ro\/index.php?rest_route=\/wp\/v2\/posts"}],"about":[{"href":"https:\/\/cronicahd.ro\/index.php?rest_route=\/wp\/v2\/types\/post"}],"author":[{"embeddable":true,"href":"https:\/\/cronicahd.ro\/index.php?rest_route=\/wp\/v2\/users\/1"}],"replies":[{"embeddable":true,"href":"https:\/\/cronicahd.ro\/index.php?rest_route=%2Fwp%2Fv2%2Fcomments&post=7887"}],"version-history":[{"count":1,"href":"https:\/\/cronicahd.ro\/index.php?rest_route=\/wp\/v2\/posts\/7887\/revisions"}],"predecessor-version":[{"id":7892,"href":"https:\/\/cronicahd.ro\/index.php?rest_route=\/wp\/v2\/posts\/7887\/revisions\/7892"}],"wp:featuredmedia":[{"embeddable":true,"href":"https:\/\/cronicahd.ro\/index.php?rest_route=\/wp\/v2\/media\/7889"}],"wp:attachment":[{"href":"https:\/\/cronicahd.ro\/index.php?rest_route=%2Fwp%2Fv2%2Fmedia&parent=7887"}],"wp:term":[{"taxonomy":"category","embeddable":true,"href":"https:\/\/cronicahd.ro\/index.php?rest_route=%2Fwp%2Fv2%2Fcategories&post=7887"},{"taxonomy":"post_tag","embeddable":true,"href":"https:\/\/cronicahd.ro\/index.php?rest_route=%2Fwp%2Fv2%2Ftags&post=7887"}],"curies":[{"name":"wp","href":"https:\/\/api.w.org\/{rel}","templated":true}]}}