{"id":7879,"date":"2026-04-15T12:40:25","date_gmt":"2026-04-15T12:40:25","guid":{"rendered":"https:\/\/cronicahd.ro\/?p=7879"},"modified":"2026-04-15T12:57:06","modified_gmt":"2026-04-15T12:57:06","slug":"ultimul-veteran-de-razboi-din-valea-jiului-sarbatorit-la-102-ani","status":"publish","type":"post","link":"https:\/\/cronicahd.ro\/?p=7879","title":{"rendered":"Ultimul veteran de r\u0103zboi din Valea Jiului, s\u0103rb\u0103torit la 102 ani"},"content":{"rendered":"<p class=\"s3\"><span class=\"s2\"><span class=\"bumpedFont15\">Ultimul veteran de r\u0103zboi <\/span><\/span><span class=\"s2\"><span class=\"bumpedFont15\">care locuie\u0219te \u00een Valea Jiului, sus, pe un deal \u00een Cartierul \u0218tefan din Lupeni, a fost s\u0103rb\u0103torit la 102 ani. Este ultimul om care are acest statut \u00een jude\u021bul nostru \u0219i un om care azi a primit vizita oficialit\u0103\u021bilor locale, dar \u0219i a celor de la Cultul Eroilor \u201eRegina Maria\u201d, care i-au oferit \u00een dar un tort cu tricolor.<\/span><\/span><\/p>\n<p><img loading=\"lazy\" decoding=\"async\" class=\"alignnone size-full wp-image-7882\" src=\"https:\/\/cronicahd.ro\/wp-content\/uploads\/2026\/04\/att.T-Oqjf3RbHG1rXNT5tYiXhCjfUHMrID6JDHtBciflU8.jpeg\" alt=\"\" width=\"1200\" height=\"1600\" srcset=\"https:\/\/cronicahd.ro\/wp-content\/uploads\/2026\/04\/att.T-Oqjf3RbHG1rXNT5tYiXhCjfUHMrID6JDHtBciflU8.jpeg 1200w, https:\/\/cronicahd.ro\/wp-content\/uploads\/2026\/04\/att.T-Oqjf3RbHG1rXNT5tYiXhCjfUHMrID6JDHtBciflU8-225x300.jpeg 225w, https:\/\/cronicahd.ro\/wp-content\/uploads\/2026\/04\/att.T-Oqjf3RbHG1rXNT5tYiXhCjfUHMrID6JDHtBciflU8-768x1024.jpeg 768w, https:\/\/cronicahd.ro\/wp-content\/uploads\/2026\/04\/att.T-Oqjf3RbHG1rXNT5tYiXhCjfUHMrID6JDHtBciflU8-1152x1536.jpeg 1152w, https:\/\/cronicahd.ro\/wp-content\/uploads\/2026\/04\/att.T-Oqjf3RbHG1rXNT5tYiXhCjfUHMrID6JDHtBciflU8-1024x1365.jpeg 1024w\" sizes=\"auto, (max-width: 1200px) 100vw, 1200px\" \/><\/p>\n<p class=\"s3\"><span class=\"s2\"><span class=\"bumpedFont15\">Maiorul<\/span><\/span><span class=\"s2\"><span class=\"bumpedFont15\"> (r) Tudor Gheorghe, a<\/span><\/span><span class=\"s2\"><span class=\"bumpedFont15\"> a<\/span><\/span><span class=\"s2\"><span class=\"bumpedFont15\">juns la venerabila v\u00e2rst\u0103 de 10<\/span><\/span><span class=\"s2\"><span class=\"bumpedFont15\">2<\/span><\/span><span class=\"s2\"><span class=\"bumpedFont15\"> ani, <\/span><\/span><span class=\"s2\"><span class=\"bumpedFont15\">iar de ziua lui <\/span><\/span><span class=\"s2\"><span class=\"bumpedFont15\">s-a bucurat de vizite \u0219i, ca de fiecare dat\u0103, a rememorat amintiri din r\u0103zboi, acolo unde a participat \u00een anii tinere\u021bii lui. <\/span><\/span><span class=\"s2\"><span class=\"bumpedFont15\">Veteranul de la noi a spus, \u0219i de aceast\u0103 dat\u0103, c\u0103 doar \u0219i-a f\u0103cut datoria fa\u021b\u0103 de \u021bar\u0103.<\/span><\/span><span class=\"s2\"><span class=\"bumpedFont15\"> \u201e<\/span><\/span><span class=\"s2\"><span class=\"bumpedFont15\">De ce \u00eemi iubesc \u021bara? C\u0103 e Rom\u00e2nia noastr\u0103. Dar, c\u00e2teodat\u0103, avem \u0219i du\u0219mani. S\u0103 \u00eei vad\u0103 Dumnezeu \u0219i s\u0103 \u00eei pedepseasc\u0103! S\u0103 \u00eei \u00eenv\u0103\u021b\u0103m pe tineri s\u0103 \u00ee\u0219i iubeasc\u0103 \u021bara, c\u0103 Rom\u00e2nia este o \u021bar\u0103 foarte l\u0103udat\u0103. M\u0103 g\u00e2ndesc la M\u0103r\u0103\u0219e\u0219ti, la Oituz<\/span><\/span><span class=\"s2\"><span class=\"bumpedFont15\">\u201d<\/span><\/span><span class=\"s2\"><span class=\"bumpedFont15\">, a spus Tudor Gheorghe, veteranul, s\u0103rb\u0103torit la v\u00e2rsta de 102 ani, care a spus c\u0103 oamenii, c\u00e2nd au sc\u0103pat de r\u0103zboi, au pupat de zeci de ori p\u0103m\u00e2ntul rom\u00e2nesc.<\/span><\/span><\/p>\n<p><img loading=\"lazy\" decoding=\"async\" class=\"alignnone size-full wp-image-7883\" src=\"https:\/\/cronicahd.ro\/wp-content\/uploads\/2026\/04\/IMG_6492.jpeg\" alt=\"\" width=\"1155\" height=\"2048\" srcset=\"https:\/\/cronicahd.ro\/wp-content\/uploads\/2026\/04\/IMG_6492.jpeg 1155w, https:\/\/cronicahd.ro\/wp-content\/uploads\/2026\/04\/IMG_6492-169x300.jpeg 169w, https:\/\/cronicahd.ro\/wp-content\/uploads\/2026\/04\/IMG_6492-578x1024.jpeg 578w, https:\/\/cronicahd.ro\/wp-content\/uploads\/2026\/04\/IMG_6492-768x1362.jpeg 768w, https:\/\/cronicahd.ro\/wp-content\/uploads\/2026\/04\/IMG_6492-866x1536.jpeg 866w, https:\/\/cronicahd.ro\/wp-content\/uploads\/2026\/04\/IMG_6492-1024x1816.jpeg 1024w\" sizes=\"auto, (max-width: 1155px) 100vw, 1155px\" \/><\/p>\n<p class=\"s3\"><span class=\"s2\"><span class=\"bumpedFont15\">Fiica lui spune c\u0103 se simte deosebit\u0103, prin ceea ce este tat\u0103l ei, un om care a suferit foarte mult \u00een trecut. \u201eAvem o datorie moral\u0103 s\u0103 \u00eei ajut\u0103m c\u00e2nd sunt f\u0103r\u0103 putere\u201d, a declarat fiica lui Tudor Gheorghe.<\/span><\/span><\/p>\n<p><img loading=\"lazy\" decoding=\"async\" class=\"alignnone size-full wp-image-7884\" src=\"https:\/\/cronicahd.ro\/wp-content\/uploads\/2026\/04\/IMG_6494.jpeg\" alt=\"\" width=\"1152\" height=\"2048\" srcset=\"https:\/\/cronicahd.ro\/wp-content\/uploads\/2026\/04\/IMG_6494.jpeg 1152w, https:\/\/cronicahd.ro\/wp-content\/uploads\/2026\/04\/IMG_6494-169x300.jpeg 169w, https:\/\/cronicahd.ro\/wp-content\/uploads\/2026\/04\/IMG_6494-576x1024.jpeg 576w, https:\/\/cronicahd.ro\/wp-content\/uploads\/2026\/04\/IMG_6494-768x1365.jpeg 768w, https:\/\/cronicahd.ro\/wp-content\/uploads\/2026\/04\/IMG_6494-864x1536.jpeg 864w, https:\/\/cronicahd.ro\/wp-content\/uploads\/2026\/04\/IMG_6494-1024x1820.jpeg 1024w\" sizes=\"auto, (max-width: 1152px) 100vw, 1152px\" \/><\/p>\n<p class=\"s3\"><span class=\"s2\"><span class=\"bumpedFont15\">Primul care l-a vizitat a fost primarul Lucian <\/span><\/span><span class=\"s2\"><span class=\"bumpedFont15\">Resmeri\u021b\u0103<\/span><\/span><span class=\"s2\"><span class=\"bumpedFont15\">, din Lupeni. I-a adus un tort \u0219i i-a c\u00e2ntat el, \u00eensu\u0219i, La mul\u021bi ani<\/span><\/span><span class=\"s2\"><span class=\"bumpedFont15\">!<\/span><\/span><span class=\"s2\"><span class=\"bumpedFont15\">, lui mo\u0219 Gheorghe, cel c\u0103ruia i-a d\u0103ruit \u0219i o Diplom\u0103 de excelen\u021b\u0103. <\/span><\/span><span class=\"s2\"><span class=\"bumpedFont15\">\u201eEste o onoare \u0219i o datorie pentru noi s\u0103 fim ast\u0103zi al\u0103turi de domnul maior Tudor Gheorghe. Vorbim despre un om care reprezint\u0103 istoria vie a acestei \u021b\u0103ri, un exemplu de curaj, demnitate \u0219i patriotism. \u00cei dorim mult\u0103 s\u0103n\u0103tate \u0219i \u00eei mul\u021bumim pentru tot ceea ce a f\u0103cut pentru Rom\u00e2nia\u201d, a declarat primarul Lucian <\/span><\/span><span class=\"s2\"><span class=\"bumpedFont15\">Resmeri\u021b\u0103<\/span><\/span><span class=\"s2\"><span class=\"bumpedFont15\">.<\/span><\/span><\/p>\n<p><img loading=\"lazy\" decoding=\"async\" class=\"alignnone size-full wp-image-7881\" src=\"https:\/\/cronicahd.ro\/wp-content\/uploads\/2026\/04\/att.Eg_SZ7rzcdJxB4DtZrefDEGBNTS_X7sBchQc8qMmQhs.jpeg\" alt=\"\" width=\"1278\" height=\"1022\" srcset=\"https:\/\/cronicahd.ro\/wp-content\/uploads\/2026\/04\/att.Eg_SZ7rzcdJxB4DtZrefDEGBNTS_X7sBchQc8qMmQhs.jpeg 1278w, https:\/\/cronicahd.ro\/wp-content\/uploads\/2026\/04\/att.Eg_SZ7rzcdJxB4DtZrefDEGBNTS_X7sBchQc8qMmQhs-300x240.jpeg 300w, https:\/\/cronicahd.ro\/wp-content\/uploads\/2026\/04\/att.Eg_SZ7rzcdJxB4DtZrefDEGBNTS_X7sBchQc8qMmQhs-1024x819.jpeg 1024w, https:\/\/cronicahd.ro\/wp-content\/uploads\/2026\/04\/att.Eg_SZ7rzcdJxB4DtZrefDEGBNTS_X7sBchQc8qMmQhs-768x614.jpeg 768w\" sizes=\"auto, (max-width: 1278px) 100vw, 1278px\" \/><\/p>\n<p class=\"s3\"><span class=\"s2\"><span class=\"bumpedFont15\">L-au vizitat \u0219i i-au adus tort \u0219i cei de la Cultul Eroilor- Regina Maria, filiala Hunedoara<\/span><\/span><span class=\"s2\"><span class=\"bumpedFont15\">.<\/span><\/span><span class=\"s2\"><span class=\"bumpedFont15\">\u201eNoi, cei de la Cultul Eroilor, ne facem datoria s\u0103 \u00eei facem o vizit\u0103 cu ocazia zilei<\/span><\/span><span class=\"s2\"><span class=\"bumpedFont15\"> de na\u0219tere. \u00a0La fel am procedat \u0219i de <\/span><\/span><span class=\"s2\"><span class=\"bumpedFont15\">Ziua Veteranilor. Este, din punctul nostru de vedere, o bucurie s\u0103 ne amintim de eroii neamului \u0219i fiind ultimul veteran din jude\u021bul Hunedoara, cu at\u00e2t mai mult, este de datoria noastr\u0103 s\u0103 fim prezen\u021bi aici<\/span><\/span><span class=\"s2\"><span class=\"bumpedFont15\">\u201d<\/span><\/span><span class=\"s2\"><span class=\"bumpedFont15\">, a spus Daniel Moraru, reprezentant la Cultului Eroilor- Regina Maria.<\/span><\/span><\/p>\n<p class=\"s3\"><span class=\"s2\"><span class=\"bumpedFont15\">\u201eAm un mare sentiment de regret, c\u0103 venim la ultimul veteran din jude\u021bul Hunedoara, c\u0103 nu am fost mai aten\u021bi atunci c\u00e2nd erau zeci. S\u0103 le fi cules memoriile, s\u0103 le scriem, s\u0103 le film\u0103m, pentru c\u0103 se duce o genera\u021bie special\u0103, se trage o cortin\u0103 peste o genera\u021bie care ne-a ar\u0103tat cum s\u0103 ne ap\u0103r\u0103m \u0219i s\u0103 ne iubim \u021bara. Oamenii ace\u0219tia care au tr\u0103it priva\u021biuni greu de povestit, care au mers mii de km pe jos, care au tr\u0103it \u00een frig, ori \u00een c\u0103ldur\u0103 groaznic\u0103, nu \u0219i-au vorbit niciodat\u0103 \u021bara de r\u0103u. <\/span><\/span><span class=\"s2\"><span class=\"bumpedFont15\">Regret c\u0103 nu le-am luat mai mult din amintirile lor \u0219i s\u0103 le ar\u0103t\u0103m genera\u021biei de azi pentru care e o nenorocire c\u00e2nd se ia curentul, sau internetul. Prin compara\u021bie, s\u0103 fie \u0219i recunosc\u0103tori acestei genera\u021bii, c\u0103 drepturile de care azi ne bucur\u0103m sunt cl\u0103dite pe jertfa lor, oameni care, poate, p\u00e2n\u0103 la 20 de ani, nu au \u0219tiut cum arat\u0103 p\u00e2inea alb\u0103<\/span><\/span><span class=\"s2\"><span class=\"bumpedFont15\">\u201d<\/span><\/span><span class=\"s2\"><span class=\"bumpedFont15\">, a spus Dorel \u0218chiopu, membru Asocia\u021biei Cultul Eroilor Regina Maria Hunedoara.<\/span><\/span><\/p>\n<p class=\"s3\"><span class=\"s2\">\u00a0<\/span><\/p>\n<p class=\"s3\"><span class=\"s2\"><span class=\"bumpedFont15\">Diana Mitrache<\/span><\/span><\/p>\n","protected":false},"excerpt":{"rendered":"<p>Ultimul veteran de r\u0103zboi care locuie\u0219te \u00een Valea Jiului, sus, pe un deal \u00een Cartierul&#8230;<\/p>\n","protected":false},"author":1,"featured_media":7880,"comment_status":"closed","ping_status":"closed","sticky":false,"template":"","format":"standard","meta":{"footnotes":""},"categories":[1,14],"tags":[],"class_list":["post-7879","post","type-post","status-publish","format-standard","has-post-thumbnail","hentry","category-actual","category-social"],"yoast_head":"<!-- This site is optimized with the Yoast SEO plugin v25.3.1 - https:\/\/yoast.com\/wordpress\/plugins\/seo\/ -->\n<title>Ultimul veteran de r\u0103zboi din Valea Jiului, s\u0103rb\u0103torit la 102 ani -<\/title>\n<meta name=\"robots\" content=\"index, follow, max-snippet:-1, max-image-preview:large, max-video-preview:-1\" \/>\n<link rel=\"canonical\" href=\"https:\/\/cronicahd.ro\/?p=7879\" \/>\n<meta property=\"og:locale\" content=\"ro_RO\" \/>\n<meta property=\"og:type\" content=\"article\" \/>\n<meta property=\"og:title\" content=\"Ultimul veteran de r\u0103zboi din Valea Jiului, s\u0103rb\u0103torit la 102 ani -\" \/>\n<meta property=\"og:description\" content=\"Ultimul veteran de r\u0103zboi care locuie\u0219te \u00een Valea Jiului, sus, pe un deal \u00een Cartierul...\" \/>\n<meta property=\"og:url\" content=\"https:\/\/cronicahd.ro\/?p=7879\" \/>\n<meta property=\"article:published_time\" content=\"2026-04-15T12:40:25+00:00\" \/>\n<meta property=\"article:modified_time\" content=\"2026-04-15T12:57:06+00:00\" \/>\n<meta property=\"og:image\" content=\"https:\/\/cronicahd.ro\/wp-content\/uploads\/2026\/04\/att.tC_MEb80vmF7SdE-ViJLdGNKw0VDppjZoRS6ILZPCs4.jpeg\" \/>\n\t<meta property=\"og:image:width\" content=\"948\" \/>\n\t<meta property=\"og:image:height\" content=\"968\" \/>\n\t<meta property=\"og:image:type\" content=\"image\/jpeg\" \/>\n<meta name=\"author\" content=\"admin\" \/>\n<meta name=\"twitter:card\" content=\"summary_large_image\" \/>\n<meta name=\"twitter:label1\" content=\"Scris de\" \/>\n\t<meta name=\"twitter:data1\" content=\"admin\" \/>\n\t<meta name=\"twitter:label2\" content=\"Timp estimat pentru citire\" \/>\n\t<meta name=\"twitter:data2\" content=\"5 minute\" \/>\n<script type=\"application\/ld+json\" class=\"yoast-schema-graph\">{\"@context\":\"https:\/\/schema.org\",\"@graph\":[{\"@type\":\"WebPage\",\"@id\":\"https:\/\/cronicahd.ro\/?p=7879\",\"url\":\"https:\/\/cronicahd.ro\/?p=7879\",\"name\":\"Ultimul veteran de r\u0103zboi din Valea Jiului, s\u0103rb\u0103torit la 102 ani -\",\"isPartOf\":{\"@id\":\"https:\/\/cronicahd.ro\/#website\"},\"primaryImageOfPage\":{\"@id\":\"https:\/\/cronicahd.ro\/?p=7879#primaryimage\"},\"image\":{\"@id\":\"https:\/\/cronicahd.ro\/?p=7879#primaryimage\"},\"thumbnailUrl\":\"https:\/\/cronicahd.ro\/wp-content\/uploads\/2026\/04\/att.tC_MEb80vmF7SdE-ViJLdGNKw0VDppjZoRS6ILZPCs4.jpeg\",\"datePublished\":\"2026-04-15T12:40:25+00:00\",\"dateModified\":\"2026-04-15T12:57:06+00:00\",\"author\":{\"@id\":\"https:\/\/cronicahd.ro\/#\/schema\/person\/d1a1277a8cd166610328e17aaf58bf46\"},\"breadcrumb\":{\"@id\":\"https:\/\/cronicahd.ro\/?p=7879#breadcrumb\"},\"inLanguage\":\"ro-RO\",\"potentialAction\":[{\"@type\":\"ReadAction\",\"target\":[\"https:\/\/cronicahd.ro\/?p=7879\"]}]},{\"@type\":\"ImageObject\",\"inLanguage\":\"ro-RO\",\"@id\":\"https:\/\/cronicahd.ro\/?p=7879#primaryimage\",\"url\":\"https:\/\/cronicahd.ro\/wp-content\/uploads\/2026\/04\/att.tC_MEb80vmF7SdE-ViJLdGNKw0VDppjZoRS6ILZPCs4.jpeg\",\"contentUrl\":\"https:\/\/cronicahd.ro\/wp-content\/uploads\/2026\/04\/att.tC_MEb80vmF7SdE-ViJLdGNKw0VDppjZoRS6ILZPCs4.jpeg\",\"width\":948,\"height\":968},{\"@type\":\"BreadcrumbList\",\"@id\":\"https:\/\/cronicahd.ro\/?p=7879#breadcrumb\",\"itemListElement\":[{\"@type\":\"ListItem\",\"position\":1,\"name\":\"Prima pagin\u0103\",\"item\":\"https:\/\/cronicahd.ro\/\"},{\"@type\":\"ListItem\",\"position\":2,\"name\":\"Ultimul veteran de r\u0103zboi din Valea Jiului, s\u0103rb\u0103torit la 102 ani\"}]},{\"@type\":\"WebSite\",\"@id\":\"https:\/\/cronicahd.ro\/#website\",\"url\":\"https:\/\/cronicahd.ro\/\",\"name\":\"\",\"description\":\"\",\"potentialAction\":[{\"@type\":\"SearchAction\",\"target\":{\"@type\":\"EntryPoint\",\"urlTemplate\":\"https:\/\/cronicahd.ro\/?s={search_term_string}\"},\"query-input\":{\"@type\":\"PropertyValueSpecification\",\"valueRequired\":true,\"valueName\":\"search_term_string\"}}],\"inLanguage\":\"ro-RO\"},{\"@type\":\"Person\",\"@id\":\"https:\/\/cronicahd.ro\/#\/schema\/person\/d1a1277a8cd166610328e17aaf58bf46\",\"name\":\"admin\",\"image\":{\"@type\":\"ImageObject\",\"inLanguage\":\"ro-RO\",\"@id\":\"https:\/\/cronicahd.ro\/#\/schema\/person\/image\/\",\"url\":\"https:\/\/secure.gravatar.com\/avatar\/24700337280d10898c2e0d19d44a05316bff9fccc941ecc5570ffe41668203f7?s=96&d=mm&r=g\",\"contentUrl\":\"https:\/\/secure.gravatar.com\/avatar\/24700337280d10898c2e0d19d44a05316bff9fccc941ecc5570ffe41668203f7?s=96&d=mm&r=g\",\"caption\":\"admin\"},\"sameAs\":[\"https:\/\/cronicavj.ro\"],\"url\":\"https:\/\/cronicahd.ro\/?author=1\"}]}<\/script>\n<!-- \/ Yoast SEO plugin. -->","yoast_head_json":{"title":"Ultimul veteran de r\u0103zboi din Valea Jiului, s\u0103rb\u0103torit la 102 ani -","robots":{"index":"index","follow":"follow","max-snippet":"max-snippet:-1","max-image-preview":"max-image-preview:large","max-video-preview":"max-video-preview:-1"},"canonical":"https:\/\/cronicahd.ro\/?p=7879","og_locale":"ro_RO","og_type":"article","og_title":"Ultimul veteran de r\u0103zboi din Valea Jiului, s\u0103rb\u0103torit la 102 ani -","og_description":"Ultimul veteran de r\u0103zboi care locuie\u0219te \u00een Valea Jiului, sus, pe un deal \u00een Cartierul...","og_url":"https:\/\/cronicahd.ro\/?p=7879","article_published_time":"2026-04-15T12:40:25+00:00","article_modified_time":"2026-04-15T12:57:06+00:00","og_image":[{"width":948,"height":968,"url":"https:\/\/cronicahd.ro\/wp-content\/uploads\/2026\/04\/att.tC_MEb80vmF7SdE-ViJLdGNKw0VDppjZoRS6ILZPCs4.jpeg","type":"image\/jpeg"}],"author":"admin","twitter_card":"summary_large_image","twitter_misc":{"Scris de":"admin","Timp estimat pentru citire":"5 minute"},"schema":{"@context":"https:\/\/schema.org","@graph":[{"@type":"WebPage","@id":"https:\/\/cronicahd.ro\/?p=7879","url":"https:\/\/cronicahd.ro\/?p=7879","name":"Ultimul veteran de r\u0103zboi din Valea Jiului, s\u0103rb\u0103torit la 102 ani -","isPartOf":{"@id":"https:\/\/cronicahd.ro\/#website"},"primaryImageOfPage":{"@id":"https:\/\/cronicahd.ro\/?p=7879#primaryimage"},"image":{"@id":"https:\/\/cronicahd.ro\/?p=7879#primaryimage"},"thumbnailUrl":"https:\/\/cronicahd.ro\/wp-content\/uploads\/2026\/04\/att.tC_MEb80vmF7SdE-ViJLdGNKw0VDppjZoRS6ILZPCs4.jpeg","datePublished":"2026-04-15T12:40:25+00:00","dateModified":"2026-04-15T12:57:06+00:00","author":{"@id":"https:\/\/cronicahd.ro\/#\/schema\/person\/d1a1277a8cd166610328e17aaf58bf46"},"breadcrumb":{"@id":"https:\/\/cronicahd.ro\/?p=7879#breadcrumb"},"inLanguage":"ro-RO","potentialAction":[{"@type":"ReadAction","target":["https:\/\/cronicahd.ro\/?p=7879"]}]},{"@type":"ImageObject","inLanguage":"ro-RO","@id":"https:\/\/cronicahd.ro\/?p=7879#primaryimage","url":"https:\/\/cronicahd.ro\/wp-content\/uploads\/2026\/04\/att.tC_MEb80vmF7SdE-ViJLdGNKw0VDppjZoRS6ILZPCs4.jpeg","contentUrl":"https:\/\/cronicahd.ro\/wp-content\/uploads\/2026\/04\/att.tC_MEb80vmF7SdE-ViJLdGNKw0VDppjZoRS6ILZPCs4.jpeg","width":948,"height":968},{"@type":"BreadcrumbList","@id":"https:\/\/cronicahd.ro\/?p=7879#breadcrumb","itemListElement":[{"@type":"ListItem","position":1,"name":"Prima pagin\u0103","item":"https:\/\/cronicahd.ro\/"},{"@type":"ListItem","position":2,"name":"Ultimul veteran de r\u0103zboi din Valea Jiului, s\u0103rb\u0103torit la 102 ani"}]},{"@type":"WebSite","@id":"https:\/\/cronicahd.ro\/#website","url":"https:\/\/cronicahd.ro\/","name":"","description":"","potentialAction":[{"@type":"SearchAction","target":{"@type":"EntryPoint","urlTemplate":"https:\/\/cronicahd.ro\/?s={search_term_string}"},"query-input":{"@type":"PropertyValueSpecification","valueRequired":true,"valueName":"search_term_string"}}],"inLanguage":"ro-RO"},{"@type":"Person","@id":"https:\/\/cronicahd.ro\/#\/schema\/person\/d1a1277a8cd166610328e17aaf58bf46","name":"admin","image":{"@type":"ImageObject","inLanguage":"ro-RO","@id":"https:\/\/cronicahd.ro\/#\/schema\/person\/image\/","url":"https:\/\/secure.gravatar.com\/avatar\/24700337280d10898c2e0d19d44a05316bff9fccc941ecc5570ffe41668203f7?s=96&d=mm&r=g","contentUrl":"https:\/\/secure.gravatar.com\/avatar\/24700337280d10898c2e0d19d44a05316bff9fccc941ecc5570ffe41668203f7?s=96&d=mm&r=g","caption":"admin"},"sameAs":["https:\/\/cronicavj.ro"],"url":"https:\/\/cronicahd.ro\/?author=1"}]}},"_links":{"self":[{"href":"https:\/\/cronicahd.ro\/index.php?rest_route=\/wp\/v2\/posts\/7879","targetHints":{"allow":["GET"]}}],"collection":[{"href":"https:\/\/cronicahd.ro\/index.php?rest_route=\/wp\/v2\/posts"}],"about":[{"href":"https:\/\/cronicahd.ro\/index.php?rest_route=\/wp\/v2\/types\/post"}],"author":[{"embeddable":true,"href":"https:\/\/cronicahd.ro\/index.php?rest_route=\/wp\/v2\/users\/1"}],"replies":[{"embeddable":true,"href":"https:\/\/cronicahd.ro\/index.php?rest_route=%2Fwp%2Fv2%2Fcomments&post=7879"}],"version-history":[{"count":2,"href":"https:\/\/cronicahd.ro\/index.php?rest_route=\/wp\/v2\/posts\/7879\/revisions"}],"predecessor-version":[{"id":7886,"href":"https:\/\/cronicahd.ro\/index.php?rest_route=\/wp\/v2\/posts\/7879\/revisions\/7886"}],"wp:featuredmedia":[{"embeddable":true,"href":"https:\/\/cronicahd.ro\/index.php?rest_route=\/wp\/v2\/media\/7880"}],"wp:attachment":[{"href":"https:\/\/cronicahd.ro\/index.php?rest_route=%2Fwp%2Fv2%2Fmedia&parent=7879"}],"wp:term":[{"taxonomy":"category","embeddable":true,"href":"https:\/\/cronicahd.ro\/index.php?rest_route=%2Fwp%2Fv2%2Fcategories&post=7879"},{"taxonomy":"post_tag","embeddable":true,"href":"https:\/\/cronicahd.ro\/index.php?rest_route=%2Fwp%2Fv2%2Ftags&post=7879"}],"curies":[{"name":"wp","href":"https:\/\/api.w.org\/{rel}","templated":true}]}}