{"id":7876,"date":"2026-04-15T11:28:54","date_gmt":"2026-04-15T11:28:54","guid":{"rendered":"https:\/\/cronicahd.ro\/?p=7876"},"modified":"2026-04-15T11:28:54","modified_gmt":"2026-04-15T11:28:54","slug":"das-deva-a-fost-aprobat-planul-de-actiune-privind-serviciile-sociale-administrate-si-finantate-din-bugetul-local-pentru-anul-2026","status":"publish","type":"post","link":"https:\/\/cronicahd.ro\/?p=7876","title":{"rendered":"DAS Deva: A fost aprobat Planul de ac\u021biune privind serviciile sociale administrate \u0219i finan\u021bate din bugetul local, pentru anul 2026"},"content":{"rendered":"<p class=\"s3\"><span class=\"s4\"><span class=\"bumpedFont15\">Consiliul Local Deva a <\/span><\/span><span class=\"s4\"><span class=\"bumpedFont15\">aprobat <\/span><\/span><span class=\"s4\"><span class=\"bumpedFont15\">Planul de ac\u0163iune privind serviciile sociale <\/span><\/span><span class=\"s4\"><span class=\"bumpedFont15\">sus\u021binute financiar<\/span><\/span> <span class=\"s4\"><span class=\"bumpedFont15\">din<\/span><\/span><span class=\"s4\"><span class=\"bumpedFont15\"> bugetul local <\/span><\/span><span class=\"s4\"><span class=\"bumpedFont15\">al munici<\/span><\/span><span class=\"s4\"><span class=\"bumpedFont15\">piului Deva <\/span><\/span><span class=\"s4\"><span class=\"bumpedFont15\">\u00een<\/span><\/span><span class=\"s4\"><span class=\"bumpedFont15\"> anul 202<\/span><\/span><span class=\"s4\"><span class=\"bumpedFont15\">6<\/span><\/span><span class=\"s4\"><span class=\"bumpedFont15\">. <\/span><\/span><\/p>\n<p class=\"s3\"><span class=\"s4\"><span class=\"bumpedFont15\">Documentul<\/span><\/span><span class=\"s4\"><span class=\"bumpedFont15\"> a fost<\/span><\/span><span class=\"s4\"><span class=\"bumpedFont15\"> elaborat de Direc\u021bia de Asisten\u021b\u0103 Social\u0103 Deva, dup\u0103 <\/span><\/span><span class=\"s4\"><span class=\"bumpedFont15\">consultarea furnizorilor priva\u0163i de servicii sociale, a asocia\u0163iilor profesionale \u015fi <\/span><\/span><span class=\"s4\"><span class=\"bumpedFont15\">organiza\u0163iilor reprezentative ale beneficiarilor<\/span><\/span><span class=\"s4\"><span class=\"bumpedFont15\"> din municipiul Deva. <\/span><\/span><\/p>\n<p class=\"s3\"><span class=\"s4\">\u00a0<\/span><span class=\"s4\"><span class=\"bumpedFont15\">P<\/span><\/span><span class=\"s4\"><span class=\"bumpedFont15\">lanul <\/span><\/span><span class=\"s4\"><span class=\"bumpedFont15\">an<\/span><\/span><span class=\"s4\"><span class=\"bumpedFont15\">ual<\/span><\/span> <span class=\"s4\"><span class=\"bumpedFont15\">de ac\u0163iune privind serviciile sociale <\/span><\/span><span class=\"s4\"><span class=\"bumpedFont15\">finan<\/span><\/span><span class=\"s4\"><span class=\"bumpedFont15\">\u021bate<\/span><\/span> din bugetul<span class=\"s4\"><span class=\"bumpedFont15\">\u00a0local<\/span><\/span><span class=\"s4\"><span class=\"bumpedFont15\"> este <\/span><\/span><span class=\"s4\"><span class=\"bumpedFont15\">un document <\/span><\/span><span class=\"s4\"><span class=\"bumpedFont15\">obligatoriu, conform <\/span><\/span><span class=\"s4\"><span class=\"bumpedFont15\">reglement\u0103rilor legale \u00een vigoare<\/span><\/span><span class=\"s4\"><span class=\"bumpedFont15\"> \u015fi<\/span><\/span><span class=\"s4\"><span class=\"bumpedFont15\"> cuprinde <\/span><\/span><span class=\"s4\"><span class=\"bumpedFont15\">informa\u0163ii cu privire la serviciile sociale <\/span><\/span><span class=\"s4\"><span class=\"bumpedFont15\">asigurate<\/span><\/span><span class=\"s4\"><span class=\"bumpedFont15\"> diferitelor categorii de persoane vulner<\/span><\/span><span class=\"s4\"><span class=\"bumpedFont15\">abile din <\/span><\/span><span class=\"s4\"><span class=\"bumpedFont15\">comunitatea local\u0103,<\/span><\/span> <span class=\"s4\"><span class=\"bumpedFont15\">capacitatea acestor servicii<\/span><\/span><span class=\"s4\"><span class=\"bumpedFont15\">\u00a0\u0219i <\/span><\/span><span class=\"s4\"><span class=\"bumpedFont15\">num\u0103rul de beneficiari, <\/span><\/span><span class=\"s4\"><span class=\"bumpedFont15\">precum<\/span><\/span> <span class=\"s4\"><span class=\"bumpedFont15\">\u015fi<\/span><\/span> <span class=\"s4\"><span class=\"bumpedFont15\">informa\u021bii despre <\/span><\/span><span class=\"s4\"><span class=\"bumpedFont15\">serviciile sociale propuse pentru a fi dez<\/span><\/span><span class=\"s4\"><span class=\"bumpedFont15\">voltate<\/span><\/span><span class=\"s4\"><span class=\"bumpedFont15\"> \u00een cursului anului<\/span><\/span><span class=\"s4\"><span class=\"bumpedFont15\">.<\/span><\/span><\/p>\n<p class=\"s3\"><span class=\"s4\">\u00a0<\/span><span class=\"s4\"><span class=\"bumpedFont15\">Conform<\/span><\/span> <span class=\"s4\"><span class=\"bumpedFont15\">Planului <\/span><\/span><span class=\"s4\"><span class=\"bumpedFont15\">an<\/span><\/span><span class=\"s4\"><span class=\"bumpedFont15\">ual<\/span><\/span> <span class=\"s4\"><span class=\"bumpedFont15\">de ac\u021biune privind serviciile sociale<\/span><\/span><span class=\"s4\"><span class=\"bumpedFont15\">, \u00een municipiul Deva func\u021bioneaz\u0103 1<\/span><\/span><span class=\"s4\"><span class=\"bumpedFont15\">6<\/span><\/span><span class=\"s4\"><span class=\"bumpedFont15\"> furnizori <\/span><\/span><span class=\"s4\"><span class=\"bumpedFont15\">acredita\u021bi <\/span><\/span><span class=\"s4\"><span class=\"bumpedFont15\">de servicii sociale<\/span><\/span><span class=\"s4\"><span class=\"bumpedFont15\"> licen\u021biate, <\/span><\/span><span class=\"s4\"><span class=\"bumpedFont15\">care sunt <\/span><\/span><span class=\"s4\"><span class=\"bumpedFont15\">destinate copilului \u0219i\/sau familiei, persoanelor v\u00e2rstnice, persoanelor cu dizabilit\u0103\u021bi, persoanelor f\u0103r\u0103 ad\u0103post, victimelor violen\u021bei \u00een <\/span><\/span><span class=\"s4\"><span class=\"bumpedFont15\">familie<\/span><\/span><span class=\"s4\"><span class=\"bumpedFont15\">,<\/span><\/span><span class=\"s4\"><span class=\"bumpedFont15\"> victimelor<\/span><\/span><span class=\"s4\"><span class=\"bumpedFont15\"> traficul<\/span><\/span><span class=\"s4\"><span class=\"bumpedFont15\">ui de persoane <\/span><\/span><span class=\"s4\"><span class=\"bumpedFont15\">etc.<\/span><\/span><\/p>\n<p class=\"s3\"><span class=\"s4\">\u00a0<\/span><span class=\"s4\"><span class=\"bumpedFont15\">\u00cen anul 202<\/span><\/span><span class=\"s4\"><span class=\"bumpedFont15\">6<\/span><\/span><span class=\"s4\"><span class=\"bumpedFont15\">, s<\/span><\/span><span class=\"s4\"><span class=\"bumpedFont15\">tructura<\/span><\/span><span class=\"s4\"><span class=\"bumpedFont15\"> de servicii sociale a Direc\u021biei de Asisten\u021b\u0103 Social\u0103 Deva <\/span><\/span><span class=\"s4\"><span class=\"bumpedFont15\">cuprinde<\/span><\/span><span class=\"s4\"><span class=\"bumpedFont15\"> un num\u0103r de 5 s<\/span><\/span><span class=\"s4\"><span class=\"bumpedFont15\">e<\/span><\/span><span class=\"s4\"><span class=\"bumpedFont15\">rvicii sociale<\/span><\/span><span class=\"s4\"><span class=\"bumpedFont15\">, c<\/span><\/span><span class=\"s4\"><span class=\"bumpedFont15\">are <\/span><\/span><span class=\"s4\"><span class=\"bumpedFont15\">a<\/span><\/span><span class=\"s4\"><span class=\"bumpedFont15\">u o <\/span><\/span><span class=\"s4\"><span class=\"bumpedFont15\">c<\/span><\/span><span class=\"s4\"><span class=\"bumpedFont15\">apacitate total\u0103 de<\/span><\/span><span class=\"s4\"><span class=\"bumpedFont15\"> apr<\/span><\/span><span class=\"s4\"><span class=\"bumpedFont15\">oape 1<\/span><\/span><span class=\"s4\"><span class=\"bumpedFont15\">70 de locuri<\/span><\/span><span class=\"s4\"><span class=\"bumpedFont15\">:<\/span><\/span><\/p>\n<p class=\"s3\"><span class=\"s4\"><span class=\"bumpedFont15\">&#8211; <\/span><\/span><span class=\"s4\"><span class=\"bumpedFont15\">Ad\u0103post de urgen\u021b\u0103 pe timp de noapte<\/span><\/span><\/p>\n<p class=\"s3\"><span class=\"s4\"><span class=\"bumpedFont15\">&#8211;<\/span><\/span> <span class=\"s4\"><span class=\"bumpedFont15\">Centrul de zi \u201eClubul Seniorilor\u201d<\/span><\/span><\/p>\n<p class=\"s3\"><span class=\"s4\"><span class=\"bumpedFont15\">&#8211;<\/span><\/span> <span class=\"s4\"><span class=\"bumpedFont15\">Servicii de \u00eengrijire personale la domiciliu pentru persoane v\u00e2rstnice<\/span><\/span><\/p>\n<p class=\"s3\"><span class=\"s4\"><span class=\"bumpedFont15\">&#8211;<\/span><\/span> <span class=\"s4\"><span class=\"bumpedFont15\">Serviciul mobil de acordare a hranei <\/span><\/span><span class=\"s4\"><span class=\"bumpedFont15\">\u201e<\/span><\/span><span class=\"s4\"><span class=\"bumpedFont15\">Masa pe ro\u021bi<\/span><\/span><span class=\"s4\"><span class=\"bumpedFont15\">\u201d<\/span><\/span><span class=\"s4\"><span class=\"bumpedFont15\"> Deva<\/span><\/span><\/p>\n<p class=\"s3\"><span class=\"s4\"><span class=\"bumpedFont15\">&#8211;<\/span><\/span> <span class=\"s4\"><span class=\"bumpedFont15\">Servicii de \u00eengrijire la domiciliu pentru persoane cu dizabilit\u0103\u021bi<\/span><\/span><\/p>\n<p class=\"s3\"><span class=\"s4\">\u00a0<\/span><span class=\"s4\"><span class=\"bumpedFont15\">Planul <\/span><\/span><span class=\"s4\"><span class=\"bumpedFont15\">de ac\u021biune privind serviciile sociale administrate \u0219i finan\u021bate din bugetul <\/span><\/span><span class=\"s4\"><span class=\"bumpedFont15\">Consiliului Local <\/span><\/span><span class=\"s4\"><span class=\"bumpedFont15\">al <\/span><\/span><span class=\"s4\"><span class=\"bumpedFont15\">m<\/span><\/span><span class=\"s4\"><span class=\"bumpedFont15\">unicipiului <\/span><\/span><span class=\"s4\"><span class=\"bumpedFont15\">Deva <\/span><\/span><span class=\"s4\"><span class=\"bumpedFont15\">pentru<\/span><\/span><span class=\"s4\"><span class=\"bumpedFont15\"> anul 202<\/span><\/span><span class=\"s4\"><span class=\"bumpedFont15\">6<\/span><\/span><span class=\"s4\"><span class=\"bumpedFont15\"> a fost aprobat <\/span><\/span><span class=\"s4\"><span class=\"bumpedFont15\">prin Hot\u0103r\u00e2rea nr. <\/span><\/span><span class=\"s4\"><span class=\"bumpedFont15\">111<\/span><\/span><span class=\"s4\"><span class=\"bumpedFont15\">\/202<\/span><\/span><span class=\"s4\"><span class=\"bumpedFont15\">6<\/span><\/span><span class=\"s4\"><span class=\"bumpedFont15\">, care poate fi consultat\u0103 pe pagina de internet a Direc\u021biei de Asisten\u021b\u0103 Social\u0103 Deva \u2013 <\/span><\/span><a href=\"https:\/\/dasdeva.ro\/\"><span class=\"s5\"><span class=\"bumpedFont15\">https:\/\/dasdeva.ro<\/span><\/span><\/a><span class=\"s4\"><span class=\"bumpedFont15\">, Sec\u021biunea Servicii sociale<\/span><\/span><span class=\"s4\"><span class=\"bumpedFont15\"> sau la sediul institu\u021biei<\/span><\/span><span class=\"s4\"><span class=\"bumpedFont15\"> (D<\/span><\/span><span class=\"s4\"><span class=\"bumpedFont15\">eva, str. I.L Caragiale<\/span><\/span><span class=\"s4\"><span class=\"bumpedFont15\">, nr. 4, etaj 1)<\/span><\/span><span class=\"s4\"><span class=\"bumpedFont15\">.<\/span><\/span><\/p>\n<p class=\"s3\"><span class=\"s4\">\u00a0<\/span><span class=\"s2\"><span class=\"bumpedFont15\">INFORMA\u021aII SUPLIMENTARE<\/span><\/span><span class=\"s4\"><span class=\"bumpedFont15\"> cu privire la serviciile sociale asigurate de D<\/span><\/span><span class=\"s4\"><span class=\"bumpedFont15\">irec\u021bia de <\/span><\/span><span class=\"s4\"><span class=\"bumpedFont15\">A<\/span><\/span><span class=\"s4\"><span class=\"bumpedFont15\">sisten\u021b\u0103 <\/span><\/span><span class=\"s4\"><span class=\"bumpedFont15\">S<\/span><\/span><span class=\"s4\"><span class=\"bumpedFont15\">ocial\u0103<\/span><\/span><span class=\"s4\"><span class=\"bumpedFont15\"> Deva se pot ob\u021bine la num\u0103rul <\/span><\/span><span class=\"s4\"><span class=\"bumpedFont15\">de<\/span><\/span><span class=\"s2\"><span class=\"bumpedFont15\"> telefon 0254.218.030<\/span><\/span><span class=\"s4\"><span class=\"bumpedFont15\">, de luni p\u00e2n\u0103 joi<\/span><\/span><span class=\"s4\"><span class=\"bumpedFont15\">, <\/span><\/span><span class=\"s4\"><span class=\"bumpedFont15\">\u00eentre orele 8:00 \u2013 16:30 sau vineri<\/span><\/span><span class=\"s4\"><span class=\"bumpedFont15\">, <\/span><\/span><span class=\"s4\"><span class=\"bumpedFont15\">\u00eentre orele 8:00 \u2013 14:00.<\/span><\/span><\/p>\n<p class=\"s3\"><span class=\"s4\">\u00a0<\/span><\/p>\n<p class=\"s3\"><span class=\"s2\"><span class=\"bumpedFont15\">Direc\u021bia de Asisten\u021b\u0103 Social\u0103 Deva<\/span><\/span><\/p>\n","protected":false},"excerpt":{"rendered":"<p>Consiliul Local Deva a aprobat Planul de ac\u0163iune privind serviciile sociale sus\u021binute financiar din bugetul&#8230;<\/p>\n","protected":false},"author":1,"featured_media":7877,"comment_status":"closed","ping_status":"closed","sticky":false,"template":"","format":"standard","meta":{"footnotes":""},"categories":[1,14],"tags":[],"class_list":["post-7876","post","type-post","status-publish","format-standard","has-post-thumbnail","hentry","category-actual","category-social"],"yoast_head":"<!-- This site is optimized with the Yoast SEO plugin v25.3.1 - https:\/\/yoast.com\/wordpress\/plugins\/seo\/ -->\n<title>DAS Deva: A fost aprobat Planul de ac\u021biune privind serviciile sociale administrate \u0219i finan\u021bate din bugetul local, pentru anul 2026 -<\/title>\n<meta name=\"robots\" content=\"index, follow, max-snippet:-1, max-image-preview:large, max-video-preview:-1\" \/>\n<link rel=\"canonical\" href=\"https:\/\/cronicahd.ro\/?p=7876\" \/>\n<meta property=\"og:locale\" content=\"ro_RO\" \/>\n<meta property=\"og:type\" content=\"article\" \/>\n<meta property=\"og:title\" content=\"DAS Deva: A fost aprobat Planul de ac\u021biune privind serviciile sociale administrate \u0219i finan\u021bate din bugetul local, pentru anul 2026 -\" \/>\n<meta property=\"og:description\" content=\"Consiliul Local Deva a aprobat Planul de ac\u0163iune privind serviciile sociale sus\u021binute financiar din bugetul...\" \/>\n<meta property=\"og:url\" content=\"https:\/\/cronicahd.ro\/?p=7876\" \/>\n<meta property=\"article:published_time\" content=\"2026-04-15T11:28:54+00:00\" \/>\n<meta property=\"og:image\" content=\"https:\/\/cronicahd.ro\/wp-content\/uploads\/2026\/04\/Foto-Aprobare-Plan-servicii-sociale.jpeg\" \/>\n\t<meta property=\"og:image:width\" content=\"2560\" \/>\n\t<meta property=\"og:image:height\" content=\"1510\" \/>\n\t<meta property=\"og:image:type\" content=\"image\/jpeg\" \/>\n<meta name=\"author\" content=\"admin\" \/>\n<meta name=\"twitter:card\" content=\"summary_large_image\" \/>\n<meta name=\"twitter:label1\" content=\"Scris de\" \/>\n\t<meta name=\"twitter:data1\" content=\"admin\" \/>\n\t<meta name=\"twitter:label2\" content=\"Timp estimat pentru citire\" \/>\n\t<meta name=\"twitter:data2\" content=\"2 minute\" \/>\n<script type=\"application\/ld+json\" class=\"yoast-schema-graph\">{\"@context\":\"https:\/\/schema.org\",\"@graph\":[{\"@type\":\"WebPage\",\"@id\":\"https:\/\/cronicahd.ro\/?p=7876\",\"url\":\"https:\/\/cronicahd.ro\/?p=7876\",\"name\":\"DAS Deva: A fost aprobat Planul de ac\u021biune privind serviciile sociale administrate \u0219i finan\u021bate din bugetul local, pentru anul 2026 -\",\"isPartOf\":{\"@id\":\"https:\/\/cronicahd.ro\/#website\"},\"primaryImageOfPage\":{\"@id\":\"https:\/\/cronicahd.ro\/?p=7876#primaryimage\"},\"image\":{\"@id\":\"https:\/\/cronicahd.ro\/?p=7876#primaryimage\"},\"thumbnailUrl\":\"https:\/\/cronicahd.ro\/wp-content\/uploads\/2026\/04\/Foto-Aprobare-Plan-servicii-sociale.jpeg\",\"datePublished\":\"2026-04-15T11:28:54+00:00\",\"author\":{\"@id\":\"https:\/\/cronicahd.ro\/#\/schema\/person\/d1a1277a8cd166610328e17aaf58bf46\"},\"breadcrumb\":{\"@id\":\"https:\/\/cronicahd.ro\/?p=7876#breadcrumb\"},\"inLanguage\":\"ro-RO\",\"potentialAction\":[{\"@type\":\"ReadAction\",\"target\":[\"https:\/\/cronicahd.ro\/?p=7876\"]}]},{\"@type\":\"ImageObject\",\"inLanguage\":\"ro-RO\",\"@id\":\"https:\/\/cronicahd.ro\/?p=7876#primaryimage\",\"url\":\"https:\/\/cronicahd.ro\/wp-content\/uploads\/2026\/04\/Foto-Aprobare-Plan-servicii-sociale.jpeg\",\"contentUrl\":\"https:\/\/cronicahd.ro\/wp-content\/uploads\/2026\/04\/Foto-Aprobare-Plan-servicii-sociale.jpeg\",\"width\":2560,\"height\":1510},{\"@type\":\"BreadcrumbList\",\"@id\":\"https:\/\/cronicahd.ro\/?p=7876#breadcrumb\",\"itemListElement\":[{\"@type\":\"ListItem\",\"position\":1,\"name\":\"Prima pagin\u0103\",\"item\":\"https:\/\/cronicahd.ro\/\"},{\"@type\":\"ListItem\",\"position\":2,\"name\":\"DAS Deva: A fost aprobat Planul de ac\u021biune privind serviciile sociale administrate \u0219i finan\u021bate din bugetul local, pentru anul 2026\"}]},{\"@type\":\"WebSite\",\"@id\":\"https:\/\/cronicahd.ro\/#website\",\"url\":\"https:\/\/cronicahd.ro\/\",\"name\":\"\",\"description\":\"\",\"potentialAction\":[{\"@type\":\"SearchAction\",\"target\":{\"@type\":\"EntryPoint\",\"urlTemplate\":\"https:\/\/cronicahd.ro\/?s={search_term_string}\"},\"query-input\":{\"@type\":\"PropertyValueSpecification\",\"valueRequired\":true,\"valueName\":\"search_term_string\"}}],\"inLanguage\":\"ro-RO\"},{\"@type\":\"Person\",\"@id\":\"https:\/\/cronicahd.ro\/#\/schema\/person\/d1a1277a8cd166610328e17aaf58bf46\",\"name\":\"admin\",\"image\":{\"@type\":\"ImageObject\",\"inLanguage\":\"ro-RO\",\"@id\":\"https:\/\/cronicahd.ro\/#\/schema\/person\/image\/\",\"url\":\"https:\/\/secure.gravatar.com\/avatar\/24700337280d10898c2e0d19d44a05316bff9fccc941ecc5570ffe41668203f7?s=96&d=mm&r=g\",\"contentUrl\":\"https:\/\/secure.gravatar.com\/avatar\/24700337280d10898c2e0d19d44a05316bff9fccc941ecc5570ffe41668203f7?s=96&d=mm&r=g\",\"caption\":\"admin\"},\"sameAs\":[\"https:\/\/cronicavj.ro\"],\"url\":\"https:\/\/cronicahd.ro\/?author=1\"}]}<\/script>\n<!-- \/ Yoast SEO plugin. -->","yoast_head_json":{"title":"DAS Deva: A fost aprobat Planul de ac\u021biune privind serviciile sociale administrate \u0219i finan\u021bate din bugetul local, pentru anul 2026 -","robots":{"index":"index","follow":"follow","max-snippet":"max-snippet:-1","max-image-preview":"max-image-preview:large","max-video-preview":"max-video-preview:-1"},"canonical":"https:\/\/cronicahd.ro\/?p=7876","og_locale":"ro_RO","og_type":"article","og_title":"DAS Deva: A fost aprobat Planul de ac\u021biune privind serviciile sociale administrate \u0219i finan\u021bate din bugetul local, pentru anul 2026 -","og_description":"Consiliul Local Deva a aprobat Planul de ac\u0163iune privind serviciile sociale sus\u021binute financiar din bugetul...","og_url":"https:\/\/cronicahd.ro\/?p=7876","article_published_time":"2026-04-15T11:28:54+00:00","og_image":[{"width":2560,"height":1510,"url":"https:\/\/cronicahd.ro\/wp-content\/uploads\/2026\/04\/Foto-Aprobare-Plan-servicii-sociale.jpeg","type":"image\/jpeg"}],"author":"admin","twitter_card":"summary_large_image","twitter_misc":{"Scris de":"admin","Timp estimat pentru citire":"2 minute"},"schema":{"@context":"https:\/\/schema.org","@graph":[{"@type":"WebPage","@id":"https:\/\/cronicahd.ro\/?p=7876","url":"https:\/\/cronicahd.ro\/?p=7876","name":"DAS Deva: A fost aprobat Planul de ac\u021biune privind serviciile sociale administrate \u0219i finan\u021bate din bugetul local, pentru anul 2026 -","isPartOf":{"@id":"https:\/\/cronicahd.ro\/#website"},"primaryImageOfPage":{"@id":"https:\/\/cronicahd.ro\/?p=7876#primaryimage"},"image":{"@id":"https:\/\/cronicahd.ro\/?p=7876#primaryimage"},"thumbnailUrl":"https:\/\/cronicahd.ro\/wp-content\/uploads\/2026\/04\/Foto-Aprobare-Plan-servicii-sociale.jpeg","datePublished":"2026-04-15T11:28:54+00:00","author":{"@id":"https:\/\/cronicahd.ro\/#\/schema\/person\/d1a1277a8cd166610328e17aaf58bf46"},"breadcrumb":{"@id":"https:\/\/cronicahd.ro\/?p=7876#breadcrumb"},"inLanguage":"ro-RO","potentialAction":[{"@type":"ReadAction","target":["https:\/\/cronicahd.ro\/?p=7876"]}]},{"@type":"ImageObject","inLanguage":"ro-RO","@id":"https:\/\/cronicahd.ro\/?p=7876#primaryimage","url":"https:\/\/cronicahd.ro\/wp-content\/uploads\/2026\/04\/Foto-Aprobare-Plan-servicii-sociale.jpeg","contentUrl":"https:\/\/cronicahd.ro\/wp-content\/uploads\/2026\/04\/Foto-Aprobare-Plan-servicii-sociale.jpeg","width":2560,"height":1510},{"@type":"BreadcrumbList","@id":"https:\/\/cronicahd.ro\/?p=7876#breadcrumb","itemListElement":[{"@type":"ListItem","position":1,"name":"Prima pagin\u0103","item":"https:\/\/cronicahd.ro\/"},{"@type":"ListItem","position":2,"name":"DAS Deva: A fost aprobat Planul de ac\u021biune privind serviciile sociale administrate \u0219i finan\u021bate din bugetul local, pentru anul 2026"}]},{"@type":"WebSite","@id":"https:\/\/cronicahd.ro\/#website","url":"https:\/\/cronicahd.ro\/","name":"","description":"","potentialAction":[{"@type":"SearchAction","target":{"@type":"EntryPoint","urlTemplate":"https:\/\/cronicahd.ro\/?s={search_term_string}"},"query-input":{"@type":"PropertyValueSpecification","valueRequired":true,"valueName":"search_term_string"}}],"inLanguage":"ro-RO"},{"@type":"Person","@id":"https:\/\/cronicahd.ro\/#\/schema\/person\/d1a1277a8cd166610328e17aaf58bf46","name":"admin","image":{"@type":"ImageObject","inLanguage":"ro-RO","@id":"https:\/\/cronicahd.ro\/#\/schema\/person\/image\/","url":"https:\/\/secure.gravatar.com\/avatar\/24700337280d10898c2e0d19d44a05316bff9fccc941ecc5570ffe41668203f7?s=96&d=mm&r=g","contentUrl":"https:\/\/secure.gravatar.com\/avatar\/24700337280d10898c2e0d19d44a05316bff9fccc941ecc5570ffe41668203f7?s=96&d=mm&r=g","caption":"admin"},"sameAs":["https:\/\/cronicavj.ro"],"url":"https:\/\/cronicahd.ro\/?author=1"}]}},"_links":{"self":[{"href":"https:\/\/cronicahd.ro\/index.php?rest_route=\/wp\/v2\/posts\/7876","targetHints":{"allow":["GET"]}}],"collection":[{"href":"https:\/\/cronicahd.ro\/index.php?rest_route=\/wp\/v2\/posts"}],"about":[{"href":"https:\/\/cronicahd.ro\/index.php?rest_route=\/wp\/v2\/types\/post"}],"author":[{"embeddable":true,"href":"https:\/\/cronicahd.ro\/index.php?rest_route=\/wp\/v2\/users\/1"}],"replies":[{"embeddable":true,"href":"https:\/\/cronicahd.ro\/index.php?rest_route=%2Fwp%2Fv2%2Fcomments&post=7876"}],"version-history":[{"count":1,"href":"https:\/\/cronicahd.ro\/index.php?rest_route=\/wp\/v2\/posts\/7876\/revisions"}],"predecessor-version":[{"id":7878,"href":"https:\/\/cronicahd.ro\/index.php?rest_route=\/wp\/v2\/posts\/7876\/revisions\/7878"}],"wp:featuredmedia":[{"embeddable":true,"href":"https:\/\/cronicahd.ro\/index.php?rest_route=\/wp\/v2\/media\/7877"}],"wp:attachment":[{"href":"https:\/\/cronicahd.ro\/index.php?rest_route=%2Fwp%2Fv2%2Fmedia&parent=7876"}],"wp:term":[{"taxonomy":"category","embeddable":true,"href":"https:\/\/cronicahd.ro\/index.php?rest_route=%2Fwp%2Fv2%2Fcategories&post=7876"},{"taxonomy":"post_tag","embeddable":true,"href":"https:\/\/cronicahd.ro\/index.php?rest_route=%2Fwp%2Fv2%2Ftags&post=7876"}],"curies":[{"name":"wp","href":"https:\/\/api.w.org\/{rel}","templated":true}]}}