{"id":7850,"date":"2026-04-15T04:13:58","date_gmt":"2026-04-15T04:13:58","guid":{"rendered":"https:\/\/cronicahd.ro\/?p=7850"},"modified":"2026-04-15T04:13:58","modified_gmt":"2026-04-15T04:13:58","slug":"termocentrala-paroseni-a-implinit-azi-70-de-ani","status":"publish","type":"post","link":"https:\/\/cronicahd.ro\/?p=7850","title":{"rendered":"Termocentrala Paro\u0219eni a \u00eemplinit azi 70 de ani"},"content":{"rendered":"<p class=\"s3\">\n<p class=\"s3\"><span class=\"s2\"><span class=\"bumpedFont15\">15 aprilie, la ora 2:47, <\/span><\/span><span class=\"s2\"><span class=\"bumpedFont15\">era <\/span><\/span><span class=\"s2\"><span class=\"bumpedFont15\">pu<\/span><\/span><span class=\"s2\"><span class=\"bumpedFont15\">s<\/span><\/span><span class=\"s2\"><span class=\"bumpedFont15\"> \u00een func<\/span><\/span><span class=\"s2\"><span class=\"bumpedFont15\">\u021b<\/span><\/span><span class=\"s2\"><span class=\"bumpedFont15\">iune \u00a0primu<\/span><\/span><span class=\"s2\"><span class=\"bumpedFont15\">l<\/span><\/span><span class=\"s2\"><span class=\"bumpedFont15\"> grup de 50 MW din <\/span><\/span><span class=\"s2\"><span class=\"bumpedFont15\">\u021b<\/span><\/span><span class=\"s2\"><span class=\"bumpedFont15\">ar\u0103, cel de la I.C.T. Paro<\/span><\/span><span class=\"s2\"><span class=\"bumpedFont15\">\u0219<\/span><\/span><span class=\"s2\"><span class=\"bumpedFont15\">eni.\u00a0<\/span><\/span><span class=\"s2\"><span class=\"bumpedFont15\">Termocentrala Paro\u0219eni \u00eempline\u0219te azi 70 de ani. Cu 4 ani \u00eenainte era <\/span><\/span><span class=\"s2\"><span class=\"bumpedFont15\">elaborat proiectul tehnic al <\/span><\/span><span class=\"s2\"><span class=\"bumpedFont15\">c<\/span><\/span><span class=\"s2\"><span class=\"bumpedFont15\">entralei I.C.T. <\/span><\/span><span class=\"s2\"><span class=\"bumpedFont15\">Paro\u015feni<\/span><\/span><span class=\"s2\"><span class=\"bumpedFont15\">.<\/span><\/span><\/p>\n<p><img loading=\"lazy\" decoding=\"async\" class=\"alignnone size-medium wp-image-7852\" src=\"https:\/\/cronicahd.ro\/wp-content\/uploads\/2026\/04\/att.gDnlN1GX2GxYv0pOCQoo_24Z8Lp6Mad8t6UA1Fwl8MU-300x287.jpeg\" alt=\"\" width=\"300\" height=\"287\" srcset=\"https:\/\/cronicahd.ro\/wp-content\/uploads\/2026\/04\/att.gDnlN1GX2GxYv0pOCQoo_24Z8Lp6Mad8t6UA1Fwl8MU-300x287.jpeg 300w, https:\/\/cronicahd.ro\/wp-content\/uploads\/2026\/04\/att.gDnlN1GX2GxYv0pOCQoo_24Z8Lp6Mad8t6UA1Fwl8MU-1024x979.jpeg 1024w, https:\/\/cronicahd.ro\/wp-content\/uploads\/2026\/04\/att.gDnlN1GX2GxYv0pOCQoo_24Z8Lp6Mad8t6UA1Fwl8MU-768x734.jpeg 768w, https:\/\/cronicahd.ro\/wp-content\/uploads\/2026\/04\/att.gDnlN1GX2GxYv0pOCQoo_24Z8Lp6Mad8t6UA1Fwl8MU-1536x1468.jpeg 1536w, https:\/\/cronicahd.ro\/wp-content\/uploads\/2026\/04\/att.gDnlN1GX2GxYv0pOCQoo_24Z8Lp6Mad8t6UA1Fwl8MU.jpeg 2048w\" sizes=\"auto, (max-width: 300px) 100vw, 300px\" \/><\/p>\n<p class=\"s3\"><span class=\"s2\"><span class=\"bumpedFont15\">La 7 decenii, \u00eens\u0103, a<\/span><\/span><span class=\"s2\"><span class=\"bumpedFont15\">ngaja\u021bii din cadrul Complexului Energetic Valea Jiului (CEVJ) solicit\u0103 Ministerului Energiei ca Termocentrala Paro\u0219eni s\u0103 \u00ee\u0219i continue activitatea pe baz\u0103 de huil\u0103 extras\u0103 din Valea Jiului cel pu\u021bin p\u00e2n\u0103 \u00een anul 2032, termenul estimat pentru \u00eenchiderea ultimei exploat\u0103ri miniere din zon\u0103.<br \/>\n<img loading=\"lazy\" decoding=\"async\" class=\"alignnone size-medium wp-image-7851\" src=\"https:\/\/cronicahd.ro\/wp-content\/uploads\/2026\/04\/att.dKl1VtPSOM33KnjpFTbrkEYaeBJITr_L44dvcpAUcHE-300x225.jpeg\" alt=\"\" width=\"300\" height=\"225\" srcset=\"https:\/\/cronicahd.ro\/wp-content\/uploads\/2026\/04\/att.dKl1VtPSOM33KnjpFTbrkEYaeBJITr_L44dvcpAUcHE-300x225.jpeg 300w, https:\/\/cronicahd.ro\/wp-content\/uploads\/2026\/04\/att.dKl1VtPSOM33KnjpFTbrkEYaeBJITr_L44dvcpAUcHE-1024x768.jpeg 1024w, https:\/\/cronicahd.ro\/wp-content\/uploads\/2026\/04\/att.dKl1VtPSOM33KnjpFTbrkEYaeBJITr_L44dvcpAUcHE-768x576.jpeg 768w, https:\/\/cronicahd.ro\/wp-content\/uploads\/2026\/04\/att.dKl1VtPSOM33KnjpFTbrkEYaeBJITr_L44dvcpAUcHE-1536x1152.jpeg 1536w, https:\/\/cronicahd.ro\/wp-content\/uploads\/2026\/04\/att.dKl1VtPSOM33KnjpFTbrkEYaeBJITr_L44dvcpAUcHE.jpeg 2048w\" sizes=\"auto, (max-width: 300px) 100vw, 300px\" \/><br \/>\n<\/span><\/span><\/p>\n<p class=\"s3\"><span class=\"s2\"><span class=\"bumpedFont15\">Termocentrala Paro\u0219eni are o importan\u021b\u0103 istoric\u0103 major\u0103 pentru sistemul energetic na\u021bional. Construit\u0103 pe malul Jiului de Vest, aceasta a fost prima termocentral\u0103 de mari dimensiuni realizat\u0103 \u00een Rom\u00e2nia, pe baza unui proiect elaborat de un institut de specialitate din Moscova (TEP). \u00cen prezent, viitorul unit\u0103\u021bii este analizat \u00een contextul tranzi\u021biei energetice. Un proiect privind trecerea termocentralei pe gaz metan este luat \u00een calcul, idee ap\u0103rut\u0103 odat\u0103 cu realizarea conductei transfrontaliere BRUA, care traverseaz\u0103 zona Paro\u0219eni. Cu toate acestea, sindicali\u0219tii sus\u021bin c\u0103 func\u021bionarea pe huil\u0103 trebuie men\u021binut\u0103 at\u00e2t timp c\u00e2t \u00een Valea Jiului mai exist\u0103 exploat\u0103ri active, pentru a asigura locuri de munc\u0103 \u0219i stabilitate economic\u0103 \u00een regiune. <\/span><\/span><\/p>\n<p class=\"s3\"><span class=\"s2\"><span class=\"bumpedFont15\">Angaja\u021bii CEVJ consider\u0103 c\u0103 men\u021binerea Termocentralei Paro\u0219eni \u00een func\u021biune pe baz\u0103 de c\u0103rbune p\u00e2n\u0103 \u00een 2032 reprezint\u0103 o solu\u021bie de tranzi\u021bie corect\u0103, care s\u0103 permit\u0103 adaptarea treptat\u0103 la noile cerin\u021be energetice, f\u0103r\u0103 \u0219ocuri sociale majore \u00een Valea Jiului.<\/span><\/span><\/p>\n<p class=\"s3\"><span class=\"s2\">\u00a0<\/span><\/p>\n<p class=\"s3\"><span class=\"s2\"><span class=\"bumpedFont15\">Diana Mitrache<\/span><\/span><\/p>\n","protected":false},"excerpt":{"rendered":"<p>15 aprilie, la ora 2:47, era pus \u00een func\u021biune \u00a0primul grup de 50 MW din&#8230;<\/p>\n","protected":false},"author":1,"featured_media":7853,"comment_status":"closed","ping_status":"closed","sticky":false,"template":"","format":"standard","meta":{"footnotes":""},"categories":[1,15],"tags":[],"class_list":["post-7850","post","type-post","status-publish","format-standard","has-post-thumbnail","hentry","category-actual","category-eveniment"],"yoast_head":"<!-- This site is optimized with the Yoast SEO plugin v25.3.1 - https:\/\/yoast.com\/wordpress\/plugins\/seo\/ -->\n<title>Termocentrala Paro\u0219eni a \u00eemplinit azi 70 de ani -<\/title>\n<meta name=\"robots\" content=\"index, follow, max-snippet:-1, max-image-preview:large, max-video-preview:-1\" \/>\n<link rel=\"canonical\" href=\"https:\/\/cronicahd.ro\/?p=7850\" \/>\n<meta property=\"og:locale\" content=\"ro_RO\" \/>\n<meta property=\"og:type\" content=\"article\" \/>\n<meta property=\"og:title\" content=\"Termocentrala Paro\u0219eni a \u00eemplinit azi 70 de ani -\" \/>\n<meta property=\"og:description\" content=\"15 aprilie, la ora 2:47, era pus \u00een func\u021biune \u00a0primul grup de 50 MW din...\" \/>\n<meta property=\"og:url\" content=\"https:\/\/cronicahd.ro\/?p=7850\" \/>\n<meta property=\"article:published_time\" content=\"2026-04-15T04:13:58+00:00\" \/>\n<meta property=\"og:image\" content=\"https:\/\/cronicahd.ro\/wp-content\/uploads\/2026\/04\/att.GZNwoHBx_ioKEbH9B3Tddpy0ncej7JkDmj0WAdmFjNE.jpeg\" \/>\n\t<meta property=\"og:image:width\" content=\"2048\" \/>\n\t<meta property=\"og:image:height\" content=\"1536\" \/>\n\t<meta property=\"og:image:type\" content=\"image\/jpeg\" \/>\n<meta name=\"author\" content=\"admin\" \/>\n<meta name=\"twitter:card\" content=\"summary_large_image\" \/>\n<meta name=\"twitter:label1\" content=\"Scris de\" \/>\n\t<meta name=\"twitter:data1\" content=\"admin\" \/>\n\t<meta name=\"twitter:label2\" content=\"Timp estimat pentru citire\" \/>\n\t<meta name=\"twitter:data2\" content=\"2 minute\" \/>\n<script type=\"application\/ld+json\" class=\"yoast-schema-graph\">{\"@context\":\"https:\/\/schema.org\",\"@graph\":[{\"@type\":\"WebPage\",\"@id\":\"https:\/\/cronicahd.ro\/?p=7850\",\"url\":\"https:\/\/cronicahd.ro\/?p=7850\",\"name\":\"Termocentrala Paro\u0219eni a \u00eemplinit azi 70 de ani -\",\"isPartOf\":{\"@id\":\"https:\/\/cronicahd.ro\/#website\"},\"primaryImageOfPage\":{\"@id\":\"https:\/\/cronicahd.ro\/?p=7850#primaryimage\"},\"image\":{\"@id\":\"https:\/\/cronicahd.ro\/?p=7850#primaryimage\"},\"thumbnailUrl\":\"https:\/\/cronicahd.ro\/wp-content\/uploads\/2026\/04\/att.GZNwoHBx_ioKEbH9B3Tddpy0ncej7JkDmj0WAdmFjNE.jpeg\",\"datePublished\":\"2026-04-15T04:13:58+00:00\",\"author\":{\"@id\":\"https:\/\/cronicahd.ro\/#\/schema\/person\/d1a1277a8cd166610328e17aaf58bf46\"},\"breadcrumb\":{\"@id\":\"https:\/\/cronicahd.ro\/?p=7850#breadcrumb\"},\"inLanguage\":\"ro-RO\",\"potentialAction\":[{\"@type\":\"ReadAction\",\"target\":[\"https:\/\/cronicahd.ro\/?p=7850\"]}]},{\"@type\":\"ImageObject\",\"inLanguage\":\"ro-RO\",\"@id\":\"https:\/\/cronicahd.ro\/?p=7850#primaryimage\",\"url\":\"https:\/\/cronicahd.ro\/wp-content\/uploads\/2026\/04\/att.GZNwoHBx_ioKEbH9B3Tddpy0ncej7JkDmj0WAdmFjNE.jpeg\",\"contentUrl\":\"https:\/\/cronicahd.ro\/wp-content\/uploads\/2026\/04\/att.GZNwoHBx_ioKEbH9B3Tddpy0ncej7JkDmj0WAdmFjNE.jpeg\",\"width\":2048,\"height\":1536},{\"@type\":\"BreadcrumbList\",\"@id\":\"https:\/\/cronicahd.ro\/?p=7850#breadcrumb\",\"itemListElement\":[{\"@type\":\"ListItem\",\"position\":1,\"name\":\"Prima pagin\u0103\",\"item\":\"https:\/\/cronicahd.ro\/\"},{\"@type\":\"ListItem\",\"position\":2,\"name\":\"Termocentrala Paro\u0219eni a \u00eemplinit azi 70 de ani\"}]},{\"@type\":\"WebSite\",\"@id\":\"https:\/\/cronicahd.ro\/#website\",\"url\":\"https:\/\/cronicahd.ro\/\",\"name\":\"\",\"description\":\"\",\"potentialAction\":[{\"@type\":\"SearchAction\",\"target\":{\"@type\":\"EntryPoint\",\"urlTemplate\":\"https:\/\/cronicahd.ro\/?s={search_term_string}\"},\"query-input\":{\"@type\":\"PropertyValueSpecification\",\"valueRequired\":true,\"valueName\":\"search_term_string\"}}],\"inLanguage\":\"ro-RO\"},{\"@type\":\"Person\",\"@id\":\"https:\/\/cronicahd.ro\/#\/schema\/person\/d1a1277a8cd166610328e17aaf58bf46\",\"name\":\"admin\",\"image\":{\"@type\":\"ImageObject\",\"inLanguage\":\"ro-RO\",\"@id\":\"https:\/\/cronicahd.ro\/#\/schema\/person\/image\/\",\"url\":\"https:\/\/secure.gravatar.com\/avatar\/24700337280d10898c2e0d19d44a05316bff9fccc941ecc5570ffe41668203f7?s=96&d=mm&r=g\",\"contentUrl\":\"https:\/\/secure.gravatar.com\/avatar\/24700337280d10898c2e0d19d44a05316bff9fccc941ecc5570ffe41668203f7?s=96&d=mm&r=g\",\"caption\":\"admin\"},\"sameAs\":[\"https:\/\/cronicavj.ro\"],\"url\":\"https:\/\/cronicahd.ro\/?author=1\"}]}<\/script>\n<!-- \/ Yoast SEO plugin. -->","yoast_head_json":{"title":"Termocentrala Paro\u0219eni a \u00eemplinit azi 70 de ani -","robots":{"index":"index","follow":"follow","max-snippet":"max-snippet:-1","max-image-preview":"max-image-preview:large","max-video-preview":"max-video-preview:-1"},"canonical":"https:\/\/cronicahd.ro\/?p=7850","og_locale":"ro_RO","og_type":"article","og_title":"Termocentrala Paro\u0219eni a \u00eemplinit azi 70 de ani -","og_description":"15 aprilie, la ora 2:47, era pus \u00een func\u021biune \u00a0primul grup de 50 MW din...","og_url":"https:\/\/cronicahd.ro\/?p=7850","article_published_time":"2026-04-15T04:13:58+00:00","og_image":[{"width":2048,"height":1536,"url":"https:\/\/cronicahd.ro\/wp-content\/uploads\/2026\/04\/att.GZNwoHBx_ioKEbH9B3Tddpy0ncej7JkDmj0WAdmFjNE.jpeg","type":"image\/jpeg"}],"author":"admin","twitter_card":"summary_large_image","twitter_misc":{"Scris de":"admin","Timp estimat pentru citire":"2 minute"},"schema":{"@context":"https:\/\/schema.org","@graph":[{"@type":"WebPage","@id":"https:\/\/cronicahd.ro\/?p=7850","url":"https:\/\/cronicahd.ro\/?p=7850","name":"Termocentrala Paro\u0219eni a \u00eemplinit azi 70 de ani -","isPartOf":{"@id":"https:\/\/cronicahd.ro\/#website"},"primaryImageOfPage":{"@id":"https:\/\/cronicahd.ro\/?p=7850#primaryimage"},"image":{"@id":"https:\/\/cronicahd.ro\/?p=7850#primaryimage"},"thumbnailUrl":"https:\/\/cronicahd.ro\/wp-content\/uploads\/2026\/04\/att.GZNwoHBx_ioKEbH9B3Tddpy0ncej7JkDmj0WAdmFjNE.jpeg","datePublished":"2026-04-15T04:13:58+00:00","author":{"@id":"https:\/\/cronicahd.ro\/#\/schema\/person\/d1a1277a8cd166610328e17aaf58bf46"},"breadcrumb":{"@id":"https:\/\/cronicahd.ro\/?p=7850#breadcrumb"},"inLanguage":"ro-RO","potentialAction":[{"@type":"ReadAction","target":["https:\/\/cronicahd.ro\/?p=7850"]}]},{"@type":"ImageObject","inLanguage":"ro-RO","@id":"https:\/\/cronicahd.ro\/?p=7850#primaryimage","url":"https:\/\/cronicahd.ro\/wp-content\/uploads\/2026\/04\/att.GZNwoHBx_ioKEbH9B3Tddpy0ncej7JkDmj0WAdmFjNE.jpeg","contentUrl":"https:\/\/cronicahd.ro\/wp-content\/uploads\/2026\/04\/att.GZNwoHBx_ioKEbH9B3Tddpy0ncej7JkDmj0WAdmFjNE.jpeg","width":2048,"height":1536},{"@type":"BreadcrumbList","@id":"https:\/\/cronicahd.ro\/?p=7850#breadcrumb","itemListElement":[{"@type":"ListItem","position":1,"name":"Prima pagin\u0103","item":"https:\/\/cronicahd.ro\/"},{"@type":"ListItem","position":2,"name":"Termocentrala Paro\u0219eni a \u00eemplinit azi 70 de ani"}]},{"@type":"WebSite","@id":"https:\/\/cronicahd.ro\/#website","url":"https:\/\/cronicahd.ro\/","name":"","description":"","potentialAction":[{"@type":"SearchAction","target":{"@type":"EntryPoint","urlTemplate":"https:\/\/cronicahd.ro\/?s={search_term_string}"},"query-input":{"@type":"PropertyValueSpecification","valueRequired":true,"valueName":"search_term_string"}}],"inLanguage":"ro-RO"},{"@type":"Person","@id":"https:\/\/cronicahd.ro\/#\/schema\/person\/d1a1277a8cd166610328e17aaf58bf46","name":"admin","image":{"@type":"ImageObject","inLanguage":"ro-RO","@id":"https:\/\/cronicahd.ro\/#\/schema\/person\/image\/","url":"https:\/\/secure.gravatar.com\/avatar\/24700337280d10898c2e0d19d44a05316bff9fccc941ecc5570ffe41668203f7?s=96&d=mm&r=g","contentUrl":"https:\/\/secure.gravatar.com\/avatar\/24700337280d10898c2e0d19d44a05316bff9fccc941ecc5570ffe41668203f7?s=96&d=mm&r=g","caption":"admin"},"sameAs":["https:\/\/cronicavj.ro"],"url":"https:\/\/cronicahd.ro\/?author=1"}]}},"_links":{"self":[{"href":"https:\/\/cronicahd.ro\/index.php?rest_route=\/wp\/v2\/posts\/7850","targetHints":{"allow":["GET"]}}],"collection":[{"href":"https:\/\/cronicahd.ro\/index.php?rest_route=\/wp\/v2\/posts"}],"about":[{"href":"https:\/\/cronicahd.ro\/index.php?rest_route=\/wp\/v2\/types\/post"}],"author":[{"embeddable":true,"href":"https:\/\/cronicahd.ro\/index.php?rest_route=\/wp\/v2\/users\/1"}],"replies":[{"embeddable":true,"href":"https:\/\/cronicahd.ro\/index.php?rest_route=%2Fwp%2Fv2%2Fcomments&post=7850"}],"version-history":[{"count":1,"href":"https:\/\/cronicahd.ro\/index.php?rest_route=\/wp\/v2\/posts\/7850\/revisions"}],"predecessor-version":[{"id":7854,"href":"https:\/\/cronicahd.ro\/index.php?rest_route=\/wp\/v2\/posts\/7850\/revisions\/7854"}],"wp:featuredmedia":[{"embeddable":true,"href":"https:\/\/cronicahd.ro\/index.php?rest_route=\/wp\/v2\/media\/7853"}],"wp:attachment":[{"href":"https:\/\/cronicahd.ro\/index.php?rest_route=%2Fwp%2Fv2%2Fmedia&parent=7850"}],"wp:term":[{"taxonomy":"category","embeddable":true,"href":"https:\/\/cronicahd.ro\/index.php?rest_route=%2Fwp%2Fv2%2Fcategories&post=7850"},{"taxonomy":"post_tag","embeddable":true,"href":"https:\/\/cronicahd.ro\/index.php?rest_route=%2Fwp%2Fv2%2Ftags&post=7850"}],"curies":[{"name":"wp","href":"https:\/\/api.w.org\/{rel}","templated":true}]}}