{"id":7847,"date":"2026-04-15T04:12:01","date_gmt":"2026-04-15T04:12:01","guid":{"rendered":"https:\/\/cronicahd.ro\/?p=7847"},"modified":"2026-04-15T04:12:01","modified_gmt":"2026-04-15T04:12:01","slug":"festival-gastronomic-la-castelul-nopcsa-trei-zile-dedicate-gustului-autentic-hunedorean","status":"publish","type":"post","link":"https:\/\/cronicahd.ro\/?p=7847","title":{"rendered":"Festival Gastronomic la Castelul Nopcsa \u2013 trei zile dedicate gustului autentic hunedorean"},"content":{"rendered":"<p>&nbsp;<\/p>\n<p>\u00cen perioada 1\u20133 mai 2026, Castelul Nopcsa din satul S\u0103cel, comuna S\u00e2nt\u0103m\u0103ria Orlea, devine punctul de atrac\u021bie pentru iubitorii de tradi\u021bii \u0219i gastronomie. Evenimentul aduce \u00een prim-plan bog\u0103\u021bia culinar\u0103 a \u021a\u0103rii Ha\u021begului \u0219i a \u021ainutului P\u0103durenilor, \u00eentr-un cadru de poveste, la Castelul Nopcsa.<\/p>\n<p>Organizatorii propun un program variat, menit s\u0103 pun\u0103 \u00een valoare preparatele tradi\u021bionale \u0219i obiceiurile locale. Vizitatorii vor putea asista la un concurs de re\u021bete autentice, unde gospodine \u0219i buc\u0103tari iscusi\u021bi \u00ee\u0219i vor demonstra m\u0103iestria culinar\u0103, dar \u0219i s\u0103 deguste preparate preg\u0103tite pe loc, dup\u0103 re\u021bete transmise din genera\u021bie \u00een genera\u021bie.<\/p>\n<p>Pe l\u00e2ng\u0103 experien\u021ba gastronomic\u0103, festivalul va include un t\u00e2rg de produse locale, unde produc\u0103torii din zon\u0103 \u00ee\u0219i vor expune bun\u0103t\u0103\u021bile, de la br\u00e2nzeturi \u0219i mezeluri tradi\u021bionale, p\u00e2n\u0103 la dulciuri de cas\u0103 \u0219i b\u0103uturi specifice regiunii. Atmosfera va fi completat\u0103 de spectacole de muzic\u0103 popular\u0103 \u0219i momente artistice, menite s\u0103 ofere publicului o incursiune autentic\u0103 \u00een cultura hunedorean\u0103.<\/p>\n<p>Evenimentul se adreseaz\u0103 \u00eentregii familii, fiind preg\u0103tite \u0219i ateliere interactive pentru toate v\u00e2rstele, precum \u0219i surprize pentru cei mici \u0219i cei mari deopotriv\u0103. Astfel, festivalul nu este doar o celebrare a gastronomiei, ci \u0219i o oportunitate de a redescoperi tradi\u021biile \u0219i valorile locale.<\/p>\n<p>Prin organizarea acestui festival, autorit\u0103\u021bile \u0219i partenerii locali \u00ee\u0219i propun s\u0103 promoveze patrimoniul cultural \u0219i culinar al zonei, transform\u00e2nd Castelul Nopcsa \u00eentr-un reper al evenimentelor dedicate autenticit\u0103\u021bii \u0219i identit\u0103\u021bii locale.<\/p>\n<p>Festivalul Gastronomic de la Castelul Nopcsa promite, a\u0219adar, un weekend plin de culoare, arome \u0219i experien\u021be memorabile, \u00eentr-un decor \u00eenc\u0103rcat de istorie.<\/p>\n","protected":false},"excerpt":{"rendered":"<p>&nbsp; \u00cen perioada 1\u20133 mai 2026, Castelul Nopcsa din satul S\u0103cel, comuna S\u00e2nt\u0103m\u0103ria Orlea, devine&#8230;<\/p>\n","protected":false},"author":1,"featured_media":7848,"comment_status":"closed","ping_status":"closed","sticky":false,"template":"","format":"standard","meta":{"footnotes":""},"categories":[1,17],"tags":[],"class_list":["post-7847","post","type-post","status-publish","format-standard","has-post-thumbnail","hentry","category-actual","category-cultura"],"yoast_head":"<!-- This site is optimized with the Yoast SEO plugin v25.3.1 - https:\/\/yoast.com\/wordpress\/plugins\/seo\/ -->\n<title>Festival Gastronomic la Castelul Nopcsa \u2013 trei zile dedicate gustului autentic hunedorean -<\/title>\n<meta name=\"robots\" content=\"index, follow, max-snippet:-1, max-image-preview:large, max-video-preview:-1\" \/>\n<link rel=\"canonical\" href=\"https:\/\/cronicahd.ro\/?p=7847\" \/>\n<meta property=\"og:locale\" content=\"ro_RO\" \/>\n<meta property=\"og:type\" content=\"article\" \/>\n<meta property=\"og:title\" content=\"Festival Gastronomic la Castelul Nopcsa \u2013 trei zile dedicate gustului autentic hunedorean -\" \/>\n<meta property=\"og:description\" content=\"&nbsp; \u00cen perioada 1\u20133 mai 2026, Castelul Nopcsa din satul S\u0103cel, comuna S\u00e2nt\u0103m\u0103ria Orlea, devine...\" \/>\n<meta property=\"og:url\" content=\"https:\/\/cronicahd.ro\/?p=7847\" \/>\n<meta property=\"article:published_time\" content=\"2026-04-15T04:12:01+00:00\" \/>\n<meta property=\"og:image\" content=\"https:\/\/cronicahd.ro\/wp-content\/uploads\/2026\/04\/IMG_6474.jpeg\" \/>\n\t<meta property=\"og:image:width\" content=\"1131\" \/>\n\t<meta property=\"og:image:height\" content=\"1600\" \/>\n\t<meta property=\"og:image:type\" content=\"image\/jpeg\" \/>\n<meta name=\"author\" content=\"admin\" \/>\n<meta name=\"twitter:card\" content=\"summary_large_image\" \/>\n<meta name=\"twitter:label1\" content=\"Scris de\" \/>\n\t<meta name=\"twitter:data1\" content=\"admin\" \/>\n\t<meta name=\"twitter:label2\" content=\"Timp estimat pentru citire\" \/>\n\t<meta name=\"twitter:data2\" content=\"2 minute\" \/>\n<script type=\"application\/ld+json\" class=\"yoast-schema-graph\">{\"@context\":\"https:\/\/schema.org\",\"@graph\":[{\"@type\":\"WebPage\",\"@id\":\"https:\/\/cronicahd.ro\/?p=7847\",\"url\":\"https:\/\/cronicahd.ro\/?p=7847\",\"name\":\"Festival Gastronomic la Castelul Nopcsa \u2013 trei zile dedicate gustului autentic hunedorean -\",\"isPartOf\":{\"@id\":\"https:\/\/cronicahd.ro\/#website\"},\"primaryImageOfPage\":{\"@id\":\"https:\/\/cronicahd.ro\/?p=7847#primaryimage\"},\"image\":{\"@id\":\"https:\/\/cronicahd.ro\/?p=7847#primaryimage\"},\"thumbnailUrl\":\"https:\/\/cronicahd.ro\/wp-content\/uploads\/2026\/04\/IMG_6474.jpeg\",\"datePublished\":\"2026-04-15T04:12:01+00:00\",\"author\":{\"@id\":\"https:\/\/cronicahd.ro\/#\/schema\/person\/d1a1277a8cd166610328e17aaf58bf46\"},\"breadcrumb\":{\"@id\":\"https:\/\/cronicahd.ro\/?p=7847#breadcrumb\"},\"inLanguage\":\"ro-RO\",\"potentialAction\":[{\"@type\":\"ReadAction\",\"target\":[\"https:\/\/cronicahd.ro\/?p=7847\"]}]},{\"@type\":\"ImageObject\",\"inLanguage\":\"ro-RO\",\"@id\":\"https:\/\/cronicahd.ro\/?p=7847#primaryimage\",\"url\":\"https:\/\/cronicahd.ro\/wp-content\/uploads\/2026\/04\/IMG_6474.jpeg\",\"contentUrl\":\"https:\/\/cronicahd.ro\/wp-content\/uploads\/2026\/04\/IMG_6474.jpeg\",\"width\":1131,\"height\":1600},{\"@type\":\"BreadcrumbList\",\"@id\":\"https:\/\/cronicahd.ro\/?p=7847#breadcrumb\",\"itemListElement\":[{\"@type\":\"ListItem\",\"position\":1,\"name\":\"Prima pagin\u0103\",\"item\":\"https:\/\/cronicahd.ro\/\"},{\"@type\":\"ListItem\",\"position\":2,\"name\":\"Festival Gastronomic la Castelul Nopcsa \u2013 trei zile dedicate gustului autentic hunedorean\"}]},{\"@type\":\"WebSite\",\"@id\":\"https:\/\/cronicahd.ro\/#website\",\"url\":\"https:\/\/cronicahd.ro\/\",\"name\":\"\",\"description\":\"\",\"potentialAction\":[{\"@type\":\"SearchAction\",\"target\":{\"@type\":\"EntryPoint\",\"urlTemplate\":\"https:\/\/cronicahd.ro\/?s={search_term_string}\"},\"query-input\":{\"@type\":\"PropertyValueSpecification\",\"valueRequired\":true,\"valueName\":\"search_term_string\"}}],\"inLanguage\":\"ro-RO\"},{\"@type\":\"Person\",\"@id\":\"https:\/\/cronicahd.ro\/#\/schema\/person\/d1a1277a8cd166610328e17aaf58bf46\",\"name\":\"admin\",\"image\":{\"@type\":\"ImageObject\",\"inLanguage\":\"ro-RO\",\"@id\":\"https:\/\/cronicahd.ro\/#\/schema\/person\/image\/\",\"url\":\"https:\/\/secure.gravatar.com\/avatar\/24700337280d10898c2e0d19d44a05316bff9fccc941ecc5570ffe41668203f7?s=96&d=mm&r=g\",\"contentUrl\":\"https:\/\/secure.gravatar.com\/avatar\/24700337280d10898c2e0d19d44a05316bff9fccc941ecc5570ffe41668203f7?s=96&d=mm&r=g\",\"caption\":\"admin\"},\"sameAs\":[\"https:\/\/cronicavj.ro\"],\"url\":\"https:\/\/cronicahd.ro\/?author=1\"}]}<\/script>\n<!-- \/ Yoast SEO plugin. -->","yoast_head_json":{"title":"Festival Gastronomic la Castelul Nopcsa \u2013 trei zile dedicate gustului autentic hunedorean -","robots":{"index":"index","follow":"follow","max-snippet":"max-snippet:-1","max-image-preview":"max-image-preview:large","max-video-preview":"max-video-preview:-1"},"canonical":"https:\/\/cronicahd.ro\/?p=7847","og_locale":"ro_RO","og_type":"article","og_title":"Festival Gastronomic la Castelul Nopcsa \u2013 trei zile dedicate gustului autentic hunedorean -","og_description":"&nbsp; \u00cen perioada 1\u20133 mai 2026, Castelul Nopcsa din satul S\u0103cel, comuna S\u00e2nt\u0103m\u0103ria Orlea, devine...","og_url":"https:\/\/cronicahd.ro\/?p=7847","article_published_time":"2026-04-15T04:12:01+00:00","og_image":[{"width":1131,"height":1600,"url":"https:\/\/cronicahd.ro\/wp-content\/uploads\/2026\/04\/IMG_6474.jpeg","type":"image\/jpeg"}],"author":"admin","twitter_card":"summary_large_image","twitter_misc":{"Scris de":"admin","Timp estimat pentru citire":"2 minute"},"schema":{"@context":"https:\/\/schema.org","@graph":[{"@type":"WebPage","@id":"https:\/\/cronicahd.ro\/?p=7847","url":"https:\/\/cronicahd.ro\/?p=7847","name":"Festival Gastronomic la Castelul Nopcsa \u2013 trei zile dedicate gustului autentic hunedorean -","isPartOf":{"@id":"https:\/\/cronicahd.ro\/#website"},"primaryImageOfPage":{"@id":"https:\/\/cronicahd.ro\/?p=7847#primaryimage"},"image":{"@id":"https:\/\/cronicahd.ro\/?p=7847#primaryimage"},"thumbnailUrl":"https:\/\/cronicahd.ro\/wp-content\/uploads\/2026\/04\/IMG_6474.jpeg","datePublished":"2026-04-15T04:12:01+00:00","author":{"@id":"https:\/\/cronicahd.ro\/#\/schema\/person\/d1a1277a8cd166610328e17aaf58bf46"},"breadcrumb":{"@id":"https:\/\/cronicahd.ro\/?p=7847#breadcrumb"},"inLanguage":"ro-RO","potentialAction":[{"@type":"ReadAction","target":["https:\/\/cronicahd.ro\/?p=7847"]}]},{"@type":"ImageObject","inLanguage":"ro-RO","@id":"https:\/\/cronicahd.ro\/?p=7847#primaryimage","url":"https:\/\/cronicahd.ro\/wp-content\/uploads\/2026\/04\/IMG_6474.jpeg","contentUrl":"https:\/\/cronicahd.ro\/wp-content\/uploads\/2026\/04\/IMG_6474.jpeg","width":1131,"height":1600},{"@type":"BreadcrumbList","@id":"https:\/\/cronicahd.ro\/?p=7847#breadcrumb","itemListElement":[{"@type":"ListItem","position":1,"name":"Prima pagin\u0103","item":"https:\/\/cronicahd.ro\/"},{"@type":"ListItem","position":2,"name":"Festival Gastronomic la Castelul Nopcsa \u2013 trei zile dedicate gustului autentic hunedorean"}]},{"@type":"WebSite","@id":"https:\/\/cronicahd.ro\/#website","url":"https:\/\/cronicahd.ro\/","name":"","description":"","potentialAction":[{"@type":"SearchAction","target":{"@type":"EntryPoint","urlTemplate":"https:\/\/cronicahd.ro\/?s={search_term_string}"},"query-input":{"@type":"PropertyValueSpecification","valueRequired":true,"valueName":"search_term_string"}}],"inLanguage":"ro-RO"},{"@type":"Person","@id":"https:\/\/cronicahd.ro\/#\/schema\/person\/d1a1277a8cd166610328e17aaf58bf46","name":"admin","image":{"@type":"ImageObject","inLanguage":"ro-RO","@id":"https:\/\/cronicahd.ro\/#\/schema\/person\/image\/","url":"https:\/\/secure.gravatar.com\/avatar\/24700337280d10898c2e0d19d44a05316bff9fccc941ecc5570ffe41668203f7?s=96&d=mm&r=g","contentUrl":"https:\/\/secure.gravatar.com\/avatar\/24700337280d10898c2e0d19d44a05316bff9fccc941ecc5570ffe41668203f7?s=96&d=mm&r=g","caption":"admin"},"sameAs":["https:\/\/cronicavj.ro"],"url":"https:\/\/cronicahd.ro\/?author=1"}]}},"_links":{"self":[{"href":"https:\/\/cronicahd.ro\/index.php?rest_route=\/wp\/v2\/posts\/7847","targetHints":{"allow":["GET"]}}],"collection":[{"href":"https:\/\/cronicahd.ro\/index.php?rest_route=\/wp\/v2\/posts"}],"about":[{"href":"https:\/\/cronicahd.ro\/index.php?rest_route=\/wp\/v2\/types\/post"}],"author":[{"embeddable":true,"href":"https:\/\/cronicahd.ro\/index.php?rest_route=\/wp\/v2\/users\/1"}],"replies":[{"embeddable":true,"href":"https:\/\/cronicahd.ro\/index.php?rest_route=%2Fwp%2Fv2%2Fcomments&post=7847"}],"version-history":[{"count":1,"href":"https:\/\/cronicahd.ro\/index.php?rest_route=\/wp\/v2\/posts\/7847\/revisions"}],"predecessor-version":[{"id":7849,"href":"https:\/\/cronicahd.ro\/index.php?rest_route=\/wp\/v2\/posts\/7847\/revisions\/7849"}],"wp:featuredmedia":[{"embeddable":true,"href":"https:\/\/cronicahd.ro\/index.php?rest_route=\/wp\/v2\/media\/7848"}],"wp:attachment":[{"href":"https:\/\/cronicahd.ro\/index.php?rest_route=%2Fwp%2Fv2%2Fmedia&parent=7847"}],"wp:term":[{"taxonomy":"category","embeddable":true,"href":"https:\/\/cronicahd.ro\/index.php?rest_route=%2Fwp%2Fv2%2Fcategories&post=7847"},{"taxonomy":"post_tag","embeddable":true,"href":"https:\/\/cronicahd.ro\/index.php?rest_route=%2Fwp%2Fv2%2Ftags&post=7847"}],"curies":[{"name":"wp","href":"https:\/\/api.w.org\/{rel}","templated":true}]}}