{"id":7843,"date":"2026-04-14T16:32:01","date_gmt":"2026-04-14T16:32:01","guid":{"rendered":"https:\/\/cronicahd.ro\/?p=7843"},"modified":"2026-04-14T16:32:01","modified_gmt":"2026-04-14T16:32:01","slug":"accident-grav-cu-atv-ul-la-petrila-victima-preluata-de-elicopterul-smurd","status":"publish","type":"post","link":"https:\/\/cronicahd.ro\/?p=7843","title":{"rendered":"Accident grav cu ATV-ul la Petrila: victim\u0103 preluat\u0103 de elicopterul SMURD"},"content":{"rendered":"<p>Un b\u0103rbat \u00een v\u00e2rst\u0103 de aproximativ 43 de ani a fost grav r\u0103nit \u00een urma unui accident produs mar\u021bi dup\u0103-amiaz\u0103, \u00een localitatea Petrila, \u00een zona cunoscut\u0103 sub denumirea \u201eDealul Crucii\u201d.<\/p>\n<p><img loading=\"lazy\" decoding=\"async\" class=\"alignnone size-medium wp-image-7844\" src=\"https:\/\/cronicahd.ro\/wp-content\/uploads\/2026\/04\/de3f8fbb-2389-42f3-8279-c4ad96aaac1a-135x300.jpeg\" alt=\"\" width=\"135\" height=\"300\" srcset=\"https:\/\/cronicahd.ro\/wp-content\/uploads\/2026\/04\/de3f8fbb-2389-42f3-8279-c4ad96aaac1a-135x300.jpeg 135w, https:\/\/cronicahd.ro\/wp-content\/uploads\/2026\/04\/de3f8fbb-2389-42f3-8279-c4ad96aaac1a-461x1024.jpeg 461w, https:\/\/cronicahd.ro\/wp-content\/uploads\/2026\/04\/de3f8fbb-2389-42f3-8279-c4ad96aaac1a-692x1536.jpeg 692w, https:\/\/cronicahd.ro\/wp-content\/uploads\/2026\/04\/de3f8fbb-2389-42f3-8279-c4ad96aaac1a.jpeg 721w\" sizes=\"auto, (max-width: 135px) 100vw, 135px\" \/><\/p>\n<p>Potrivit informa\u021biilor transmise de ISU Hunedoara, b\u0103rbatul se deplasa cu un ATV \u00een momentul \u00een care a suferit o c\u0103dere, \u00een urma c\u0103reia a suferit mai multe fracturi \u0219i r\u0103ni.<\/p>\n<p>La locul interven\u021biei au fost mobilizate de urgen\u021b\u0103 echipaje ale SMURD \u2013 Deta\u0219amentul Petro\u0219ani, ale Serviciului de Ambulan\u021b\u0103 Jude\u021bean Hunedoara, dar \u0219i salvamonti\u0219ti din cadrul Serviciul Public Jude\u021bean Salvamont Hunedoara.<\/p>\n<p>Interven\u021bia s-a desf\u0103\u0219urat \u00een condi\u021bii dificile, \u00eentruc\u00e2t zona accidentului era greu accesibil\u0103, cu teren accidentat, imposibil de parcurs de autospecialele de interven\u021bie. \u00cen aceste condi\u021bii, salvatorii au solicitat sprijin aerian.<\/p>\n<p>Dup\u0103 acordarea primului ajutor medical calificat \u0219i stabilizarea victimei, aceasta a fost preg\u0103tit\u0103 pentru transport aerian \u0219i preluat\u0103 de un elicopter SMURD. B\u0103rbatul a fost transportat la Unitatea de Primiri Urgen\u021be Petro\u0219ani, unde a beneficiat de investiga\u021bii suplimentare \u0219i \u00eengrijiri medicale de specialitate.<\/p>\n<p>Cazul r\u0103m\u00e2ne \u00een aten\u021bia autorit\u0103\u021bilor, urm\u00e2nd a fi stabilite cu exactitate circumstan\u021bele \u00een care s-a produs accidentul.<\/p>\n","protected":false},"excerpt":{"rendered":"<p>Un b\u0103rbat \u00een v\u00e2rst\u0103 de aproximativ 43 de ani a fost grav r\u0103nit \u00een urma&#8230;<\/p>\n","protected":false},"author":1,"featured_media":7845,"comment_status":"closed","ping_status":"closed","sticky":false,"template":"","format":"standard","meta":{"footnotes":""},"categories":[1,15],"tags":[],"class_list":["post-7843","post","type-post","status-publish","format-standard","has-post-thumbnail","hentry","category-actual","category-eveniment"],"yoast_head":"<!-- This site is optimized with the Yoast SEO plugin v25.3.1 - https:\/\/yoast.com\/wordpress\/plugins\/seo\/ -->\n<title>Accident grav cu ATV-ul la Petrila: victim\u0103 preluat\u0103 de elicopterul SMURD -<\/title>\n<meta name=\"robots\" content=\"index, follow, max-snippet:-1, max-image-preview:large, max-video-preview:-1\" \/>\n<link rel=\"canonical\" href=\"https:\/\/cronicahd.ro\/?p=7843\" \/>\n<meta property=\"og:locale\" content=\"ro_RO\" \/>\n<meta property=\"og:type\" content=\"article\" \/>\n<meta property=\"og:title\" content=\"Accident grav cu ATV-ul la Petrila: victim\u0103 preluat\u0103 de elicopterul SMURD -\" \/>\n<meta property=\"og:description\" content=\"Un b\u0103rbat \u00een v\u00e2rst\u0103 de aproximativ 43 de ani a fost grav r\u0103nit \u00een urma...\" \/>\n<meta property=\"og:url\" content=\"https:\/\/cronicahd.ro\/?p=7843\" \/>\n<meta property=\"article:published_time\" content=\"2026-04-14T16:32:01+00:00\" \/>\n<meta property=\"og:image\" content=\"https:\/\/cronicahd.ro\/wp-content\/uploads\/2026\/04\/17c13dad-ee63-4eea-a484-7034df72e8ce.jpeg\" \/>\n\t<meta property=\"og:image:width\" content=\"1600\" \/>\n\t<meta property=\"og:image:height\" content=\"1200\" \/>\n\t<meta property=\"og:image:type\" content=\"image\/jpeg\" \/>\n<meta name=\"author\" content=\"admin\" \/>\n<meta name=\"twitter:card\" content=\"summary_large_image\" \/>\n<meta name=\"twitter:label1\" content=\"Scris de\" \/>\n\t<meta name=\"twitter:data1\" content=\"admin\" \/>\n\t<meta name=\"twitter:label2\" content=\"Timp estimat pentru citire\" \/>\n\t<meta name=\"twitter:data2\" content=\"2 minute\" \/>\n<script type=\"application\/ld+json\" class=\"yoast-schema-graph\">{\"@context\":\"https:\/\/schema.org\",\"@graph\":[{\"@type\":\"WebPage\",\"@id\":\"https:\/\/cronicahd.ro\/?p=7843\",\"url\":\"https:\/\/cronicahd.ro\/?p=7843\",\"name\":\"Accident grav cu ATV-ul la Petrila: victim\u0103 preluat\u0103 de elicopterul SMURD -\",\"isPartOf\":{\"@id\":\"https:\/\/cronicahd.ro\/#website\"},\"primaryImageOfPage\":{\"@id\":\"https:\/\/cronicahd.ro\/?p=7843#primaryimage\"},\"image\":{\"@id\":\"https:\/\/cronicahd.ro\/?p=7843#primaryimage\"},\"thumbnailUrl\":\"https:\/\/cronicahd.ro\/wp-content\/uploads\/2026\/04\/17c13dad-ee63-4eea-a484-7034df72e8ce.jpeg\",\"datePublished\":\"2026-04-14T16:32:01+00:00\",\"author\":{\"@id\":\"https:\/\/cronicahd.ro\/#\/schema\/person\/d1a1277a8cd166610328e17aaf58bf46\"},\"breadcrumb\":{\"@id\":\"https:\/\/cronicahd.ro\/?p=7843#breadcrumb\"},\"inLanguage\":\"ro-RO\",\"potentialAction\":[{\"@type\":\"ReadAction\",\"target\":[\"https:\/\/cronicahd.ro\/?p=7843\"]}]},{\"@type\":\"ImageObject\",\"inLanguage\":\"ro-RO\",\"@id\":\"https:\/\/cronicahd.ro\/?p=7843#primaryimage\",\"url\":\"https:\/\/cronicahd.ro\/wp-content\/uploads\/2026\/04\/17c13dad-ee63-4eea-a484-7034df72e8ce.jpeg\",\"contentUrl\":\"https:\/\/cronicahd.ro\/wp-content\/uploads\/2026\/04\/17c13dad-ee63-4eea-a484-7034df72e8ce.jpeg\",\"width\":1600,\"height\":1200},{\"@type\":\"BreadcrumbList\",\"@id\":\"https:\/\/cronicahd.ro\/?p=7843#breadcrumb\",\"itemListElement\":[{\"@type\":\"ListItem\",\"position\":1,\"name\":\"Prima pagin\u0103\",\"item\":\"https:\/\/cronicahd.ro\/\"},{\"@type\":\"ListItem\",\"position\":2,\"name\":\"Accident grav cu ATV-ul la Petrila: victim\u0103 preluat\u0103 de elicopterul SMURD\"}]},{\"@type\":\"WebSite\",\"@id\":\"https:\/\/cronicahd.ro\/#website\",\"url\":\"https:\/\/cronicahd.ro\/\",\"name\":\"\",\"description\":\"\",\"potentialAction\":[{\"@type\":\"SearchAction\",\"target\":{\"@type\":\"EntryPoint\",\"urlTemplate\":\"https:\/\/cronicahd.ro\/?s={search_term_string}\"},\"query-input\":{\"@type\":\"PropertyValueSpecification\",\"valueRequired\":true,\"valueName\":\"search_term_string\"}}],\"inLanguage\":\"ro-RO\"},{\"@type\":\"Person\",\"@id\":\"https:\/\/cronicahd.ro\/#\/schema\/person\/d1a1277a8cd166610328e17aaf58bf46\",\"name\":\"admin\",\"image\":{\"@type\":\"ImageObject\",\"inLanguage\":\"ro-RO\",\"@id\":\"https:\/\/cronicahd.ro\/#\/schema\/person\/image\/\",\"url\":\"https:\/\/secure.gravatar.com\/avatar\/24700337280d10898c2e0d19d44a05316bff9fccc941ecc5570ffe41668203f7?s=96&d=mm&r=g\",\"contentUrl\":\"https:\/\/secure.gravatar.com\/avatar\/24700337280d10898c2e0d19d44a05316bff9fccc941ecc5570ffe41668203f7?s=96&d=mm&r=g\",\"caption\":\"admin\"},\"sameAs\":[\"https:\/\/cronicavj.ro\"],\"url\":\"https:\/\/cronicahd.ro\/?author=1\"}]}<\/script>\n<!-- \/ Yoast SEO plugin. -->","yoast_head_json":{"title":"Accident grav cu ATV-ul la Petrila: victim\u0103 preluat\u0103 de elicopterul SMURD -","robots":{"index":"index","follow":"follow","max-snippet":"max-snippet:-1","max-image-preview":"max-image-preview:large","max-video-preview":"max-video-preview:-1"},"canonical":"https:\/\/cronicahd.ro\/?p=7843","og_locale":"ro_RO","og_type":"article","og_title":"Accident grav cu ATV-ul la Petrila: victim\u0103 preluat\u0103 de elicopterul SMURD -","og_description":"Un b\u0103rbat \u00een v\u00e2rst\u0103 de aproximativ 43 de ani a fost grav r\u0103nit \u00een urma...","og_url":"https:\/\/cronicahd.ro\/?p=7843","article_published_time":"2026-04-14T16:32:01+00:00","og_image":[{"width":1600,"height":1200,"url":"https:\/\/cronicahd.ro\/wp-content\/uploads\/2026\/04\/17c13dad-ee63-4eea-a484-7034df72e8ce.jpeg","type":"image\/jpeg"}],"author":"admin","twitter_card":"summary_large_image","twitter_misc":{"Scris de":"admin","Timp estimat pentru citire":"2 minute"},"schema":{"@context":"https:\/\/schema.org","@graph":[{"@type":"WebPage","@id":"https:\/\/cronicahd.ro\/?p=7843","url":"https:\/\/cronicahd.ro\/?p=7843","name":"Accident grav cu ATV-ul la Petrila: victim\u0103 preluat\u0103 de elicopterul SMURD -","isPartOf":{"@id":"https:\/\/cronicahd.ro\/#website"},"primaryImageOfPage":{"@id":"https:\/\/cronicahd.ro\/?p=7843#primaryimage"},"image":{"@id":"https:\/\/cronicahd.ro\/?p=7843#primaryimage"},"thumbnailUrl":"https:\/\/cronicahd.ro\/wp-content\/uploads\/2026\/04\/17c13dad-ee63-4eea-a484-7034df72e8ce.jpeg","datePublished":"2026-04-14T16:32:01+00:00","author":{"@id":"https:\/\/cronicahd.ro\/#\/schema\/person\/d1a1277a8cd166610328e17aaf58bf46"},"breadcrumb":{"@id":"https:\/\/cronicahd.ro\/?p=7843#breadcrumb"},"inLanguage":"ro-RO","potentialAction":[{"@type":"ReadAction","target":["https:\/\/cronicahd.ro\/?p=7843"]}]},{"@type":"ImageObject","inLanguage":"ro-RO","@id":"https:\/\/cronicahd.ro\/?p=7843#primaryimage","url":"https:\/\/cronicahd.ro\/wp-content\/uploads\/2026\/04\/17c13dad-ee63-4eea-a484-7034df72e8ce.jpeg","contentUrl":"https:\/\/cronicahd.ro\/wp-content\/uploads\/2026\/04\/17c13dad-ee63-4eea-a484-7034df72e8ce.jpeg","width":1600,"height":1200},{"@type":"BreadcrumbList","@id":"https:\/\/cronicahd.ro\/?p=7843#breadcrumb","itemListElement":[{"@type":"ListItem","position":1,"name":"Prima pagin\u0103","item":"https:\/\/cronicahd.ro\/"},{"@type":"ListItem","position":2,"name":"Accident grav cu ATV-ul la Petrila: victim\u0103 preluat\u0103 de elicopterul SMURD"}]},{"@type":"WebSite","@id":"https:\/\/cronicahd.ro\/#website","url":"https:\/\/cronicahd.ro\/","name":"","description":"","potentialAction":[{"@type":"SearchAction","target":{"@type":"EntryPoint","urlTemplate":"https:\/\/cronicahd.ro\/?s={search_term_string}"},"query-input":{"@type":"PropertyValueSpecification","valueRequired":true,"valueName":"search_term_string"}}],"inLanguage":"ro-RO"},{"@type":"Person","@id":"https:\/\/cronicahd.ro\/#\/schema\/person\/d1a1277a8cd166610328e17aaf58bf46","name":"admin","image":{"@type":"ImageObject","inLanguage":"ro-RO","@id":"https:\/\/cronicahd.ro\/#\/schema\/person\/image\/","url":"https:\/\/secure.gravatar.com\/avatar\/24700337280d10898c2e0d19d44a05316bff9fccc941ecc5570ffe41668203f7?s=96&d=mm&r=g","contentUrl":"https:\/\/secure.gravatar.com\/avatar\/24700337280d10898c2e0d19d44a05316bff9fccc941ecc5570ffe41668203f7?s=96&d=mm&r=g","caption":"admin"},"sameAs":["https:\/\/cronicavj.ro"],"url":"https:\/\/cronicahd.ro\/?author=1"}]}},"_links":{"self":[{"href":"https:\/\/cronicahd.ro\/index.php?rest_route=\/wp\/v2\/posts\/7843","targetHints":{"allow":["GET"]}}],"collection":[{"href":"https:\/\/cronicahd.ro\/index.php?rest_route=\/wp\/v2\/posts"}],"about":[{"href":"https:\/\/cronicahd.ro\/index.php?rest_route=\/wp\/v2\/types\/post"}],"author":[{"embeddable":true,"href":"https:\/\/cronicahd.ro\/index.php?rest_route=\/wp\/v2\/users\/1"}],"replies":[{"embeddable":true,"href":"https:\/\/cronicahd.ro\/index.php?rest_route=%2Fwp%2Fv2%2Fcomments&post=7843"}],"version-history":[{"count":1,"href":"https:\/\/cronicahd.ro\/index.php?rest_route=\/wp\/v2\/posts\/7843\/revisions"}],"predecessor-version":[{"id":7846,"href":"https:\/\/cronicahd.ro\/index.php?rest_route=\/wp\/v2\/posts\/7843\/revisions\/7846"}],"wp:featuredmedia":[{"embeddable":true,"href":"https:\/\/cronicahd.ro\/index.php?rest_route=\/wp\/v2\/media\/7845"}],"wp:attachment":[{"href":"https:\/\/cronicahd.ro\/index.php?rest_route=%2Fwp%2Fv2%2Fmedia&parent=7843"}],"wp:term":[{"taxonomy":"category","embeddable":true,"href":"https:\/\/cronicahd.ro\/index.php?rest_route=%2Fwp%2Fv2%2Fcategories&post=7843"},{"taxonomy":"post_tag","embeddable":true,"href":"https:\/\/cronicahd.ro\/index.php?rest_route=%2Fwp%2Fv2%2Ftags&post=7843"}],"curies":[{"name":"wp","href":"https:\/\/api.w.org\/{rel}","templated":true}]}}