{"id":7840,"date":"2026-04-14T15:32:57","date_gmt":"2026-04-14T15:32:57","guid":{"rendered":"https:\/\/cronicahd.ro\/?p=7840"},"modified":"2026-04-14T15:32:57","modified_gmt":"2026-04-14T15:32:57","slug":"barbat-rasturnat-cu-un-atv-in-munte-s-a-cerut-un-elicopter","status":"publish","type":"post","link":"https:\/\/cronicahd.ro\/?p=7840","title":{"rendered":"B\u0103rbat r\u0103sturnat cu un ATV \u00een munte. S-a cerut un elicopter"},"content":{"rendered":"<p>&nbsp;<\/p>\n<p>Un b\u0103rbat a fost r\u0103nit, dup\u0103 ce a suferit un accident cu un ATV, \u00eentr-o zon\u0103 greu accesibil\u0103. La el au ajuns salvamonti\u0219tii \u0219i un echipaj SMURD. Ace\u0219tia au cerut \u0219i un elicopter pentru a transporta victima \u00een siguran\u021b\u0103.<\/p>\n<p>&#8222;Avem o ac\u021biune \u00een desf\u0103\u0219urarw.. O echip\u0103 a\u00a0 Serviciului Salvamont al Consiliului Judetean Hunedoara, \u00eempreun\u0103 cu un echipaj SMURD ac\u021bioneaz\u0103\u00a0 pentru acordarea primului ajutor unei victime care s-a r\u0103sturnat cu ATV-ul \u00eentr-o zon\u0103 greu accesibil\u0103 a Mun\u021bilor \u0218ureanu. Victima prezint\u0103 politraumatisme \u0219i s-a solicitat ajutorul unui echipaj aero. Revenim cu amanunte&#8221;, spun salvamonti\u0219tii hunedoreni.<\/p>\n","protected":false},"excerpt":{"rendered":"<p>&nbsp; Un b\u0103rbat a fost r\u0103nit, dup\u0103 ce a suferit un accident cu un ATV,&#8230;<\/p>\n","protected":false},"author":1,"featured_media":7841,"comment_status":"closed","ping_status":"closed","sticky":false,"template":"","format":"standard","meta":{"footnotes":""},"categories":[1,15],"tags":[],"class_list":["post-7840","post","type-post","status-publish","format-standard","has-post-thumbnail","hentry","category-actual","category-eveniment"],"yoast_head":"<!-- This site is optimized with the Yoast SEO plugin v25.3.1 - https:\/\/yoast.com\/wordpress\/plugins\/seo\/ -->\n<title>B\u0103rbat r\u0103sturnat cu un ATV \u00een munte. S-a cerut un elicopter -<\/title>\n<meta name=\"robots\" content=\"index, follow, max-snippet:-1, max-image-preview:large, max-video-preview:-1\" \/>\n<link rel=\"canonical\" href=\"https:\/\/cronicahd.ro\/?p=7840\" \/>\n<meta property=\"og:locale\" content=\"ro_RO\" \/>\n<meta property=\"og:type\" content=\"article\" \/>\n<meta property=\"og:title\" content=\"B\u0103rbat r\u0103sturnat cu un ATV \u00een munte. S-a cerut un elicopter -\" \/>\n<meta property=\"og:description\" content=\"&nbsp; Un b\u0103rbat a fost r\u0103nit, dup\u0103 ce a suferit un accident cu un ATV,...\" \/>\n<meta property=\"og:url\" content=\"https:\/\/cronicahd.ro\/?p=7840\" \/>\n<meta property=\"article:published_time\" content=\"2026-04-14T15:32:57+00:00\" \/>\n<meta property=\"og:image\" content=\"https:\/\/cronicahd.ro\/wp-content\/uploads\/2026\/04\/att.t3x4rlbVx2L1NIiwsxk-UZT8340RIIaoEgEC8deUbCo.jpeg\" \/>\n\t<meta property=\"og:image:width\" content=\"2040\" \/>\n\t<meta property=\"og:image:height\" content=\"920\" \/>\n\t<meta property=\"og:image:type\" content=\"image\/jpeg\" \/>\n<meta name=\"author\" content=\"admin\" \/>\n<meta name=\"twitter:card\" content=\"summary_large_image\" \/>\n<meta name=\"twitter:label1\" content=\"Scris de\" \/>\n\t<meta name=\"twitter:data1\" content=\"admin\" \/>\n\t<meta name=\"twitter:label2\" content=\"Timp estimat pentru citire\" \/>\n\t<meta name=\"twitter:data2\" content=\"1 minut\" \/>\n<script type=\"application\/ld+json\" class=\"yoast-schema-graph\">{\"@context\":\"https:\/\/schema.org\",\"@graph\":[{\"@type\":\"WebPage\",\"@id\":\"https:\/\/cronicahd.ro\/?p=7840\",\"url\":\"https:\/\/cronicahd.ro\/?p=7840\",\"name\":\"B\u0103rbat r\u0103sturnat cu un ATV \u00een munte. S-a cerut un elicopter -\",\"isPartOf\":{\"@id\":\"https:\/\/cronicahd.ro\/#website\"},\"primaryImageOfPage\":{\"@id\":\"https:\/\/cronicahd.ro\/?p=7840#primaryimage\"},\"image\":{\"@id\":\"https:\/\/cronicahd.ro\/?p=7840#primaryimage\"},\"thumbnailUrl\":\"https:\/\/cronicahd.ro\/wp-content\/uploads\/2026\/04\/att.t3x4rlbVx2L1NIiwsxk-UZT8340RIIaoEgEC8deUbCo.jpeg\",\"datePublished\":\"2026-04-14T15:32:57+00:00\",\"author\":{\"@id\":\"https:\/\/cronicahd.ro\/#\/schema\/person\/d1a1277a8cd166610328e17aaf58bf46\"},\"breadcrumb\":{\"@id\":\"https:\/\/cronicahd.ro\/?p=7840#breadcrumb\"},\"inLanguage\":\"ro-RO\",\"potentialAction\":[{\"@type\":\"ReadAction\",\"target\":[\"https:\/\/cronicahd.ro\/?p=7840\"]}]},{\"@type\":\"ImageObject\",\"inLanguage\":\"ro-RO\",\"@id\":\"https:\/\/cronicahd.ro\/?p=7840#primaryimage\",\"url\":\"https:\/\/cronicahd.ro\/wp-content\/uploads\/2026\/04\/att.t3x4rlbVx2L1NIiwsxk-UZT8340RIIaoEgEC8deUbCo.jpeg\",\"contentUrl\":\"https:\/\/cronicahd.ro\/wp-content\/uploads\/2026\/04\/att.t3x4rlbVx2L1NIiwsxk-UZT8340RIIaoEgEC8deUbCo.jpeg\",\"width\":2040,\"height\":920},{\"@type\":\"BreadcrumbList\",\"@id\":\"https:\/\/cronicahd.ro\/?p=7840#breadcrumb\",\"itemListElement\":[{\"@type\":\"ListItem\",\"position\":1,\"name\":\"Prima pagin\u0103\",\"item\":\"https:\/\/cronicahd.ro\/\"},{\"@type\":\"ListItem\",\"position\":2,\"name\":\"B\u0103rbat r\u0103sturnat cu un ATV \u00een munte. S-a cerut un elicopter\"}]},{\"@type\":\"WebSite\",\"@id\":\"https:\/\/cronicahd.ro\/#website\",\"url\":\"https:\/\/cronicahd.ro\/\",\"name\":\"\",\"description\":\"\",\"potentialAction\":[{\"@type\":\"SearchAction\",\"target\":{\"@type\":\"EntryPoint\",\"urlTemplate\":\"https:\/\/cronicahd.ro\/?s={search_term_string}\"},\"query-input\":{\"@type\":\"PropertyValueSpecification\",\"valueRequired\":true,\"valueName\":\"search_term_string\"}}],\"inLanguage\":\"ro-RO\"},{\"@type\":\"Person\",\"@id\":\"https:\/\/cronicahd.ro\/#\/schema\/person\/d1a1277a8cd166610328e17aaf58bf46\",\"name\":\"admin\",\"image\":{\"@type\":\"ImageObject\",\"inLanguage\":\"ro-RO\",\"@id\":\"https:\/\/cronicahd.ro\/#\/schema\/person\/image\/\",\"url\":\"https:\/\/secure.gravatar.com\/avatar\/24700337280d10898c2e0d19d44a05316bff9fccc941ecc5570ffe41668203f7?s=96&d=mm&r=g\",\"contentUrl\":\"https:\/\/secure.gravatar.com\/avatar\/24700337280d10898c2e0d19d44a05316bff9fccc941ecc5570ffe41668203f7?s=96&d=mm&r=g\",\"caption\":\"admin\"},\"sameAs\":[\"https:\/\/cronicavj.ro\"],\"url\":\"https:\/\/cronicahd.ro\/?author=1\"}]}<\/script>\n<!-- \/ Yoast SEO plugin. -->","yoast_head_json":{"title":"B\u0103rbat r\u0103sturnat cu un ATV \u00een munte. S-a cerut un elicopter -","robots":{"index":"index","follow":"follow","max-snippet":"max-snippet:-1","max-image-preview":"max-image-preview:large","max-video-preview":"max-video-preview:-1"},"canonical":"https:\/\/cronicahd.ro\/?p=7840","og_locale":"ro_RO","og_type":"article","og_title":"B\u0103rbat r\u0103sturnat cu un ATV \u00een munte. S-a cerut un elicopter -","og_description":"&nbsp; Un b\u0103rbat a fost r\u0103nit, dup\u0103 ce a suferit un accident cu un ATV,...","og_url":"https:\/\/cronicahd.ro\/?p=7840","article_published_time":"2026-04-14T15:32:57+00:00","og_image":[{"width":2040,"height":920,"url":"https:\/\/cronicahd.ro\/wp-content\/uploads\/2026\/04\/att.t3x4rlbVx2L1NIiwsxk-UZT8340RIIaoEgEC8deUbCo.jpeg","type":"image\/jpeg"}],"author":"admin","twitter_card":"summary_large_image","twitter_misc":{"Scris de":"admin","Timp estimat pentru citire":"1 minut"},"schema":{"@context":"https:\/\/schema.org","@graph":[{"@type":"WebPage","@id":"https:\/\/cronicahd.ro\/?p=7840","url":"https:\/\/cronicahd.ro\/?p=7840","name":"B\u0103rbat r\u0103sturnat cu un ATV \u00een munte. S-a cerut un elicopter -","isPartOf":{"@id":"https:\/\/cronicahd.ro\/#website"},"primaryImageOfPage":{"@id":"https:\/\/cronicahd.ro\/?p=7840#primaryimage"},"image":{"@id":"https:\/\/cronicahd.ro\/?p=7840#primaryimage"},"thumbnailUrl":"https:\/\/cronicahd.ro\/wp-content\/uploads\/2026\/04\/att.t3x4rlbVx2L1NIiwsxk-UZT8340RIIaoEgEC8deUbCo.jpeg","datePublished":"2026-04-14T15:32:57+00:00","author":{"@id":"https:\/\/cronicahd.ro\/#\/schema\/person\/d1a1277a8cd166610328e17aaf58bf46"},"breadcrumb":{"@id":"https:\/\/cronicahd.ro\/?p=7840#breadcrumb"},"inLanguage":"ro-RO","potentialAction":[{"@type":"ReadAction","target":["https:\/\/cronicahd.ro\/?p=7840"]}]},{"@type":"ImageObject","inLanguage":"ro-RO","@id":"https:\/\/cronicahd.ro\/?p=7840#primaryimage","url":"https:\/\/cronicahd.ro\/wp-content\/uploads\/2026\/04\/att.t3x4rlbVx2L1NIiwsxk-UZT8340RIIaoEgEC8deUbCo.jpeg","contentUrl":"https:\/\/cronicahd.ro\/wp-content\/uploads\/2026\/04\/att.t3x4rlbVx2L1NIiwsxk-UZT8340RIIaoEgEC8deUbCo.jpeg","width":2040,"height":920},{"@type":"BreadcrumbList","@id":"https:\/\/cronicahd.ro\/?p=7840#breadcrumb","itemListElement":[{"@type":"ListItem","position":1,"name":"Prima pagin\u0103","item":"https:\/\/cronicahd.ro\/"},{"@type":"ListItem","position":2,"name":"B\u0103rbat r\u0103sturnat cu un ATV \u00een munte. S-a cerut un elicopter"}]},{"@type":"WebSite","@id":"https:\/\/cronicahd.ro\/#website","url":"https:\/\/cronicahd.ro\/","name":"","description":"","potentialAction":[{"@type":"SearchAction","target":{"@type":"EntryPoint","urlTemplate":"https:\/\/cronicahd.ro\/?s={search_term_string}"},"query-input":{"@type":"PropertyValueSpecification","valueRequired":true,"valueName":"search_term_string"}}],"inLanguage":"ro-RO"},{"@type":"Person","@id":"https:\/\/cronicahd.ro\/#\/schema\/person\/d1a1277a8cd166610328e17aaf58bf46","name":"admin","image":{"@type":"ImageObject","inLanguage":"ro-RO","@id":"https:\/\/cronicahd.ro\/#\/schema\/person\/image\/","url":"https:\/\/secure.gravatar.com\/avatar\/24700337280d10898c2e0d19d44a05316bff9fccc941ecc5570ffe41668203f7?s=96&d=mm&r=g","contentUrl":"https:\/\/secure.gravatar.com\/avatar\/24700337280d10898c2e0d19d44a05316bff9fccc941ecc5570ffe41668203f7?s=96&d=mm&r=g","caption":"admin"},"sameAs":["https:\/\/cronicavj.ro"],"url":"https:\/\/cronicahd.ro\/?author=1"}]}},"_links":{"self":[{"href":"https:\/\/cronicahd.ro\/index.php?rest_route=\/wp\/v2\/posts\/7840","targetHints":{"allow":["GET"]}}],"collection":[{"href":"https:\/\/cronicahd.ro\/index.php?rest_route=\/wp\/v2\/posts"}],"about":[{"href":"https:\/\/cronicahd.ro\/index.php?rest_route=\/wp\/v2\/types\/post"}],"author":[{"embeddable":true,"href":"https:\/\/cronicahd.ro\/index.php?rest_route=\/wp\/v2\/users\/1"}],"replies":[{"embeddable":true,"href":"https:\/\/cronicahd.ro\/index.php?rest_route=%2Fwp%2Fv2%2Fcomments&post=7840"}],"version-history":[{"count":1,"href":"https:\/\/cronicahd.ro\/index.php?rest_route=\/wp\/v2\/posts\/7840\/revisions"}],"predecessor-version":[{"id":7842,"href":"https:\/\/cronicahd.ro\/index.php?rest_route=\/wp\/v2\/posts\/7840\/revisions\/7842"}],"wp:featuredmedia":[{"embeddable":true,"href":"https:\/\/cronicahd.ro\/index.php?rest_route=\/wp\/v2\/media\/7841"}],"wp:attachment":[{"href":"https:\/\/cronicahd.ro\/index.php?rest_route=%2Fwp%2Fv2%2Fmedia&parent=7840"}],"wp:term":[{"taxonomy":"category","embeddable":true,"href":"https:\/\/cronicahd.ro\/index.php?rest_route=%2Fwp%2Fv2%2Fcategories&post=7840"},{"taxonomy":"post_tag","embeddable":true,"href":"https:\/\/cronicahd.ro\/index.php?rest_route=%2Fwp%2Fv2%2Ftags&post=7840"}],"curies":[{"name":"wp","href":"https:\/\/api.w.org\/{rel}","templated":true}]}}