{"id":7837,"date":"2026-04-14T12:10:17","date_gmt":"2026-04-14T12:10:17","guid":{"rendered":"https:\/\/cronicahd.ro\/?p=7837"},"modified":"2026-04-14T12:10:17","modified_gmt":"2026-04-14T12:10:17","slug":"das-deva-valoarea-tichetelor-sociale-pentru-gradinita-s-amajorat-cine-beneficiaza-de-stimulentul-educational","status":"publish","type":"post","link":"https:\/\/cronicahd.ro\/?p=7837","title":{"rendered":"DAS Deva: Valoarea tichetelor sociale pentru gr\u0103dini\u021b\u0103 s-amajorat. Cine beneficiaz\u0103 de stimulentul educa\u021bional"},"content":{"rendered":"<p class=\"s3\">\n<p class=\"s3\"><span class=\"s4\"><span class=\"bumpedFont15\">Valoarea <\/span><\/span><span class=\"s4\"><span class=\"bumpedFont15\">lunar\u0103 a <\/span><\/span><span class=\"s4\"><span class=\"bumpedFont15\">tichetului social <\/span><\/span><span class=\"s4\"><span class=\"bumpedFont15\">pentru<\/span><\/span><span class=\"s4\"><span class=\"bumpedFont15\"> gr\u0103dini\u021b\u0103 s-a dublat<\/span><\/span> <span class=\"s4\"><span class=\"bumpedFont15\">\u2013<\/span><\/span><span class=\"s4\"><span class=\"bumpedFont15\">de <\/span><\/span><span class=\"s4\"><span class=\"bumpedFont15\">la 132 <\/span><\/span><span class=\"s4\"><span class=\"bumpedFont15\">de <\/span><\/span><span class=\"s4\"><span class=\"bumpedFont15\">lei<\/span><\/span><span class=\"s4\"><span class=\"bumpedFont15\">, la 264 de lei, <\/span><\/span><span class=\"s4\"><span class=\"bumpedFont15\">printr-o Ordonan\u021b\u0103 de Urgen\u021b\u0103 care<\/span><\/span><span class=\"s4\"><span class=\"bumpedFont15\">\u00a0<\/span><\/span><span class=\"s4\"><span class=\"bumpedFont15\">stabile\u0219te<\/span><\/span><span class=\"s4\"><span class=\"bumpedFont15\"> m\u0103suri<\/span><\/span><span class=\"s4\"><span class=\"bumpedFont15\"> de sprijin pentru mai multe categorii de persoane vulnerabile.<\/span><\/span><\/p>\n<p class=\"s3\"><span class=\"s4\"><span class=\"bumpedFont15\">Noua reg<\/span><\/span><span class=\"s4\"><span class=\"bumpedFont15\">lementare<\/span><\/span> <span class=\"s4\"><span class=\"bumpedFont15\">se aplic\u0103 \u00eencep\u00e2nd cu <\/span><\/span><span class=\"s4\"><span class=\"bumpedFont15\">drepturile lunii aprilie 2026.<\/span><\/span><\/p>\n<p class=\"s3\"><span class=\"s4\">\u00a0<\/span><span class=\"s4\"><span class=\"bumpedFont15\">Stimulentul <\/span><\/span><span class=\"s4\"><span class=\"bumpedFont15\">educa<\/span><\/span><span class=\"s4\"><span class=\"bumpedFont15\">\u021b<\/span><\/span><span class=\"s4\"><span class=\"bumpedFont15\">ional<\/span><\/span> <span class=\"s4\"><span class=\"bumpedFont15\">sub form\u0103 de t<\/span><\/span><span class=\"s4\"><span class=\"bumpedFont15\">ichet<\/span><\/span><span class=\"s4\"><span class=\"bumpedFont15\">e<\/span><\/span><span class=\"s4\"><span class=\"bumpedFont15\"> social<\/span><\/span><span class=\"s4\"><span class=\"bumpedFont15\">e<\/span><\/span> <span class=\"s4\"><span class=\"bumpedFont15\">pentru gr\u0103dini\u021b\u0103 a<\/span><\/span><span class=\"s4\"><span class=\"bumpedFont15\">re<\/span><\/span><span class=\"s4\"><span class=\"bumpedFont15\"> ca scop \u00eencurajarea particip\u0103rii \u00een \u00eenv\u0103\u021b\u0103m\u00e2ntul pre\u0219colar a copiilor care <\/span><\/span><span class=\"s4\"><span class=\"bumpedFont15\">provin<\/span><\/span><span class=\"s4\"><span class=\"bumpedFont15\"> din familii defavorizate<\/span><\/span><span class=\"s4\"><span class=\"bumpedFont15\">, iar valoarea acestuia<\/span><\/span> <span class=\"s4\"><span class=\"bumpedFont15\">se <\/span><\/span><span class=\"s4\"><span class=\"bumpedFont15\">calculeaz\u0103 \u00een raport cu <\/span><\/span><span class=\"s4\"><span class=\"bumpedFont15\">Indicel<\/span><\/span><span class=\"s4\"><span class=\"bumpedFont15\">e<\/span><\/span><span class=\"s4\"><span class=\"bumpedFont15\"> So<\/span><\/span><span class=\"s4\"><span class=\"bumpedFont15\">cial de <\/span><\/span><span class=\"s4\"><span class=\"bumpedFont15\">R<\/span><\/span><span class=\"s4\"><span class=\"bumpedFont15\">eferin\u021b\u0103 (ISR)<\/span><\/span><span class=\"s4\"><span class=\"bumpedFont15\">, exprima<\/span><\/span><span class=\"s4\"><span class=\"bumpedFont15\">t \u00een lei.<\/span><\/span><\/p>\n<p class=\"s3\"><span class=\"s4\">\u00a0<\/span><span class=\"s4\"><span class=\"bumpedFont15\">Tichetele pentru gr\u0103dini\u021b\u0103 <\/span><\/span><span class=\"s4\"><span class=\"bumpedFont15\">se acord\u0103 lunar, \u00een perioada <\/span><\/span><span class=\"s4\"><span class=\"bumpedFont15\">septembrie <\/span><\/span><span class=\"s4\"><span class=\"bumpedFont15\">\u2013<\/span><\/span><span class=\"s4\"><span class=\"bumpedFont15\"> iunie<\/span><\/span><span class=\"s4\"><span class=\"bumpedFont15\">, c\u00e2nd copilul particip\u0103 la activit\u0103\u021bile organizate <\/span><\/span><span class=\"s4\"><span class=\"bumpedFont15\">\u00een unit\u0103\u021bile din \u00eenv\u0103\u021b\u0103m\u00e2ntul pre\u0219colar<\/span><\/span><span class=\"s4\"><span class=\"bumpedFont15\"> \u0219i pot fi utilizat<\/span><\/span><span class=\"s4\"><span class=\"bumpedFont15\">e<\/span><\/span> <span class=\"s4\"><span class=\"bumpedFont15\">doar <\/span><\/span><span class=\"s4\"><span class=\"bumpedFont15\">pentru achizi\u021bionarea de produse alimentare \u0219i de igien\u0103, \u00eembr\u0103c\u0103minte<\/span><\/span><span class=\"s4\"><span class=\"bumpedFont15\">, \u00eenc\u0103l\u021b\u0103minte<\/span><\/span><span class=\"s4\"><span class=\"bumpedFont15\"> \u0219i rechizite.<\/span><\/span><\/p>\n<p class=\"s3\"><span class=\"s4\">\u00a0<\/span><span class=\"s2\"><span class=\"bumpedFont15\">DE RE\u021aINUT<\/span><\/span><span class=\"s2\"><span class=\"bumpedFont15\">!<\/span><\/span><span class=\"s4\"><span class=\"bumpedFont15\"> Acordarea tichetelor sociale pentru gr\u0103dini\u021b\u0103 este condi\u021bionat\u0103 de <\/span><\/span><span class=\"s4\"><span class=\"bumpedFont15\">prezen\u021ba zilnic\u0103 a copilului la<\/span><\/span><span class=\"s4\"><span class=\"bumpedFont15\"> gr\u0103dini\u021b\u0103<\/span><\/span><span class=\"s4\"><span class=\"bumpedFont15\">.<\/span><\/span><\/p>\n<p class=\"s3\"><span class=\"s4\">\u00a0<\/span><span class=\"s2\"><span class=\"bumpedFont15\">INFORMA\u021aII SUPLIMENTARE<\/span><\/span> <span class=\"s4\"><span class=\"bumpedFont15\">se pot ob\u021bine la num\u0103rul de <\/span><\/span><span class=\"s2\"><span class=\"bumpedFont15\">telefon 0755.878.738<\/span><\/span><span class=\"s4\"><span class=\"bumpedFont15\">, dup\u0103 urm\u0103torul program: luni \u2013 joi, \u00eentre orele 8:00 &#8211; <\/span><\/span><span class=\"s4\"><span class=\"bumpedFont15\">16:<\/span><\/span><span class=\"s4\"><span class=\"bumpedFont15\">3<\/span><\/span><span class=\"s4\"><span class=\"bumpedFont15\">0 sau vineri, \u00eentre orele 8:00 &#8211; 1<\/span><\/span><span class=\"s4\"><span class=\"bumpedFont15\">4<\/span><\/span><span class=\"s4\"><span class=\"bumpedFont15\">:00.<\/span><\/span><\/p>\n<p class=\"s3\"><span class=\"s4\">\u00a0<\/span><\/p>\n<p class=\"s3\"><span class=\"s4\"><span class=\"bumpedFont15\">De la \u00eenceputul anului<\/span><\/span> <span class=\"s4\"><span class=\"bumpedFont15\">\u0219colar 2025 &#8211; <\/span><\/span><span class=\"s4\"><span class=\"bumpedFont15\">2026<\/span><\/span><span class=\"s4\"><span class=\"bumpedFont15\">, prin<\/span><\/span><span class=\"s4\"><span class=\"bumpedFont15\"> Direc\u021bia de Asisten\u021b\u0103 Social\u0103 Deva au fost acordate <\/span><\/span><span class=\"s5\"><span class=\"bumpedFont15\">43<\/span><\/span><span class=\"s4\"><span class=\"bumpedFont15\"> de tichete <\/span><\/span><span class=\"s4\"><span class=\"bumpedFont15\">sociale <\/span><\/span><span class=\"s4\"><span class=\"bumpedFont15\">pentru gr\u0103dini\u021b\u0103<\/span><\/span><span class=\"s4\"><span class=\"bumpedFont15\">,<\/span><\/span><span class=\"s4\"><span class=\"bumpedFont15\"> \u00een valoare total\u0103 de <\/span><\/span><span class=\"s4\"><span class=\"bumpedFont15\">5<\/span><\/span><span class=\"s4\"><span class=\"bumpedFont15\">.<\/span><\/span><span class=\"s4\"><span class=\"bumpedFont15\">67<\/span><\/span><span class=\"s4\"><span class=\"bumpedFont15\">6<\/span><\/span><span class=\"s4\"><span class=\"bumpedFont15\"> de lei<\/span><\/span><span class=\"s4\"><span class=\"bumpedFont15\">.<\/span><\/span><\/p>\n<p class=\"s3\"><span class=\"s4\">\u00a0<\/span><span class=\"s4\"><span class=\"bumpedFont15\">Tichetele pentru <\/span><\/span><span class=\"s4\"><span class=\"bumpedFont15\">gr\u0103dini\u021b\u0103 sunt<\/span><\/span><span class=\"s4\"><span class=\"bumpedFont15\"> finan\u021bat<\/span><\/span><span class=\"s4\"><span class=\"bumpedFont15\">e<\/span><\/span><span class=\"s4\"><span class=\"bumpedFont15\"> de la bugetul de stat<\/span><\/span><span class=\"s4\"><span class=\"bumpedFont15\">, iar valoarea acest<\/span><\/span><span class=\"s4\"><span class=\"bumpedFont15\">ora<\/span><\/span><span class=\"s4\"><span class=\"bumpedFont15\"> nu se ia \u00een c<\/span><\/span><span class=\"s4\"><span class=\"bumpedFont15\">alcul la stabilirea veniturilor \u00een baza c\u0103rora se acord\u0103 beneficii de asisten\u021b\u0103 social\u0103.<\/span><\/span><\/p>\n<p class=\"s3\"><span class=\"s4\">\u00a0<\/span><\/p>\n<p class=\"s3\"><span class=\"s2\"><span class=\"bumpedFont15\">Direc\u021bia de Asisten\u021b\u0103 Social\u0103 Deva<\/span><\/span><\/p>\n","protected":false},"excerpt":{"rendered":"<p>Valoarea lunar\u0103 a tichetului social pentru gr\u0103dini\u021b\u0103 s-a dublat \u2013de la 132 de lei, la&#8230;<\/p>\n","protected":false},"author":1,"featured_media":7838,"comment_status":"closed","ping_status":"closed","sticky":false,"template":"","format":"standard","meta":{"footnotes":""},"categories":[1,6],"tags":[],"class_list":["post-7837","post","type-post","status-publish","format-standard","has-post-thumbnail","hentry","category-actual","category-administratie"],"yoast_head":"<!-- This site is optimized with the Yoast SEO plugin v25.3.1 - https:\/\/yoast.com\/wordpress\/plugins\/seo\/ -->\n<title>DAS Deva: Valoarea tichetelor sociale pentru gr\u0103dini\u021b\u0103 s-amajorat. Cine beneficiaz\u0103 de stimulentul educa\u021bional -<\/title>\n<meta name=\"robots\" content=\"index, follow, max-snippet:-1, max-image-preview:large, max-video-preview:-1\" \/>\n<link rel=\"canonical\" href=\"https:\/\/cronicahd.ro\/?p=7837\" \/>\n<meta property=\"og:locale\" content=\"ro_RO\" \/>\n<meta property=\"og:type\" content=\"article\" \/>\n<meta property=\"og:title\" content=\"DAS Deva: Valoarea tichetelor sociale pentru gr\u0103dini\u021b\u0103 s-amajorat. Cine beneficiaz\u0103 de stimulentul educa\u021bional -\" \/>\n<meta property=\"og:description\" content=\"Valoarea lunar\u0103 a tichetului social pentru gr\u0103dini\u021b\u0103 s-a dublat \u2013de la 132 de lei, la...\" \/>\n<meta property=\"og:url\" content=\"https:\/\/cronicahd.ro\/?p=7837\" \/>\n<meta property=\"article:published_time\" content=\"2026-04-14T12:10:17+00:00\" \/>\n<meta property=\"og:image\" content=\"https:\/\/cronicahd.ro\/wp-content\/uploads\/2026\/04\/Foto-Tichete-sociale-gradinita.jpeg\" \/>\n\t<meta property=\"og:image:width\" content=\"875\" \/>\n\t<meta property=\"og:image:height\" content=\"520\" \/>\n\t<meta property=\"og:image:type\" content=\"image\/jpeg\" \/>\n<meta name=\"author\" content=\"admin\" \/>\n<meta name=\"twitter:card\" content=\"summary_large_image\" \/>\n<meta name=\"twitter:label1\" content=\"Scris de\" \/>\n\t<meta name=\"twitter:data1\" content=\"admin\" \/>\n\t<meta name=\"twitter:label2\" content=\"Timp estimat pentru citire\" \/>\n\t<meta name=\"twitter:data2\" content=\"2 minute\" \/>\n<script type=\"application\/ld+json\" class=\"yoast-schema-graph\">{\"@context\":\"https:\/\/schema.org\",\"@graph\":[{\"@type\":\"WebPage\",\"@id\":\"https:\/\/cronicahd.ro\/?p=7837\",\"url\":\"https:\/\/cronicahd.ro\/?p=7837\",\"name\":\"DAS Deva: Valoarea tichetelor sociale pentru gr\u0103dini\u021b\u0103 s-amajorat. Cine beneficiaz\u0103 de stimulentul educa\u021bional -\",\"isPartOf\":{\"@id\":\"https:\/\/cronicahd.ro\/#website\"},\"primaryImageOfPage\":{\"@id\":\"https:\/\/cronicahd.ro\/?p=7837#primaryimage\"},\"image\":{\"@id\":\"https:\/\/cronicahd.ro\/?p=7837#primaryimage\"},\"thumbnailUrl\":\"https:\/\/cronicahd.ro\/wp-content\/uploads\/2026\/04\/Foto-Tichete-sociale-gradinita.jpeg\",\"datePublished\":\"2026-04-14T12:10:17+00:00\",\"author\":{\"@id\":\"https:\/\/cronicahd.ro\/#\/schema\/person\/d1a1277a8cd166610328e17aaf58bf46\"},\"breadcrumb\":{\"@id\":\"https:\/\/cronicahd.ro\/?p=7837#breadcrumb\"},\"inLanguage\":\"ro-RO\",\"potentialAction\":[{\"@type\":\"ReadAction\",\"target\":[\"https:\/\/cronicahd.ro\/?p=7837\"]}]},{\"@type\":\"ImageObject\",\"inLanguage\":\"ro-RO\",\"@id\":\"https:\/\/cronicahd.ro\/?p=7837#primaryimage\",\"url\":\"https:\/\/cronicahd.ro\/wp-content\/uploads\/2026\/04\/Foto-Tichete-sociale-gradinita.jpeg\",\"contentUrl\":\"https:\/\/cronicahd.ro\/wp-content\/uploads\/2026\/04\/Foto-Tichete-sociale-gradinita.jpeg\",\"width\":875,\"height\":520},{\"@type\":\"BreadcrumbList\",\"@id\":\"https:\/\/cronicahd.ro\/?p=7837#breadcrumb\",\"itemListElement\":[{\"@type\":\"ListItem\",\"position\":1,\"name\":\"Prima pagin\u0103\",\"item\":\"https:\/\/cronicahd.ro\/\"},{\"@type\":\"ListItem\",\"position\":2,\"name\":\"DAS Deva: Valoarea tichetelor sociale pentru gr\u0103dini\u021b\u0103 s-amajorat. Cine beneficiaz\u0103 de stimulentul educa\u021bional\"}]},{\"@type\":\"WebSite\",\"@id\":\"https:\/\/cronicahd.ro\/#website\",\"url\":\"https:\/\/cronicahd.ro\/\",\"name\":\"\",\"description\":\"\",\"potentialAction\":[{\"@type\":\"SearchAction\",\"target\":{\"@type\":\"EntryPoint\",\"urlTemplate\":\"https:\/\/cronicahd.ro\/?s={search_term_string}\"},\"query-input\":{\"@type\":\"PropertyValueSpecification\",\"valueRequired\":true,\"valueName\":\"search_term_string\"}}],\"inLanguage\":\"ro-RO\"},{\"@type\":\"Person\",\"@id\":\"https:\/\/cronicahd.ro\/#\/schema\/person\/d1a1277a8cd166610328e17aaf58bf46\",\"name\":\"admin\",\"image\":{\"@type\":\"ImageObject\",\"inLanguage\":\"ro-RO\",\"@id\":\"https:\/\/cronicahd.ro\/#\/schema\/person\/image\/\",\"url\":\"https:\/\/secure.gravatar.com\/avatar\/24700337280d10898c2e0d19d44a05316bff9fccc941ecc5570ffe41668203f7?s=96&d=mm&r=g\",\"contentUrl\":\"https:\/\/secure.gravatar.com\/avatar\/24700337280d10898c2e0d19d44a05316bff9fccc941ecc5570ffe41668203f7?s=96&d=mm&r=g\",\"caption\":\"admin\"},\"sameAs\":[\"https:\/\/cronicavj.ro\"],\"url\":\"https:\/\/cronicahd.ro\/?author=1\"}]}<\/script>\n<!-- \/ Yoast SEO plugin. -->","yoast_head_json":{"title":"DAS Deva: Valoarea tichetelor sociale pentru gr\u0103dini\u021b\u0103 s-amajorat. Cine beneficiaz\u0103 de stimulentul educa\u021bional -","robots":{"index":"index","follow":"follow","max-snippet":"max-snippet:-1","max-image-preview":"max-image-preview:large","max-video-preview":"max-video-preview:-1"},"canonical":"https:\/\/cronicahd.ro\/?p=7837","og_locale":"ro_RO","og_type":"article","og_title":"DAS Deva: Valoarea tichetelor sociale pentru gr\u0103dini\u021b\u0103 s-amajorat. Cine beneficiaz\u0103 de stimulentul educa\u021bional -","og_description":"Valoarea lunar\u0103 a tichetului social pentru gr\u0103dini\u021b\u0103 s-a dublat \u2013de la 132 de lei, la...","og_url":"https:\/\/cronicahd.ro\/?p=7837","article_published_time":"2026-04-14T12:10:17+00:00","og_image":[{"width":875,"height":520,"url":"https:\/\/cronicahd.ro\/wp-content\/uploads\/2026\/04\/Foto-Tichete-sociale-gradinita.jpeg","type":"image\/jpeg"}],"author":"admin","twitter_card":"summary_large_image","twitter_misc":{"Scris de":"admin","Timp estimat pentru citire":"2 minute"},"schema":{"@context":"https:\/\/schema.org","@graph":[{"@type":"WebPage","@id":"https:\/\/cronicahd.ro\/?p=7837","url":"https:\/\/cronicahd.ro\/?p=7837","name":"DAS Deva: Valoarea tichetelor sociale pentru gr\u0103dini\u021b\u0103 s-amajorat. Cine beneficiaz\u0103 de stimulentul educa\u021bional -","isPartOf":{"@id":"https:\/\/cronicahd.ro\/#website"},"primaryImageOfPage":{"@id":"https:\/\/cronicahd.ro\/?p=7837#primaryimage"},"image":{"@id":"https:\/\/cronicahd.ro\/?p=7837#primaryimage"},"thumbnailUrl":"https:\/\/cronicahd.ro\/wp-content\/uploads\/2026\/04\/Foto-Tichete-sociale-gradinita.jpeg","datePublished":"2026-04-14T12:10:17+00:00","author":{"@id":"https:\/\/cronicahd.ro\/#\/schema\/person\/d1a1277a8cd166610328e17aaf58bf46"},"breadcrumb":{"@id":"https:\/\/cronicahd.ro\/?p=7837#breadcrumb"},"inLanguage":"ro-RO","potentialAction":[{"@type":"ReadAction","target":["https:\/\/cronicahd.ro\/?p=7837"]}]},{"@type":"ImageObject","inLanguage":"ro-RO","@id":"https:\/\/cronicahd.ro\/?p=7837#primaryimage","url":"https:\/\/cronicahd.ro\/wp-content\/uploads\/2026\/04\/Foto-Tichete-sociale-gradinita.jpeg","contentUrl":"https:\/\/cronicahd.ro\/wp-content\/uploads\/2026\/04\/Foto-Tichete-sociale-gradinita.jpeg","width":875,"height":520},{"@type":"BreadcrumbList","@id":"https:\/\/cronicahd.ro\/?p=7837#breadcrumb","itemListElement":[{"@type":"ListItem","position":1,"name":"Prima pagin\u0103","item":"https:\/\/cronicahd.ro\/"},{"@type":"ListItem","position":2,"name":"DAS Deva: Valoarea tichetelor sociale pentru gr\u0103dini\u021b\u0103 s-amajorat. Cine beneficiaz\u0103 de stimulentul educa\u021bional"}]},{"@type":"WebSite","@id":"https:\/\/cronicahd.ro\/#website","url":"https:\/\/cronicahd.ro\/","name":"","description":"","potentialAction":[{"@type":"SearchAction","target":{"@type":"EntryPoint","urlTemplate":"https:\/\/cronicahd.ro\/?s={search_term_string}"},"query-input":{"@type":"PropertyValueSpecification","valueRequired":true,"valueName":"search_term_string"}}],"inLanguage":"ro-RO"},{"@type":"Person","@id":"https:\/\/cronicahd.ro\/#\/schema\/person\/d1a1277a8cd166610328e17aaf58bf46","name":"admin","image":{"@type":"ImageObject","inLanguage":"ro-RO","@id":"https:\/\/cronicahd.ro\/#\/schema\/person\/image\/","url":"https:\/\/secure.gravatar.com\/avatar\/24700337280d10898c2e0d19d44a05316bff9fccc941ecc5570ffe41668203f7?s=96&d=mm&r=g","contentUrl":"https:\/\/secure.gravatar.com\/avatar\/24700337280d10898c2e0d19d44a05316bff9fccc941ecc5570ffe41668203f7?s=96&d=mm&r=g","caption":"admin"},"sameAs":["https:\/\/cronicavj.ro"],"url":"https:\/\/cronicahd.ro\/?author=1"}]}},"_links":{"self":[{"href":"https:\/\/cronicahd.ro\/index.php?rest_route=\/wp\/v2\/posts\/7837","targetHints":{"allow":["GET"]}}],"collection":[{"href":"https:\/\/cronicahd.ro\/index.php?rest_route=\/wp\/v2\/posts"}],"about":[{"href":"https:\/\/cronicahd.ro\/index.php?rest_route=\/wp\/v2\/types\/post"}],"author":[{"embeddable":true,"href":"https:\/\/cronicahd.ro\/index.php?rest_route=\/wp\/v2\/users\/1"}],"replies":[{"embeddable":true,"href":"https:\/\/cronicahd.ro\/index.php?rest_route=%2Fwp%2Fv2%2Fcomments&post=7837"}],"version-history":[{"count":1,"href":"https:\/\/cronicahd.ro\/index.php?rest_route=\/wp\/v2\/posts\/7837\/revisions"}],"predecessor-version":[{"id":7839,"href":"https:\/\/cronicahd.ro\/index.php?rest_route=\/wp\/v2\/posts\/7837\/revisions\/7839"}],"wp:featuredmedia":[{"embeddable":true,"href":"https:\/\/cronicahd.ro\/index.php?rest_route=\/wp\/v2\/media\/7838"}],"wp:attachment":[{"href":"https:\/\/cronicahd.ro\/index.php?rest_route=%2Fwp%2Fv2%2Fmedia&parent=7837"}],"wp:term":[{"taxonomy":"category","embeddable":true,"href":"https:\/\/cronicahd.ro\/index.php?rest_route=%2Fwp%2Fv2%2Fcategories&post=7837"},{"taxonomy":"post_tag","embeddable":true,"href":"https:\/\/cronicahd.ro\/index.php?rest_route=%2Fwp%2Fv2%2Ftags&post=7837"}],"curies":[{"name":"wp","href":"https:\/\/api.w.org\/{rel}","templated":true}]}}