{"id":7824,"date":"2026-04-14T04:36:35","date_gmt":"2026-04-14T04:36:35","guid":{"rendered":"https:\/\/cronicahd.ro\/?p=7824"},"modified":"2026-04-14T04:36:35","modified_gmt":"2026-04-14T04:36:35","slug":"nedeia-romilor-de-la-salatruc-pastrata-cu-sfintenie-in-a-doua-zi-de-pasti","status":"publish","type":"post","link":"https:\/\/cronicahd.ro\/?p=7824","title":{"rendered":"Nedeia romilor de la S\u0103l\u0103truc, p\u0103strat\u0103 cu sfin\u021benie \u00een a doua zi de Pa\u0219ti"},"content":{"rendered":"<p>&nbsp;<\/p>\n<p>Comunitatea de romi din S\u0103l\u0103truc a organizat, \u0219i \u00een acest an, tradi\u021bionala nedeie \u00een a doua zi de Pa\u0219ti, un eveniment care aduce laolalt\u0103 obiceiuri vechi, oameni ai locului \u0219i preparate specifice zonei.<\/p>\n<p><img loading=\"lazy\" decoding=\"async\" class=\"alignnone size-medium wp-image-7827\" src=\"https:\/\/cronicahd.ro\/wp-content\/uploads\/2026\/04\/IMG_6462-300x169.jpeg\" alt=\"\" width=\"300\" height=\"169\" srcset=\"https:\/\/cronicahd.ro\/wp-content\/uploads\/2026\/04\/IMG_6462-300x169.jpeg 300w, https:\/\/cronicahd.ro\/wp-content\/uploads\/2026\/04\/IMG_6462-1024x577.jpeg 1024w, https:\/\/cronicahd.ro\/wp-content\/uploads\/2026\/04\/IMG_6462-768x433.jpeg 768w, https:\/\/cronicahd.ro\/wp-content\/uploads\/2026\/04\/IMG_6462.jpeg 1500w\" sizes=\"auto, (max-width: 300px) 100vw, 300px\" \/><\/p>\n<p>Ca \u00een fiecare an, s\u0103rb\u0103toarea c\u00e2mpeneasc\u0103 a fost preg\u0103tit\u0103 cu implicarea cons\u0103tenilor \u0219i a preo\u021bilor, care au contribuit la p\u0103strarea autenticit\u0103\u021bii acestui moment important pentru comunitate. Atmosfera a fost animat\u0103 de bucuria revederii \u0219i de respectul pentru tradi\u021biile mo\u0219tenite din genera\u021bie \u00een genera\u021bie.<\/p>\n<p><img loading=\"lazy\" decoding=\"async\" class=\"alignnone size-medium wp-image-7826\" src=\"https:\/\/cronicahd.ro\/wp-content\/uploads\/2026\/04\/IMG_6463-226x300.jpeg\" alt=\"\" width=\"226\" height=\"300\" srcset=\"https:\/\/cronicahd.ro\/wp-content\/uploads\/2026\/04\/IMG_6463-226x300.jpeg 226w, https:\/\/cronicahd.ro\/wp-content\/uploads\/2026\/04\/IMG_6463-771x1024.jpeg 771w, https:\/\/cronicahd.ro\/wp-content\/uploads\/2026\/04\/IMG_6463-768x1020.jpeg 768w, https:\/\/cronicahd.ro\/wp-content\/uploads\/2026\/04\/IMG_6463-1156x1536.jpeg 1156w, https:\/\/cronicahd.ro\/wp-content\/uploads\/2026\/04\/IMG_6463-1024x1360.jpeg 1024w, https:\/\/cronicahd.ro\/wp-content\/uploads\/2026\/04\/IMG_6463.jpeg 1355w\" sizes=\"auto, (max-width: 226px) 100vw, 226px\" \/><\/p>\n<p>Participan\u021bii s-au bucurat de preparate tradi\u021bionale g\u0103tite la ceaun, precum tocana de oaie, p\u0103satul \u0219i varza, nelipsite de la astfel de evenimente. Nedeia reprezint\u0103 nu doar un prilej de s\u0103rb\u0103toare, ci \u0219i o ocazie de a \u00eent\u0103ri leg\u0103turile dintre membrii comunit\u0103\u021bii.<\/p>\n<p><img loading=\"lazy\" decoding=\"async\" class=\"alignnone size-medium wp-image-7825\" src=\"https:\/\/cronicahd.ro\/wp-content\/uploads\/2026\/04\/IMG_6460-300x226.jpeg\" alt=\"\" width=\"300\" height=\"226\" srcset=\"https:\/\/cronicahd.ro\/wp-content\/uploads\/2026\/04\/IMG_6460-300x226.jpeg 300w, https:\/\/cronicahd.ro\/wp-content\/uploads\/2026\/04\/IMG_6460-1024x771.jpeg 1024w, https:\/\/cronicahd.ro\/wp-content\/uploads\/2026\/04\/IMG_6460-768x578.jpeg 768w, https:\/\/cronicahd.ro\/wp-content\/uploads\/2026\/04\/IMG_6460.jpeg 1500w\" sizes=\"auto, (max-width: 300px) 100vw, 300px\" \/><\/p>\n<p>\u201eA\u0219a cum este tradi\u021bia, \u00een a doua zi de Pa\u0219ti comunit\u0103\u021bile organizeaz\u0103 nedei. Aceste serb\u0103ri c\u00e2mpene\u0219ti, \u021binute prin implicarea cons\u0103tenilor dar \u0219i a preo\u021bilor, aduc \u00een prim-plan vestitele preparate tradi\u021bionale. Ast\u0103zi a fost r\u00e2ndul comunit\u0103\u021bii de romi de la S\u0103l\u0103truc s\u0103 organizeze aceast\u0103 nedeie. Le mul\u021bumesc tuturor pentru implicare \u0219i d\u0103ruire \u0219i \u00eei asigur c\u0103 vor avea \u00eentotdeauna sprijinul nostru pentru ca aceste tradi\u021bii s\u0103 continue\u201d, a declarat primarul Tiberiu Iacob Ridzi.<\/p>\n<p>foto Facebook Tiberiu Iacob Ridzi<\/p>\n<p>&nbsp;<\/p>\n","protected":false},"excerpt":{"rendered":"<p>&nbsp; Comunitatea de romi din S\u0103l\u0103truc a organizat, \u0219i \u00een acest an, tradi\u021bionala nedeie \u00een&#8230;<\/p>\n","protected":false},"author":1,"featured_media":7828,"comment_status":"closed","ping_status":"closed","sticky":false,"template":"","format":"standard","meta":{"footnotes":""},"categories":[1,14],"tags":[],"class_list":["post-7824","post","type-post","status-publish","format-standard","has-post-thumbnail","hentry","category-actual","category-social"],"yoast_head":"<!-- This site is optimized with the Yoast SEO plugin v25.3.1 - https:\/\/yoast.com\/wordpress\/plugins\/seo\/ -->\n<title>Nedeia romilor de la S\u0103l\u0103truc, p\u0103strat\u0103 cu sfin\u021benie \u00een a doua zi de Pa\u0219ti -<\/title>\n<meta name=\"robots\" content=\"index, follow, max-snippet:-1, max-image-preview:large, max-video-preview:-1\" \/>\n<link rel=\"canonical\" href=\"https:\/\/cronicahd.ro\/?p=7824\" \/>\n<meta property=\"og:locale\" content=\"ro_RO\" \/>\n<meta property=\"og:type\" content=\"article\" \/>\n<meta property=\"og:title\" content=\"Nedeia romilor de la S\u0103l\u0103truc, p\u0103strat\u0103 cu sfin\u021benie \u00een a doua zi de Pa\u0219ti -\" \/>\n<meta property=\"og:description\" content=\"&nbsp; Comunitatea de romi din S\u0103l\u0103truc a organizat, \u0219i \u00een acest an, tradi\u021bionala nedeie \u00een...\" \/>\n<meta property=\"og:url\" content=\"https:\/\/cronicahd.ro\/?p=7824\" \/>\n<meta property=\"article:published_time\" content=\"2026-04-14T04:36:35+00:00\" \/>\n<meta property=\"og:image\" content=\"https:\/\/cronicahd.ro\/wp-content\/uploads\/2026\/04\/IMG_6461.jpeg\" \/>\n\t<meta property=\"og:image:width\" content=\"1500\" \/>\n\t<meta property=\"og:image:height\" content=\"845\" \/>\n\t<meta property=\"og:image:type\" content=\"image\/jpeg\" \/>\n<meta name=\"author\" content=\"admin\" \/>\n<meta name=\"twitter:card\" content=\"summary_large_image\" \/>\n<meta name=\"twitter:label1\" content=\"Scris de\" \/>\n\t<meta name=\"twitter:data1\" content=\"admin\" \/>\n\t<meta name=\"twitter:label2\" content=\"Timp estimat pentru citire\" \/>\n\t<meta name=\"twitter:data2\" content=\"2 minute\" \/>\n<script type=\"application\/ld+json\" class=\"yoast-schema-graph\">{\"@context\":\"https:\/\/schema.org\",\"@graph\":[{\"@type\":\"WebPage\",\"@id\":\"https:\/\/cronicahd.ro\/?p=7824\",\"url\":\"https:\/\/cronicahd.ro\/?p=7824\",\"name\":\"Nedeia romilor de la S\u0103l\u0103truc, p\u0103strat\u0103 cu sfin\u021benie \u00een a doua zi de Pa\u0219ti -\",\"isPartOf\":{\"@id\":\"https:\/\/cronicahd.ro\/#website\"},\"primaryImageOfPage\":{\"@id\":\"https:\/\/cronicahd.ro\/?p=7824#primaryimage\"},\"image\":{\"@id\":\"https:\/\/cronicahd.ro\/?p=7824#primaryimage\"},\"thumbnailUrl\":\"https:\/\/cronicahd.ro\/wp-content\/uploads\/2026\/04\/IMG_6461.jpeg\",\"datePublished\":\"2026-04-14T04:36:35+00:00\",\"author\":{\"@id\":\"https:\/\/cronicahd.ro\/#\/schema\/person\/d1a1277a8cd166610328e17aaf58bf46\"},\"breadcrumb\":{\"@id\":\"https:\/\/cronicahd.ro\/?p=7824#breadcrumb\"},\"inLanguage\":\"ro-RO\",\"potentialAction\":[{\"@type\":\"ReadAction\",\"target\":[\"https:\/\/cronicahd.ro\/?p=7824\"]}]},{\"@type\":\"ImageObject\",\"inLanguage\":\"ro-RO\",\"@id\":\"https:\/\/cronicahd.ro\/?p=7824#primaryimage\",\"url\":\"https:\/\/cronicahd.ro\/wp-content\/uploads\/2026\/04\/IMG_6461.jpeg\",\"contentUrl\":\"https:\/\/cronicahd.ro\/wp-content\/uploads\/2026\/04\/IMG_6461.jpeg\",\"width\":1500,\"height\":845},{\"@type\":\"BreadcrumbList\",\"@id\":\"https:\/\/cronicahd.ro\/?p=7824#breadcrumb\",\"itemListElement\":[{\"@type\":\"ListItem\",\"position\":1,\"name\":\"Prima pagin\u0103\",\"item\":\"https:\/\/cronicahd.ro\/\"},{\"@type\":\"ListItem\",\"position\":2,\"name\":\"Nedeia romilor de la S\u0103l\u0103truc, p\u0103strat\u0103 cu sfin\u021benie \u00een a doua zi de Pa\u0219ti\"}]},{\"@type\":\"WebSite\",\"@id\":\"https:\/\/cronicahd.ro\/#website\",\"url\":\"https:\/\/cronicahd.ro\/\",\"name\":\"\",\"description\":\"\",\"potentialAction\":[{\"@type\":\"SearchAction\",\"target\":{\"@type\":\"EntryPoint\",\"urlTemplate\":\"https:\/\/cronicahd.ro\/?s={search_term_string}\"},\"query-input\":{\"@type\":\"PropertyValueSpecification\",\"valueRequired\":true,\"valueName\":\"search_term_string\"}}],\"inLanguage\":\"ro-RO\"},{\"@type\":\"Person\",\"@id\":\"https:\/\/cronicahd.ro\/#\/schema\/person\/d1a1277a8cd166610328e17aaf58bf46\",\"name\":\"admin\",\"image\":{\"@type\":\"ImageObject\",\"inLanguage\":\"ro-RO\",\"@id\":\"https:\/\/cronicahd.ro\/#\/schema\/person\/image\/\",\"url\":\"https:\/\/secure.gravatar.com\/avatar\/24700337280d10898c2e0d19d44a05316bff9fccc941ecc5570ffe41668203f7?s=96&d=mm&r=g\",\"contentUrl\":\"https:\/\/secure.gravatar.com\/avatar\/24700337280d10898c2e0d19d44a05316bff9fccc941ecc5570ffe41668203f7?s=96&d=mm&r=g\",\"caption\":\"admin\"},\"sameAs\":[\"https:\/\/cronicavj.ro\"],\"url\":\"https:\/\/cronicahd.ro\/?author=1\"}]}<\/script>\n<!-- \/ Yoast SEO plugin. -->","yoast_head_json":{"title":"Nedeia romilor de la S\u0103l\u0103truc, p\u0103strat\u0103 cu sfin\u021benie \u00een a doua zi de Pa\u0219ti -","robots":{"index":"index","follow":"follow","max-snippet":"max-snippet:-1","max-image-preview":"max-image-preview:large","max-video-preview":"max-video-preview:-1"},"canonical":"https:\/\/cronicahd.ro\/?p=7824","og_locale":"ro_RO","og_type":"article","og_title":"Nedeia romilor de la S\u0103l\u0103truc, p\u0103strat\u0103 cu sfin\u021benie \u00een a doua zi de Pa\u0219ti -","og_description":"&nbsp; Comunitatea de romi din S\u0103l\u0103truc a organizat, \u0219i \u00een acest an, tradi\u021bionala nedeie \u00een...","og_url":"https:\/\/cronicahd.ro\/?p=7824","article_published_time":"2026-04-14T04:36:35+00:00","og_image":[{"width":1500,"height":845,"url":"https:\/\/cronicahd.ro\/wp-content\/uploads\/2026\/04\/IMG_6461.jpeg","type":"image\/jpeg"}],"author":"admin","twitter_card":"summary_large_image","twitter_misc":{"Scris de":"admin","Timp estimat pentru citire":"2 minute"},"schema":{"@context":"https:\/\/schema.org","@graph":[{"@type":"WebPage","@id":"https:\/\/cronicahd.ro\/?p=7824","url":"https:\/\/cronicahd.ro\/?p=7824","name":"Nedeia romilor de la S\u0103l\u0103truc, p\u0103strat\u0103 cu sfin\u021benie \u00een a doua zi de Pa\u0219ti -","isPartOf":{"@id":"https:\/\/cronicahd.ro\/#website"},"primaryImageOfPage":{"@id":"https:\/\/cronicahd.ro\/?p=7824#primaryimage"},"image":{"@id":"https:\/\/cronicahd.ro\/?p=7824#primaryimage"},"thumbnailUrl":"https:\/\/cronicahd.ro\/wp-content\/uploads\/2026\/04\/IMG_6461.jpeg","datePublished":"2026-04-14T04:36:35+00:00","author":{"@id":"https:\/\/cronicahd.ro\/#\/schema\/person\/d1a1277a8cd166610328e17aaf58bf46"},"breadcrumb":{"@id":"https:\/\/cronicahd.ro\/?p=7824#breadcrumb"},"inLanguage":"ro-RO","potentialAction":[{"@type":"ReadAction","target":["https:\/\/cronicahd.ro\/?p=7824"]}]},{"@type":"ImageObject","inLanguage":"ro-RO","@id":"https:\/\/cronicahd.ro\/?p=7824#primaryimage","url":"https:\/\/cronicahd.ro\/wp-content\/uploads\/2026\/04\/IMG_6461.jpeg","contentUrl":"https:\/\/cronicahd.ro\/wp-content\/uploads\/2026\/04\/IMG_6461.jpeg","width":1500,"height":845},{"@type":"BreadcrumbList","@id":"https:\/\/cronicahd.ro\/?p=7824#breadcrumb","itemListElement":[{"@type":"ListItem","position":1,"name":"Prima pagin\u0103","item":"https:\/\/cronicahd.ro\/"},{"@type":"ListItem","position":2,"name":"Nedeia romilor de la S\u0103l\u0103truc, p\u0103strat\u0103 cu sfin\u021benie \u00een a doua zi de Pa\u0219ti"}]},{"@type":"WebSite","@id":"https:\/\/cronicahd.ro\/#website","url":"https:\/\/cronicahd.ro\/","name":"","description":"","potentialAction":[{"@type":"SearchAction","target":{"@type":"EntryPoint","urlTemplate":"https:\/\/cronicahd.ro\/?s={search_term_string}"},"query-input":{"@type":"PropertyValueSpecification","valueRequired":true,"valueName":"search_term_string"}}],"inLanguage":"ro-RO"},{"@type":"Person","@id":"https:\/\/cronicahd.ro\/#\/schema\/person\/d1a1277a8cd166610328e17aaf58bf46","name":"admin","image":{"@type":"ImageObject","inLanguage":"ro-RO","@id":"https:\/\/cronicahd.ro\/#\/schema\/person\/image\/","url":"https:\/\/secure.gravatar.com\/avatar\/24700337280d10898c2e0d19d44a05316bff9fccc941ecc5570ffe41668203f7?s=96&d=mm&r=g","contentUrl":"https:\/\/secure.gravatar.com\/avatar\/24700337280d10898c2e0d19d44a05316bff9fccc941ecc5570ffe41668203f7?s=96&d=mm&r=g","caption":"admin"},"sameAs":["https:\/\/cronicavj.ro"],"url":"https:\/\/cronicahd.ro\/?author=1"}]}},"_links":{"self":[{"href":"https:\/\/cronicahd.ro\/index.php?rest_route=\/wp\/v2\/posts\/7824","targetHints":{"allow":["GET"]}}],"collection":[{"href":"https:\/\/cronicahd.ro\/index.php?rest_route=\/wp\/v2\/posts"}],"about":[{"href":"https:\/\/cronicahd.ro\/index.php?rest_route=\/wp\/v2\/types\/post"}],"author":[{"embeddable":true,"href":"https:\/\/cronicahd.ro\/index.php?rest_route=\/wp\/v2\/users\/1"}],"replies":[{"embeddable":true,"href":"https:\/\/cronicahd.ro\/index.php?rest_route=%2Fwp%2Fv2%2Fcomments&post=7824"}],"version-history":[{"count":1,"href":"https:\/\/cronicahd.ro\/index.php?rest_route=\/wp\/v2\/posts\/7824\/revisions"}],"predecessor-version":[{"id":7829,"href":"https:\/\/cronicahd.ro\/index.php?rest_route=\/wp\/v2\/posts\/7824\/revisions\/7829"}],"wp:featuredmedia":[{"embeddable":true,"href":"https:\/\/cronicahd.ro\/index.php?rest_route=\/wp\/v2\/media\/7828"}],"wp:attachment":[{"href":"https:\/\/cronicahd.ro\/index.php?rest_route=%2Fwp%2Fv2%2Fmedia&parent=7824"}],"wp:term":[{"taxonomy":"category","embeddable":true,"href":"https:\/\/cronicahd.ro\/index.php?rest_route=%2Fwp%2Fv2%2Fcategories&post=7824"},{"taxonomy":"post_tag","embeddable":true,"href":"https:\/\/cronicahd.ro\/index.php?rest_route=%2Fwp%2Fv2%2Ftags&post=7824"}],"curies":[{"name":"wp","href":"https:\/\/api.w.org\/{rel}","templated":true}]}}