{"id":7820,"date":"2026-04-13T16:27:36","date_gmt":"2026-04-13T16:27:36","guid":{"rendered":"https:\/\/cronicahd.ro\/?p=7820"},"modified":"2026-04-13T16:27:36","modified_gmt":"2026-04-13T16:27:36","slug":"incendiu-puternic-in-sacaramb-doua-case-si-o-anexa-cuprinse-de-flacari","status":"publish","type":"post","link":"https:\/\/cronicahd.ro\/?p=7820","title":{"rendered":"Incendiu puternic \u00een S\u0103c\u0103r\u00e2mb: dou\u0103 case \u0219i o anex\u0103, cuprinse de fl\u0103c\u0103ri"},"content":{"rendered":"<p>&nbsp;<\/p>\n<p>Un incendiu de amploare a izbucnit \u00een aceast\u0103 sear\u0103 \u00een localitatea S\u0103c\u0103r\u00e2mb, comuna Certeju de Sus, unde dou\u0103 locuin\u021be \u0219i o anex\u0103 gospod\u0103reasc\u0103 au fost cuprinse de fl\u0103c\u0103ri.<\/p>\n<p>La fa\u021ba locului intervin de urgen\u021b\u0103 pompierii Deta\u0219amentului Deva, care au mobilizat un dispozitiv complex de interven\u021bie, format din trei autospeciale de stingere cu ap\u0103 \u0219i spum\u0103, o autoscar\u0103 mecanic\u0103, o autospecial\u0103 de prim\u0103 interven\u021bie \u0219i comand\u0103, precum \u0219i o ambulan\u021b\u0103 SMURD. \u00cen total, 17 cadre militare ac\u021bioneaz\u0103 pentru gestionarea situa\u021biei. De asemenea, \u00een sprijin a fost trimis \u0219i un echipaj al Serviciului de Ambulan\u021b\u0103 Jude\u021bean.<\/p>\n<p>La sosirea echipajelor operative, incendiul se manifesta violent, afect\u00e2nd o suprafa\u021b\u0103 de aproximativ 200 de metri p\u0103tra\u021bi, exist\u00e2nd un risc major de propagare la locuin\u021bele \u00eenvecinate.<\/p>\n<p>Pompierii au intervenit prompt, reu\u0219ind s\u0103 localizeze incendiul \u00een limitele g\u0103site \u0219i s\u0103 protejeze construc\u021biile din apropiere, \u00eempiedic\u00e2nd extinderea fl\u0103c\u0103rilor.<\/p>\n<p>Interven\u021bia este \u00een desf\u0103\u0219urare, echipajele lucr\u00e2nd pentru lichidarea complet\u0103 a incendiului.<\/p>\n<p>O femeie a avut nevoie de \u00eengrijiri medicale la fa\u021ba locului, dup\u0103 ce a suferit un atac de panic\u0103.<\/p>\n<p>Cauza producerii incendiului urmeaz\u0103 s\u0103 fie stabilit\u0103 dup\u0103 finalizarea interven\u021biei.<\/p>\n","protected":false},"excerpt":{"rendered":"<p>&nbsp; Un incendiu de amploare a izbucnit \u00een aceast\u0103 sear\u0103 \u00een localitatea S\u0103c\u0103r\u00e2mb, comuna Certeju&#8230;<\/p>\n","protected":false},"author":1,"featured_media":7818,"comment_status":"closed","ping_status":"closed","sticky":false,"template":"","format":"standard","meta":{"footnotes":""},"categories":[1,15],"tags":[],"class_list":["post-7820","post","type-post","status-publish","format-standard","has-post-thumbnail","hentry","category-actual","category-eveniment"],"yoast_head":"<!-- This site is optimized with the Yoast SEO plugin v25.3.1 - https:\/\/yoast.com\/wordpress\/plugins\/seo\/ -->\n<title>Incendiu puternic \u00een S\u0103c\u0103r\u00e2mb: dou\u0103 case \u0219i o anex\u0103, cuprinse de fl\u0103c\u0103ri -<\/title>\n<meta name=\"robots\" content=\"index, follow, max-snippet:-1, max-image-preview:large, max-video-preview:-1\" \/>\n<link rel=\"canonical\" href=\"https:\/\/cronicahd.ro\/?p=7820\" \/>\n<meta property=\"og:locale\" content=\"ro_RO\" \/>\n<meta property=\"og:type\" content=\"article\" \/>\n<meta property=\"og:title\" content=\"Incendiu puternic \u00een S\u0103c\u0103r\u00e2mb: dou\u0103 case \u0219i o anex\u0103, cuprinse de fl\u0103c\u0103ri -\" \/>\n<meta property=\"og:description\" content=\"&nbsp; Un incendiu de amploare a izbucnit \u00een aceast\u0103 sear\u0103 \u00een localitatea S\u0103c\u0103r\u00e2mb, comuna Certeju...\" \/>\n<meta property=\"og:url\" content=\"https:\/\/cronicahd.ro\/?p=7820\" \/>\n<meta property=\"article:published_time\" content=\"2026-04-13T16:27:36+00:00\" \/>\n<meta property=\"og:image\" content=\"https:\/\/cronicahd.ro\/wp-content\/uploads\/2026\/04\/IMG_6459.jpeg\" \/>\n\t<meta property=\"og:image:width\" content=\"1125\" \/>\n\t<meta property=\"og:image:height\" content=\"651\" \/>\n\t<meta property=\"og:image:type\" content=\"image\/jpeg\" \/>\n<meta name=\"author\" content=\"admin\" \/>\n<meta name=\"twitter:card\" content=\"summary_large_image\" \/>\n<meta name=\"twitter:label1\" content=\"Scris de\" \/>\n\t<meta name=\"twitter:data1\" content=\"admin\" \/>\n\t<meta name=\"twitter:label2\" content=\"Timp estimat pentru citire\" \/>\n\t<meta name=\"twitter:data2\" content=\"2 minute\" \/>\n<script type=\"application\/ld+json\" class=\"yoast-schema-graph\">{\"@context\":\"https:\/\/schema.org\",\"@graph\":[{\"@type\":\"WebPage\",\"@id\":\"https:\/\/cronicahd.ro\/?p=7820\",\"url\":\"https:\/\/cronicahd.ro\/?p=7820\",\"name\":\"Incendiu puternic \u00een S\u0103c\u0103r\u00e2mb: dou\u0103 case \u0219i o anex\u0103, cuprinse de fl\u0103c\u0103ri -\",\"isPartOf\":{\"@id\":\"https:\/\/cronicahd.ro\/#website\"},\"primaryImageOfPage\":{\"@id\":\"https:\/\/cronicahd.ro\/?p=7820#primaryimage\"},\"image\":{\"@id\":\"https:\/\/cronicahd.ro\/?p=7820#primaryimage\"},\"thumbnailUrl\":\"https:\/\/cronicahd.ro\/wp-content\/uploads\/2026\/04\/IMG_6459.jpeg\",\"datePublished\":\"2026-04-13T16:27:36+00:00\",\"author\":{\"@id\":\"https:\/\/cronicahd.ro\/#\/schema\/person\/d1a1277a8cd166610328e17aaf58bf46\"},\"breadcrumb\":{\"@id\":\"https:\/\/cronicahd.ro\/?p=7820#breadcrumb\"},\"inLanguage\":\"ro-RO\",\"potentialAction\":[{\"@type\":\"ReadAction\",\"target\":[\"https:\/\/cronicahd.ro\/?p=7820\"]}]},{\"@type\":\"ImageObject\",\"inLanguage\":\"ro-RO\",\"@id\":\"https:\/\/cronicahd.ro\/?p=7820#primaryimage\",\"url\":\"https:\/\/cronicahd.ro\/wp-content\/uploads\/2026\/04\/IMG_6459.jpeg\",\"contentUrl\":\"https:\/\/cronicahd.ro\/wp-content\/uploads\/2026\/04\/IMG_6459.jpeg\",\"width\":1125,\"height\":651,\"caption\":\"Screenshot\"},{\"@type\":\"BreadcrumbList\",\"@id\":\"https:\/\/cronicahd.ro\/?p=7820#breadcrumb\",\"itemListElement\":[{\"@type\":\"ListItem\",\"position\":1,\"name\":\"Prima pagin\u0103\",\"item\":\"https:\/\/cronicahd.ro\/\"},{\"@type\":\"ListItem\",\"position\":2,\"name\":\"Incendiu puternic \u00een S\u0103c\u0103r\u00e2mb: dou\u0103 case \u0219i o anex\u0103, cuprinse de fl\u0103c\u0103ri\"}]},{\"@type\":\"WebSite\",\"@id\":\"https:\/\/cronicahd.ro\/#website\",\"url\":\"https:\/\/cronicahd.ro\/\",\"name\":\"\",\"description\":\"\",\"potentialAction\":[{\"@type\":\"SearchAction\",\"target\":{\"@type\":\"EntryPoint\",\"urlTemplate\":\"https:\/\/cronicahd.ro\/?s={search_term_string}\"},\"query-input\":{\"@type\":\"PropertyValueSpecification\",\"valueRequired\":true,\"valueName\":\"search_term_string\"}}],\"inLanguage\":\"ro-RO\"},{\"@type\":\"Person\",\"@id\":\"https:\/\/cronicahd.ro\/#\/schema\/person\/d1a1277a8cd166610328e17aaf58bf46\",\"name\":\"admin\",\"image\":{\"@type\":\"ImageObject\",\"inLanguage\":\"ro-RO\",\"@id\":\"https:\/\/cronicahd.ro\/#\/schema\/person\/image\/\",\"url\":\"https:\/\/secure.gravatar.com\/avatar\/24700337280d10898c2e0d19d44a05316bff9fccc941ecc5570ffe41668203f7?s=96&d=mm&r=g\",\"contentUrl\":\"https:\/\/secure.gravatar.com\/avatar\/24700337280d10898c2e0d19d44a05316bff9fccc941ecc5570ffe41668203f7?s=96&d=mm&r=g\",\"caption\":\"admin\"},\"sameAs\":[\"https:\/\/cronicavj.ro\"],\"url\":\"https:\/\/cronicahd.ro\/?author=1\"}]}<\/script>\n<!-- \/ Yoast SEO plugin. -->","yoast_head_json":{"title":"Incendiu puternic \u00een S\u0103c\u0103r\u00e2mb: dou\u0103 case \u0219i o anex\u0103, cuprinse de fl\u0103c\u0103ri -","robots":{"index":"index","follow":"follow","max-snippet":"max-snippet:-1","max-image-preview":"max-image-preview:large","max-video-preview":"max-video-preview:-1"},"canonical":"https:\/\/cronicahd.ro\/?p=7820","og_locale":"ro_RO","og_type":"article","og_title":"Incendiu puternic \u00een S\u0103c\u0103r\u00e2mb: dou\u0103 case \u0219i o anex\u0103, cuprinse de fl\u0103c\u0103ri -","og_description":"&nbsp; Un incendiu de amploare a izbucnit \u00een aceast\u0103 sear\u0103 \u00een localitatea S\u0103c\u0103r\u00e2mb, comuna Certeju...","og_url":"https:\/\/cronicahd.ro\/?p=7820","article_published_time":"2026-04-13T16:27:36+00:00","og_image":[{"width":1125,"height":651,"url":"https:\/\/cronicahd.ro\/wp-content\/uploads\/2026\/04\/IMG_6459.jpeg","type":"image\/jpeg"}],"author":"admin","twitter_card":"summary_large_image","twitter_misc":{"Scris de":"admin","Timp estimat pentru citire":"2 minute"},"schema":{"@context":"https:\/\/schema.org","@graph":[{"@type":"WebPage","@id":"https:\/\/cronicahd.ro\/?p=7820","url":"https:\/\/cronicahd.ro\/?p=7820","name":"Incendiu puternic \u00een S\u0103c\u0103r\u00e2mb: dou\u0103 case \u0219i o anex\u0103, cuprinse de fl\u0103c\u0103ri -","isPartOf":{"@id":"https:\/\/cronicahd.ro\/#website"},"primaryImageOfPage":{"@id":"https:\/\/cronicahd.ro\/?p=7820#primaryimage"},"image":{"@id":"https:\/\/cronicahd.ro\/?p=7820#primaryimage"},"thumbnailUrl":"https:\/\/cronicahd.ro\/wp-content\/uploads\/2026\/04\/IMG_6459.jpeg","datePublished":"2026-04-13T16:27:36+00:00","author":{"@id":"https:\/\/cronicahd.ro\/#\/schema\/person\/d1a1277a8cd166610328e17aaf58bf46"},"breadcrumb":{"@id":"https:\/\/cronicahd.ro\/?p=7820#breadcrumb"},"inLanguage":"ro-RO","potentialAction":[{"@type":"ReadAction","target":["https:\/\/cronicahd.ro\/?p=7820"]}]},{"@type":"ImageObject","inLanguage":"ro-RO","@id":"https:\/\/cronicahd.ro\/?p=7820#primaryimage","url":"https:\/\/cronicahd.ro\/wp-content\/uploads\/2026\/04\/IMG_6459.jpeg","contentUrl":"https:\/\/cronicahd.ro\/wp-content\/uploads\/2026\/04\/IMG_6459.jpeg","width":1125,"height":651,"caption":"Screenshot"},{"@type":"BreadcrumbList","@id":"https:\/\/cronicahd.ro\/?p=7820#breadcrumb","itemListElement":[{"@type":"ListItem","position":1,"name":"Prima pagin\u0103","item":"https:\/\/cronicahd.ro\/"},{"@type":"ListItem","position":2,"name":"Incendiu puternic \u00een S\u0103c\u0103r\u00e2mb: dou\u0103 case \u0219i o anex\u0103, cuprinse de fl\u0103c\u0103ri"}]},{"@type":"WebSite","@id":"https:\/\/cronicahd.ro\/#website","url":"https:\/\/cronicahd.ro\/","name":"","description":"","potentialAction":[{"@type":"SearchAction","target":{"@type":"EntryPoint","urlTemplate":"https:\/\/cronicahd.ro\/?s={search_term_string}"},"query-input":{"@type":"PropertyValueSpecification","valueRequired":true,"valueName":"search_term_string"}}],"inLanguage":"ro-RO"},{"@type":"Person","@id":"https:\/\/cronicahd.ro\/#\/schema\/person\/d1a1277a8cd166610328e17aaf58bf46","name":"admin","image":{"@type":"ImageObject","inLanguage":"ro-RO","@id":"https:\/\/cronicahd.ro\/#\/schema\/person\/image\/","url":"https:\/\/secure.gravatar.com\/avatar\/24700337280d10898c2e0d19d44a05316bff9fccc941ecc5570ffe41668203f7?s=96&d=mm&r=g","contentUrl":"https:\/\/secure.gravatar.com\/avatar\/24700337280d10898c2e0d19d44a05316bff9fccc941ecc5570ffe41668203f7?s=96&d=mm&r=g","caption":"admin"},"sameAs":["https:\/\/cronicavj.ro"],"url":"https:\/\/cronicahd.ro\/?author=1"}]}},"_links":{"self":[{"href":"https:\/\/cronicahd.ro\/index.php?rest_route=\/wp\/v2\/posts\/7820","targetHints":{"allow":["GET"]}}],"collection":[{"href":"https:\/\/cronicahd.ro\/index.php?rest_route=\/wp\/v2\/posts"}],"about":[{"href":"https:\/\/cronicahd.ro\/index.php?rest_route=\/wp\/v2\/types\/post"}],"author":[{"embeddable":true,"href":"https:\/\/cronicahd.ro\/index.php?rest_route=\/wp\/v2\/users\/1"}],"replies":[{"embeddable":true,"href":"https:\/\/cronicahd.ro\/index.php?rest_route=%2Fwp%2Fv2%2Fcomments&post=7820"}],"version-history":[{"count":1,"href":"https:\/\/cronicahd.ro\/index.php?rest_route=\/wp\/v2\/posts\/7820\/revisions"}],"predecessor-version":[{"id":7821,"href":"https:\/\/cronicahd.ro\/index.php?rest_route=\/wp\/v2\/posts\/7820\/revisions\/7821"}],"wp:featuredmedia":[{"embeddable":true,"href":"https:\/\/cronicahd.ro\/index.php?rest_route=\/wp\/v2\/media\/7818"}],"wp:attachment":[{"href":"https:\/\/cronicahd.ro\/index.php?rest_route=%2Fwp%2Fv2%2Fmedia&parent=7820"}],"wp:term":[{"taxonomy":"category","embeddable":true,"href":"https:\/\/cronicahd.ro\/index.php?rest_route=%2Fwp%2Fv2%2Fcategories&post=7820"},{"taxonomy":"post_tag","embeddable":true,"href":"https:\/\/cronicahd.ro\/index.php?rest_route=%2Fwp%2Fv2%2Ftags&post=7820"}],"curies":[{"name":"wp","href":"https:\/\/api.w.org\/{rel}","templated":true}]}}