{"id":12614,"date":"2026-09-06T15:39:36","date_gmt":"2026-09-06T15:39:36","guid":{"rendered":"https:\/\/cronicahd.ro\/?p=12614"},"modified":"2026-09-06T15:39:36","modified_gmt":"2026-09-06T15:39:36","slug":"incendiu-violent-intr-un-bloc-din-calan-o-femeie-de-89-de-ani-a-murit","status":"publish","type":"post","link":"https:\/\/cronicahd.ro\/?p=12614","title":{"rendered":"Incendiu violent \u00eentr-un bloc din C\u0103lan. O femeie de 89 de ani a murit"},"content":{"rendered":"<p>&nbsp;<\/p>\n<p>Un incendiu puternic a izbucnit, \u00een aceast\u0103 dup\u0103-amiaz\u0103, \u00eentr-un apartament situat la etajul al patrulea al unui bloc de locuin\u021be din ora\u0219ul C\u0103lan. Fl\u0103c\u0103rile s-au manifestat violent, iar fumul dens a inundat at\u00e2t locuin\u021ba, c\u00e2t \u0219i o mare parte din casa sc\u0103rii.<\/p>\n<p>La sosirea pompierilor, incendiul era generalizat \u00een apartament, iar interven\u021bia a fost una complex\u0103. La fa\u021ba locului au fost mobilizate echipaje de stingere de la subunit\u0103\u021bile din Bretea Rom\u00e2n\u0103 \u0219i Hunedoara, care au ac\u021bionat cu dou\u0103 autospeciale de stingere cu ap\u0103 \u0219i spum\u0103, o autoscar\u0103 \u0219i o autospecial\u0103 de prim\u0103 interven\u021bie \u0219i comand\u0103.<\/p>\n<p>De asemenea, la locul interven\u021biei au fost prezente echipaje SMURD \u0219i ale Serviciului de Ambulan\u021b\u0103 Jude\u021bean.<\/p>\n<p>Din cauza fumului foarte dens, 11 adul\u021bi \u0219i un minor s-au autoevacuat din imobil. Pompierii au reu\u0219it s\u0103 localizeze \u0219i s\u0103 lichideze incendiul, \u00eens\u0103 fl\u0103c\u0103rile s-au extins \u0219i la o parte din acoperi\u0219.<\/p>\n<p>Din nefericire, interven\u021bia s-a \u00eencheiat cu o tragedie. \u00cen interiorul apartamentului a fost g\u0103sit\u0103 o persoan\u0103 decedat\u0103, iar verific\u0103rile efectuate ulterior au stabilit c\u0103 este vorba despre o femeie \u00een v\u00e2rst\u0103 de 89 de ani.<\/p>\n<p>Dup\u0103 stingerea incendiului, pompierii au ac\u021bionat pentru evacuarea fumului acumulat pe casa sc\u0103rii, folosind un ventilator special. Totodat\u0103, au fost verificate apartamentele aflate \u00een apropierea locuin\u021bei afectate, pentru a se asigura c\u0103 incendiul nu a provocat \u0219i alte pagube \u0219i c\u0103 locatarii se pot \u00eentoarce \u00een siguran\u021b\u0103 \u00een casele lor.<\/p>\n<p>Potrivit primelor cercet\u0103ri, cauza probabil\u0103 a izbucnirii incendiului a fost un scurtcircuit electric produs la un aparat electrocasnic din buc\u0103t\u0103ria apartamentului.<\/p>\n<p>Autorit\u0103\u021bile competente continu\u0103 cercet\u0103rile pentru stabilirea cu exactitate a tuturor \u00eemprejur\u0103rilor \u00een care s-a produs tragedia.<\/p>\n<p>foto ilustrativ\u0103<\/p>\n","protected":false},"excerpt":{"rendered":"<p>&nbsp; Un incendiu puternic a izbucnit, \u00een aceast\u0103 dup\u0103-amiaz\u0103, \u00eentr-un apartament situat la etajul al&#8230;<\/p>\n","protected":false},"author":1,"featured_media":12615,"comment_status":"closed","ping_status":"closed","sticky":false,"template":"","format":"standard","meta":{"footnotes":""},"categories":[1,15],"tags":[],"class_list":["post-12614","post","type-post","status-publish","format-standard","has-post-thumbnail","hentry","category-actual","category-eveniment"],"yoast_head":"<!-- This site is optimized with the Yoast SEO plugin v25.3.1 - https:\/\/yoast.com\/wordpress\/plugins\/seo\/ -->\n<title>Incendiu violent \u00eentr-un bloc din C\u0103lan. O femeie de 89 de ani a murit - Cronica de Hunedoara<\/title>\n<meta name=\"robots\" content=\"index, follow, max-snippet:-1, max-image-preview:large, max-video-preview:-1\" \/>\n<link rel=\"canonical\" href=\"https:\/\/cronicahd.ro\/?p=12614\" \/>\n<meta property=\"og:locale\" content=\"ro_RO\" \/>\n<meta property=\"og:type\" content=\"article\" \/>\n<meta property=\"og:title\" content=\"Incendiu violent \u00eentr-un bloc din C\u0103lan. O femeie de 89 de ani a murit - Cronica de Hunedoara\" \/>\n<meta property=\"og:description\" content=\"&nbsp; Un incendiu puternic a izbucnit, \u00een aceast\u0103 dup\u0103-amiaz\u0103, \u00eentr-un apartament situat la etajul al...\" \/>\n<meta property=\"og:url\" content=\"https:\/\/cronicahd.ro\/?p=12614\" \/>\n<meta property=\"og:site_name\" content=\"Cronica de Hunedoara\" \/>\n<meta property=\"article:published_time\" content=\"2026-09-06T15:39:36+00:00\" \/>\n<meta property=\"og:image\" content=\"https:\/\/cronicahd.ro\/wp-content\/uploads\/2026\/09\/IMG_8902.jpeg\" \/>\n\t<meta property=\"og:image:width\" content=\"588\" \/>\n\t<meta property=\"og:image:height\" content=\"333\" \/>\n\t<meta property=\"og:image:type\" content=\"image\/jpeg\" \/>\n<meta name=\"author\" content=\"admin\" \/>\n<meta name=\"twitter:card\" content=\"summary_large_image\" \/>\n<meta name=\"twitter:label1\" content=\"Scris de\" \/>\n\t<meta name=\"twitter:data1\" content=\"admin\" \/>\n\t<meta name=\"twitter:label2\" content=\"Timp estimat pentru citire\" \/>\n\t<meta name=\"twitter:data2\" content=\"2 minute\" \/>\n<script type=\"application\/ld+json\" class=\"yoast-schema-graph\">{\"@context\":\"https:\/\/schema.org\",\"@graph\":[{\"@type\":\"Article\",\"@id\":\"https:\/\/cronicahd.ro\/?p=12614#article\",\"isPartOf\":{\"@id\":\"https:\/\/cronicahd.ro\/?p=12614\"},\"author\":{\"name\":\"admin\",\"@id\":\"https:\/\/cronicahd.ro\/#\/schema\/person\/d1a1277a8cd166610328e17aaf58bf46\"},\"headline\":\"Incendiu violent \u00eentr-un bloc din C\u0103lan. O femeie de 89 de ani a murit\",\"datePublished\":\"2026-09-06T15:39:36+00:00\",\"mainEntityOfPage\":{\"@id\":\"https:\/\/cronicahd.ro\/?p=12614\"},\"wordCount\":316,\"publisher\":{\"@id\":\"https:\/\/cronicahd.ro\/#organization\"},\"image\":{\"@id\":\"https:\/\/cronicahd.ro\/?p=12614#primaryimage\"},\"thumbnailUrl\":\"https:\/\/cronicahd.ro\/wp-content\/uploads\/2026\/09\/IMG_8902.jpeg\",\"articleSection\":[\"Actualitate\",\"eveniment\"],\"inLanguage\":\"ro-RO\"},{\"@type\":\"WebPage\",\"@id\":\"https:\/\/cronicahd.ro\/?p=12614\",\"url\":\"https:\/\/cronicahd.ro\/?p=12614\",\"name\":\"Incendiu violent \u00eentr-un bloc din C\u0103lan. O femeie de 89 de ani a murit - Cronica de Hunedoara\",\"isPartOf\":{\"@id\":\"https:\/\/cronicahd.ro\/#website\"},\"primaryImageOfPage\":{\"@id\":\"https:\/\/cronicahd.ro\/?p=12614#primaryimage\"},\"image\":{\"@id\":\"https:\/\/cronicahd.ro\/?p=12614#primaryimage\"},\"thumbnailUrl\":\"https:\/\/cronicahd.ro\/wp-content\/uploads\/2026\/09\/IMG_8902.jpeg\",\"datePublished\":\"2026-09-06T15:39:36+00:00\",\"breadcrumb\":{\"@id\":\"https:\/\/cronicahd.ro\/?p=12614#breadcrumb\"},\"inLanguage\":\"ro-RO\",\"potentialAction\":[{\"@type\":\"ReadAction\",\"target\":[\"https:\/\/cronicahd.ro\/?p=12614\"]}]},{\"@type\":\"ImageObject\",\"inLanguage\":\"ro-RO\",\"@id\":\"https:\/\/cronicahd.ro\/?p=12614#primaryimage\",\"url\":\"https:\/\/cronicahd.ro\/wp-content\/uploads\/2026\/09\/IMG_8902.jpeg\",\"contentUrl\":\"https:\/\/cronicahd.ro\/wp-content\/uploads\/2026\/09\/IMG_8902.jpeg\",\"width\":588,\"height\":333},{\"@type\":\"BreadcrumbList\",\"@id\":\"https:\/\/cronicahd.ro\/?p=12614#breadcrumb\",\"itemListElement\":[{\"@type\":\"ListItem\",\"position\":1,\"name\":\"Prima pagin\u0103\",\"item\":\"https:\/\/cronicahd.ro\/\"},{\"@type\":\"ListItem\",\"position\":2,\"name\":\"Incendiu violent \u00eentr-un bloc din C\u0103lan. O femeie de 89 de ani a murit\"}]},{\"@type\":\"WebSite\",\"@id\":\"https:\/\/cronicahd.ro\/#website\",\"url\":\"https:\/\/cronicahd.ro\/\",\"name\":\"Cronica de Hunedoara\",\"description\":\"\",\"publisher\":{\"@id\":\"https:\/\/cronicahd.ro\/#organization\"},\"potentialAction\":[{\"@type\":\"SearchAction\",\"target\":{\"@type\":\"EntryPoint\",\"urlTemplate\":\"https:\/\/cronicahd.ro\/?s={search_term_string}\"},\"query-input\":{\"@type\":\"PropertyValueSpecification\",\"valueRequired\":true,\"valueName\":\"search_term_string\"}}],\"inLanguage\":\"ro-RO\"},{\"@type\":\"Organization\",\"@id\":\"https:\/\/cronicahd.ro\/#organization\",\"name\":\"Cronica de Hunedoara\",\"url\":\"https:\/\/cronicahd.ro\/\",\"logo\":{\"@type\":\"ImageObject\",\"inLanguage\":\"ro-RO\",\"@id\":\"https:\/\/cronicahd.ro\/#\/schema\/logo\/image\/\",\"url\":\"https:\/\/cronicahd.ro\/wp-content\/uploads\/2026\/03\/cropped-crh.jpg\",\"contentUrl\":\"https:\/\/cronicahd.ro\/wp-content\/uploads\/2026\/03\/cropped-crh.jpg\",\"width\":1437,\"height\":327,\"caption\":\"Cronica de Hunedoara\"},\"image\":{\"@id\":\"https:\/\/cronicahd.ro\/#\/schema\/logo\/image\/\"}},{\"@type\":\"Person\",\"@id\":\"https:\/\/cronicahd.ro\/#\/schema\/person\/d1a1277a8cd166610328e17aaf58bf46\",\"name\":\"admin\",\"image\":{\"@type\":\"ImageObject\",\"inLanguage\":\"ro-RO\",\"@id\":\"https:\/\/cronicahd.ro\/#\/schema\/person\/image\/\",\"url\":\"https:\/\/secure.gravatar.com\/avatar\/24700337280d10898c2e0d19d44a05316bff9fccc941ecc5570ffe41668203f7?s=96&d=mm&r=g\",\"contentUrl\":\"https:\/\/secure.gravatar.com\/avatar\/24700337280d10898c2e0d19d44a05316bff9fccc941ecc5570ffe41668203f7?s=96&d=mm&r=g\",\"caption\":\"admin\"},\"sameAs\":[\"https:\/\/cronicavj.ro\"],\"url\":\"https:\/\/cronicahd.ro\/?author=1\"}]}<\/script>\n<!-- \/ Yoast SEO plugin. -->","yoast_head_json":{"title":"Incendiu violent \u00eentr-un bloc din C\u0103lan. O femeie de 89 de ani a murit - Cronica de Hunedoara","robots":{"index":"index","follow":"follow","max-snippet":"max-snippet:-1","max-image-preview":"max-image-preview:large","max-video-preview":"max-video-preview:-1"},"canonical":"https:\/\/cronicahd.ro\/?p=12614","og_locale":"ro_RO","og_type":"article","og_title":"Incendiu violent \u00eentr-un bloc din C\u0103lan. O femeie de 89 de ani a murit - Cronica de Hunedoara","og_description":"&nbsp; Un incendiu puternic a izbucnit, \u00een aceast\u0103 dup\u0103-amiaz\u0103, \u00eentr-un apartament situat la etajul al...","og_url":"https:\/\/cronicahd.ro\/?p=12614","og_site_name":"Cronica de Hunedoara","article_published_time":"2026-09-06T15:39:36+00:00","og_image":[{"width":588,"height":333,"url":"https:\/\/cronicahd.ro\/wp-content\/uploads\/2026\/09\/IMG_8902.jpeg","type":"image\/jpeg"}],"author":"admin","twitter_card":"summary_large_image","twitter_misc":{"Scris de":"admin","Timp estimat pentru citire":"2 minute"},"schema":{"@context":"https:\/\/schema.org","@graph":[{"@type":"Article","@id":"https:\/\/cronicahd.ro\/?p=12614#article","isPartOf":{"@id":"https:\/\/cronicahd.ro\/?p=12614"},"author":{"name":"admin","@id":"https:\/\/cronicahd.ro\/#\/schema\/person\/d1a1277a8cd166610328e17aaf58bf46"},"headline":"Incendiu violent \u00eentr-un bloc din C\u0103lan. O femeie de 89 de ani a murit","datePublished":"2026-09-06T15:39:36+00:00","mainEntityOfPage":{"@id":"https:\/\/cronicahd.ro\/?p=12614"},"wordCount":316,"publisher":{"@id":"https:\/\/cronicahd.ro\/#organization"},"image":{"@id":"https:\/\/cronicahd.ro\/?p=12614#primaryimage"},"thumbnailUrl":"https:\/\/cronicahd.ro\/wp-content\/uploads\/2026\/09\/IMG_8902.jpeg","articleSection":["Actualitate","eveniment"],"inLanguage":"ro-RO"},{"@type":"WebPage","@id":"https:\/\/cronicahd.ro\/?p=12614","url":"https:\/\/cronicahd.ro\/?p=12614","name":"Incendiu violent \u00eentr-un bloc din C\u0103lan. O femeie de 89 de ani a murit - Cronica de Hunedoara","isPartOf":{"@id":"https:\/\/cronicahd.ro\/#website"},"primaryImageOfPage":{"@id":"https:\/\/cronicahd.ro\/?p=12614#primaryimage"},"image":{"@id":"https:\/\/cronicahd.ro\/?p=12614#primaryimage"},"thumbnailUrl":"https:\/\/cronicahd.ro\/wp-content\/uploads\/2026\/09\/IMG_8902.jpeg","datePublished":"2026-09-06T15:39:36+00:00","breadcrumb":{"@id":"https:\/\/cronicahd.ro\/?p=12614#breadcrumb"},"inLanguage":"ro-RO","potentialAction":[{"@type":"ReadAction","target":["https:\/\/cronicahd.ro\/?p=12614"]}]},{"@type":"ImageObject","inLanguage":"ro-RO","@id":"https:\/\/cronicahd.ro\/?p=12614#primaryimage","url":"https:\/\/cronicahd.ro\/wp-content\/uploads\/2026\/09\/IMG_8902.jpeg","contentUrl":"https:\/\/cronicahd.ro\/wp-content\/uploads\/2026\/09\/IMG_8902.jpeg","width":588,"height":333},{"@type":"BreadcrumbList","@id":"https:\/\/cronicahd.ro\/?p=12614#breadcrumb","itemListElement":[{"@type":"ListItem","position":1,"name":"Prima pagin\u0103","item":"https:\/\/cronicahd.ro\/"},{"@type":"ListItem","position":2,"name":"Incendiu violent \u00eentr-un bloc din C\u0103lan. O femeie de 89 de ani a murit"}]},{"@type":"WebSite","@id":"https:\/\/cronicahd.ro\/#website","url":"https:\/\/cronicahd.ro\/","name":"Cronica de Hunedoara","description":"","publisher":{"@id":"https:\/\/cronicahd.ro\/#organization"},"potentialAction":[{"@type":"SearchAction","target":{"@type":"EntryPoint","urlTemplate":"https:\/\/cronicahd.ro\/?s={search_term_string}"},"query-input":{"@type":"PropertyValueSpecification","valueRequired":true,"valueName":"search_term_string"}}],"inLanguage":"ro-RO"},{"@type":"Organization","@id":"https:\/\/cronicahd.ro\/#organization","name":"Cronica de Hunedoara","url":"https:\/\/cronicahd.ro\/","logo":{"@type":"ImageObject","inLanguage":"ro-RO","@id":"https:\/\/cronicahd.ro\/#\/schema\/logo\/image\/","url":"https:\/\/cronicahd.ro\/wp-content\/uploads\/2026\/03\/cropped-crh.jpg","contentUrl":"https:\/\/cronicahd.ro\/wp-content\/uploads\/2026\/03\/cropped-crh.jpg","width":1437,"height":327,"caption":"Cronica de Hunedoara"},"image":{"@id":"https:\/\/cronicahd.ro\/#\/schema\/logo\/image\/"}},{"@type":"Person","@id":"https:\/\/cronicahd.ro\/#\/schema\/person\/d1a1277a8cd166610328e17aaf58bf46","name":"admin","image":{"@type":"ImageObject","inLanguage":"ro-RO","@id":"https:\/\/cronicahd.ro\/#\/schema\/person\/image\/","url":"https:\/\/secure.gravatar.com\/avatar\/24700337280d10898c2e0d19d44a05316bff9fccc941ecc5570ffe41668203f7?s=96&d=mm&r=g","contentUrl":"https:\/\/secure.gravatar.com\/avatar\/24700337280d10898c2e0d19d44a05316bff9fccc941ecc5570ffe41668203f7?s=96&d=mm&r=g","caption":"admin"},"sameAs":["https:\/\/cronicavj.ro"],"url":"https:\/\/cronicahd.ro\/?author=1"}]}},"_links":{"self":[{"href":"https:\/\/cronicahd.ro\/index.php?rest_route=\/wp\/v2\/posts\/12614","targetHints":{"allow":["GET"]}}],"collection":[{"href":"https:\/\/cronicahd.ro\/index.php?rest_route=\/wp\/v2\/posts"}],"about":[{"href":"https:\/\/cronicahd.ro\/index.php?rest_route=\/wp\/v2\/types\/post"}],"author":[{"embeddable":true,"href":"https:\/\/cronicahd.ro\/index.php?rest_route=\/wp\/v2\/users\/1"}],"replies":[{"embeddable":true,"href":"https:\/\/cronicahd.ro\/index.php?rest_route=%2Fwp%2Fv2%2Fcomments&post=12614"}],"version-history":[{"count":1,"href":"https:\/\/cronicahd.ro\/index.php?rest_route=\/wp\/v2\/posts\/12614\/revisions"}],"predecessor-version":[{"id":12616,"href":"https:\/\/cronicahd.ro\/index.php?rest_route=\/wp\/v2\/posts\/12614\/revisions\/12616"}],"wp:featuredmedia":[{"embeddable":true,"href":"https:\/\/cronicahd.ro\/index.php?rest_route=\/wp\/v2\/media\/12615"}],"wp:attachment":[{"href":"https:\/\/cronicahd.ro\/index.php?rest_route=%2Fwp%2Fv2%2Fmedia&parent=12614"}],"wp:term":[{"taxonomy":"category","embeddable":true,"href":"https:\/\/cronicahd.ro\/index.php?rest_route=%2Fwp%2Fv2%2Fcategories&post=12614"},{"taxonomy":"post_tag","embeddable":true,"href":"https:\/\/cronicahd.ro\/index.php?rest_route=%2Fwp%2Fv2%2Ftags&post=12614"}],"curies":[{"name":"wp","href":"https:\/\/api.w.org\/{rel}","templated":true}]}}